{"id":51260,"date":"2025-05-28T14:00:00","date_gmt":"2025-05-28T17:00:00","guid":{"rendered":"https:\/\/www.em.com.br\/emfoco\/?p=51260"},"modified":"2025-05-26T09:57:53","modified_gmt":"2025-05-26T12:57:53","slug":"a-grande-mancha-vermelha-em-jupiter-pode-sumir-entenda-o-que-esta-acontecendo","status":"publish","type":"post","link":"https:\/\/www.em.com.br\/emfoco\/2025\/05\/28\/a-grande-mancha-vermelha-em-jupiter-pode-sumir-entenda-o-que-esta-acontecendo\/","title":{"rendered":"A Grande Mancha Vermelha em J\u00fapiter pode sumir? Entenda o que est\u00e1 acontecendo"},"content":{"rendered":"\n<p><strong>J\u00fapiter<\/strong>, o maior planeta do <strong>Sistema Solar<\/strong>, exerce um papel crucial na prote\u00e7\u00e3o da <strong>Terra <\/strong>e dos planetas vizinhos. Com seu campo gravitacional poderoso, ele atua como um escudo, desviando asteroides e cometas que poderiam amea\u00e7ar a vida em nosso planeta. Essa fun\u00e7\u00e3o protetora \u00e9 uma das raz\u00f5es pelas quais J\u00fapiter \u00e9 considerado um dos gigantes mais fascinantes do cosmos.<\/p>\n\n\n\n<p>Al\u00e9m de sua fun\u00e7\u00e3o protetora, J\u00fapiter impressiona com suas caracter\u00edsticas visuais marcantes, como suas listras coloridas e tempestades gigantescas. Uma dessas tempestades, a <strong>Grande Mancha Vermelha<\/strong>, tem intrigado cientistas por s\u00e9culos. Recentemente, observa\u00e7\u00f5es revelaram mudan\u00e7as significativas nessa famosa tempestade, levantando quest\u00f5es sobre a din\u00e2mica atmosf\u00e9rica do planeta.<\/p>\n\n\n\n<h2 class=\"wp-block-heading\">O que est\u00e1 acontecendo com o encolhimento da Grande Mancha Vermelha?<\/h2>\n\n\n\n<p>Nos \u00faltimos anos, a Grande Mancha Vermelha de J\u00fapiter,<strong> uma tempestade anticicl\u00f4nica <\/strong>que tem sido observada desde o s\u00e9culo XVII, est\u00e1 diminuindo de tamanho. Esta mudan\u00e7a tem sido monitorada por cientistas atrav\u00e9s do<strong> <a href=\"https:\/\/science.nasa.gov\/mission\/hubble\/\" target=\"_blank\" rel=\"noreferrer noopener\">telesc\u00f3pio espacial Hubble<\/a><\/strong>, que revelou uma redu\u00e7\u00e3o cont\u00ednua na extens\u00e3o da mancha ao longo de mais de um s\u00e9culo.<\/p>\n\n\n\n<p>Embora a tempestade esteja encolhendo, isso n\u00e3o significa que J\u00fapiter como um todo esteja diminuindo. A redu\u00e7\u00e3o da Grande Mancha Vermelha \u00e9 um fen\u00f4meno atmosf\u00e9rico que n\u00e3o afeta o volume total do planeta. No passado, a mancha era grande o suficiente para comportar tr\u00eas Terras lado a lado, mas hoje ela mal comportaria uma e meia.<\/p>\n\n\n\n<figure class=\"wp-block-image size-large\"><img loading=\"lazy\" decoding=\"async\" width=\"1024\" height=\"576\" src=\"https:\/\/www.em.com.br\/emfoco\/wp-content\/uploads\/2025\/05\/Jupiter_1748264155470-1024x576.jpg\" alt=\"A Grande Mancha Vermelha em J\u00fapiter pode sumir? Entenda o que est\u00e1 acontecendo\" class=\"wp-image-51292\" srcset=\"https:\/\/www.em.com.br\/emfoco\/wp-content\/uploads\/2025\/05\/Jupiter_1748264155470-1024x576.jpg 1024w, https:\/\/www.em.com.br\/emfoco\/wp-content\/uploads\/2025\/05\/Jupiter_1748264155470-300x169.jpg 300w, https:\/\/www.em.com.br\/emfoco\/wp-content\/uploads\/2025\/05\/Jupiter_1748264155470-768x432.jpg 768w, https:\/\/www.em.com.br\/emfoco\/wp-content\/uploads\/2025\/05\/Jupiter_1748264155470-750x422.jpg 750w, https:\/\/www.em.com.br\/emfoco\/wp-content\/uploads\/2025\/05\/Jupiter_1748264155470-1140x642.jpg 1140w, https:\/\/www.em.com.br\/emfoco\/wp-content\/uploads\/2025\/05\/Jupiter_1748264155470.jpg 1279w\" sizes=\"auto, (max-width: 1024px) 100vw, 1024px\" \/><figcaption class=\"wp-element-caption\">J\u00fapiter e Terra &#8211; Cr\u00e9ditos: depositphotos.com \/ Tristan3D<\/figcaption><\/figure>\n\n\n\n<h2 class=\"wp-block-heading\">Por que a Grande Mancha Vermelha est\u00e1 encolhendo?<\/h2>\n\n\n\n<p>A redu\u00e7\u00e3o da Grande Mancha Vermelha tem gerado especula\u00e7\u00f5es sobre os mecanismos que sustentam sua exist\u00eancia. Dados recentes indicam que, apesar de estar diminuindo em largura, a tempestade est\u00e1 se tornando mais profunda verticalmente. Isso sugere que as camadas internas da tempestade est\u00e3o ganhando for\u00e7a, compensando a perda de extens\u00e3o horizontal.<\/p>\n\n\n\n<p>Essa mudan\u00e7a na din\u00e2mica atmosf\u00e9rica de J\u00fapiter \u00e9 complexa e ainda n\u00e3o totalmente compreendida. No entanto, acredita-se que o calor interno do planeta, liberado lentamente desde sua forma\u00e7\u00e3o, desempenha um papel crucial na manuten\u00e7\u00e3o das tempestades jupiterianas.<\/p>\n\n\n\n<h2 class=\"wp-block-heading\">A Grande Mancha Vermelha pode desaparecer?<\/h2>\n\n\n\n<p>O futuro da Grande Mancha Vermelha \u00e9 incerto. Alguns pesquisadores especulam que ela pode desaparecer nas pr\u00f3ximas d\u00e9cadas, enquanto outros acreditam que ela pode apenas mudar de forma ou dar origem a outra estrutura semelhante. Se a mancha desaparecer, seria um evento hist\u00f3rico na astronomia, <strong>j\u00e1 que tem sido uma caracter\u00edstica observada desde os tempos de Galileu<\/strong>.<\/p>\n\n\n\n<p>Al\u00e9m da Grande Mancha Vermelha, outras \u00e1reas da atmosfera de J\u00fapiter tamb\u00e9m apresentam mudan\u00e7as. Os cintur\u00f5es de nuvens do planeta frequentemente mudam de espessura e colora\u00e7\u00e3o, refletindo um ambiente din\u00e2mico influenciado pela radia\u00e7\u00e3o solar e pelo calor interno do planeta.<\/p>\n\n\n\n<h2 class=\"wp-block-heading\">Como J\u00fapiter continua a impressionar?<\/h2>\n\n\n\n<p>Embora a frase &#8220;J\u00fapiter est\u00e1 encolhendo&#8221; possa circular, \u00e9 importante esclarecer que o planeta em si n\u00e3o est\u00e1 diminuindo. A redu\u00e7\u00e3o da Grande Mancha Vermelha \u00e9 um fen\u00f4meno atmosf\u00e9rico que n\u00e3o afeta a massa ou o volume total de J\u00fapiter. O planeta continua a ser o maior corpo do Sistema Solar depois do Sol, com capacidade para comportar mais de mil Terras em seu interior.<\/p>\n\n\n\n<p>As mudan\u00e7as na atmosfera de J\u00fapiter continuam a fascinar cientistas e astr\u00f4nomos amadores, oferecendo novas oportunidades para entender melhor a din\u00e2mica dos gigantes gasosos. Com informa\u00e7\u00f5es de ag\u00eancias espaciais como a <strong><a href=\"https:\/\/www.em.com.br\/emfoco\/2025\/05\/17\/nasa-revela-qual-e-a-unica-obra-humana-vista-do-espaco-e-nao-sao-as-piramides-do-egito\/\" target=\"_blank\" rel=\"noreferrer noopener\">NASA<\/a><\/strong>, a explora\u00e7\u00e3o de J\u00fapiter promete revelar ainda mais segredos sobre este intrigante guardi\u00e3o do Sistema Solar.<\/p>\n","protected":false},"excerpt":{"rendered":"<p>J\u00fapiter, o maior planeta do Sistema Solar, exerce um papel crucial na prote\u00e7\u00e3o da Terra e dos planetas vizinhos. Com seu campo gravitacional poderoso, ele atua como um escudo, desviando asteroides e cometas que poderiam amea\u00e7ar a vida em nosso planeta. Essa fun\u00e7\u00e3o protetora \u00e9 uma das raz\u00f5es pelas quais J\u00fapiter \u00e9 considerado um dos [&hellip;]<\/p>\n","protected":false},"author":13,"featured_media":51291,"comment_status":"open","ping_status":"open","sticky":false,"template":"","format":"standard","meta":{"jnews-multi-image_gallery":[],"jnews_single_post":{"format":"standard"},"jnews_primary_category":[],"jnews_social_meta":[],"jnews_override_counter":[],"footnotes":""},"categories":[8819],"tags":[1708,9235,9062,7624],"class_list":["post-51260","post","type-post","status-publish","format-standard","has-post-thumbnail","hentry","category-curiosidades","tag-astronomia","tag-grande-mancha-vermelha","tag-jupiter","tag-sistema-solar"],"yoast_head":"<!-- This site is optimized with the Yoast SEO plugin v23.8 - https:\/\/yoast.com\/wordpress\/plugins\/seo\/ -->\n<title>A Grande Mancha Vermelha em J\u00fapiter pode sumir? Entenda o que est\u00e1 acontecendo - Estado de Minas - Em foco<\/title>\n<meta name=\"description\" content=\"A Grande Mancha Vermelha de J\u00fapiter est\u00e1 encolhendo e pode desaparecer. Entenda o que dizem os cientistas.\" \/>\n<meta name=\"robots\" content=\"index, follow, max-snippet:-1, max-image-preview:large, max-video-preview:-1\" \/>\n<link rel=\"canonical\" href=\"https:\/\/www.em.com.br\/emfoco\/2025\/05\/28\/a-grande-mancha-vermelha-em-jupiter-pode-sumir-entenda-o-que-esta-acontecendo\/\" \/>\n<meta property=\"og:locale\" content=\"pt_BR\" \/>\n<meta property=\"og:type\" content=\"article\" \/>\n<meta property=\"og:title\" content=\"A Grande Mancha Vermelha em J\u00fapiter pode sumir? Entenda o que est\u00e1 acontecendo - Estado de Minas - Em foco\" \/>\n<meta property=\"og:description\" content=\"A Grande Mancha Vermelha de J\u00fapiter est\u00e1 encolhendo e pode desaparecer. Entenda o que dizem os cientistas.\" \/>\n<meta property=\"og:url\" content=\"https:\/\/www.em.com.br\/emfoco\/2025\/05\/28\/a-grande-mancha-vermelha-em-jupiter-pode-sumir-entenda-o-que-esta-acontecendo\/\" \/>\n<meta property=\"og:site_name\" content=\"Estado de Minas - Em foco\" \/>\n<meta property=\"article:published_time\" content=\"2025-05-28T17:00:00+00:00\" \/>\n<meta property=\"article:modified_time\" content=\"2025-05-26T12:57:53+00:00\" \/>\n<meta property=\"og:image\" content=\"https:\/\/www.em.com.br\/emfoco\/wp-content\/uploads\/2025\/05\/Jupiter_1748264115153.jpg\" \/>\n\t<meta property=\"og:image:width\" content=\"1280\" \/>\n\t<meta property=\"og:image:height\" content=\"720\" \/>\n\t<meta property=\"og:image:type\" content=\"image\/jpeg\" \/>\n<meta name=\"author\" content=\"Gabriel Martins\" \/>\n<meta name=\"twitter:card\" content=\"summary_large_image\" \/>\n<meta name=\"twitter:label1\" content=\"Escrito por\" \/>\n\t<meta name=\"twitter:data1\" content=\"Gabriel Martins\" \/>\n\t<meta name=\"twitter:label2\" content=\"Est. tempo de leitura\" \/>\n\t<meta name=\"twitter:data2\" content=\"4 minutos\" \/>\n<!-- \/ Yoast SEO plugin. -->","yoast_head_json":{"title":"A Grande Mancha Vermelha em J\u00fapiter pode sumir? Entenda o que est\u00e1 acontecendo - Estado de Minas - Em foco","description":"A Grande Mancha Vermelha de J\u00fapiter est\u00e1 encolhendo e pode desaparecer. Entenda o que dizem os cientistas.","robots":{"index":"index","follow":"follow","max-snippet":"max-snippet:-1","max-image-preview":"max-image-preview:large","max-video-preview":"max-video-preview:-1"},"canonical":"https:\/\/www.em.com.br\/emfoco\/2025\/05\/28\/a-grande-mancha-vermelha-em-jupiter-pode-sumir-entenda-o-que-esta-acontecendo\/","og_locale":"pt_BR","og_type":"article","og_title":"A Grande Mancha Vermelha em J\u00fapiter pode sumir? Entenda o que est\u00e1 acontecendo - Estado de Minas - Em foco","og_description":"A Grande Mancha Vermelha de J\u00fapiter est\u00e1 encolhendo e pode desaparecer. Entenda o que dizem os cientistas.","og_url":"https:\/\/www.em.com.br\/emfoco\/2025\/05\/28\/a-grande-mancha-vermelha-em-jupiter-pode-sumir-entenda-o-que-esta-acontecendo\/","og_site_name":"Estado de Minas - Em foco","article_published_time":"2025-05-28T17:00:00+00:00","article_modified_time":"2025-05-26T12:57:53+00:00","og_image":[{"width":1280,"height":720,"url":"https:\/\/www.em.com.br\/emfoco\/wp-content\/uploads\/2025\/05\/Jupiter_1748264115153.jpg","type":"image\/jpeg"}],"author":"Gabriel Martins","twitter_card":"summary_large_image","twitter_misc":{"Escrito por":"Gabriel Martins","Est. tempo de leitura":"4 minutos"},"schema":{"@context":"https:\/\/schema.org","@graph":[{"@type":"WebPage","@id":"https:\/\/www.em.com.br\/emfoco\/2025\/05\/28\/a-grande-mancha-vermelha-em-jupiter-pode-sumir-entenda-o-que-esta-acontecendo\/","url":"https:\/\/www.em.com.br\/emfoco\/2025\/05\/28\/a-grande-mancha-vermelha-em-jupiter-pode-sumir-entenda-o-que-esta-acontecendo\/","name":"A Grande Mancha Vermelha em J\u00fapiter pode sumir? Entenda o que est\u00e1 acontecendo - Estado de Minas - Em foco","isPartOf":{"@id":"https:\/\/www.em.com.br\/emfoco\/#website"},"primaryImageOfPage":{"@id":"https:\/\/www.em.com.br\/emfoco\/2025\/05\/28\/a-grande-mancha-vermelha-em-jupiter-pode-sumir-entenda-o-que-esta-acontecendo\/#primaryimage"},"image":{"@id":"https:\/\/www.em.com.br\/emfoco\/2025\/05\/28\/a-grande-mancha-vermelha-em-jupiter-pode-sumir-entenda-o-que-esta-acontecendo\/#primaryimage"},"thumbnailUrl":"https:\/\/www.em.com.br\/emfoco\/wp-content\/uploads\/2025\/05\/Jupiter_1748264115153.jpg","datePublished":"2025-05-28T17:00:00+00:00","dateModified":"2025-05-26T12:57:53+00:00","author":{"@id":"https:\/\/www.em.com.br\/emfoco\/#\/schema\/person\/1c9ddeab18b98abeffef834667bcf08a"},"description":"A Grande Mancha Vermelha de J\u00fapiter est\u00e1 encolhendo e pode desaparecer. Entenda o que dizem os cientistas.","breadcrumb":{"@id":"https:\/\/www.em.com.br\/emfoco\/2025\/05\/28\/a-grande-mancha-vermelha-em-jupiter-pode-sumir-entenda-o-que-esta-acontecendo\/#breadcrumb"},"inLanguage":"pt-BR","potentialAction":[{"@type":"ReadAction","target":["https:\/\/www.em.com.br\/emfoco\/2025\/05\/28\/a-grande-mancha-vermelha-em-jupiter-pode-sumir-entenda-o-que-esta-acontecendo\/"]}]},{"@type":"ImageObject","inLanguage":"pt-BR","@id":"https:\/\/www.em.com.br\/emfoco\/2025\/05\/28\/a-grande-mancha-vermelha-em-jupiter-pode-sumir-entenda-o-que-esta-acontecendo\/#primaryimage","url":"https:\/\/www.em.com.br\/emfoco\/wp-content\/uploads\/2025\/05\/Jupiter_1748264115153.jpg","contentUrl":"https:\/\/www.em.com.br\/emfoco\/wp-content\/uploads\/2025\/05\/Jupiter_1748264115153.jpg","width":1280,"height":720,"caption":"J\u00fapiter e a Grande Mancha Vermelha - Cr\u00e9ditos: depositphotos.com \/ RType"},{"@type":"BreadcrumbList","@id":"https:\/\/www.em.com.br\/emfoco\/2025\/05\/28\/a-grande-mancha-vermelha-em-jupiter-pode-sumir-entenda-o-que-esta-acontecendo\/#breadcrumb","itemListElement":[{"@type":"ListItem","position":1,"name":"In\u00edcio","item":"https:\/\/www.em.com.br\/emfoco\/"},{"@type":"ListItem","position":2,"name":"A Grande Mancha Vermelha em J\u00fapiter pode sumir? Entenda o que est\u00e1 acontecendo"}]},{"@type":"WebSite","@id":"https:\/\/www.em.com.br\/emfoco\/#website","url":"https:\/\/www.em.com.br\/emfoco\/","name":"Estado de Minas - Em foco","description":"Acompanhe as \u00faltimas not\u00edcias e fique bem informado sobre tudo o que acontece em Minas Gerais, Brasil e no mundo.","potentialAction":[{"@type":"SearchAction","target":{"@type":"EntryPoint","urlTemplate":"https:\/\/www.em.com.br\/emfoco\/?s={search_term_string}"},"query-input":{"@type":"PropertyValueSpecification","valueRequired":true,"valueName":"search_term_string"}}],"inLanguage":"pt-BR"},{"@type":"Person","@id":"https:\/\/www.em.com.br\/emfoco\/#\/schema\/person\/1c9ddeab18b98abeffef834667bcf08a","name":"Gabriel Martins","image":{"@type":"ImageObject","inLanguage":"pt-BR","@id":"https:\/\/www.em.com.br\/emfoco\/#\/schema\/person\/image\/","url":"https:\/\/secure.gravatar.com\/avatar\/f0f1e2efdfd88f1ad2cb08c5c2731e50?s=96&d=mm&r=g","contentUrl":"https:\/\/secure.gravatar.com\/avatar\/f0f1e2efdfd88f1ad2cb08c5c2731e50?s=96&d=mm&r=g","caption":"Gabriel Martins"},"sameAs":["https:\/\/www.em.com.br\/emfoco\/"],"url":"https:\/\/www.em.com.br\/emfoco\/author\/gabrielmartinsmyth\/"}]}},"_links":{"self":[{"href":"https:\/\/www.em.com.br\/emfoco\/wp-json\/wp\/v2\/posts\/51260","targetHints":{"allow":["GET"]}}],"collection":[{"href":"https:\/\/www.em.com.br\/emfoco\/wp-json\/wp\/v2\/posts"}],"about":[{"href":"https:\/\/www.em.com.br\/emfoco\/wp-json\/wp\/v2\/types\/post"}],"author":[{"embeddable":true,"href":"https:\/\/www.em.com.br\/emfoco\/wp-json\/wp\/v2\/users\/13"}],"replies":[{"embeddable":true,"href":"https:\/\/www.em.com.br\/emfoco\/wp-json\/wp\/v2\/comments?post=51260"}],"version-history":[{"count":2,"href":"https:\/\/www.em.com.br\/emfoco\/wp-json\/wp\/v2\/posts\/51260\/revisions"}],"predecessor-version":[{"id":51293,"href":"https:\/\/www.em.com.br\/emfoco\/wp-json\/wp\/v2\/posts\/51260\/revisions\/51293"}],"wp:featuredmedia":[{"embeddable":true,"href":"https:\/\/www.em.com.br\/emfoco\/wp-json\/wp\/v2\/media\/51291"}],"wp:attachment":[{"href":"https:\/\/www.em.com.br\/emfoco\/wp-json\/wp\/v2\/media?parent=51260"}],"wp:term":[{"taxonomy":"category","embeddable":true,"href":"https:\/\/www.em.com.br\/emfoco\/wp-json\/wp\/v2\/categories?post=51260"},{"taxonomy":"post_tag","embeddable":true,"href":"https:\/\/www.em.com.br\/emfoco\/wp-json\/wp\/v2\/tags?post=51260"}],"curies":[{"name":"wp","href":"https:\/\/api.w.org\/{rel}","templated":true}]}}