{"id":5104,"date":"2024-12-16T12:40:00","date_gmt":"2024-12-16T15:40:00","guid":{"rendered":"https:\/\/www.em.com.br\/emfoco\/?p=5104"},"modified":"2024-12-15T17:12:50","modified_gmt":"2024-12-15T20:12:50","slug":"o-brasil-domina-o-mercado-mundial-de-cafe","status":"publish","type":"post","link":"https:\/\/www.em.com.br\/emfoco\/2024\/12\/16\/o-brasil-domina-o-mercado-mundial-de-cafe\/","title":{"rendered":"O Brasil domina o mercado mundial de caf\u00e9?"},"content":{"rendered":"\n<p>O caf\u00e9, uma das bebidas mais populares do mundo, continua a aumentar em consumo tanto no Ocidente quanto no Oriente. Comemorado internacionalmente no dia 1\u00ba de outubro, este Dia Internacional do Caf\u00e9 celebra n\u00e3o apenas a bebida, mas tamb\u00e9m a abrangente ind\u00fastria que a rodeia. Segundo a <a href=\"https:\/\/ico.org\/pt\/\" target=\"_blank\" rel=\"noreferrer noopener\">Organiza\u00e7\u00e3o Internacional do Caf\u00e9 <\/a>(OIC), esta data marca o in\u00edcio da safra em pa\u00edses produtores, simbolizando a import\u00e2ncia cont\u00ednua do caf\u00e9 para economias e culturas ao redor do mundo.<\/p>\n\n\n\n<p>A exporta\u00e7\u00e3o de caf\u00e9 brasileiro registrou um recorde, com 4,2 milh\u00f5es de sacas exportadas, destacando o papel do <a href=\"https:\/\/www.em.com.br\/emfoco\/2024\/12\/15\/por-que-comemoramos-o-fim-da-realeza-no-brasil\/\" target=\"_blank\" rel=\"noreferrer noopener\">Brasil <\/a>como l\u00edder mundial no mercado de caf\u00e9. Este volume representa um aumento significativo em compara\u00e7\u00e3o com per\u00edodos anteriores, refletindo tanto a qualidade quanto a demanda crescente pelo gr\u00e3o brasileiro. Curiosamente, essa tend\u00eancia se enraizou ainda mais em pa\u00edses como os Estados Unidos e a China, assinalando novas din\u00e2micas no mercado global.<\/p>\n\n\n\n<h2 class=\"wp-block-heading\">Como os Estados Unidos Permanecem na Vanguarda do Consumo?<\/h2>\n\n\n\n<p>Os Estados Unidos mant\u00eam-se como os principais importadores de caf\u00e9 brasileiro, embora tenha havido uma redu\u00e7\u00e3o significativa nas importa\u00e7\u00f5es em 2023, quando comparado ao ano anterior. Essa diminui\u00e7\u00e3o deve-se a desafios log\u00edsticos e a um per\u00edodo de menor produ\u00e7\u00e3o. Entretanto, o consumo de caf\u00e9 nos EUA continua a crescer, com uma penetra\u00e7\u00e3o em 65% dos lares americanos. Esse dado \u00e9 um indicativo claro da popularidade do caf\u00e9 no dia a dia americano, superando outras bebidas tradicionais.<\/p>\n\n\n\n<h2 class=\"wp-block-heading\">O que Explica a Popularidade do Caf\u00e9 Gelado?<\/h2>\n\n\n\n<p>Uma tend\u00eancia not\u00e1vel no mercado americano \u00e9 o aumento da popularidade do caf\u00e9 gelado. Este tipo de caf\u00e9 representa atualmente cerca de 25% da demanda nos EUA. Com o aumento das temperaturas globais, muitos consumidores est\u00e3o migrando para bebidas geladas, o que tamb\u00e9m reflete mudan\u00e7as nas prefer\u00eancias de consumo, especialmente entre os mais jovens. A ressocializa\u00e7\u00e3o p\u00f3s-pandemia tamb\u00e9m desempenhou um papel fundamental na revitaliza\u00e7\u00e3o das cafeterias, que se tornaram centros de socializa\u00e7\u00e3o importantes novamente.<\/p>\n\n\n<div class=\"wp-block-image\">\n<figure class=\"aligncenter size-large\"><img loading=\"lazy\" decoding=\"async\" width=\"1024\" height=\"576\" src=\"https:\/\/www.em.com.br\/emfoco\/wp-content\/uploads\/2024\/12\/cafe_1734293597846-1024x576.jpg\" alt=\"\" class=\"wp-image-5108\" srcset=\"https:\/\/www.em.com.br\/emfoco\/wp-content\/uploads\/2024\/12\/cafe_1734293597846-1024x576.jpg 1024w, https:\/\/www.em.com.br\/emfoco\/wp-content\/uploads\/2024\/12\/cafe_1734293597846-300x169.jpg 300w, https:\/\/www.em.com.br\/emfoco\/wp-content\/uploads\/2024\/12\/cafe_1734293597846-768x432.jpg 768w, https:\/\/www.em.com.br\/emfoco\/wp-content\/uploads\/2024\/12\/cafe_1734293597846-750x422.jpg 750w, https:\/\/www.em.com.br\/emfoco\/wp-content\/uploads\/2024\/12\/cafe_1734293597846-1140x641.jpg 1140w, https:\/\/www.em.com.br\/emfoco\/wp-content\/uploads\/2024\/12\/cafe_1734293597846.jpg 1280w\" sizes=\"auto, (max-width: 1024px) 100vw, 1024px\" \/><figcaption class=\"wp-element-caption\">Caf\u00e9 &#8211; Cr\u00e9ditos: depositphotos.com \/ HayDmitriy<\/figcaption><\/figure><\/div>\n\n\n<h2 class=\"wp-block-heading\">Por que a China Est\u00e1 Aderindo ao Consumo de Caf\u00e9?<\/h2>\n\n\n\n<p>A China ultrapassou os Estados Unidos como o maior mercado de cafeterias do mundo, uma mudan\u00e7a significativa que destaca o aumento do consumo de caf\u00e9 no pa\u00eds. Esse fen\u00f4meno \u00e9 muitas vezes associado \u00e0 chamada &#8220;ocidentaliza\u00e7\u00e3o&#8221; dos h\u00e1bitos de consumo, \u00e0 medida que expatriados e jovens que estudaram no Ocidente trazem esses gostos de volta para casa. O r\u00e1pido crescimento na importa\u00e7\u00e3o de caf\u00e9 brasileiro pela China solidifica a ideia de que o pa\u00eds est\u00e1 se tornando um jogador chave no mercado internacional de caf\u00e9.<\/p>\n\n\n\n<h2 class=\"wp-block-heading\">Quais Desafios Regulamentares Podem Impactar as Exporta\u00e7\u00f5es?<\/h2>\n\n\n\n<p>A Uni\u00e3o Europeia promulgou novas regras para importa\u00e7\u00f5es, exigindo que produtos como o caf\u00e9 sejam livres de desmatamento ap\u00f3s 2020. Essa regulamenta\u00e7\u00e3o pode representar desafios para pa\u00edses como Alemanha e It\u00e1lia, que s\u00e3o grandes importadores de caf\u00e9 brasileiro. As mudan\u00e7as nas leis s\u00e3o uma tentativa de proteger o meio ambiente, mas ao mesmo tempo criam um cen\u00e1rio de incerteza para os exportadores que devem se adequar rapidamente a essas novas normas.<\/p>\n\n\n\n<p>Em s\u00edntese, o consumo global de caf\u00e9 continua a evoluir, impulsionado por mudan\u00e7as culturais e desafiado por novas normas ambientais. O caf\u00e9 permanece como uma bebida reverenciada ao redor do mundo, adaptando-se e crescendo em face tanto de tend\u00eancias quanto de desafios contempor\u00e2neos.<\/p>\n","protected":false},"excerpt":{"rendered":"<p>O caf\u00e9, uma das bebidas mais populares do mundo, continua a aumentar em consumo tanto no Ocidente quanto no Oriente. Comemorado internacionalmente no dia 1\u00ba de outubro, este Dia Internacional do Caf\u00e9 celebra n\u00e3o apenas a bebida, mas tamb\u00e9m a abrangente ind\u00fastria que a rodeia. Segundo a Organiza\u00e7\u00e3o Internacional do Caf\u00e9 (OIC), esta data marca [&hellip;]<\/p>\n","protected":false},"author":7,"featured_media":5107,"comment_status":"open","ping_status":"open","sticky":false,"template":"","format":"standard","meta":{"jnews-multi-image_gallery":[],"jnews_single_post":{"format":"standard"},"jnews_primary_category":[],"jnews_social_meta":[],"jnews_override_counter":[],"footnotes":""},"categories":[26],"tags":[1579,1824,2057,2056,2059,2058],"class_list":["post-5104","post","type-post","status-publish","format-standard","has-post-thumbnail","hentry","category-cidades","tag-cafe","tag-china","tag-comercio-global","tag-consumo-de-cafe","tag-estados-unidos","tag-importacao-e-exportacao"],"yoast_head":"<!-- This site is optimized with the Yoast SEO plugin v23.8 - https:\/\/yoast.com\/wordpress\/plugins\/seo\/ -->\n<title>O Brasil domina o mercado mundial de caf\u00e9? - Estado de Minas - Em foco<\/title>\n<meta name=\"description\" content=\"Esse artigo Descreve desafios regulat\u00f3rios e oportunidades para produtores e exportadores de caf\u00e9.\" \/>\n<meta name=\"robots\" content=\"index, follow, max-snippet:-1, max-image-preview:large, max-video-preview:-1\" \/>\n<link rel=\"canonical\" href=\"https:\/\/www.em.com.br\/emfoco\/2024\/12\/16\/o-brasil-domina-o-mercado-mundial-de-cafe\/\" \/>\n<meta property=\"og:locale\" content=\"pt_BR\" \/>\n<meta property=\"og:type\" content=\"article\" \/>\n<meta property=\"og:title\" content=\"O Brasil domina o mercado mundial de caf\u00e9? - Estado de Minas - Em foco\" \/>\n<meta property=\"og:description\" content=\"Esse artigo Descreve desafios regulat\u00f3rios e oportunidades para produtores e exportadores de caf\u00e9.\" \/>\n<meta property=\"og:url\" content=\"https:\/\/www.em.com.br\/emfoco\/2024\/12\/16\/o-brasil-domina-o-mercado-mundial-de-cafe\/\" \/>\n<meta property=\"og:site_name\" content=\"Estado de Minas - Em foco\" \/>\n<meta property=\"article:published_time\" content=\"2024-12-16T15:40:00+00:00\" \/>\n<meta property=\"article:modified_time\" content=\"2024-12-15T20:12:50+00:00\" \/>\n<meta property=\"og:image\" content=\"https:\/\/www.em.com.br\/emfoco\/wp-content\/uploads\/2024\/12\/cafe_1734293549115.jpg\" \/>\n\t<meta property=\"og:image:width\" content=\"1280\" \/>\n\t<meta property=\"og:image:height\" content=\"720\" \/>\n\t<meta property=\"og:image:type\" content=\"image\/jpeg\" \/>\n<meta name=\"author\" content=\"Kelvin\" \/>\n<meta name=\"twitter:card\" content=\"summary_large_image\" \/>\n<meta name=\"twitter:label1\" content=\"Escrito por\" \/>\n\t<meta name=\"twitter:data1\" content=\"Kelvin\" \/>\n\t<meta name=\"twitter:label2\" content=\"Est. tempo de leitura\" \/>\n\t<meta name=\"twitter:data2\" content=\"4 minutos\" \/>\n<!-- \/ Yoast SEO plugin. -->","yoast_head_json":{"title":"O Brasil domina o mercado mundial de caf\u00e9? - Estado de Minas - Em foco","description":"Esse artigo Descreve desafios regulat\u00f3rios e oportunidades para produtores e exportadores de caf\u00e9.","robots":{"index":"index","follow":"follow","max-snippet":"max-snippet:-1","max-image-preview":"max-image-preview:large","max-video-preview":"max-video-preview:-1"},"canonical":"https:\/\/www.em.com.br\/emfoco\/2024\/12\/16\/o-brasil-domina-o-mercado-mundial-de-cafe\/","og_locale":"pt_BR","og_type":"article","og_title":"O Brasil domina o mercado mundial de caf\u00e9? - Estado de Minas - Em foco","og_description":"Esse artigo Descreve desafios regulat\u00f3rios e oportunidades para produtores e exportadores de caf\u00e9.","og_url":"https:\/\/www.em.com.br\/emfoco\/2024\/12\/16\/o-brasil-domina-o-mercado-mundial-de-cafe\/","og_site_name":"Estado de Minas - Em foco","article_published_time":"2024-12-16T15:40:00+00:00","article_modified_time":"2024-12-15T20:12:50+00:00","og_image":[{"width":1280,"height":720,"url":"https:\/\/www.em.com.br\/emfoco\/wp-content\/uploads\/2024\/12\/cafe_1734293549115.jpg","type":"image\/jpeg"}],"author":"Kelvin","twitter_card":"summary_large_image","twitter_misc":{"Escrito por":"Kelvin","Est. tempo de leitura":"4 minutos"},"schema":{"@context":"https:\/\/schema.org","@graph":[{"@type":"WebPage","@id":"https:\/\/www.em.com.br\/emfoco\/2024\/12\/16\/o-brasil-domina-o-mercado-mundial-de-cafe\/","url":"https:\/\/www.em.com.br\/emfoco\/2024\/12\/16\/o-brasil-domina-o-mercado-mundial-de-cafe\/","name":"O Brasil domina o mercado mundial de caf\u00e9? - Estado de Minas - Em foco","isPartOf":{"@id":"https:\/\/www.em.com.br\/emfoco\/#website"},"primaryImageOfPage":{"@id":"https:\/\/www.em.com.br\/emfoco\/2024\/12\/16\/o-brasil-domina-o-mercado-mundial-de-cafe\/#primaryimage"},"image":{"@id":"https:\/\/www.em.com.br\/emfoco\/2024\/12\/16\/o-brasil-domina-o-mercado-mundial-de-cafe\/#primaryimage"},"thumbnailUrl":"https:\/\/www.em.com.br\/emfoco\/wp-content\/uploads\/2024\/12\/cafe_1734293549115.jpg","datePublished":"2024-12-16T15:40:00+00:00","dateModified":"2024-12-15T20:12:50+00:00","author":{"@id":"https:\/\/www.em.com.br\/emfoco\/#\/schema\/person\/fb0a7f48c6fbb94b83f413a80f61917d"},"description":"Esse artigo Descreve desafios regulat\u00f3rios e oportunidades para produtores e exportadores de caf\u00e9.","breadcrumb":{"@id":"https:\/\/www.em.com.br\/emfoco\/2024\/12\/16\/o-brasil-domina-o-mercado-mundial-de-cafe\/#breadcrumb"},"inLanguage":"pt-BR","potentialAction":[{"@type":"ReadAction","target":["https:\/\/www.em.com.br\/emfoco\/2024\/12\/16\/o-brasil-domina-o-mercado-mundial-de-cafe\/"]}]},{"@type":"ImageObject","inLanguage":"pt-BR","@id":"https:\/\/www.em.com.br\/emfoco\/2024\/12\/16\/o-brasil-domina-o-mercado-mundial-de-cafe\/#primaryimage","url":"https:\/\/www.em.com.br\/emfoco\/wp-content\/uploads\/2024\/12\/cafe_1734293549115.jpg","contentUrl":"https:\/\/www.em.com.br\/emfoco\/wp-content\/uploads\/2024\/12\/cafe_1734293549115.jpg","width":1280,"height":720,"caption":"Caf\u00e9 - Cr\u00e9ditos: depositphotos.com \/ wideonet"},{"@type":"BreadcrumbList","@id":"https:\/\/www.em.com.br\/emfoco\/2024\/12\/16\/o-brasil-domina-o-mercado-mundial-de-cafe\/#breadcrumb","itemListElement":[{"@type":"ListItem","position":1,"name":"In\u00edcio","item":"https:\/\/www.em.com.br\/emfoco\/"},{"@type":"ListItem","position":2,"name":"O Brasil domina o mercado mundial de caf\u00e9?"}]},{"@type":"WebSite","@id":"https:\/\/www.em.com.br\/emfoco\/#website","url":"https:\/\/www.em.com.br\/emfoco\/","name":"Estado de Minas - Em foco","description":"Acompanhe as \u00faltimas not\u00edcias e fique bem informado sobre tudo o que acontece em Minas Gerais, Brasil e no mundo.","potentialAction":[{"@type":"SearchAction","target":{"@type":"EntryPoint","urlTemplate":"https:\/\/www.em.com.br\/emfoco\/?s={search_term_string}"},"query-input":{"@type":"PropertyValueSpecification","valueRequired":true,"valueName":"search_term_string"}}],"inLanguage":"pt-BR"},{"@type":"Person","@id":"https:\/\/www.em.com.br\/emfoco\/#\/schema\/person\/fb0a7f48c6fbb94b83f413a80f61917d","name":"Kelvin","image":{"@type":"ImageObject","inLanguage":"pt-BR","@id":"https:\/\/www.em.com.br\/emfoco\/#\/schema\/person\/image\/","url":"https:\/\/secure.gravatar.com\/avatar\/e74f84337e6bf6c4c5e88fbdffa05270?s=96&d=mm&r=g","contentUrl":"https:\/\/secure.gravatar.com\/avatar\/e74f84337e6bf6c4c5e88fbdffa05270?s=96&d=mm&r=g","caption":"Kelvin"},"sameAs":["https:\/\/www.em.com.br\/emfoco"],"url":"https:\/\/www.em.com.br\/emfoco\/author\/kelvinmyth\/"}]}},"_links":{"self":[{"href":"https:\/\/www.em.com.br\/emfoco\/wp-json\/wp\/v2\/posts\/5104","targetHints":{"allow":["GET"]}}],"collection":[{"href":"https:\/\/www.em.com.br\/emfoco\/wp-json\/wp\/v2\/posts"}],"about":[{"href":"https:\/\/www.em.com.br\/emfoco\/wp-json\/wp\/v2\/types\/post"}],"author":[{"embeddable":true,"href":"https:\/\/www.em.com.br\/emfoco\/wp-json\/wp\/v2\/users\/7"}],"replies":[{"embeddable":true,"href":"https:\/\/www.em.com.br\/emfoco\/wp-json\/wp\/v2\/comments?post=5104"}],"version-history":[{"count":2,"href":"https:\/\/www.em.com.br\/emfoco\/wp-json\/wp\/v2\/posts\/5104\/revisions"}],"predecessor-version":[{"id":5110,"href":"https:\/\/www.em.com.br\/emfoco\/wp-json\/wp\/v2\/posts\/5104\/revisions\/5110"}],"wp:featuredmedia":[{"embeddable":true,"href":"https:\/\/www.em.com.br\/emfoco\/wp-json\/wp\/v2\/media\/5107"}],"wp:attachment":[{"href":"https:\/\/www.em.com.br\/emfoco\/wp-json\/wp\/v2\/media?parent=5104"}],"wp:term":[{"taxonomy":"category","embeddable":true,"href":"https:\/\/www.em.com.br\/emfoco\/wp-json\/wp\/v2\/categories?post=5104"},{"taxonomy":"post_tag","embeddable":true,"href":"https:\/\/www.em.com.br\/emfoco\/wp-json\/wp\/v2\/tags?post=5104"}],"curies":[{"name":"wp","href":"https:\/\/api.w.org\/{rel}","templated":true}]}}