{"id":50422,"date":"2025-05-26T11:40:00","date_gmt":"2025-05-26T14:40:00","guid":{"rendered":"https:\/\/www.em.com.br\/emfoco\/?p=50422"},"modified":"2025-05-25T15:04:44","modified_gmt":"2025-05-25T18:04:44","slug":"o-que-e-extradicao-e-como-funciona-esse-processo-entre-paises","status":"publish","type":"post","link":"https:\/\/www.em.com.br\/emfoco\/2025\/05\/26\/o-que-e-extradicao-e-como-funciona-esse-processo-entre-paises\/","title":{"rendered":"O que \u00e9 extradi\u00e7\u00e3o e como funciona esse processo entre pa\u00edses"},"content":{"rendered":"\n<p>A <strong>extradi\u00e7\u00e3o <\/strong>\u00e9 um mecanismo de coopera\u00e7\u00e3o internacional que envolve a entrega de um indiv\u00edduo de um pa\u00eds para outro, a fim de que ele possa ser julgado ou cumprir pena por crimes cometidos. Este processo \u00e9 formalizado atrav\u00e9s de pedidos diplom\u00e1ticos, onde o <strong>Estado <\/strong>requerente solicita ao Estado requerido a entrega do indiv\u00edduo em quest\u00e3o. A extradi\u00e7\u00e3o \u00e9 um instrumento essencial nas rela\u00e7\u00f5es internacionais, permitindo que a justi\u00e7a seja aplicada al\u00e9m das fronteiras nacionais.<\/p>\n\n\n\n<p>No <strong>Brasil<\/strong>, a extradi\u00e7\u00e3o \u00e9 regida por uma s\u00e9rie de normas legais que definem quando e como um indiv\u00edduo pode ser extraditado. A <strong><a href=\"https:\/\/www.planalto.gov.br\/ccivil_03\/constituicao\/constituicao.htm\" target=\"_blank\" rel=\"noreferrer noopener\">Constitui\u00e7\u00e3o Federal<\/a><\/strong> estabelece que brasileiros natos n\u00e3o podem ser extraditados sob nenhuma circunst\u00e2ncia, enquanto brasileiros naturalizados e estrangeiros podem ser extraditados em situa\u00e7\u00f5es espec\u00edficas. Atualmente, o Brasil mant\u00e9m mais de 30 acordos bilaterais de extradi\u00e7\u00e3o, facilitando o processo com diversas na\u00e7\u00f5es.<\/p>\n\n\n\n<h2 class=\"wp-block-heading\">Como funciona o processo de extradi\u00e7\u00e3o em detalhes?<\/h2>\n\n\n\n<p>O processo de extradi\u00e7\u00e3o inicia-se quando o Estado requerente formaliza um pedido ao Estado requerido, utilizando canais diplom\u00e1ticos. Este pedido deve conter informa\u00e7\u00f5es detalhadas sobre o crime cometido e a justificativa para a extradi\u00e7\u00e3o. Uma vez recebido o pedido, o Estado requerido avalia se as condi\u00e7\u00f5es legais para a extradi\u00e7\u00e3o est\u00e3o atendidas. Caso o pedido seja aceito, o indiv\u00edduo \u00e9 detido e entregue \u00e0s autoridades do Estado requerente.<\/p>\n\n\n\n<p><strong>\u00c9 importante destacar que n\u00e3o existe uma obriga\u00e7\u00e3o internacional que force um pa\u00eds a aceitar um pedido de extradi\u00e7\u00e3o<\/strong>. A decis\u00e3o final cabe ao Estado requerido, que pode rejeitar o pedido com <strong>base em suas pr\u00f3prias leis e interesses diplom\u00e1ticos<\/strong>. Al\u00e9m disso, acordos internacionais podem estabelecer crit\u00e9rios espec\u00edficos para a realiza\u00e7\u00e3o de extradi\u00e7\u00f5es, promovendo uma coopera\u00e7\u00e3o mais eficaz entre as na\u00e7\u00f5es.<\/p>\n\n\n\n<figure class=\"wp-block-image size-large\"><img loading=\"lazy\" decoding=\"async\" width=\"1024\" height=\"576\" src=\"https:\/\/www.em.com.br\/emfoco\/wp-content\/uploads\/2025\/05\/Extradition_1748006509850-1024x576.jpg\" alt=\"O que \u00e9 extradi\u00e7\u00e3o e como funciona esse processo entre pa\u00edses\" class=\"wp-image-50448\" srcset=\"https:\/\/www.em.com.br\/emfoco\/wp-content\/uploads\/2025\/05\/Extradition_1748006509850-1024x576.jpg 1024w, https:\/\/www.em.com.br\/emfoco\/wp-content\/uploads\/2025\/05\/Extradition_1748006509850-300x169.jpg 300w, https:\/\/www.em.com.br\/emfoco\/wp-content\/uploads\/2025\/05\/Extradition_1748006509850-768x432.jpg 768w, https:\/\/www.em.com.br\/emfoco\/wp-content\/uploads\/2025\/05\/Extradition_1748006509850-750x422.jpg 750w, https:\/\/www.em.com.br\/emfoco\/wp-content\/uploads\/2025\/05\/Extradition_1748006509850-1140x641.jpg 1140w, https:\/\/www.em.com.br\/emfoco\/wp-content\/uploads\/2025\/05\/Extradition_1748006509850.jpg 1280w\" sizes=\"auto, (max-width: 1024px) 100vw, 1024px\" \/><figcaption class=\"wp-element-caption\">Passaporte italiano &#8211; Cr\u00e9ditos: depositphotos.com \/ Tetiana Chernikova<\/figcaption><\/figure>\n\n\n\n<h2 class=\"wp-block-heading\">Quais s\u00e3o as diferen\u00e7as b\u00e1sicas entre extradi\u00e7\u00e3o, deporta\u00e7\u00e3o e expuls\u00e3o?<\/h2>\n\n\n\n<p>Embora extradi\u00e7\u00e3o, deporta\u00e7\u00e3o e expuls\u00e3o envolvam a remo\u00e7\u00e3o de indiv\u00edduos de um pa\u00eds, cada processo possui caracter\u00edsticas distintas. A <strong>extradi\u00e7\u00e3o <\/strong>ocorre quando um indiv\u00edduo \u00e9 entregue a outro pa\u00eds para responder por crimes cometidos. J\u00e1 a <strong>deporta\u00e7\u00e3o<\/strong> \u00e9 aplicada a estrangeiros que se encontram em situa\u00e7\u00e3o irregular no pa\u00eds, sendo enviados de volta ao seu pa\u00eds de origem. Por outro lado, a <strong>expuls\u00e3o<\/strong> \u00e9 utilizada quando um estrangeiro \u00e9 considerado uma amea\u00e7a \u00e0 seguran\u00e7a nacional, sendo for\u00e7ado a deixar o pa\u00eds.<\/p>\n\n\n\n<p>Esses processos s\u00e3o regulados por legisla\u00e7\u00f5es espec\u00edficas e visam proteger a soberania nacional, ao mesmo tempo em que garantem a aplica\u00e7\u00e3o da justi\u00e7a internacional. Cada um deles \u00e9 acionado em circunst\u00e2ncias distintas, de acordo com a natureza do caso e as leis vigentes no pa\u00eds.<\/p>\n\n\n\n<h2 class=\"wp-block-heading\">Que tipos de extradi\u00e7\u00e3o existem no Brasil?<\/h2>\n\n\n\n<p>No Brasil, a legisla\u00e7\u00e3o distingue entre dois tipos de extradi\u00e7\u00e3o: <strong>extradi\u00e7\u00e3o ativa<\/strong> e <strong>extradi\u00e7\u00e3o passiva<\/strong>. A extradi\u00e7\u00e3o ativa ocorre quando o governo brasileiro solicita a extradi\u00e7\u00e3o de um indiv\u00edduo que est\u00e1 foragido em outro pa\u00eds. J\u00e1 a extradi\u00e7\u00e3o passiva acontece quando o Brasil \u00e9 solicitado por uma na\u00e7\u00e3o estrangeira a extraditar um indiv\u00edduo que se encontra em territ\u00f3rio brasileiro.<\/p>\n\n\n\n<p>Ambos os tipos de extradi\u00e7\u00e3o s\u00e3o regidos por crit\u00e9rios legais rigorosos, que determinam se um pedido pode ser aceito ou n\u00e3o. Esses crit\u00e9rios incluem a natureza do crime, a compet\u00eancia para julgamento e a situa\u00e7\u00e3o legal do indiv\u00edduo no Brasil. A legisla\u00e7\u00e3o busca garantir que a extradi\u00e7\u00e3o seja realizada de forma justa e dentro dos par\u00e2metros legais estabelecidos.<\/p>\n\n\n\n<h2 class=\"wp-block-heading\">Quais restri\u00e7\u00f5es legais existem para a extradi\u00e7\u00e3o no Brasil?<\/h2>\n\n\n\n<p>A legisla\u00e7\u00e3o brasileira imp\u00f5e v\u00e1rias restri\u00e7\u00f5es \u00e0 extradi\u00e7\u00e3o, visando proteger os direitos dos indiv\u00edduos e assegurar que o processo seja justo. Entre as restri\u00e7\u00f5es, destacam-se:<\/p>\n\n\n\n<ul class=\"wp-block-list\">\n<li>O crime que motivou o pedido de extradi\u00e7\u00e3o deve ser considerado crime tanto no Brasil quanto no Estado requerente.<\/li>\n\n\n\n<li>O Brasil deve ser competente para julgar o crime.<\/li>\n\n\n\n<li>O crime deve ter uma pena superior a dois anos no <strong><a href=\"https:\/\/www.em.com.br\/emfoco\/2025\/05\/23\/produto-raro-descoberto-no-brasil-pode-tornar-o-pais-em-um-dos-mais-ricos-do-mundo\/\" target=\"_blank\" rel=\"noreferrer noopener\">Brasil<\/a><\/strong>.<\/li>\n\n\n\n<li>O extraditando n\u00e3o pode estar respondendo por outro crime no Brasil.<\/li>\n\n\n\n<li>O crime n\u00e3o pode estar prescrito segundo a lei brasileira ou do Estado requerente.<\/li>\n\n\n\n<li>O crime n\u00e3o pode ser de natureza pol\u00edtica.<\/li>\n\n\n\n<li>O extraditando n\u00e3o pode ser julgado por um tribunal de exce\u00e7\u00e3o no Estado requerente.<\/li>\n\n\n\n<li>O extraditando n\u00e3o pode ter status de refugiado ou asilado no Brasil.<\/li>\n<\/ul>\n\n\n\n<p>Essas restri\u00e7\u00f5es garantem que a extradi\u00e7\u00e3o seja conduzida de maneira justa e que os direitos humanos sejam respeitados. Al\u00e9m disso, a legisla\u00e7\u00e3o prev\u00ea exce\u00e7\u00f5es para brasileiros naturalizados, permitindo a extradi\u00e7\u00e3o em casos de crimes cometidos antes da naturaliza\u00e7\u00e3o ou relacionados ao tr\u00e1fico de entorpecentes.<\/p>\n","protected":false},"excerpt":{"rendered":"<p>A extradi\u00e7\u00e3o \u00e9 um mecanismo de coopera\u00e7\u00e3o internacional que envolve a entrega de um indiv\u00edduo de um pa\u00eds para outro, a fim de que ele possa ser julgado ou cumprir pena por crimes cometidos. Este processo \u00e9 formalizado atrav\u00e9s de pedidos diplom\u00e1ticos, onde o Estado requerente solicita ao Estado requerido a entrega do indiv\u00edduo em [&hellip;]<\/p>\n","protected":false},"author":13,"featured_media":50447,"comment_status":"open","ping_status":"open","sticky":false,"template":"","format":"standard","meta":{"jnews-multi-image_gallery":[],"jnews_single_post":{"format":"standard"},"jnews_primary_category":[],"jnews_social_meta":[],"jnews_override_counter":[],"footnotes":""},"categories":[8819],"tags":[9075,9074,9076,1334],"class_list":["post-50422","post","type-post","status-publish","format-standard","has-post-thumbnail","hentry","category-curiosidades","tag-cooperacao-internacional","tag-direito-internacional","tag-extradicao-ativa","tag-justica"],"yoast_head":"<!-- This site is optimized with the Yoast SEO plugin v23.8 - https:\/\/yoast.com\/wordpress\/plugins\/seo\/ -->\n<title>O que \u00e9 extradi\u00e7\u00e3o e como funciona esse processo entre pa\u00edses - Estado de Minas - Em foco<\/title>\n<meta name=\"description\" content=\"Entenda o que \u00e9 extradi\u00e7\u00e3o, como o Brasil aplica esse mecanismo legal e quais crimes permitem esse processo.\" \/>\n<meta name=\"robots\" content=\"index, follow, max-snippet:-1, max-image-preview:large, max-video-preview:-1\" \/>\n<link rel=\"canonical\" href=\"https:\/\/www.em.com.br\/emfoco\/2025\/05\/26\/o-que-e-extradicao-e-como-funciona-esse-processo-entre-paises\/\" \/>\n<meta property=\"og:locale\" content=\"pt_BR\" \/>\n<meta property=\"og:type\" content=\"article\" \/>\n<meta property=\"og:title\" content=\"O que \u00e9 extradi\u00e7\u00e3o e como funciona esse processo entre pa\u00edses - Estado de Minas - Em foco\" \/>\n<meta property=\"og:description\" content=\"Entenda o que \u00e9 extradi\u00e7\u00e3o, como o Brasil aplica esse mecanismo legal e quais crimes permitem esse processo.\" \/>\n<meta property=\"og:url\" content=\"https:\/\/www.em.com.br\/emfoco\/2025\/05\/26\/o-que-e-extradicao-e-como-funciona-esse-processo-entre-paises\/\" \/>\n<meta property=\"og:site_name\" content=\"Estado de Minas - Em foco\" \/>\n<meta property=\"article:published_time\" content=\"2025-05-26T14:40:00+00:00\" \/>\n<meta property=\"article:modified_time\" content=\"2025-05-25T18:04:44+00:00\" \/>\n<meta property=\"og:image\" content=\"https:\/\/www.em.com.br\/emfoco\/wp-content\/uploads\/2025\/05\/passaporte-brasil_1748006478772.jpg\" \/>\n\t<meta property=\"og:image:width\" content=\"1280\" \/>\n\t<meta property=\"og:image:height\" content=\"720\" \/>\n\t<meta property=\"og:image:type\" content=\"image\/jpeg\" \/>\n<meta name=\"author\" content=\"Gabriel Martins\" \/>\n<meta name=\"twitter:card\" content=\"summary_large_image\" \/>\n<meta name=\"twitter:label1\" content=\"Escrito por\" \/>\n\t<meta name=\"twitter:data1\" content=\"Gabriel Martins\" \/>\n\t<meta name=\"twitter:label2\" content=\"Est. tempo de leitura\" \/>\n\t<meta name=\"twitter:data2\" content=\"5 minutos\" \/>\n<!-- \/ Yoast SEO plugin. -->","yoast_head_json":{"title":"O que \u00e9 extradi\u00e7\u00e3o e como funciona esse processo entre pa\u00edses - Estado de Minas - Em foco","description":"Entenda o que \u00e9 extradi\u00e7\u00e3o, como o Brasil aplica esse mecanismo legal e quais crimes permitem esse processo.","robots":{"index":"index","follow":"follow","max-snippet":"max-snippet:-1","max-image-preview":"max-image-preview:large","max-video-preview":"max-video-preview:-1"},"canonical":"https:\/\/www.em.com.br\/emfoco\/2025\/05\/26\/o-que-e-extradicao-e-como-funciona-esse-processo-entre-paises\/","og_locale":"pt_BR","og_type":"article","og_title":"O que \u00e9 extradi\u00e7\u00e3o e como funciona esse processo entre pa\u00edses - Estado de Minas - Em foco","og_description":"Entenda o que \u00e9 extradi\u00e7\u00e3o, como o Brasil aplica esse mecanismo legal e quais crimes permitem esse processo.","og_url":"https:\/\/www.em.com.br\/emfoco\/2025\/05\/26\/o-que-e-extradicao-e-como-funciona-esse-processo-entre-paises\/","og_site_name":"Estado de Minas - Em foco","article_published_time":"2025-05-26T14:40:00+00:00","article_modified_time":"2025-05-25T18:04:44+00:00","og_image":[{"width":1280,"height":720,"url":"https:\/\/www.em.com.br\/emfoco\/wp-content\/uploads\/2025\/05\/passaporte-brasil_1748006478772.jpg","type":"image\/jpeg"}],"author":"Gabriel Martins","twitter_card":"summary_large_image","twitter_misc":{"Escrito por":"Gabriel Martins","Est. tempo de leitura":"5 minutos"},"schema":{"@context":"https:\/\/schema.org","@graph":[{"@type":"WebPage","@id":"https:\/\/www.em.com.br\/emfoco\/2025\/05\/26\/o-que-e-extradicao-e-como-funciona-esse-processo-entre-paises\/","url":"https:\/\/www.em.com.br\/emfoco\/2025\/05\/26\/o-que-e-extradicao-e-como-funciona-esse-processo-entre-paises\/","name":"O que \u00e9 extradi\u00e7\u00e3o e como funciona esse processo entre pa\u00edses - Estado de Minas - Em foco","isPartOf":{"@id":"https:\/\/www.em.com.br\/emfoco\/#website"},"primaryImageOfPage":{"@id":"https:\/\/www.em.com.br\/emfoco\/2025\/05\/26\/o-que-e-extradicao-e-como-funciona-esse-processo-entre-paises\/#primaryimage"},"image":{"@id":"https:\/\/www.em.com.br\/emfoco\/2025\/05\/26\/o-que-e-extradicao-e-como-funciona-esse-processo-entre-paises\/#primaryimage"},"thumbnailUrl":"https:\/\/www.em.com.br\/emfoco\/wp-content\/uploads\/2025\/05\/passaporte-brasil_1748006478772.jpg","datePublished":"2025-05-26T14:40:00+00:00","dateModified":"2025-05-25T18:04:44+00:00","author":{"@id":"https:\/\/www.em.com.br\/emfoco\/#\/schema\/person\/1c9ddeab18b98abeffef834667bcf08a"},"description":"Entenda o que \u00e9 extradi\u00e7\u00e3o, como o Brasil aplica esse mecanismo legal e quais crimes permitem esse processo.","breadcrumb":{"@id":"https:\/\/www.em.com.br\/emfoco\/2025\/05\/26\/o-que-e-extradicao-e-como-funciona-esse-processo-entre-paises\/#breadcrumb"},"inLanguage":"pt-BR","potentialAction":[{"@type":"ReadAction","target":["https:\/\/www.em.com.br\/emfoco\/2025\/05\/26\/o-que-e-extradicao-e-como-funciona-esse-processo-entre-paises\/"]}]},{"@type":"ImageObject","inLanguage":"pt-BR","@id":"https:\/\/www.em.com.br\/emfoco\/2025\/05\/26\/o-que-e-extradicao-e-como-funciona-esse-processo-entre-paises\/#primaryimage","url":"https:\/\/www.em.com.br\/emfoco\/wp-content\/uploads\/2025\/05\/passaporte-brasil_1748006478772.jpg","contentUrl":"https:\/\/www.em.com.br\/emfoco\/wp-content\/uploads\/2025\/05\/passaporte-brasil_1748006478772.jpg","width":1280,"height":720,"caption":"Passaporte brasileiro - Cr\u00e9ditos: depositphotos.com \/ aln2311"},{"@type":"BreadcrumbList","@id":"https:\/\/www.em.com.br\/emfoco\/2025\/05\/26\/o-que-e-extradicao-e-como-funciona-esse-processo-entre-paises\/#breadcrumb","itemListElement":[{"@type":"ListItem","position":1,"name":"In\u00edcio","item":"https:\/\/www.em.com.br\/emfoco\/"},{"@type":"ListItem","position":2,"name":"O que \u00e9 extradi\u00e7\u00e3o e como funciona esse processo entre pa\u00edses"}]},{"@type":"WebSite","@id":"https:\/\/www.em.com.br\/emfoco\/#website","url":"https:\/\/www.em.com.br\/emfoco\/","name":"Estado de Minas - Em foco","description":"Acompanhe as \u00faltimas not\u00edcias e fique bem informado sobre tudo o que acontece em Minas Gerais, Brasil e no mundo.","potentialAction":[{"@type":"SearchAction","target":{"@type":"EntryPoint","urlTemplate":"https:\/\/www.em.com.br\/emfoco\/?s={search_term_string}"},"query-input":{"@type":"PropertyValueSpecification","valueRequired":true,"valueName":"search_term_string"}}],"inLanguage":"pt-BR"},{"@type":"Person","@id":"https:\/\/www.em.com.br\/emfoco\/#\/schema\/person\/1c9ddeab18b98abeffef834667bcf08a","name":"Gabriel Martins","image":{"@type":"ImageObject","inLanguage":"pt-BR","@id":"https:\/\/www.em.com.br\/emfoco\/#\/schema\/person\/image\/","url":"https:\/\/secure.gravatar.com\/avatar\/f0f1e2efdfd88f1ad2cb08c5c2731e50?s=96&d=mm&r=g","contentUrl":"https:\/\/secure.gravatar.com\/avatar\/f0f1e2efdfd88f1ad2cb08c5c2731e50?s=96&d=mm&r=g","caption":"Gabriel Martins"},"sameAs":["https:\/\/www.em.com.br\/emfoco\/"],"url":"https:\/\/www.em.com.br\/emfoco\/author\/gabrielmartinsmyth\/"}]}},"_links":{"self":[{"href":"https:\/\/www.em.com.br\/emfoco\/wp-json\/wp\/v2\/posts\/50422","targetHints":{"allow":["GET"]}}],"collection":[{"href":"https:\/\/www.em.com.br\/emfoco\/wp-json\/wp\/v2\/posts"}],"about":[{"href":"https:\/\/www.em.com.br\/emfoco\/wp-json\/wp\/v2\/types\/post"}],"author":[{"embeddable":true,"href":"https:\/\/www.em.com.br\/emfoco\/wp-json\/wp\/v2\/users\/13"}],"replies":[{"embeddable":true,"href":"https:\/\/www.em.com.br\/emfoco\/wp-json\/wp\/v2\/comments?post=50422"}],"version-history":[{"count":2,"href":"https:\/\/www.em.com.br\/emfoco\/wp-json\/wp\/v2\/posts\/50422\/revisions"}],"predecessor-version":[{"id":50449,"href":"https:\/\/www.em.com.br\/emfoco\/wp-json\/wp\/v2\/posts\/50422\/revisions\/50449"}],"wp:featuredmedia":[{"embeddable":true,"href":"https:\/\/www.em.com.br\/emfoco\/wp-json\/wp\/v2\/media\/50447"}],"wp:attachment":[{"href":"https:\/\/www.em.com.br\/emfoco\/wp-json\/wp\/v2\/media?parent=50422"}],"wp:term":[{"taxonomy":"category","embeddable":true,"href":"https:\/\/www.em.com.br\/emfoco\/wp-json\/wp\/v2\/categories?post=50422"},{"taxonomy":"post_tag","embeddable":true,"href":"https:\/\/www.em.com.br\/emfoco\/wp-json\/wp\/v2\/tags?post=50422"}],"curies":[{"name":"wp","href":"https:\/\/api.w.org\/{rel}","templated":true}]}}