{"id":50419,"date":"2025-05-25T11:10:05","date_gmt":"2025-05-25T14:10:05","guid":{"rendered":"https:\/\/www.em.com.br\/emfoco\/?p=50419"},"modified":"2025-05-24T18:17:43","modified_gmt":"2025-05-24T21:17:43","slug":"pais-ou-amigos-a-escolha-que-molda-o-futuro-emocional-das-criancas","status":"publish","type":"post","link":"https:\/\/www.em.com.br\/emfoco\/2025\/05\/25\/pais-ou-amigos-a-escolha-que-molda-o-futuro-emocional-das-criancas\/","title":{"rendered":"Pais ou amigos? A escolha que molda o futuro emocional das crian\u00e7as"},"content":{"rendered":"\n<p>A cria\u00e7\u00e3o dos filhos \u00e9 um tema que gera debates constantes, especialmente no que diz respeito ao papel que os pais devem desempenhar. Historicamente, as abordagens sobre parentalidade evolu\u00edram, adaptando-se \u00e0s mudan\u00e7as sociais e culturais. O que antes era considerado adequado pode, hoje, ser visto como ineficaz ou at\u00e9 prejudicial. Um ponto central dessa discuss\u00e3o \u00e9 se os pais devem atuar como amigos dos filhos.<\/p>\n\n\n\n<p>Do ponto de vista psicol\u00f3gico, a fun\u00e7\u00e3o dos pais vai al\u00e9m da simples presen\u00e7a na vida dos filhos. Eles s\u00e3o <a href=\"https:\/\/www.em.com.br\/emfoco\/2025\/04\/04\/pais-estao-eternizando-o-amor-pelos-filhos-de-um-jeito-surpreendente\/\" target=\"_blank\" rel=\"noreferrer noopener\">respons\u00e1veis<\/a> por guiar e proteger, garantindo um ambiente seguro e est\u00e1vel. O desenvolvimento do apego \u00e9 crucial nesse processo, fornecendo uma base emocional segura que permite \u00e0s crian\u00e7as explorar o mundo com confian\u00e7a. Para isso, inculcar valores s\u00f3lidos, estabelecer limites claros e oferecer apoio emocional constante s\u00e3o essenciais.<\/p>\n\n\n\n<h2 class=\"wp-block-heading\">Os pais devem ser amigos dos filhos?<\/h2>\n\n\n\n<p>Uma quest\u00e3o frequente na parentalidade \u00e9 se os pais devem ser amigos dos filhos. Especialistas, como o psic\u00f3logo espanhol <strong>Arun Mansukhani<\/strong>, argumentam que os pais n\u00e3o devem tentar ser amigos. Mansukhani destaca que \u00e9 poss\u00edvel manter um relacionamento baseado no di\u00e1logo e compreens\u00e3o sem perder de vista o papel parental. A amizade pode confundir pap\u00e9is, levando a consequ\u00eancias negativas.<\/p>\n\n\n\n<p>Quando os pais assumem o papel de amigos, podem surgir problemas como falta de respeito aos limites, dificuldade em desenvolver autonomia e responsabilidade, e sobrecarga emocional. As crian\u00e7as podem sentir-se obrigadas a apoiar emocionalmente os pais, desenvolvendo baixa toler\u00e2ncia \u00e0 frustra\u00e7\u00e3o e dificuldade em estabelecer limites saud\u00e1veis em relacionamentos adultos.<\/p>\n\n\n<div class=\"wp-block-image\">\n<figure class=\"aligncenter size-large\"><img loading=\"lazy\" decoding=\"async\" width=\"1024\" height=\"576\" src=\"https:\/\/www.em.com.br\/emfoco\/wp-content\/uploads\/2025\/05\/pai-e-filho_1748005317148-1024x576.jpg\" alt=\"Pai e filho\" class=\"wp-image-50424\" srcset=\"https:\/\/www.em.com.br\/emfoco\/wp-content\/uploads\/2025\/05\/pai-e-filho_1748005317148-1024x576.jpg 1024w, https:\/\/www.em.com.br\/emfoco\/wp-content\/uploads\/2025\/05\/pai-e-filho_1748005317148-300x169.jpg 300w, https:\/\/www.em.com.br\/emfoco\/wp-content\/uploads\/2025\/05\/pai-e-filho_1748005317148-768x432.jpg 768w, https:\/\/www.em.com.br\/emfoco\/wp-content\/uploads\/2025\/05\/pai-e-filho_1748005317148-750x422.jpg 750w, https:\/\/www.em.com.br\/emfoco\/wp-content\/uploads\/2025\/05\/pai-e-filho_1748005317148-1140x641.jpg 1140w, https:\/\/www.em.com.br\/emfoco\/wp-content\/uploads\/2025\/05\/pai-e-filho_1748005317148.jpg 1280w\" sizes=\"auto, (max-width: 1024px) 100vw, 1024px\" \/><figcaption class=\"wp-element-caption\">Pai e filho &#8211; Cr\u00e9ditos: depositphotos.com \/ NatashaFedorova<\/figcaption><\/figure><\/div>\n\n\n<h2 class=\"wp-block-heading\">Quais s\u00e3o os riscos de confundir pap\u00e9is parentais com amizade?<\/h2>\n\n\n\n<p>Confundir os pap\u00e9is de pais e amigos pode ter consequ\u00eancias significativas. Estudos, como o da <strong>Universidade da Virg\u00ednia<\/strong>, indicam que a falta de uma distin\u00e7\u00e3o clara entre esses pap\u00e9is pode impactar negativamente a sa\u00fade emocional das crian\u00e7as na idade adulta. Crian\u00e7as que crescem sem uma estrutura parental bem definida tendem a ter dificuldades em administrar autoridade e lidar com desafios cotidianos.<\/p>\n\n\n\n<p>Al\u00e9m disso, a aus\u00eancia de limites claros pode resultar em crian\u00e7as que n\u00e3o sabem lidar com frustra\u00e7\u00f5es e t\u00eam dificuldades em estabelecer relacionamentos saud\u00e1veis. O papel parental \u00e9 \u00fanico e n\u00e3o deve ser sacrificado em prol de uma amizade, pois as crian\u00e7as precisam de uma inf\u00e2ncia livre de responsabilidades emocionais que n\u00e3o lhes cabem.<\/p>\n\n\n\n<h2 class=\"wp-block-heading\">Como estabelecer limites sem perder a proximidade?<\/h2>\n\n\n\n<p>Estabelecer limites \u00e9 fundamental para o <a href=\"https:\/\/www.uol.com.br\/universa\/noticias\/redacao\/2011\/07\/12\/ser-amigo-dos-filhos-pode-ser-um-problema-veja-opinioes-e-dicas-para-uma-relacao-equilibrada.htm\" target=\"_blank\" rel=\"noreferrer noopener\">desenvolvimento<\/a> saud\u00e1vel das crian\u00e7as, mas isso n\u00e3o significa que os pais devam ser distantes. \u00c9 poss\u00edvel manter uma rela\u00e7\u00e3o pr\u00f3xima e afetuosa, desde que os pap\u00e9is estejam bem definidos. O di\u00e1logo aberto e a compreens\u00e3o s\u00e3o ferramentas essenciais para criar um ambiente de confian\u00e7a e respeito m\u00fatuo.<\/p>\n\n\n\n<p>Os pais devem ser firmes ao estabelecer regras, mas tamb\u00e9m devem estar abertos a ouvir e entender as necessidades e sentimentos dos filhos. Isso cria um equil\u00edbrio saud\u00e1vel, onde as crian\u00e7as se sentem seguras e apoiadas, mas tamb\u00e9m sabem que h\u00e1 limites que devem ser respeitados.<\/p>\n\n\n\n<h2 class=\"wp-block-heading\">Qual \u00e9 a import\u00e2ncia do apoio emocional constante?<\/h2>\n\n\n\n<p>O apoio emocional constante \u00e9 um dos pilares da parentalidade eficaz. As crian\u00e7as precisam saber que podem contar com os pais em momentos de dificuldade, o que fortalece o v\u00ednculo e promove um desenvolvimento emocional saud\u00e1vel. Esse apoio deve ser oferecido de forma consistente, sem sobrecarregar as crian\u00e7as com responsabilidades emocionais que n\u00e3o s\u00e3o delas.<\/p>\n\n\n\n<p>Os pais devem estar presentes para guiar e aconselhar, mas tamb\u00e9m devem permitir que as crian\u00e7as experimentem e aprendam com suas pr\u00f3prias experi\u00eancias. Isso ajuda a desenvolver a autonomia e a resili\u00eancia, preparando-as para enfrentar os desafios da vida adulta.<\/p>\n\n\n\n<h2 class=\"wp-block-heading\">Como os valores s\u00f3lidos influenciam o desenvolvimento das crian\u00e7as?<\/h2>\n\n\n\n<p>Inculcar valores s\u00f3lidos \u00e9 essencial para o desenvolvimento moral e \u00e9tico das crian\u00e7as. Esses valores servem como um guia para o comportamento e as decis\u00f5es ao longo da vida. Os pais desempenham um papel crucial ao transmitir esses valores, que devem ser refor\u00e7ados por meio de exemplos e pr\u00e1ticas di\u00e1rias.<\/p>\n\n\n\n<p>Valores como respeito, honestidade e responsabilidade ajudam as crian\u00e7as a desenvolver um senso de integridade e a construir relacionamentos saud\u00e1veis. Quando os pais vivem de acordo com esses valores, eles se tornam modelos a serem seguidos, influenciando positivamente o comportamento e as escolhas dos filhos.<\/p>\n","protected":false},"excerpt":{"rendered":"<p>A cria\u00e7\u00e3o dos filhos \u00e9 um tema que gera debates constantes, especialmente no que diz respeito ao papel que os pais devem desempenhar. Historicamente, as abordagens sobre parentalidade evolu\u00edram, adaptando-se \u00e0s mudan\u00e7as sociais e culturais. O que antes era considerado adequado pode, hoje, ser visto como ineficaz ou at\u00e9 prejudicial. Um ponto central dessa discuss\u00e3o [&hellip;]<\/p>\n","protected":false},"author":15,"featured_media":50421,"comment_status":"open","ping_status":"open","sticky":false,"template":"","format":"standard","meta":{"jnews-multi-image_gallery":[],"jnews_single_post":{"format":"standard"},"jnews_primary_category":[],"jnews_social_meta":[],"jnews_override_counter":[],"footnotes":""},"categories":[8819],"tags":[1473,6746,500,1060],"class_list":["post-50419","post","type-post","status-publish","format-standard","has-post-thumbnail","hentry","category-curiosidades","tag-criancas","tag-desenvolvimento-infantil","tag-educacao","tag-emocoes"],"yoast_head":"<!-- This site is optimized with the Yoast SEO plugin v23.8 - https:\/\/yoast.com\/wordpress\/plugins\/seo\/ -->\n<title>Pais ou amigos? A escolha que molda o futuro emocional das crian\u00e7as - Estado de Minas - Em foco<\/title>\n<meta name=\"description\" content=\"Por que ser apenas amigo do seu filho pode atrapalhar seu desenvolvimento? Descubra o que dizem os especialistas.\" \/>\n<meta name=\"robots\" content=\"index, follow, max-snippet:-1, max-image-preview:large, max-video-preview:-1\" \/>\n<link rel=\"canonical\" href=\"https:\/\/www.em.com.br\/emfoco\/2025\/05\/25\/pais-ou-amigos-a-escolha-que-molda-o-futuro-emocional-das-criancas\/\" \/>\n<meta property=\"og:locale\" content=\"pt_BR\" \/>\n<meta property=\"og:type\" content=\"article\" \/>\n<meta property=\"og:title\" content=\"Pais ou amigos? A escolha que molda o futuro emocional das crian\u00e7as - Estado de Minas - Em foco\" \/>\n<meta property=\"og:description\" content=\"Por que ser apenas amigo do seu filho pode atrapalhar seu desenvolvimento? Descubra o que dizem os especialistas.\" \/>\n<meta property=\"og:url\" content=\"https:\/\/www.em.com.br\/emfoco\/2025\/05\/25\/pais-ou-amigos-a-escolha-que-molda-o-futuro-emocional-das-criancas\/\" \/>\n<meta property=\"og:site_name\" content=\"Estado de Minas - Em foco\" \/>\n<meta property=\"article:published_time\" content=\"2025-05-25T14:10:05+00:00\" \/>\n<meta property=\"article:modified_time\" content=\"2025-05-24T21:17:43+00:00\" \/>\n<meta property=\"og:image\" content=\"https:\/\/www.em.com.br\/emfoco\/wp-content\/uploads\/2025\/05\/pai-e-filho_1748005193252.jpg\" \/>\n\t<meta property=\"og:image:width\" content=\"1280\" \/>\n\t<meta property=\"og:image:height\" content=\"720\" \/>\n\t<meta property=\"og:image:type\" content=\"image\/jpeg\" \/>\n<meta name=\"author\" content=\"Douglas Myth\" \/>\n<meta name=\"twitter:card\" content=\"summary_large_image\" \/>\n<meta name=\"twitter:label1\" content=\"Escrito por\" \/>\n\t<meta name=\"twitter:data1\" content=\"Douglas Myth\" \/>\n\t<meta name=\"twitter:label2\" content=\"Est. tempo de leitura\" \/>\n\t<meta name=\"twitter:data2\" content=\"5 minutos\" \/>\n<!-- \/ Yoast SEO plugin. -->","yoast_head_json":{"title":"Pais ou amigos? A escolha que molda o futuro emocional das crian\u00e7as - Estado de Minas - Em foco","description":"Por que ser apenas amigo do seu filho pode atrapalhar seu desenvolvimento? Descubra o que dizem os especialistas.","robots":{"index":"index","follow":"follow","max-snippet":"max-snippet:-1","max-image-preview":"max-image-preview:large","max-video-preview":"max-video-preview:-1"},"canonical":"https:\/\/www.em.com.br\/emfoco\/2025\/05\/25\/pais-ou-amigos-a-escolha-que-molda-o-futuro-emocional-das-criancas\/","og_locale":"pt_BR","og_type":"article","og_title":"Pais ou amigos? A escolha que molda o futuro emocional das crian\u00e7as - Estado de Minas - Em foco","og_description":"Por que ser apenas amigo do seu filho pode atrapalhar seu desenvolvimento? Descubra o que dizem os especialistas.","og_url":"https:\/\/www.em.com.br\/emfoco\/2025\/05\/25\/pais-ou-amigos-a-escolha-que-molda-o-futuro-emocional-das-criancas\/","og_site_name":"Estado de Minas - Em foco","article_published_time":"2025-05-25T14:10:05+00:00","article_modified_time":"2025-05-24T21:17:43+00:00","og_image":[{"width":1280,"height":720,"url":"https:\/\/www.em.com.br\/emfoco\/wp-content\/uploads\/2025\/05\/pai-e-filho_1748005193252.jpg","type":"image\/jpeg"}],"author":"Douglas Myth","twitter_card":"summary_large_image","twitter_misc":{"Escrito por":"Douglas Myth","Est. tempo de leitura":"5 minutos"},"schema":{"@context":"https:\/\/schema.org","@graph":[{"@type":"WebPage","@id":"https:\/\/www.em.com.br\/emfoco\/2025\/05\/25\/pais-ou-amigos-a-escolha-que-molda-o-futuro-emocional-das-criancas\/","url":"https:\/\/www.em.com.br\/emfoco\/2025\/05\/25\/pais-ou-amigos-a-escolha-que-molda-o-futuro-emocional-das-criancas\/","name":"Pais ou amigos? A escolha que molda o futuro emocional das crian\u00e7as - Estado de Minas - Em foco","isPartOf":{"@id":"https:\/\/www.em.com.br\/emfoco\/#website"},"primaryImageOfPage":{"@id":"https:\/\/www.em.com.br\/emfoco\/2025\/05\/25\/pais-ou-amigos-a-escolha-que-molda-o-futuro-emocional-das-criancas\/#primaryimage"},"image":{"@id":"https:\/\/www.em.com.br\/emfoco\/2025\/05\/25\/pais-ou-amigos-a-escolha-que-molda-o-futuro-emocional-das-criancas\/#primaryimage"},"thumbnailUrl":"https:\/\/www.em.com.br\/emfoco\/wp-content\/uploads\/2025\/05\/pai-e-filho_1748005193252.jpg","datePublished":"2025-05-25T14:10:05+00:00","dateModified":"2025-05-24T21:17:43+00:00","author":{"@id":"https:\/\/www.em.com.br\/emfoco\/#\/schema\/person\/bba594b7eebe9b9885fec3a5c7837089"},"description":"Por que ser apenas amigo do seu filho pode atrapalhar seu desenvolvimento? Descubra o que dizem os especialistas.","breadcrumb":{"@id":"https:\/\/www.em.com.br\/emfoco\/2025\/05\/25\/pais-ou-amigos-a-escolha-que-molda-o-futuro-emocional-das-criancas\/#breadcrumb"},"inLanguage":"pt-BR","potentialAction":[{"@type":"ReadAction","target":["https:\/\/www.em.com.br\/emfoco\/2025\/05\/25\/pais-ou-amigos-a-escolha-que-molda-o-futuro-emocional-das-criancas\/"]}]},{"@type":"ImageObject","inLanguage":"pt-BR","@id":"https:\/\/www.em.com.br\/emfoco\/2025\/05\/25\/pais-ou-amigos-a-escolha-que-molda-o-futuro-emocional-das-criancas\/#primaryimage","url":"https:\/\/www.em.com.br\/emfoco\/wp-content\/uploads\/2025\/05\/pai-e-filho_1748005193252.jpg","contentUrl":"https:\/\/www.em.com.br\/emfoco\/wp-content\/uploads\/2025\/05\/pai-e-filho_1748005193252.jpg","width":1280,"height":720,"caption":"Pai e filho - Cr\u00e9ditos: depositphotos.com \/ SashaKhalabuzar"},{"@type":"BreadcrumbList","@id":"https:\/\/www.em.com.br\/emfoco\/2025\/05\/25\/pais-ou-amigos-a-escolha-que-molda-o-futuro-emocional-das-criancas\/#breadcrumb","itemListElement":[{"@type":"ListItem","position":1,"name":"In\u00edcio","item":"https:\/\/www.em.com.br\/emfoco\/"},{"@type":"ListItem","position":2,"name":"Pais ou amigos? A escolha que molda o futuro emocional das crian\u00e7as"}]},{"@type":"WebSite","@id":"https:\/\/www.em.com.br\/emfoco\/#website","url":"https:\/\/www.em.com.br\/emfoco\/","name":"Estado de Minas - Em foco","description":"Acompanhe as \u00faltimas not\u00edcias e fique bem informado sobre tudo o que acontece em Minas Gerais, Brasil e no mundo.","potentialAction":[{"@type":"SearchAction","target":{"@type":"EntryPoint","urlTemplate":"https:\/\/www.em.com.br\/emfoco\/?s={search_term_string}"},"query-input":{"@type":"PropertyValueSpecification","valueRequired":true,"valueName":"search_term_string"}}],"inLanguage":"pt-BR"},{"@type":"Person","@id":"https:\/\/www.em.com.br\/emfoco\/#\/schema\/person\/bba594b7eebe9b9885fec3a5c7837089","name":"Douglas Myth","image":{"@type":"ImageObject","inLanguage":"pt-BR","@id":"https:\/\/www.em.com.br\/emfoco\/#\/schema\/person\/image\/","url":"https:\/\/secure.gravatar.com\/avatar\/1ac3cf50d0e68642c697dc0c960c802f?s=96&d=mm&r=g","contentUrl":"https:\/\/secure.gravatar.com\/avatar\/1ac3cf50d0e68642c697dc0c960c802f?s=96&d=mm&r=g","caption":"Douglas Myth"},"url":"https:\/\/www.em.com.br\/emfoco\/author\/douglasmyth\/"}]}},"_links":{"self":[{"href":"https:\/\/www.em.com.br\/emfoco\/wp-json\/wp\/v2\/posts\/50419","targetHints":{"allow":["GET"]}}],"collection":[{"href":"https:\/\/www.em.com.br\/emfoco\/wp-json\/wp\/v2\/posts"}],"about":[{"href":"https:\/\/www.em.com.br\/emfoco\/wp-json\/wp\/v2\/types\/post"}],"author":[{"embeddable":true,"href":"https:\/\/www.em.com.br\/emfoco\/wp-json\/wp\/v2\/users\/15"}],"replies":[{"embeddable":true,"href":"https:\/\/www.em.com.br\/emfoco\/wp-json\/wp\/v2\/comments?post=50419"}],"version-history":[{"count":2,"href":"https:\/\/www.em.com.br\/emfoco\/wp-json\/wp\/v2\/posts\/50419\/revisions"}],"predecessor-version":[{"id":50431,"href":"https:\/\/www.em.com.br\/emfoco\/wp-json\/wp\/v2\/posts\/50419\/revisions\/50431"}],"wp:featuredmedia":[{"embeddable":true,"href":"https:\/\/www.em.com.br\/emfoco\/wp-json\/wp\/v2\/media\/50421"}],"wp:attachment":[{"href":"https:\/\/www.em.com.br\/emfoco\/wp-json\/wp\/v2\/media?parent=50419"}],"wp:term":[{"taxonomy":"category","embeddable":true,"href":"https:\/\/www.em.com.br\/emfoco\/wp-json\/wp\/v2\/categories?post=50419"},{"taxonomy":"post_tag","embeddable":true,"href":"https:\/\/www.em.com.br\/emfoco\/wp-json\/wp\/v2\/tags?post=50419"}],"curies":[{"name":"wp","href":"https:\/\/api.w.org\/{rel}","templated":true}]}}