{"id":50175,"date":"2025-05-26T18:00:00","date_gmt":"2025-05-26T21:00:00","guid":{"rendered":"https:\/\/www.em.com.br\/emfoco\/?p=50175"},"modified":"2025-05-25T12:18:20","modified_gmt":"2025-05-25T15:18:20","slug":"como-as-carnes-brancas-transformam-sua-alimentacao-em-algo-mais-saudavel-e-balanceado","status":"publish","type":"post","link":"https:\/\/www.em.com.br\/emfoco\/2025\/05\/26\/como-as-carnes-brancas-transformam-sua-alimentacao-em-algo-mais-saudavel-e-balanceado\/","title":{"rendered":"Como as carnes brancas transformam sua alimenta\u00e7\u00e3o em algo mais saud\u00e1vel e balanceado"},"content":{"rendered":"\n<p>As carnes brancas, como <strong>frango<\/strong>, <strong>peru <\/strong>e <strong>peixe<\/strong>, s\u00e3o frequentemente recomendadas por nutricionistas devido ao seu perfil nutricional favor\u00e1vel. Elas s\u00e3o conhecidas por serem fontes ricas em prote\u00ednas magras, essenciais para a constru\u00e7\u00e3o e repara\u00e7\u00e3o dos tecidos do corpo. Al\u00e9m disso, <strong>essas carnes possuem menos gordura saturada em compara\u00e7\u00e3o com as carnes vermelhas<\/strong>, o que as torna uma escolha mais saud\u00e1vel para o cora\u00e7\u00e3o.<\/p>\n\n\n\n<p>Outro benef\u00edcio significativo das carnes brancas \u00e9 o seu conte\u00fado de <strong>vitaminas <\/strong>e <strong>minerais<\/strong>. Elas s\u00e3o ricas em vitaminas do <strong>complexo B<\/strong>, como a <strong>niacina <\/strong>e a <a href=\"https:\/\/www.tuasaude.com\/funcao-da-vitamina-b6-piridoxina\/\" target=\"_blank\" rel=\"noreferrer noopener\"><strong>vitamina B6<\/strong>,<\/a> que desempenham pap\u00e9is cruciais no metabolismo energ\u00e9tico. Al\u00e9m disso, o peixe, em particular, \u00e9 uma excelente fonte de <strong>\u00e1cidos graxos \u00f4mega-3<\/strong>, conhecidos por seus efeitos positivos na <strong>sa\u00fade cardiovascular<\/strong> e na <strong>fun\u00e7\u00e3o cerebral<\/strong>.<\/p>\n\n\n\n<h2 class=\"wp-block-heading\">Quais s\u00e3o os benef\u00edcios das carnes brancas para a sa\u00fade?<\/h2>\n\n\n\n<p>As carnes brancas oferecem uma variedade de benef\u00edcios para a sa\u00fade que v\u00e3o al\u00e9m do simples fornecimento de <strong>prote\u00ednas<\/strong>. Primeiramente, o consumo regular de carnes brancas pode ajudar a manter um peso saud\u00e1vel. Isso se deve ao fato de que essas carnes s\u00e3o geralmente <strong>menos cal\u00f3ricas e cont\u00eam menos gordura saturada<\/strong>, o que pode ajudar a controlar os n\u00edveis de colesterol no sangue.<\/p>\n\n\n\n<p>Al\u00e9m disso, as carnes brancas s\u00e3o uma excelente fonte de <strong>sel\u00eanio<\/strong>, um mineral que desempenha um <strong>papel vital na fun\u00e7\u00e3o imunol\u00f3gica e na prote\u00e7\u00e3o contra o estresse oxidativo<\/strong>. O sel\u00eanio tamb\u00e9m \u00e9 importante para a sa\u00fade da tireoide, ajudando a regular o <strong>metabolismo<\/strong>. O consumo de peixe, em particular, tem sido associado a uma redu\u00e7\u00e3o no risco de doen\u00e7as cr\u00f4nicas, como doen\u00e7as card\u00edacas e derrames, devido ao seu alto teor de \u00f4mega-3.<\/p>\n\n\n\n<figure class=\"wp-block-image size-large\"><img loading=\"lazy\" decoding=\"async\" width=\"1024\" height=\"576\" src=\"https:\/\/www.em.com.br\/emfoco\/wp-content\/uploads\/2025\/05\/fish-meat_1747925539288-1024x576.jpg\" alt=\"Por que escolher carnes brancas para uma alimenta\u00e7\u00e3o mais saud\u00e1vel e equilibrada\" class=\"wp-image-50196\" srcset=\"https:\/\/www.em.com.br\/emfoco\/wp-content\/uploads\/2025\/05\/fish-meat_1747925539288-1024x576.jpg 1024w, https:\/\/www.em.com.br\/emfoco\/wp-content\/uploads\/2025\/05\/fish-meat_1747925539288-300x169.jpg 300w, https:\/\/www.em.com.br\/emfoco\/wp-content\/uploads\/2025\/05\/fish-meat_1747925539288-768x432.jpg 768w, https:\/\/www.em.com.br\/emfoco\/wp-content\/uploads\/2025\/05\/fish-meat_1747925539288-750x422.jpg 750w, https:\/\/www.em.com.br\/emfoco\/wp-content\/uploads\/2025\/05\/fish-meat_1747925539288-1140x641.jpg 1140w, https:\/\/www.em.com.br\/emfoco\/wp-content\/uploads\/2025\/05\/fish-meat_1747925539288.jpg 1280w\" sizes=\"auto, (max-width: 1024px) 100vw, 1024px\" \/><figcaption class=\"wp-element-caption\">Carne de peixe &#8211; Cr\u00e9ditos: depositphotos.com \/ AntonMatyukha<\/figcaption><\/figure>\n\n\n\n<h2 class=\"wp-block-heading\">Como preparar uma receita saud\u00e1vel com carnes brancas?<\/h2>\n\n\n\n<p>Uma receita saud\u00e1vel e saborosa que utiliza carne branca \u00e9 o <strong>frango grelhado com <a href=\"https:\/\/www.em.com.br\/emfoco\/2025\/04\/29\/conheca-os-5-legumes-que-crescem-na-agua-sem-precisar-de-terra\/\" target=\"_blank\" rel=\"noreferrer noopener\">legumes <\/a>assados<\/strong>. Esta refei\u00e7\u00e3o \u00e9 rica em nutrientes e f\u00e1cil de preparar, tornando-se uma excelente op\u00e7\u00e3o para quem busca uma alimenta\u00e7\u00e3o equilibrada.<\/p>\n\n\n\n<ol class=\"wp-block-list\">\n<li><strong>Ingredientes:<\/strong>\n<ul class=\"wp-block-list\">\n<li>2 peitos de frango sem pele<\/li>\n\n\n\n<li>1 abobrinha m\u00e9dia, cortada em rodelas<\/li>\n\n\n\n<li>1 piment\u00e3o vermelho, cortado em tiras<\/li>\n\n\n\n<li>1 cebola roxa, cortada em fatias<\/li>\n\n\n\n<li>2 colheres de sopa de azeite de oliva<\/li>\n\n\n\n<li>Sal e pimenta a gosto<\/li>\n\n\n\n<li>Ervas frescas, como tomilho ou alecrim, a gosto<\/li>\n<\/ul>\n<\/li>\n\n\n\n<li><strong>Modo de preparo:<\/strong>\n<ol class=\"wp-block-list\">\n<li>Pr\u00e9-aque\u00e7a o forno a 200\u00b0C.<\/li>\n\n\n\n<li>Tempere os peitos de frango com sal, pimenta e ervas frescas.<\/li>\n\n\n\n<li>Em uma assadeira, misture a abobrinha, o piment\u00e3o e a cebola com azeite, sal e pimenta.<\/li>\n\n\n\n<li>Coloque os peitos de frango sobre os legumes na assadeira.<\/li>\n\n\n\n<li>Asse por cerca de 25-30 minutos, ou at\u00e9 que o frango esteja completamente cozido e os legumes estejam macios.<\/li>\n\n\n\n<li>Sirva quente e aproveite uma refei\u00e7\u00e3o nutritiva e deliciosa.<\/li>\n<\/ol>\n<\/li>\n<\/ol>\n\n\n\n<h2 class=\"wp-block-heading\">Por que escolher carnes brancas em vez de carnes vermelhas?<\/h2>\n\n\n\n<p>Optar por carnes brancas em vez de carnes vermelhas pode trazer diversos benef\u00edcios \u00e0 sa\u00fade. As carnes brancas, como mencionado anteriormente, cont\u00eam menos gordura saturada, o que pode ajudar a reduzir o risco de doen\u00e7as cardiovasculares. Al\u00e9m disso, o consumo excessivo de carnes vermelhas tem sido associado a um aumento no risco de certos tipos de c\u00e2ncer, como o <strong>c\u00e2ncer colorretal<\/strong>.<\/p>\n\n\n\n<p>As carnes brancas tamb\u00e9m s\u00e3o mais vers\u00e1teis na culin\u00e1ria, permitindo uma variedade de prepara\u00e7\u00f5es saud\u00e1veis e saborosas. Elas podem ser grelhadas, assadas ou cozidas, mantendo o sabor e os nutrientes. Portanto, incorporar carnes brancas na dieta pode ser uma maneira eficaz de melhorar a sa\u00fade geral e promover um estilo de vida equilibrado.<\/p>\n","protected":false},"excerpt":{"rendered":"<p>As carnes brancas, como frango, peru e peixe, s\u00e3o frequentemente recomendadas por nutricionistas devido ao seu perfil nutricional favor\u00e1vel. Elas s\u00e3o conhecidas por serem fontes ricas em prote\u00ednas magras, essenciais para a constru\u00e7\u00e3o e repara\u00e7\u00e3o dos tecidos do corpo. Al\u00e9m disso, essas carnes possuem menos gordura saturada em compara\u00e7\u00e3o com as carnes vermelhas, o que [&hellip;]<\/p>\n","protected":false},"author":13,"featured_media":50195,"comment_status":"open","ping_status":"open","sticky":false,"template":"","format":"standard","meta":{"jnews-multi-image_gallery":[],"jnews_single_post":{"format":"standard"},"jnews_primary_category":[],"jnews_social_meta":[],"jnews_override_counter":[],"footnotes":""},"categories":[8691],"tags":[9046,3561,3509,415],"class_list":["post-50175","post","type-post","status-publish","format-standard","has-post-thumbnail","hentry","category-bem-estar","tag-carne-branca","tag-frango","tag-nutricao","tag-saude"],"yoast_head":"<!-- This site is optimized with the Yoast SEO plugin v23.8 - https:\/\/yoast.com\/wordpress\/plugins\/seo\/ -->\n<title>Como as carnes brancas transformam sua alimenta\u00e7\u00e3o em algo mais saud\u00e1vel e balanceado - Estado de Minas - Em foco<\/title>\n<meta name=\"description\" content=\"Carnes brancas oferecem prote\u00ednas magras, vitaminas e \u00f4mega-3 para sa\u00fade e bem-estar. Aprenda a preparar receitas f\u00e1ceis.\" \/>\n<meta name=\"robots\" content=\"index, follow, max-snippet:-1, max-image-preview:large, max-video-preview:-1\" \/>\n<link rel=\"canonical\" href=\"https:\/\/www.em.com.br\/emfoco\/2025\/05\/26\/como-as-carnes-brancas-transformam-sua-alimentacao-em-algo-mais-saudavel-e-balanceado\/\" \/>\n<meta property=\"og:locale\" content=\"pt_BR\" \/>\n<meta property=\"og:type\" content=\"article\" \/>\n<meta property=\"og:title\" content=\"Como as carnes brancas transformam sua alimenta\u00e7\u00e3o em algo mais saud\u00e1vel e balanceado - Estado de Minas - Em foco\" \/>\n<meta property=\"og:description\" content=\"Carnes brancas oferecem prote\u00ednas magras, vitaminas e \u00f4mega-3 para sa\u00fade e bem-estar. Aprenda a preparar receitas f\u00e1ceis.\" \/>\n<meta property=\"og:url\" content=\"https:\/\/www.em.com.br\/emfoco\/2025\/05\/26\/como-as-carnes-brancas-transformam-sua-alimentacao-em-algo-mais-saudavel-e-balanceado\/\" \/>\n<meta property=\"og:site_name\" content=\"Estado de Minas - Em foco\" \/>\n<meta property=\"article:published_time\" content=\"2025-05-26T21:00:00+00:00\" \/>\n<meta property=\"article:modified_time\" content=\"2025-05-25T15:18:20+00:00\" \/>\n<meta property=\"og:image\" content=\"https:\/\/www.em.com.br\/emfoco\/wp-content\/uploads\/2025\/05\/white-meat_1747925482874.jpg\" \/>\n\t<meta property=\"og:image:width\" content=\"1280\" \/>\n\t<meta property=\"og:image:height\" content=\"720\" \/>\n\t<meta property=\"og:image:type\" content=\"image\/jpeg\" \/>\n<meta name=\"author\" content=\"Gabriel Martins\" \/>\n<meta name=\"twitter:card\" content=\"summary_large_image\" \/>\n<meta name=\"twitter:label1\" content=\"Escrito por\" \/>\n\t<meta name=\"twitter:data1\" content=\"Gabriel Martins\" \/>\n\t<meta name=\"twitter:label2\" content=\"Est. tempo de leitura\" \/>\n\t<meta name=\"twitter:data2\" content=\"4 minutos\" \/>\n<!-- \/ Yoast SEO plugin. -->","yoast_head_json":{"title":"Como as carnes brancas transformam sua alimenta\u00e7\u00e3o em algo mais saud\u00e1vel e balanceado - Estado de Minas - Em foco","description":"Carnes brancas oferecem prote\u00ednas magras, vitaminas e \u00f4mega-3 para sa\u00fade e bem-estar. Aprenda a preparar receitas f\u00e1ceis.","robots":{"index":"index","follow":"follow","max-snippet":"max-snippet:-1","max-image-preview":"max-image-preview:large","max-video-preview":"max-video-preview:-1"},"canonical":"https:\/\/www.em.com.br\/emfoco\/2025\/05\/26\/como-as-carnes-brancas-transformam-sua-alimentacao-em-algo-mais-saudavel-e-balanceado\/","og_locale":"pt_BR","og_type":"article","og_title":"Como as carnes brancas transformam sua alimenta\u00e7\u00e3o em algo mais saud\u00e1vel e balanceado - Estado de Minas - Em foco","og_description":"Carnes brancas oferecem prote\u00ednas magras, vitaminas e \u00f4mega-3 para sa\u00fade e bem-estar. Aprenda a preparar receitas f\u00e1ceis.","og_url":"https:\/\/www.em.com.br\/emfoco\/2025\/05\/26\/como-as-carnes-brancas-transformam-sua-alimentacao-em-algo-mais-saudavel-e-balanceado\/","og_site_name":"Estado de Minas - Em foco","article_published_time":"2025-05-26T21:00:00+00:00","article_modified_time":"2025-05-25T15:18:20+00:00","og_image":[{"width":1280,"height":720,"url":"https:\/\/www.em.com.br\/emfoco\/wp-content\/uploads\/2025\/05\/white-meat_1747925482874.jpg","type":"image\/jpeg"}],"author":"Gabriel Martins","twitter_card":"summary_large_image","twitter_misc":{"Escrito por":"Gabriel Martins","Est. tempo de leitura":"4 minutos"},"schema":{"@context":"https:\/\/schema.org","@graph":[{"@type":"WebPage","@id":"https:\/\/www.em.com.br\/emfoco\/2025\/05\/26\/como-as-carnes-brancas-transformam-sua-alimentacao-em-algo-mais-saudavel-e-balanceado\/","url":"https:\/\/www.em.com.br\/emfoco\/2025\/05\/26\/como-as-carnes-brancas-transformam-sua-alimentacao-em-algo-mais-saudavel-e-balanceado\/","name":"Como as carnes brancas transformam sua alimenta\u00e7\u00e3o em algo mais saud\u00e1vel e balanceado - Estado de Minas - Em foco","isPartOf":{"@id":"https:\/\/www.em.com.br\/emfoco\/#website"},"primaryImageOfPage":{"@id":"https:\/\/www.em.com.br\/emfoco\/2025\/05\/26\/como-as-carnes-brancas-transformam-sua-alimentacao-em-algo-mais-saudavel-e-balanceado\/#primaryimage"},"image":{"@id":"https:\/\/www.em.com.br\/emfoco\/2025\/05\/26\/como-as-carnes-brancas-transformam-sua-alimentacao-em-algo-mais-saudavel-e-balanceado\/#primaryimage"},"thumbnailUrl":"https:\/\/www.em.com.br\/emfoco\/wp-content\/uploads\/2025\/05\/white-meat_1747925482874.jpg","datePublished":"2025-05-26T21:00:00+00:00","dateModified":"2025-05-25T15:18:20+00:00","author":{"@id":"https:\/\/www.em.com.br\/emfoco\/#\/schema\/person\/1c9ddeab18b98abeffef834667bcf08a"},"description":"Carnes brancas oferecem prote\u00ednas magras, vitaminas e \u00f4mega-3 para sa\u00fade e bem-estar. Aprenda a preparar receitas f\u00e1ceis.","breadcrumb":{"@id":"https:\/\/www.em.com.br\/emfoco\/2025\/05\/26\/como-as-carnes-brancas-transformam-sua-alimentacao-em-algo-mais-saudavel-e-balanceado\/#breadcrumb"},"inLanguage":"pt-BR","potentialAction":[{"@type":"ReadAction","target":["https:\/\/www.em.com.br\/emfoco\/2025\/05\/26\/como-as-carnes-brancas-transformam-sua-alimentacao-em-algo-mais-saudavel-e-balanceado\/"]}]},{"@type":"ImageObject","inLanguage":"pt-BR","@id":"https:\/\/www.em.com.br\/emfoco\/2025\/05\/26\/como-as-carnes-brancas-transformam-sua-alimentacao-em-algo-mais-saudavel-e-balanceado\/#primaryimage","url":"https:\/\/www.em.com.br\/emfoco\/wp-content\/uploads\/2025\/05\/white-meat_1747925482874.jpg","contentUrl":"https:\/\/www.em.com.br\/emfoco\/wp-content\/uploads\/2025\/05\/white-meat_1747925482874.jpg","width":1280,"height":720,"caption":"Peito de frango - Cr\u00e9ditos: depositphotos.com \/ ajafoto"},{"@type":"BreadcrumbList","@id":"https:\/\/www.em.com.br\/emfoco\/2025\/05\/26\/como-as-carnes-brancas-transformam-sua-alimentacao-em-algo-mais-saudavel-e-balanceado\/#breadcrumb","itemListElement":[{"@type":"ListItem","position":1,"name":"In\u00edcio","item":"https:\/\/www.em.com.br\/emfoco\/"},{"@type":"ListItem","position":2,"name":"Como as carnes brancas transformam sua alimenta\u00e7\u00e3o em algo mais saud\u00e1vel e balanceado"}]},{"@type":"WebSite","@id":"https:\/\/www.em.com.br\/emfoco\/#website","url":"https:\/\/www.em.com.br\/emfoco\/","name":"Estado de Minas - Em foco","description":"Acompanhe as \u00faltimas not\u00edcias e fique bem informado sobre tudo o que acontece em Minas Gerais, Brasil e no mundo.","potentialAction":[{"@type":"SearchAction","target":{"@type":"EntryPoint","urlTemplate":"https:\/\/www.em.com.br\/emfoco\/?s={search_term_string}"},"query-input":{"@type":"PropertyValueSpecification","valueRequired":true,"valueName":"search_term_string"}}],"inLanguage":"pt-BR"},{"@type":"Person","@id":"https:\/\/www.em.com.br\/emfoco\/#\/schema\/person\/1c9ddeab18b98abeffef834667bcf08a","name":"Gabriel Martins","image":{"@type":"ImageObject","inLanguage":"pt-BR","@id":"https:\/\/www.em.com.br\/emfoco\/#\/schema\/person\/image\/","url":"https:\/\/secure.gravatar.com\/avatar\/f0f1e2efdfd88f1ad2cb08c5c2731e50?s=96&d=mm&r=g","contentUrl":"https:\/\/secure.gravatar.com\/avatar\/f0f1e2efdfd88f1ad2cb08c5c2731e50?s=96&d=mm&r=g","caption":"Gabriel Martins"},"sameAs":["https:\/\/www.em.com.br\/emfoco\/"],"url":"https:\/\/www.em.com.br\/emfoco\/author\/gabrielmartinsmyth\/"}]}},"_links":{"self":[{"href":"https:\/\/www.em.com.br\/emfoco\/wp-json\/wp\/v2\/posts\/50175","targetHints":{"allow":["GET"]}}],"collection":[{"href":"https:\/\/www.em.com.br\/emfoco\/wp-json\/wp\/v2\/posts"}],"about":[{"href":"https:\/\/www.em.com.br\/emfoco\/wp-json\/wp\/v2\/types\/post"}],"author":[{"embeddable":true,"href":"https:\/\/www.em.com.br\/emfoco\/wp-json\/wp\/v2\/users\/13"}],"replies":[{"embeddable":true,"href":"https:\/\/www.em.com.br\/emfoco\/wp-json\/wp\/v2\/comments?post=50175"}],"version-history":[{"count":2,"href":"https:\/\/www.em.com.br\/emfoco\/wp-json\/wp\/v2\/posts\/50175\/revisions"}],"predecessor-version":[{"id":50205,"href":"https:\/\/www.em.com.br\/emfoco\/wp-json\/wp\/v2\/posts\/50175\/revisions\/50205"}],"wp:featuredmedia":[{"embeddable":true,"href":"https:\/\/www.em.com.br\/emfoco\/wp-json\/wp\/v2\/media\/50195"}],"wp:attachment":[{"href":"https:\/\/www.em.com.br\/emfoco\/wp-json\/wp\/v2\/media?parent=50175"}],"wp:term":[{"taxonomy":"category","embeddable":true,"href":"https:\/\/www.em.com.br\/emfoco\/wp-json\/wp\/v2\/categories?post=50175"},{"taxonomy":"post_tag","embeddable":true,"href":"https:\/\/www.em.com.br\/emfoco\/wp-json\/wp\/v2\/tags?post=50175"}],"curies":[{"name":"wp","href":"https:\/\/api.w.org\/{rel}","templated":true}]}}