{"id":49868,"date":"2025-05-22T15:00:32","date_gmt":"2025-05-22T18:00:32","guid":{"rendered":"https:\/\/www.em.com.br\/emfoco\/?p=49868"},"modified":"2025-05-22T15:00:33","modified_gmt":"2025-05-22T18:00:33","slug":"o-silencio-do-seu-cao-pode-esconder-um-pedido-de-socorro","status":"publish","type":"post","link":"https:\/\/www.em.com.br\/emfoco\/2025\/05\/22\/o-silencio-do-seu-cao-pode-esconder-um-pedido-de-socorro\/","title":{"rendered":"O sil\u00eancio do seu c\u00e3o pode esconder um pedido de socorro"},"content":{"rendered":"\n<p>Os <strong>c\u00e3es <\/strong>s\u00e3o conhecidos por sua lealdade e afeto incondicional, mas muitas vezes eles podem n\u00e3o receber a aten\u00e7\u00e3o necess\u00e1ria de seus tutores. \u00c9 crucial estar atento aos sinais que indicam que um c\u00e3o pode estar se sentindo negligenciado. Segundo especialistas, esses sinais podem ser sutis, mas s\u00e3o importantes para garantir o bem-estar do animal.<\/p>\n\n\n\n<p>Compreender o comportamento canino \u00e9 essencial para garantir que eles estejam felizes e saud\u00e1veis. Os c\u00e3es, assim como os humanos, t\u00eam necessidades emocionais e f\u00edsicas que precisam ser atendidas. A seguir, ser\u00e3o apresentados alguns sinais comuns de que um c\u00e3o pode estar precisando de mais aten\u00e7\u00e3o.<\/p>\n\n\n\n<h2 class=\"wp-block-heading\">Quais s\u00e3o os sinais de que um c\u00e3o est\u00e1 se sentindo abandonado?<\/h2>\n\n\n\n<p>Um dos sinais mais evidentes de que um c\u00e3o pode estar se sentindo abandonado \u00e9 a destrui\u00e7\u00e3o de objetos em casa. C\u00e3es que se sentem negligenciados podem come\u00e7ar a destruir m\u00f3veis, portas ou plantas. Este comportamento n\u00e3o \u00e9 apenas um inc\u00f4modo para os tutores, mas tamb\u00e9m pode ser prejudicial \u00e0 sa\u00fade do animal, pois alguns c\u00e3es podem danificar seus dentes ao roer objetos.<\/p>\n\n\n\n<p>Outro sinal comum \u00e9 quando o c\u00e3o come\u00e7a a fazer suas necessidades fora do lugar habitual. C\u00e3es bem treinados que de repente come\u00e7am a urinar ou defecar em locais inadequados podem estar manifestando ansiedade devido \u00e0 falta de aten\u00e7\u00e3o. Este comportamento pode ser um indicativo de que o c\u00e3o est\u00e1 se sentindo estressado ou ansioso.<\/p>\n\n\n\n<figure class=\"wp-block-image size-large\"><img loading=\"lazy\" decoding=\"async\" width=\"1024\" height=\"576\" src=\"https:\/\/www.em.com.br\/emfoco\/wp-content\/uploads\/2025\/05\/cachorro-silencio_1747928968659-1024x576.jpg\" alt=\"\" class=\"wp-image-50190\" srcset=\"https:\/\/www.em.com.br\/emfoco\/wp-content\/uploads\/2025\/05\/cachorro-silencio_1747928968659-1024x576.jpg 1024w, https:\/\/www.em.com.br\/emfoco\/wp-content\/uploads\/2025\/05\/cachorro-silencio_1747928968659-300x169.jpg 300w, https:\/\/www.em.com.br\/emfoco\/wp-content\/uploads\/2025\/05\/cachorro-silencio_1747928968659-768x432.jpg 768w, https:\/\/www.em.com.br\/emfoco\/wp-content\/uploads\/2025\/05\/cachorro-silencio_1747928968659-750x422.jpg 750w, https:\/\/www.em.com.br\/emfoco\/wp-content\/uploads\/2025\/05\/cachorro-silencio_1747928968659-1140x641.jpg 1140w, https:\/\/www.em.com.br\/emfoco\/wp-content\/uploads\/2025\/05\/cachorro-silencio_1747928968659.jpg 1280w\" sizes=\"auto, (max-width: 1024px) 100vw, 1024px\" \/><figcaption class=\"wp-element-caption\">Cachorro dormindo &#8211; Cr\u00e9ditos: depositphotos.com \/ AnnaBorrego<\/figcaption><\/figure>\n\n\n\n<h2 class=\"wp-block-heading\">Por que meu c\u00e3o est\u00e1 dormindo mais do que o normal?<\/h2>\n\n\n\n<p>O sono excessivo em c\u00e3es pode ser um sinal de que eles est\u00e3o se sentindo negligenciados. C\u00e3es adultos saud\u00e1veis costumam dormir cerca de 12 horas por dia. Se um c\u00e3o est\u00e1 dormindo muito mais do que isso, pode ser um indicativo de que ele n\u00e3o est\u00e1 recebendo est\u00edmulos suficientes. A falta de atividades, como brincadeiras e exerc\u00edcios, pode levar o c\u00e3o a preferir dormir para passar o tempo.<\/p>\n\n\n\n<p>Al\u00e9m disso, a depress\u00e3o canina \u00e9 uma condi\u00e7\u00e3o que pode se manifestar quando um c\u00e3o n\u00e3o recebe a aten\u00e7\u00e3o necess\u00e1ria. Assim como os humanos, os c\u00e3es podem apresentar sintomas de depress\u00e3o, como falta de interesse em atividades, mudan\u00e7as nos h\u00e1bitos alimentares e comportamento excessivamente pegajoso.<\/p>\n\n\n\n<h2 class=\"wp-block-heading\">Como posso ajudar meu c\u00e3o a se sentir mais amado?<\/h2>\n\n\n\n<p>Para garantir que um c\u00e3o se sinta amado e cuidado, \u00e9 importante dedicar tempo para brincar e interagir com ele diariamente. Atividades como passeios, jogos de busca e exerc\u00edcios s\u00e3o essenciais para o bem-estar f\u00edsico e emocional do animal. Al\u00e9m disso, oferecer aten\u00e7\u00e3o e carinho pode ajudar a fortalecer o v\u00ednculo entre o tutor e o c\u00e3o.<\/p>\n\n\n\n<p>Se um c\u00e3o apresentar sinais de depress\u00e3o ou ansiedade, \u00e9 aconselh\u00e1vel consultar um&nbsp;<strong>veterin\u00e1rio<\/strong>&nbsp;para descartar problemas de sa\u00fade e obter orienta\u00e7\u00f5es sobre como melhorar a qualidade de vida do animal. Com aten\u00e7\u00e3o e cuidado adequados, \u00e9 poss\u00edvel garantir que os c\u00e3es vivam de forma saud\u00e1vel e feliz.<\/p>\n","protected":false},"excerpt":{"rendered":"<p>Os c\u00e3es s\u00e3o conhecidos por sua lealdade e afeto incondicional, mas muitas vezes eles podem n\u00e3o receber a aten\u00e7\u00e3o necess\u00e1ria de seus tutores. \u00c9 crucial estar atento aos sinais que indicam que um c\u00e3o pode estar se sentindo negligenciado. Segundo especialistas, esses sinais podem ser sutis, mas s\u00e3o importantes para garantir o bem-estar do animal. [&hellip;]<\/p>\n","protected":false},"author":11,"featured_media":50188,"comment_status":"open","ping_status":"open","sticky":false,"template":"","format":"standard","meta":{"jnews-multi-image_gallery":[],"jnews_single_post":{"format":"standard"},"jnews_primary_category":[],"jnews_social_meta":[],"jnews_override_counter":[],"footnotes":""},"categories":[8819,1],"tags":[7332,5954,1469,4665],"class_list":["post-49868","post","type-post","status-publish","format-standard","has-post-thumbnail","hentry","category-curiosidades","category-noticias","tag-cachorro","tag-mundo-pet","tag-pet","tag-silencio"],"yoast_head":"<!-- This site is optimized with the Yoast SEO plugin v23.8 - https:\/\/yoast.com\/wordpress\/plugins\/seo\/ -->\n<title>O sil\u00eancio do seu c\u00e3o pode esconder um pedido de socorro - Estado de Minas - Em foco<\/title>\n<meta name=\"description\" content=\"C\u00e3es tamb\u00e9m sentem solid\u00e3o. Veja os principais sinais de que seu pet pode estar sofrendo emocionalmente e como ajud\u00e1-lo.\" \/>\n<meta name=\"robots\" content=\"index, follow, max-snippet:-1, max-image-preview:large, max-video-preview:-1\" \/>\n<link rel=\"canonical\" href=\"https:\/\/www.em.com.br\/emfoco\/2025\/05\/22\/o-silencio-do-seu-cao-pode-esconder-um-pedido-de-socorro\/\" \/>\n<meta property=\"og:locale\" content=\"pt_BR\" \/>\n<meta property=\"og:type\" content=\"article\" \/>\n<meta property=\"og:title\" content=\"O sil\u00eancio do seu c\u00e3o pode esconder um pedido de socorro - Estado de Minas - Em foco\" \/>\n<meta property=\"og:description\" content=\"C\u00e3es tamb\u00e9m sentem solid\u00e3o. Veja os principais sinais de que seu pet pode estar sofrendo emocionalmente e como ajud\u00e1-lo.\" \/>\n<meta property=\"og:url\" content=\"https:\/\/www.em.com.br\/emfoco\/2025\/05\/22\/o-silencio-do-seu-cao-pode-esconder-um-pedido-de-socorro\/\" \/>\n<meta property=\"og:site_name\" content=\"Estado de Minas - Em foco\" \/>\n<meta property=\"article:published_time\" content=\"2025-05-22T18:00:32+00:00\" \/>\n<meta property=\"article:modified_time\" content=\"2025-05-22T18:00:33+00:00\" \/>\n<meta property=\"og:image\" content=\"https:\/\/www.em.com.br\/emfoco\/wp-content\/uploads\/2025\/05\/cachorro-silencio_1747928931694.jpg\" \/>\n\t<meta property=\"og:image:width\" content=\"1280\" \/>\n\t<meta property=\"og:image:height\" content=\"720\" \/>\n\t<meta property=\"og:image:type\" content=\"image\/jpeg\" \/>\n<meta name=\"author\" content=\"Andre\u0301 Rangel\u00a0\" \/>\n<meta name=\"twitter:card\" content=\"summary_large_image\" \/>\n<meta name=\"twitter:label1\" content=\"Escrito por\" \/>\n\t<meta name=\"twitter:data1\" content=\"Andre\u0301 Rangel\u00a0\" \/>\n\t<meta name=\"twitter:label2\" content=\"Est. tempo de leitura\" \/>\n\t<meta name=\"twitter:data2\" content=\"4 minutos\" \/>\n<!-- \/ Yoast SEO plugin. -->","yoast_head_json":{"title":"O sil\u00eancio do seu c\u00e3o pode esconder um pedido de socorro - Estado de Minas - Em foco","description":"C\u00e3es tamb\u00e9m sentem solid\u00e3o. Veja os principais sinais de que seu pet pode estar sofrendo emocionalmente e como ajud\u00e1-lo.","robots":{"index":"index","follow":"follow","max-snippet":"max-snippet:-1","max-image-preview":"max-image-preview:large","max-video-preview":"max-video-preview:-1"},"canonical":"https:\/\/www.em.com.br\/emfoco\/2025\/05\/22\/o-silencio-do-seu-cao-pode-esconder-um-pedido-de-socorro\/","og_locale":"pt_BR","og_type":"article","og_title":"O sil\u00eancio do seu c\u00e3o pode esconder um pedido de socorro - Estado de Minas - Em foco","og_description":"C\u00e3es tamb\u00e9m sentem solid\u00e3o. Veja os principais sinais de que seu pet pode estar sofrendo emocionalmente e como ajud\u00e1-lo.","og_url":"https:\/\/www.em.com.br\/emfoco\/2025\/05\/22\/o-silencio-do-seu-cao-pode-esconder-um-pedido-de-socorro\/","og_site_name":"Estado de Minas - Em foco","article_published_time":"2025-05-22T18:00:32+00:00","article_modified_time":"2025-05-22T18:00:33+00:00","og_image":[{"width":1280,"height":720,"url":"https:\/\/www.em.com.br\/emfoco\/wp-content\/uploads\/2025\/05\/cachorro-silencio_1747928931694.jpg","type":"image\/jpeg"}],"author":"Andre\u0301 Rangel\u00a0","twitter_card":"summary_large_image","twitter_misc":{"Escrito por":"Andre\u0301 Rangel\u00a0","Est. tempo de leitura":"4 minutos"},"schema":{"@context":"https:\/\/schema.org","@graph":[{"@type":"WebPage","@id":"https:\/\/www.em.com.br\/emfoco\/2025\/05\/22\/o-silencio-do-seu-cao-pode-esconder-um-pedido-de-socorro\/","url":"https:\/\/www.em.com.br\/emfoco\/2025\/05\/22\/o-silencio-do-seu-cao-pode-esconder-um-pedido-de-socorro\/","name":"O sil\u00eancio do seu c\u00e3o pode esconder um pedido de socorro - Estado de Minas - Em foco","isPartOf":{"@id":"https:\/\/www.em.com.br\/emfoco\/#website"},"primaryImageOfPage":{"@id":"https:\/\/www.em.com.br\/emfoco\/2025\/05\/22\/o-silencio-do-seu-cao-pode-esconder-um-pedido-de-socorro\/#primaryimage"},"image":{"@id":"https:\/\/www.em.com.br\/emfoco\/2025\/05\/22\/o-silencio-do-seu-cao-pode-esconder-um-pedido-de-socorro\/#primaryimage"},"thumbnailUrl":"https:\/\/www.em.com.br\/emfoco\/wp-content\/uploads\/2025\/05\/cachorro-silencio_1747928931694.jpg","datePublished":"2025-05-22T18:00:32+00:00","dateModified":"2025-05-22T18:00:33+00:00","author":{"@id":"https:\/\/www.em.com.br\/emfoco\/#\/schema\/person\/60eda09c1fedf0d6891f4cef4b60b8b8"},"description":"C\u00e3es tamb\u00e9m sentem solid\u00e3o. Veja os principais sinais de que seu pet pode estar sofrendo emocionalmente e como ajud\u00e1-lo.","breadcrumb":{"@id":"https:\/\/www.em.com.br\/emfoco\/2025\/05\/22\/o-silencio-do-seu-cao-pode-esconder-um-pedido-de-socorro\/#breadcrumb"},"inLanguage":"pt-BR","potentialAction":[{"@type":"ReadAction","target":["https:\/\/www.em.com.br\/emfoco\/2025\/05\/22\/o-silencio-do-seu-cao-pode-esconder-um-pedido-de-socorro\/"]}]},{"@type":"ImageObject","inLanguage":"pt-BR","@id":"https:\/\/www.em.com.br\/emfoco\/2025\/05\/22\/o-silencio-do-seu-cao-pode-esconder-um-pedido-de-socorro\/#primaryimage","url":"https:\/\/www.em.com.br\/emfoco\/wp-content\/uploads\/2025\/05\/cachorro-silencio_1747928931694.jpg","contentUrl":"https:\/\/www.em.com.br\/emfoco\/wp-content\/uploads\/2025\/05\/cachorro-silencio_1747928931694.jpg","width":1280,"height":720,"caption":"O comportamento silencioso que mostra o que seu c\u00e3o sente - Cr\u00e9ditos: depositphotos.com \/ Vsfotos"},{"@type":"BreadcrumbList","@id":"https:\/\/www.em.com.br\/emfoco\/2025\/05\/22\/o-silencio-do-seu-cao-pode-esconder-um-pedido-de-socorro\/#breadcrumb","itemListElement":[{"@type":"ListItem","position":1,"name":"In\u00edcio","item":"https:\/\/www.em.com.br\/emfoco\/"},{"@type":"ListItem","position":2,"name":"O sil\u00eancio do seu c\u00e3o pode esconder um pedido de socorro"}]},{"@type":"WebSite","@id":"https:\/\/www.em.com.br\/emfoco\/#website","url":"https:\/\/www.em.com.br\/emfoco\/","name":"Estado de Minas - Em foco","description":"Acompanhe as \u00faltimas not\u00edcias e fique bem informado sobre tudo o que acontece em Minas Gerais, Brasil e no mundo.","potentialAction":[{"@type":"SearchAction","target":{"@type":"EntryPoint","urlTemplate":"https:\/\/www.em.com.br\/emfoco\/?s={search_term_string}"},"query-input":{"@type":"PropertyValueSpecification","valueRequired":true,"valueName":"search_term_string"}}],"inLanguage":"pt-BR"},{"@type":"Person","@id":"https:\/\/www.em.com.br\/emfoco\/#\/schema\/person\/60eda09c1fedf0d6891f4cef4b60b8b8","name":"Andre\u0301 Rangel\u00a0","image":{"@type":"ImageObject","inLanguage":"pt-BR","@id":"https:\/\/www.em.com.br\/emfoco\/#\/schema\/person\/image\/","url":"https:\/\/secure.gravatar.com\/avatar\/6234dc814c77c8ef6d8bba622c787efc?s=96&d=mm&r=g","contentUrl":"https:\/\/secure.gravatar.com\/avatar\/6234dc814c77c8ef6d8bba622c787efc?s=96&d=mm&r=g","caption":"Andre\u0301 Rangel\u00a0"},"url":"https:\/\/www.em.com.br\/emfoco\/author\/luizmyth\/"}]}},"_links":{"self":[{"href":"https:\/\/www.em.com.br\/emfoco\/wp-json\/wp\/v2\/posts\/49868","targetHints":{"allow":["GET"]}}],"collection":[{"href":"https:\/\/www.em.com.br\/emfoco\/wp-json\/wp\/v2\/posts"}],"about":[{"href":"https:\/\/www.em.com.br\/emfoco\/wp-json\/wp\/v2\/types\/post"}],"author":[{"embeddable":true,"href":"https:\/\/www.em.com.br\/emfoco\/wp-json\/wp\/v2\/users\/11"}],"replies":[{"embeddable":true,"href":"https:\/\/www.em.com.br\/emfoco\/wp-json\/wp\/v2\/comments?post=49868"}],"version-history":[{"count":3,"href":"https:\/\/www.em.com.br\/emfoco\/wp-json\/wp\/v2\/posts\/49868\/revisions"}],"predecessor-version":[{"id":50192,"href":"https:\/\/www.em.com.br\/emfoco\/wp-json\/wp\/v2\/posts\/49868\/revisions\/50192"}],"wp:featuredmedia":[{"embeddable":true,"href":"https:\/\/www.em.com.br\/emfoco\/wp-json\/wp\/v2\/media\/50188"}],"wp:attachment":[{"href":"https:\/\/www.em.com.br\/emfoco\/wp-json\/wp\/v2\/media?parent=49868"}],"wp:term":[{"taxonomy":"category","embeddable":true,"href":"https:\/\/www.em.com.br\/emfoco\/wp-json\/wp\/v2\/categories?post=49868"},{"taxonomy":"post_tag","embeddable":true,"href":"https:\/\/www.em.com.br\/emfoco\/wp-json\/wp\/v2\/tags?post=49868"}],"curies":[{"name":"wp","href":"https:\/\/api.w.org\/{rel}","templated":true}]}}