{"id":49860,"date":"2025-05-25T13:11:40","date_gmt":"2025-05-25T16:11:40","guid":{"rendered":"https:\/\/www.em.com.br\/emfoco\/?p=49860"},"modified":"2026-02-26T10:33:39","modified_gmt":"2026-02-26T13:33:39","slug":"ricardo-kores-infectologista-para-saber-se-esta-com-esta-doenca-faca-o-teste-no-primeiro-dia","status":"publish","type":"post","link":"https:\/\/www.em.com.br\/emfoco\/2025\/05\/25\/ricardo-kores-infectologista-para-saber-se-esta-com-esta-doenca-faca-o-teste-no-primeiro-dia\/","title":{"rendered":"Especialista em infectologia, &#8220;para saber se est\u00e1 com esta doen\u00e7a, fa\u00e7a o teste no primeiro dia!&#8221;"},"content":{"rendered":"\n<p>O infectologista <strong>Dr. Ricardo Kores (CRM-MG 68924)<\/strong> fez um alerta direto nas redes sociais sobre os sintomas iniciais da <strong>dengue<\/strong>, doen\u00e7a que tem apresentado aumento expressivo de casos em diversas regi\u00f5es do Brasil. Em um v\u00eddeo publicado em seu perfil no TikTok (<a href=\"https:\/\/www.tiktok.com\/@dr.ricardokores\" target=\"_blank\" rel=\"noreferrer noopener\">tiktok.com\/@dr.ricardokores<\/a>), ele orienta a popula\u00e7\u00e3o a reconhecer sinais que costumam passar despercebidos, mas que podem indicar o in\u00edcio da infec\u00e7\u00e3o.<\/p>\n\n\n\n<p>Um dos principais sinais de alerta, segundo o m\u00e9dico, \u00e9 a <strong>dor atr\u00e1s dos olhos associada \u00e0 febre<\/strong> \u2014 sintoma muitas vezes confundido com uma gripe comum. \u201cSe a febre vier com dor ocular intensa, pense em dengue\u201d, afirmou Dr. Kores no v\u00eddeo.<\/p>\n\n\n\n<figure class=\"wp-block-embed aligncenter is-type-video is-provider-tiktok wp-block-embed-tiktok\"><div class=\"wp-block-embed__wrapper\">\n<blockquote class=\"tiktok-embed\" cite=\"https:\/\/www.tiktok.com\/@dr.ricardokores\/video\/7348974988659133702\" data-video-id=\"7348974988659133702\" data-embed-from=\"oembed\" style=\"max-width:605px; min-width:325px;\"> <section> <a target=\"_blank\" title=\"@dr.ricardokores\" href=\"https:\/\/www.tiktok.com\/@dr.ricardokores?refer=embed\">@dr.ricardokores<\/a> <p>Se voc\u00ea t\u00e1 com suspeita, fa\u00e7a o teste. Deu positivo? Procure um m\u00e9dico. Deu negativo? Observe se os sintomas continuar\u00e3o nos pr\u00f3ximos dias. Caso permane\u00e7a, busque atendimento m\u00e9dico. @paguemenos l Publicidade <a title=\"dengue\" target=\"_blank\" href=\"https:\/\/www.tiktok.com\/tag\/dengue?refer=embed\">#dengue<\/a> <a title=\"picada\" target=\"_blank\" href=\"https:\/\/www.tiktok.com\/tag\/picada?refer=embed\">#picada<\/a> <a title=\"repelente\" target=\"_blank\" href=\"https:\/\/www.tiktok.com\/tag\/repelente?refer=embed\">#repelente<\/a> <a title=\"fy\" target=\"_blank\" href=\"https:\/\/www.tiktok.com\/tag\/fy?refer=embed\">#fy<\/a> <a title=\"viraltiktok\" target=\"_blank\" href=\"https:\/\/www.tiktok.com\/tag\/viraltiktok?refer=embed\">#viraltiktok<\/a> <\/p> <a target=\"_blank\" title=\"\u266c som original - Ricardo Kores l Infectologista\" href=\"https:\/\/www.tiktok.com\/music\/som-original-7348975014670453509?refer=embed\">\u266c som original &#8211; Ricardo Kores l Infectologista<\/a> <\/section> <\/blockquote> <script async src=\"https:\/\/www.tiktok.com\/embed.js\"><\/script>\n<\/div><\/figure>\n\n\n\n<h2 class=\"wp-block-heading\">Dor nos olhos, febre e outros sinais precoces da dengue<\/h2>\n\n\n\n<p>De acordo com o especialista, os sintomas iniciais da dengue podem ser confundidos com viroses comuns, o que atrasa o diagn\u00f3stico e aumenta o risco de complica\u00e7\u00f5es. Os sinais mais recorrentes no in\u00edcio da infec\u00e7\u00e3o s\u00e3o:<\/p>\n\n\n\n<ul class=\"wp-block-list\">\n<li>Febre alta de in\u00edcio s\u00fabito<\/li>\n\n\n\n<li>Dor de cabe\u00e7a intensa, especialmente na regi\u00e3o frontal<\/li>\n\n\n\n<li>Dor atr\u00e1s dos olhos (caracter\u00edstica marcante)<\/li>\n\n\n\n<li>Dores musculares e nas articula\u00e7\u00f5es<\/li>\n\n\n\n<li>Cansa\u00e7o excessivo<\/li>\n\n\n\n<li>Manchas vermelhas na pele<\/li>\n<\/ul>\n\n\n\n<p>Segundo o <a href=\"https:\/\/www.gov.br\/saude\/pt-br\/assuntos\/noticias\/2024\/dezembro\/dengue-conheca-os-sintomas-da-doenca-e-saiba-como-prevenir\" target=\"_blank\" rel=\"noreferrer noopener\">Minist\u00e9rio da Sa\u00fade<\/a>, a dengue \u00e9 causada pelo v\u00edrus transmitido pelo mosquito <em>Aedes aegypti<\/em> e pode evoluir rapidamente para formas graves, com sangramentos, queda de press\u00e3o e risco de morte.<\/p>\n\n\n<div class=\"wp-block-image\">\n<figure class=\"aligncenter size-large\"><img loading=\"lazy\" decoding=\"async\" width=\"1024\" height=\"576\" src=\"https:\/\/www.em.com.br\/emfoco\/wp-content\/uploads\/2025\/05\/Aedes-aegypti_1747864865831-1024x576.jpg\" alt=\"\" class=\"wp-image-49877\" srcset=\"https:\/\/www.em.com.br\/emfoco\/wp-content\/uploads\/2025\/05\/Aedes-aegypti_1747864865831-1024x576.jpg 1024w, https:\/\/www.em.com.br\/emfoco\/wp-content\/uploads\/2025\/05\/Aedes-aegypti_1747864865831-300x169.jpg 300w, https:\/\/www.em.com.br\/emfoco\/wp-content\/uploads\/2025\/05\/Aedes-aegypti_1747864865831-768x432.jpg 768w, https:\/\/www.em.com.br\/emfoco\/wp-content\/uploads\/2025\/05\/Aedes-aegypti_1747864865831-750x422.jpg 750w, https:\/\/www.em.com.br\/emfoco\/wp-content\/uploads\/2025\/05\/Aedes-aegypti_1747864865831-1140x641.jpg 1140w, https:\/\/www.em.com.br\/emfoco\/wp-content\/uploads\/2025\/05\/Aedes-aegypti_1747864865831.jpg 1280w\" sizes=\"auto, (max-width: 1024px) 100vw, 1024px\" \/><figcaption class=\"wp-element-caption\">Mosquito Aedes sugando sangue &#8211; Cr\u00e9ditos: depositphotos.com \/ mrfiza<\/figcaption><\/figure><\/div>\n\n\n<p>A <a href=\"https:\/\/www.paho.org\/en\/topics\/dengue\" target=\"_blank\" rel=\"noreferrer noopener\">Organiza\u00e7\u00e3o Pan-Americana da Sa\u00fade (OPAS)<\/a> refor\u00e7a que a identifica\u00e7\u00e3o precoce dos sintomas \u00e9 crucial para evitar complica\u00e7\u00f5es, especialmente em crian\u00e7as, idosos e pessoas com comorbidades.<\/p>\n\n\n\n<h2 class=\"wp-block-heading\">O que fazer ao identificar os primeiros sintomas<\/h2>\n\n\n\n<p>Dr. Ricardo orienta que, ao perceber os sinais descritos, a pessoa:<\/p>\n\n\n\n<ul class=\"wp-block-list\">\n<li>Evite automedica\u00e7\u00e3o, especialmente com anti-inflamat\u00f3rios (como ibuprofeno e \u00e1cido acetilsalic\u00edlico), que aumentam o risco de hemorragias<\/li>\n\n\n\n<li>Procure atendimento m\u00e9dico imediatamente<\/li>\n\n\n\n<li>Hidrate-se intensamente, com \u00e1gua, soro e l\u00edquidos naturais<\/li>\n\n\n\n<li>Observe sinais de agravamento como sangramentos e tontura<\/li>\n<\/ul>\n\n\n\n<p>A hidrata\u00e7\u00e3o \u00e9 o principal recurso terap\u00eautico nas formas leves da dengue, reduzindo as chances de interna\u00e7\u00e3o.<\/p>\n\n\n\n<h3 class=\"wp-block-heading\">Fontes oficiais:<\/h3>\n\n\n\n<ul class=\"wp-block-list\">\n<li><a href=\"https:\/\/www.gov.br\/saude\/pt-br\/assuntos\/saude-de-a-a-z\/d\/dengue\">Minist\u00e9rio da Sa\u00fade \u2013 Dengue<\/a><\/li>\n\n\n\n<li><a href=\"https:\/\/www.paho.org\/en\/topics\/dengue\" target=\"_blank\" rel=\"noreferrer noopener\">OPAS \u2013 Informa\u00e7\u00f5es sobre dengue nas Am\u00e9ricas<\/a><\/li>\n<\/ul>\n\n\n\n<p><\/p>\n","protected":false},"excerpt":{"rendered":"<p>O infectologista Dr. Ricardo Kores (CRM-MG 68924) fez um alerta direto nas redes sociais sobre os sintomas iniciais da dengue, doen\u00e7a que tem apresentado aumento expressivo de casos em diversas regi\u00f5es do Brasil. Em um v\u00eddeo publicado em seu perfil no TikTok (tiktok.com\/@dr.ricardokores), ele orienta a popula\u00e7\u00e3o a reconhecer sinais que costumam passar despercebidos, mas [&hellip;]<\/p>\n","protected":false},"author":17,"featured_media":174294,"comment_status":"open","ping_status":"open","sticky":false,"template":"","format":"standard","meta":{"jnews-multi-image_gallery":[],"jnews_single_post":{"format":"standard"},"jnews_primary_category":[],"jnews_social_meta":[],"jnews_override_counter":[],"footnotes":""},"categories":[9053],"tags":[9068,9055],"class_list":["post-49860","post","type-post","status-publish","format-standard","has-post-thumbnail","hentry","category-saude","tag-infectologista","tag-ricardo-kores"],"yoast_head":"<!-- This site is optimized with the Yoast SEO plugin v23.8 - https:\/\/yoast.com\/wordpress\/plugins\/seo\/ -->\n<title>Especialista em infectologia, &quot;para saber se est\u00e1 com esta doen\u00e7a, fa\u00e7a o teste no primeiro dia!&quot; - Estado de Minas - Em foco<\/title>\n<meta name=\"description\" content=\"Dor atr\u00e1s dos olhos pode ser o primeiro sinal desta doen\u00e7a comum. Dr. Ricardo Kores alerta sobre sintomas precoces que passam despercebidos.\" \/>\n<meta name=\"robots\" content=\"index, follow, max-snippet:-1, max-image-preview:large, max-video-preview:-1\" \/>\n<link rel=\"canonical\" href=\"https:\/\/www.em.com.br\/emfoco\/2025\/05\/25\/ricardo-kores-infectologista-para-saber-se-esta-com-esta-doenca-faca-o-teste-no-primeiro-dia\/\" \/>\n<meta property=\"og:locale\" content=\"pt_BR\" \/>\n<meta property=\"og:type\" content=\"article\" \/>\n<meta property=\"og:title\" content=\"Especialista em infectologia, &quot;para saber se est\u00e1 com esta doen\u00e7a, fa\u00e7a o teste no primeiro dia!&quot; - Estado de Minas - Em foco\" \/>\n<meta property=\"og:description\" content=\"Dor atr\u00e1s dos olhos pode ser o primeiro sinal desta doen\u00e7a comum. Dr. Ricardo Kores alerta sobre sintomas precoces que passam despercebidos.\" \/>\n<meta property=\"og:url\" content=\"https:\/\/www.em.com.br\/emfoco\/2025\/05\/25\/ricardo-kores-infectologista-para-saber-se-esta-com-esta-doenca-faca-o-teste-no-primeiro-dia\/\" \/>\n<meta property=\"og:site_name\" content=\"Estado de Minas - Em foco\" \/>\n<meta property=\"article:published_time\" content=\"2025-05-25T16:11:40+00:00\" \/>\n<meta property=\"article:modified_time\" content=\"2026-02-26T13:33:39+00:00\" \/>\n<meta property=\"og:image\" content=\"https:\/\/www.em.com.br\/emfoco\/wp-content\/uploads\/2025\/05\/Pessoa-abatendo-mosquito-da-dengue-que-se-alimentava-em-seu-braco.jpg\" \/>\n\t<meta property=\"og:image:width\" content=\"1280\" \/>\n\t<meta property=\"og:image:height\" content=\"720\" \/>\n\t<meta property=\"og:image:type\" content=\"image\/jpeg\" \/>\n<meta name=\"author\" content=\"Lucas Sampaio\" \/>\n<meta name=\"twitter:card\" content=\"summary_large_image\" \/>\n<meta name=\"twitter:label1\" content=\"Escrito por\" \/>\n\t<meta name=\"twitter:data1\" content=\"Lucas Sampaio\" \/>\n\t<meta name=\"twitter:label2\" content=\"Est. tempo de leitura\" \/>\n\t<meta name=\"twitter:data2\" content=\"3 minutos\" \/>\n<!-- \/ Yoast SEO plugin. -->","yoast_head_json":{"title":"Especialista em infectologia, \"para saber se est\u00e1 com esta doen\u00e7a, fa\u00e7a o teste no primeiro dia!\" - Estado de Minas - Em foco","description":"Dor atr\u00e1s dos olhos pode ser o primeiro sinal desta doen\u00e7a comum. Dr. Ricardo Kores alerta sobre sintomas precoces que passam despercebidos.","robots":{"index":"index","follow":"follow","max-snippet":"max-snippet:-1","max-image-preview":"max-image-preview:large","max-video-preview":"max-video-preview:-1"},"canonical":"https:\/\/www.em.com.br\/emfoco\/2025\/05\/25\/ricardo-kores-infectologista-para-saber-se-esta-com-esta-doenca-faca-o-teste-no-primeiro-dia\/","og_locale":"pt_BR","og_type":"article","og_title":"Especialista em infectologia, \"para saber se est\u00e1 com esta doen\u00e7a, fa\u00e7a o teste no primeiro dia!\" - Estado de Minas - Em foco","og_description":"Dor atr\u00e1s dos olhos pode ser o primeiro sinal desta doen\u00e7a comum. Dr. Ricardo Kores alerta sobre sintomas precoces que passam despercebidos.","og_url":"https:\/\/www.em.com.br\/emfoco\/2025\/05\/25\/ricardo-kores-infectologista-para-saber-se-esta-com-esta-doenca-faca-o-teste-no-primeiro-dia\/","og_site_name":"Estado de Minas - Em foco","article_published_time":"2025-05-25T16:11:40+00:00","article_modified_time":"2026-02-26T13:33:39+00:00","og_image":[{"width":1280,"height":720,"url":"https:\/\/www.em.com.br\/emfoco\/wp-content\/uploads\/2025\/05\/Pessoa-abatendo-mosquito-da-dengue-que-se-alimentava-em-seu-braco.jpg","type":"image\/jpeg"}],"author":"Lucas Sampaio","twitter_card":"summary_large_image","twitter_misc":{"Escrito por":"Lucas Sampaio","Est. tempo de leitura":"3 minutos"},"schema":{"@context":"https:\/\/schema.org","@graph":[{"@type":"WebPage","@id":"https:\/\/www.em.com.br\/emfoco\/2025\/05\/25\/ricardo-kores-infectologista-para-saber-se-esta-com-esta-doenca-faca-o-teste-no-primeiro-dia\/","url":"https:\/\/www.em.com.br\/emfoco\/2025\/05\/25\/ricardo-kores-infectologista-para-saber-se-esta-com-esta-doenca-faca-o-teste-no-primeiro-dia\/","name":"Especialista em infectologia, \"para saber se est\u00e1 com esta doen\u00e7a, fa\u00e7a o teste no primeiro dia!\" - Estado de Minas - Em foco","isPartOf":{"@id":"https:\/\/www.em.com.br\/emfoco\/#website"},"primaryImageOfPage":{"@id":"https:\/\/www.em.com.br\/emfoco\/2025\/05\/25\/ricardo-kores-infectologista-para-saber-se-esta-com-esta-doenca-faca-o-teste-no-primeiro-dia\/#primaryimage"},"image":{"@id":"https:\/\/www.em.com.br\/emfoco\/2025\/05\/25\/ricardo-kores-infectologista-para-saber-se-esta-com-esta-doenca-faca-o-teste-no-primeiro-dia\/#primaryimage"},"thumbnailUrl":"https:\/\/www.em.com.br\/emfoco\/wp-content\/uploads\/2025\/05\/Pessoa-abatendo-mosquito-da-dengue-que-se-alimentava-em-seu-braco.jpg","datePublished":"2025-05-25T16:11:40+00:00","dateModified":"2026-02-26T13:33:39+00:00","author":{"@id":"https:\/\/www.em.com.br\/emfoco\/#\/schema\/person\/9ad4c536bd87f5bb8006420332b99aef"},"description":"Dor atr\u00e1s dos olhos pode ser o primeiro sinal desta doen\u00e7a comum. Dr. Ricardo Kores alerta sobre sintomas precoces que passam despercebidos.","breadcrumb":{"@id":"https:\/\/www.em.com.br\/emfoco\/2025\/05\/25\/ricardo-kores-infectologista-para-saber-se-esta-com-esta-doenca-faca-o-teste-no-primeiro-dia\/#breadcrumb"},"inLanguage":"pt-BR","potentialAction":[{"@type":"ReadAction","target":["https:\/\/www.em.com.br\/emfoco\/2025\/05\/25\/ricardo-kores-infectologista-para-saber-se-esta-com-esta-doenca-faca-o-teste-no-primeiro-dia\/"]}]},{"@type":"ImageObject","inLanguage":"pt-BR","@id":"https:\/\/www.em.com.br\/emfoco\/2025\/05\/25\/ricardo-kores-infectologista-para-saber-se-esta-com-esta-doenca-faca-o-teste-no-primeiro-dia\/#primaryimage","url":"https:\/\/www.em.com.br\/emfoco\/wp-content\/uploads\/2025\/05\/Pessoa-abatendo-mosquito-da-dengue-que-se-alimentava-em-seu-braco.jpg","contentUrl":"https:\/\/www.em.com.br\/emfoco\/wp-content\/uploads\/2025\/05\/Pessoa-abatendo-mosquito-da-dengue-que-se-alimentava-em-seu-braco.jpg","width":1280,"height":720,"caption":"Pessoa abatendo mosquito da dengue que se alimentava em seu bra\u00e7o - Cr\u00e9ditos: depositphotos.com \/ Pingphoto17deposit"},{"@type":"BreadcrumbList","@id":"https:\/\/www.em.com.br\/emfoco\/2025\/05\/25\/ricardo-kores-infectologista-para-saber-se-esta-com-esta-doenca-faca-o-teste-no-primeiro-dia\/#breadcrumb","itemListElement":[{"@type":"ListItem","position":1,"name":"In\u00edcio","item":"https:\/\/www.em.com.br\/emfoco\/"},{"@type":"ListItem","position":2,"name":"Especialista em infectologia, &#8220;para saber se est\u00e1 com esta doen\u00e7a, fa\u00e7a o teste no primeiro dia!&#8221;"}]},{"@type":"WebSite","@id":"https:\/\/www.em.com.br\/emfoco\/#website","url":"https:\/\/www.em.com.br\/emfoco\/","name":"Estado de Minas - Em foco","description":"Acompanhe as \u00faltimas not\u00edcias e fique bem informado sobre tudo o que acontece em Minas Gerais, Brasil e no mundo.","potentialAction":[{"@type":"SearchAction","target":{"@type":"EntryPoint","urlTemplate":"https:\/\/www.em.com.br\/emfoco\/?s={search_term_string}"},"query-input":{"@type":"PropertyValueSpecification","valueRequired":true,"valueName":"search_term_string"}}],"inLanguage":"pt-BR"},{"@type":"Person","@id":"https:\/\/www.em.com.br\/emfoco\/#\/schema\/person\/9ad4c536bd87f5bb8006420332b99aef","name":"Lucas Sampaio","image":{"@type":"ImageObject","inLanguage":"pt-BR","@id":"https:\/\/www.em.com.br\/emfoco\/#\/schema\/person\/image\/","url":"https:\/\/secure.gravatar.com\/avatar\/2696b9676ad143cd7135b717faf6f79f?s=96&d=mm&r=g","contentUrl":"https:\/\/secure.gravatar.com\/avatar\/2696b9676ad143cd7135b717faf6f79f?s=96&d=mm&r=g","caption":"Lucas Sampaio"},"sameAs":["https:\/\/www.em.com.br\/emfoco\/"],"url":"https:\/\/www.em.com.br\/emfoco\/author\/lucasmyth\/"}]}},"_links":{"self":[{"href":"https:\/\/www.em.com.br\/emfoco\/wp-json\/wp\/v2\/posts\/49860","targetHints":{"allow":["GET"]}}],"collection":[{"href":"https:\/\/www.em.com.br\/emfoco\/wp-json\/wp\/v2\/posts"}],"about":[{"href":"https:\/\/www.em.com.br\/emfoco\/wp-json\/wp\/v2\/types\/post"}],"author":[{"embeddable":true,"href":"https:\/\/www.em.com.br\/emfoco\/wp-json\/wp\/v2\/users\/17"}],"replies":[{"embeddable":true,"href":"https:\/\/www.em.com.br\/emfoco\/wp-json\/wp\/v2\/comments?post=49860"}],"version-history":[{"count":10,"href":"https:\/\/www.em.com.br\/emfoco\/wp-json\/wp\/v2\/posts\/49860\/revisions"}],"predecessor-version":[{"id":174299,"href":"https:\/\/www.em.com.br\/emfoco\/wp-json\/wp\/v2\/posts\/49860\/revisions\/174299"}],"wp:featuredmedia":[{"embeddable":true,"href":"https:\/\/www.em.com.br\/emfoco\/wp-json\/wp\/v2\/media\/174294"}],"wp:attachment":[{"href":"https:\/\/www.em.com.br\/emfoco\/wp-json\/wp\/v2\/media?parent=49860"}],"wp:term":[{"taxonomy":"category","embeddable":true,"href":"https:\/\/www.em.com.br\/emfoco\/wp-json\/wp\/v2\/categories?post=49860"},{"taxonomy":"post_tag","embeddable":true,"href":"https:\/\/www.em.com.br\/emfoco\/wp-json\/wp\/v2\/tags?post=49860"}],"curies":[{"name":"wp","href":"https:\/\/api.w.org\/{rel}","templated":true}]}}