{"id":49832,"date":"2025-05-27T16:20:00","date_gmt":"2025-05-27T19:20:00","guid":{"rendered":"https:\/\/www.em.com.br\/emfoco\/?p=49832"},"modified":"2025-05-21T17:27:19","modified_gmt":"2025-05-21T20:27:19","slug":"conheca-o-segredo-por-tras-do-cultivo-de-girassois-e-transforme-seu-quintal","status":"publish","type":"post","link":"https:\/\/www.em.com.br\/emfoco\/2025\/05\/27\/conheca-o-segredo-por-tras-do-cultivo-de-girassois-e-transforme-seu-quintal\/","title":{"rendered":"Conhe\u00e7a o segredo por tr\u00e1s do cultivo de girass\u00f3is e transforme seu quintal"},"content":{"rendered":"\n<p>Plantar girass\u00f3is em casa pode ser uma atividade gratificante e esteticamente agrad\u00e1vel. Al\u00e9m de embelezar o ambiente, os girass\u00f3is s\u00e3o conhecidos por atrair <strong><a href=\"https:\/\/www.petz.com.br\/blog\/web-stories\/conheca-10-animais-polinizadores\/\" target=\"_blank\" rel=\"noreferrer noopener\">polinizadores<\/a><\/strong>, como abelhas e borboletas, contribuindo para a biodiversidade local. Cultivar essas flores pode ser uma excelente forma de iniciar um jardim ou at\u00e9 mesmo de complementar um espa\u00e7o j\u00e1 existente.<\/p>\n\n\n\n<p>Os girass\u00f3is s\u00e3o plantas relativamente f\u00e1ceis de cuidar, o que os torna ideais para jardineiros iniciantes. Com algumas dicas e cuidados b\u00e1sicos, \u00e9 poss\u00edvel cultivar girass\u00f3is saud\u00e1veis e vibrantes em casa. Este artigo oferece um guia passo a passo para quem deseja embarcar nessa jornada de jardinagem.<\/p>\n\n\n\n<h2 class=\"wp-block-heading\">Quais s\u00e3o os materiais necess\u00e1rios para plantar girassol?<\/h2>\n\n\n\n<p>Antes de come\u00e7ar a plantar girass\u00f3is, \u00e9 importante reunir todos os materiais necess\u00e1rios. Isso garantir\u00e1 que o processo de plantio seja suave e eficiente. Aqui est\u00e1 uma lista dos itens essenciais:<\/p>\n\n\n\n<ul class=\"wp-block-list\">\n<li><strong>Sementes de girassol:<\/strong> escolha uma variedade que se adapte ao seu espa\u00e7o e clima.<\/li>\n\n\n\n<li><strong>Vasos ou recipientes:<\/strong> se optar por plantar em vasos, <strong>escolha um com boa drenagem<\/strong>.<\/li>\n\n\n\n<li><strong>Terra de qualidade:<\/strong> use um <strong>solo rico em <\/strong><a href=\"https:\/\/www.em.com.br\/emfoco\/2025\/03\/23\/os-nutrientes-poderosos-do-pinhao-e-como-ele-faz-bem-ao-corpo\/\" target=\"_blank\" rel=\"noreferrer noopener\"><strong>nutrientes<\/strong> <\/a>para garantir o crescimento saud\u00e1vel das plantas.<\/li>\n\n\n\n<li><strong>Adubo org\u00e2nico:<\/strong> auxilia no fornecimento de nutrientes adicionais.<\/li>\n\n\n\n<li><strong>Regador:<\/strong> para manter o solo \u00famido, mas n\u00e3o encharcado.<\/li>\n<\/ul>\n\n\n\n<figure class=\"wp-block-image size-large\"><img loading=\"lazy\" decoding=\"async\" width=\"1024\" height=\"576\" src=\"https:\/\/www.em.com.br\/emfoco\/wp-content\/uploads\/2025\/05\/sunflower_1747859111643-1024x576.jpg\" alt=\"Conhe\u00e7a o segredo por tr\u00e1s do cultivo de girass\u00f3is e transforme seu quintal\" class=\"wp-image-49847\" srcset=\"https:\/\/www.em.com.br\/emfoco\/wp-content\/uploads\/2025\/05\/sunflower_1747859111643-1024x576.jpg 1024w, https:\/\/www.em.com.br\/emfoco\/wp-content\/uploads\/2025\/05\/sunflower_1747859111643-300x169.jpg 300w, https:\/\/www.em.com.br\/emfoco\/wp-content\/uploads\/2025\/05\/sunflower_1747859111643-768x432.jpg 768w, https:\/\/www.em.com.br\/emfoco\/wp-content\/uploads\/2025\/05\/sunflower_1747859111643-750x422.jpg 750w, https:\/\/www.em.com.br\/emfoco\/wp-content\/uploads\/2025\/05\/sunflower_1747859111643-1140x641.jpg 1140w, https:\/\/www.em.com.br\/emfoco\/wp-content\/uploads\/2025\/05\/sunflower_1747859111643.jpg 1280w\" sizes=\"auto, (max-width: 1024px) 100vw, 1024px\" \/><figcaption class=\"wp-element-caption\">Girassol &#8211; Cr\u00e9ditos: depositphotos.com \/ AndrewLozovyi<\/figcaption><\/figure>\n\n\n\n<h2 class=\"wp-block-heading\">Como preparar o solo para o plantio de girassol?<\/h2>\n\n\n\n<p>A prepara\u00e7\u00e3o do solo \u00e9 um passo crucial para o sucesso do cultivo de girass\u00f3is. Primeiramente, <strong>escolha um local que receba bastante luz solar<\/strong>, pois os girass\u00f3is necessitam de pelo menos seis horas de sol direto por dia. O solo deve ser bem drenado e rico em mat\u00e9ria org\u00e2nica.<\/p>\n\n\n\n<p>Para preparar o solo, comece removendo ervas daninhas e pedras. Em seguida, misture o adubo org\u00e2nico \u00e0 terra para enriquecer o solo com nutrientes. Se estiver plantando em vasos, certifique-se de que eles tenham furos de drenagem para evitar o ac\u00famulo de \u00e1gua.<\/p>\n\n\n\n<h2 class=\"wp-block-heading\">Qual \u00e9 o passo a passo para plantar girassol?<\/h2>\n\n\n\n<p>Com o solo preparado e os materiais em m\u00e3os, \u00e9 hora de plantar as sementes de girassol. Siga este passo a passo para garantir um plantio bem-sucedido:<\/p>\n\n\n\n<ol class=\"wp-block-list\">\n<li><strong>Plantio das sementes:<\/strong> fa\u00e7a buracos de cerca de 2,5 cm de profundidade no solo. Coloque uma semente em cada buraco e cubra levemente com terra.<\/li>\n\n\n\n<li><strong>Regar adequadamente:<\/strong> ap\u00f3s o plantio, regue o solo para mant\u00ea-lo \u00famido. Evite encharcar, pois o excesso de \u00e1gua pode prejudicar as sementes.<\/li>\n\n\n\n<li><strong>Manuten\u00e7\u00e3o do solo:<\/strong> continue regando regularmente, especialmente durante per\u00edodos secos. Aplique adubo org\u00e2nico a cada poucas semanas para promover o crescimento.<\/li>\n\n\n\n<li><strong>Controle de pragas:<\/strong> fique atento a sinais de pragas e doen\u00e7as. Use m\u00e9todos naturais de controle, como a introdu\u00e7\u00e3o de insetos ben\u00e9ficos, se necess\u00e1rio.<\/li>\n<\/ol>\n\n\n\n<h2 class=\"wp-block-heading\">Como cuidar dos girass\u00f3is ap\u00f3s o plantio?<\/h2>\n\n\n\n<p>Ap\u00f3s o plantio, os girass\u00f3is requerem cuidados cont\u00ednuos para garantir que cres\u00e7am saud\u00e1veis e fortes. \u00c9 importante monitorar a umidade do solo e ajustar a rega conforme necess\u00e1rio. Durante o crescimento, os girass\u00f3is podem precisar de suporte adicional, como estacas, para evitar que tombem.<\/p>\n\n\n\n<p>Al\u00e9m disso, a remo\u00e7\u00e3o de flores murchas pode incentivar a produ\u00e7\u00e3o de novas flores. Com o tempo, os girass\u00f3is amadurecer\u00e3o e suas sementes poder\u00e3o ser colhidas para novos plantios ou para consumo. Seguindo essas dicas, \u00e9 poss\u00edvel desfrutar de um jardim vibrante e cheio de vida.<\/p>\n","protected":false},"excerpt":{"rendered":"<p>Plantar girass\u00f3is em casa pode ser uma atividade gratificante e esteticamente agrad\u00e1vel. Al\u00e9m de embelezar o ambiente, os girass\u00f3is s\u00e3o conhecidos por atrair polinizadores, como abelhas e borboletas, contribuindo para a biodiversidade local. Cultivar essas flores pode ser uma excelente forma de iniciar um jardim ou at\u00e9 mesmo de complementar um espa\u00e7o j\u00e1 existente. Os [&hellip;]<\/p>\n","protected":false},"author":13,"featured_media":49845,"comment_status":"open","ping_status":"open","sticky":false,"template":"","format":"standard","meta":{"jnews-multi-image_gallery":[],"jnews_single_post":{"format":"standard"},"jnews_primary_category":[],"jnews_social_meta":[],"jnews_override_counter":[],"footnotes":""},"categories":[29],"tags":[3139,3357,4280,3358],"class_list":["post-49832","post","type-post","status-publish","format-standard","has-post-thumbnail","hentry","category-entretenimento","tag-cultivo","tag-flores","tag-girassol","tag-jardinagem"],"yoast_head":"<!-- This site is optimized with the Yoast SEO plugin v23.8 - https:\/\/yoast.com\/wordpress\/plugins\/seo\/ -->\n<title>Conhe\u00e7a o segredo por tr\u00e1s do cultivo de girass\u00f3is e transforme seu quintal - Estado de Minas - Em foco<\/title>\n<meta name=\"description\" content=\"Aprenda a cultivar girass\u00f3is com dicas simples e pr\u00e1ticas que garantem flores vibrantes e saud\u00e1veis direto no seu jardim ou varanda.\" \/>\n<meta name=\"robots\" content=\"index, follow, max-snippet:-1, max-image-preview:large, max-video-preview:-1\" \/>\n<link rel=\"canonical\" href=\"https:\/\/www.em.com.br\/emfoco\/2025\/05\/27\/conheca-o-segredo-por-tras-do-cultivo-de-girassois-e-transforme-seu-quintal\/\" \/>\n<meta property=\"og:locale\" content=\"pt_BR\" \/>\n<meta property=\"og:type\" content=\"article\" \/>\n<meta property=\"og:title\" content=\"Conhe\u00e7a o segredo por tr\u00e1s do cultivo de girass\u00f3is e transforme seu quintal - Estado de Minas - Em foco\" \/>\n<meta property=\"og:description\" content=\"Aprenda a cultivar girass\u00f3is com dicas simples e pr\u00e1ticas que garantem flores vibrantes e saud\u00e1veis direto no seu jardim ou varanda.\" \/>\n<meta property=\"og:url\" content=\"https:\/\/www.em.com.br\/emfoco\/2025\/05\/27\/conheca-o-segredo-por-tras-do-cultivo-de-girassois-e-transforme-seu-quintal\/\" \/>\n<meta property=\"og:site_name\" content=\"Estado de Minas - Em foco\" \/>\n<meta property=\"article:published_time\" content=\"2025-05-27T19:20:00+00:00\" \/>\n<meta property=\"article:modified_time\" content=\"2025-05-21T20:27:19+00:00\" \/>\n<meta property=\"og:image\" content=\"https:\/\/www.em.com.br\/emfoco\/wp-content\/uploads\/2025\/05\/sunflower_1747859080954.jpg\" \/>\n\t<meta property=\"og:image:width\" content=\"1280\" \/>\n\t<meta property=\"og:image:height\" content=\"720\" \/>\n\t<meta property=\"og:image:type\" content=\"image\/jpeg\" \/>\n<meta name=\"author\" content=\"Gabriel Martins\" \/>\n<meta name=\"twitter:card\" content=\"summary_large_image\" \/>\n<meta name=\"twitter:label1\" content=\"Escrito por\" \/>\n\t<meta name=\"twitter:data1\" content=\"Gabriel Martins\" \/>\n\t<meta name=\"twitter:label2\" content=\"Est. tempo de leitura\" \/>\n\t<meta name=\"twitter:data2\" content=\"4 minutos\" \/>\n<!-- \/ Yoast SEO plugin. -->","yoast_head_json":{"title":"Conhe\u00e7a o segredo por tr\u00e1s do cultivo de girass\u00f3is e transforme seu quintal - Estado de Minas - Em foco","description":"Aprenda a cultivar girass\u00f3is com dicas simples e pr\u00e1ticas que garantem flores vibrantes e saud\u00e1veis direto no seu jardim ou varanda.","robots":{"index":"index","follow":"follow","max-snippet":"max-snippet:-1","max-image-preview":"max-image-preview:large","max-video-preview":"max-video-preview:-1"},"canonical":"https:\/\/www.em.com.br\/emfoco\/2025\/05\/27\/conheca-o-segredo-por-tras-do-cultivo-de-girassois-e-transforme-seu-quintal\/","og_locale":"pt_BR","og_type":"article","og_title":"Conhe\u00e7a o segredo por tr\u00e1s do cultivo de girass\u00f3is e transforme seu quintal - Estado de Minas - Em foco","og_description":"Aprenda a cultivar girass\u00f3is com dicas simples e pr\u00e1ticas que garantem flores vibrantes e saud\u00e1veis direto no seu jardim ou varanda.","og_url":"https:\/\/www.em.com.br\/emfoco\/2025\/05\/27\/conheca-o-segredo-por-tras-do-cultivo-de-girassois-e-transforme-seu-quintal\/","og_site_name":"Estado de Minas - Em foco","article_published_time":"2025-05-27T19:20:00+00:00","article_modified_time":"2025-05-21T20:27:19+00:00","og_image":[{"width":1280,"height":720,"url":"https:\/\/www.em.com.br\/emfoco\/wp-content\/uploads\/2025\/05\/sunflower_1747859080954.jpg","type":"image\/jpeg"}],"author":"Gabriel Martins","twitter_card":"summary_large_image","twitter_misc":{"Escrito por":"Gabriel Martins","Est. tempo de leitura":"4 minutos"},"schema":{"@context":"https:\/\/schema.org","@graph":[{"@type":"WebPage","@id":"https:\/\/www.em.com.br\/emfoco\/2025\/05\/27\/conheca-o-segredo-por-tras-do-cultivo-de-girassois-e-transforme-seu-quintal\/","url":"https:\/\/www.em.com.br\/emfoco\/2025\/05\/27\/conheca-o-segredo-por-tras-do-cultivo-de-girassois-e-transforme-seu-quintal\/","name":"Conhe\u00e7a o segredo por tr\u00e1s do cultivo de girass\u00f3is e transforme seu quintal - Estado de Minas - Em foco","isPartOf":{"@id":"https:\/\/www.em.com.br\/emfoco\/#website"},"primaryImageOfPage":{"@id":"https:\/\/www.em.com.br\/emfoco\/2025\/05\/27\/conheca-o-segredo-por-tras-do-cultivo-de-girassois-e-transforme-seu-quintal\/#primaryimage"},"image":{"@id":"https:\/\/www.em.com.br\/emfoco\/2025\/05\/27\/conheca-o-segredo-por-tras-do-cultivo-de-girassois-e-transforme-seu-quintal\/#primaryimage"},"thumbnailUrl":"https:\/\/www.em.com.br\/emfoco\/wp-content\/uploads\/2025\/05\/sunflower_1747859080954.jpg","datePublished":"2025-05-27T19:20:00+00:00","dateModified":"2025-05-21T20:27:19+00:00","author":{"@id":"https:\/\/www.em.com.br\/emfoco\/#\/schema\/person\/1c9ddeab18b98abeffef834667bcf08a"},"description":"Aprenda a cultivar girass\u00f3is com dicas simples e pr\u00e1ticas que garantem flores vibrantes e saud\u00e1veis direto no seu jardim ou varanda.","breadcrumb":{"@id":"https:\/\/www.em.com.br\/emfoco\/2025\/05\/27\/conheca-o-segredo-por-tras-do-cultivo-de-girassois-e-transforme-seu-quintal\/#breadcrumb"},"inLanguage":"pt-BR","potentialAction":[{"@type":"ReadAction","target":["https:\/\/www.em.com.br\/emfoco\/2025\/05\/27\/conheca-o-segredo-por-tras-do-cultivo-de-girassois-e-transforme-seu-quintal\/"]}]},{"@type":"ImageObject","inLanguage":"pt-BR","@id":"https:\/\/www.em.com.br\/emfoco\/2025\/05\/27\/conheca-o-segredo-por-tras-do-cultivo-de-girassois-e-transforme-seu-quintal\/#primaryimage","url":"https:\/\/www.em.com.br\/emfoco\/wp-content\/uploads\/2025\/05\/sunflower_1747859080954.jpg","contentUrl":"https:\/\/www.em.com.br\/emfoco\/wp-content\/uploads\/2025\/05\/sunflower_1747859080954.jpg","width":1280,"height":720,"caption":"Girassol - Cr\u00e9ditos: depositphotos.com \/ AntonMatyukha"},{"@type":"BreadcrumbList","@id":"https:\/\/www.em.com.br\/emfoco\/2025\/05\/27\/conheca-o-segredo-por-tras-do-cultivo-de-girassois-e-transforme-seu-quintal\/#breadcrumb","itemListElement":[{"@type":"ListItem","position":1,"name":"In\u00edcio","item":"https:\/\/www.em.com.br\/emfoco\/"},{"@type":"ListItem","position":2,"name":"Conhe\u00e7a o segredo por tr\u00e1s do cultivo de girass\u00f3is e transforme seu quintal"}]},{"@type":"WebSite","@id":"https:\/\/www.em.com.br\/emfoco\/#website","url":"https:\/\/www.em.com.br\/emfoco\/","name":"Estado de Minas - Em foco","description":"Acompanhe as \u00faltimas not\u00edcias e fique bem informado sobre tudo o que acontece em Minas Gerais, Brasil e no mundo.","potentialAction":[{"@type":"SearchAction","target":{"@type":"EntryPoint","urlTemplate":"https:\/\/www.em.com.br\/emfoco\/?s={search_term_string}"},"query-input":{"@type":"PropertyValueSpecification","valueRequired":true,"valueName":"search_term_string"}}],"inLanguage":"pt-BR"},{"@type":"Person","@id":"https:\/\/www.em.com.br\/emfoco\/#\/schema\/person\/1c9ddeab18b98abeffef834667bcf08a","name":"Gabriel Martins","image":{"@type":"ImageObject","inLanguage":"pt-BR","@id":"https:\/\/www.em.com.br\/emfoco\/#\/schema\/person\/image\/","url":"https:\/\/secure.gravatar.com\/avatar\/f0f1e2efdfd88f1ad2cb08c5c2731e50?s=96&d=mm&r=g","contentUrl":"https:\/\/secure.gravatar.com\/avatar\/f0f1e2efdfd88f1ad2cb08c5c2731e50?s=96&d=mm&r=g","caption":"Gabriel Martins"},"sameAs":["https:\/\/www.em.com.br\/emfoco\/"],"url":"https:\/\/www.em.com.br\/emfoco\/author\/gabrielmartinsmyth\/"}]}},"_links":{"self":[{"href":"https:\/\/www.em.com.br\/emfoco\/wp-json\/wp\/v2\/posts\/49832","targetHints":{"allow":["GET"]}}],"collection":[{"href":"https:\/\/www.em.com.br\/emfoco\/wp-json\/wp\/v2\/posts"}],"about":[{"href":"https:\/\/www.em.com.br\/emfoco\/wp-json\/wp\/v2\/types\/post"}],"author":[{"embeddable":true,"href":"https:\/\/www.em.com.br\/emfoco\/wp-json\/wp\/v2\/users\/13"}],"replies":[{"embeddable":true,"href":"https:\/\/www.em.com.br\/emfoco\/wp-json\/wp\/v2\/comments?post=49832"}],"version-history":[{"count":2,"href":"https:\/\/www.em.com.br\/emfoco\/wp-json\/wp\/v2\/posts\/49832\/revisions"}],"predecessor-version":[{"id":49848,"href":"https:\/\/www.em.com.br\/emfoco\/wp-json\/wp\/v2\/posts\/49832\/revisions\/49848"}],"wp:featuredmedia":[{"embeddable":true,"href":"https:\/\/www.em.com.br\/emfoco\/wp-json\/wp\/v2\/media\/49845"}],"wp:attachment":[{"href":"https:\/\/www.em.com.br\/emfoco\/wp-json\/wp\/v2\/media?parent=49832"}],"wp:term":[{"taxonomy":"category","embeddable":true,"href":"https:\/\/www.em.com.br\/emfoco\/wp-json\/wp\/v2\/categories?post=49832"},{"taxonomy":"post_tag","embeddable":true,"href":"https:\/\/www.em.com.br\/emfoco\/wp-json\/wp\/v2\/tags?post=49832"}],"curies":[{"name":"wp","href":"https:\/\/api.w.org\/{rel}","templated":true}]}}