{"id":49246,"date":"2025-05-22T11:40:00","date_gmt":"2025-05-22T14:40:00","guid":{"rendered":"https:\/\/www.em.com.br\/emfoco\/?p=49246"},"modified":"2025-05-21T17:31:51","modified_gmt":"2025-05-21T20:31:51","slug":"os-efeitos-surpreendentes-do-cha-de-carqueja-no-corpo-e-na-mente","status":"publish","type":"post","link":"https:\/\/www.em.com.br\/emfoco\/2025\/05\/22\/os-efeitos-surpreendentes-do-cha-de-carqueja-no-corpo-e-na-mente\/","title":{"rendered":"Os efeitos surpreendentes do ch\u00e1 de carqueja no corpo e na mente"},"content":{"rendered":"\n<p>A carqueja, conhecida cientificamente como <em><strong>Baccharis trimera<\/strong><\/em>, \u00e9 uma planta medicinal nativa do <strong>Brasil<\/strong>, amplamente utilizada em infus\u00f5es devido aos seus in\u00fameros benef\u00edcios \u00e0 sa\u00fade. Crescendo de forma espont\u00e2nea em diversos tipos de solo, a carqueja \u00e9 uma escolha popular para aqueles que buscam rem\u00e9dios naturais. Entre suas propriedades mais not\u00e1veis, destaca-se a capacidade de auxiliar na regula\u00e7\u00e3o da press\u00e3o arterial e dos n\u00edveis de a\u00e7\u00facar no sangue.<\/p>\n\n\n\n<p>O ch\u00e1 de carqueja \u00e9 tamb\u00e9m um potente diur\u00e9tico, promovendo a elimina\u00e7\u00e3o de l\u00edquidos e ajudando a combater o incha\u00e7o. Al\u00e9m disso, a infus\u00e3o estimula a <strong>produ\u00e7\u00e3o de bile<\/strong> e <strong>enzimas digestivas<\/strong>, o que melhora significativamente o funcionamento do<a href=\"https:\/\/www.oncoguia.org.br\/conteudo\/o-trato-gastrointestinal\/743\/171\/\" target=\"_blank\" rel=\"noreferrer noopener\"> <strong>trato gastrointestinal<\/strong><\/a>. Este efeito \u00e9 particularmente ben\u00e9fico para quem busca uma digest\u00e3o mais eficiente e a elimina\u00e7\u00e3o de toxinas do organismo.<\/p>\n\n\n\n<h2 class=\"wp-block-heading\">Como o ch\u00e1 de carqueja atua no organismo?<\/h2>\n\n\n\n<p>O consumo regular do ch\u00e1 de carqueja pode trazer diversos benef\u00edcios devido aos seus compostos antioxidantes e anti-inflamat\u00f3rios. Esses compostos ajudam a combater o estresse oxidativo das c\u00e9lulas, o que pode melhorar quadros de ansiedade e depress\u00e3o, al\u00e9m de contribuir para uma melhor qualidade do sono. O f\u00edgado, um dos \u00f3rg\u00e3os mais beneficiados, tem sua fun\u00e7\u00e3o de elimina\u00e7\u00e3o de toxinas aprimorada, o que \u00e9 essencial para a sa\u00fade geral do corpo.<\/p>\n\n\n\n<p>Al\u00e9m disso, a carqueja <strong>fortalece o <a href=\"https:\/\/www.em.com.br\/emfoco\/2025\/03\/26\/inhame-o-superalimento-que-fortalece-o-sistema-imunologico-e-melhora-a-digestao\/\" target=\"_blank\" rel=\"noreferrer noopener\">sistema imunol\u00f3gico<\/a><\/strong>, contribuindo para a prote\u00e7\u00e3o do organismo contra diversas doen\u00e7as. O efeito diur\u00e9tico do ch\u00e1 n\u00e3o s\u00f3 ajuda na elimina\u00e7\u00e3o de l\u00edquidos, mas tamb\u00e9m pode ser \u00fatil na perda de peso, quando associado a uma dieta equilibrada e exerc\u00edcios f\u00edsicos regulares.<\/p>\n\n\n\n<figure class=\"wp-block-image size-large\"><img loading=\"lazy\" decoding=\"async\" width=\"1024\" height=\"576\" src=\"https:\/\/www.em.com.br\/emfoco\/wp-content\/uploads\/2025\/04\/Boldo_1743872183236-1024x576.jpg\" alt=\"Voc\u00ea sabia? O ch\u00e1 de boldo pode transformar sua sa\u00fade digestiva!\" class=\"wp-image-35606\" srcset=\"https:\/\/www.em.com.br\/emfoco\/wp-content\/uploads\/2025\/04\/Boldo_1743872183236-1024x576.jpg 1024w, https:\/\/www.em.com.br\/emfoco\/wp-content\/uploads\/2025\/04\/Boldo_1743872183236-300x169.jpg 300w, https:\/\/www.em.com.br\/emfoco\/wp-content\/uploads\/2025\/04\/Boldo_1743872183236-768x432.jpg 768w, https:\/\/www.em.com.br\/emfoco\/wp-content\/uploads\/2025\/04\/Boldo_1743872183236-750x422.jpg 750w, https:\/\/www.em.com.br\/emfoco\/wp-content\/uploads\/2025\/04\/Boldo_1743872183236-1140x641.jpg 1140w, https:\/\/www.em.com.br\/emfoco\/wp-content\/uploads\/2025\/04\/Boldo_1743872183236.jpg 1280w\" sizes=\"auto, (max-width: 1024px) 100vw, 1024px\" \/><figcaption class=\"wp-element-caption\">Ch\u00e1 de boldo &#8211; Cr\u00e9ditos: depositphotos.com \/ vbacarin<\/figcaption><\/figure>\n\n\n\n<h2 class=\"wp-block-heading\">Como preparar o ch\u00e1 de carqueja?<\/h2>\n\n\n\n<p>Para preparar o ch\u00e1 de carqueja, s\u00e3o necess\u00e1rios apenas dois ingredientes simples: hastes de carqueja e \u00e1gua fervente. A receita \u00e9 f\u00e1cil de seguir e pode ser incorporada \u00e0 rotina di\u00e1ria de forma pr\u00e1tica.<\/p>\n\n\n\n<ol class=\"wp-block-list\">\n<li>Adicione 2 colheres de sopa de hastes de carqueja a 1 litro de \u00e1gua fervente.<\/li>\n\n\n\n<li>Deixe a mistura repousar por 10 minutos.<\/li>\n\n\n\n<li>Coe o ch\u00e1 e est\u00e1 pronto para consumo.<\/li>\n<\/ol>\n\n\n\n<p>\u00c9 recomendado n\u00e3o exceder o consumo de tr\u00eas x\u00edcaras de ch\u00e1 por dia. Antes de incluir a infus\u00e3o na rotina, \u00e9 aconselh\u00e1vel consultar um profissional de sa\u00fade para garantir que o consumo seja seguro e adequado \u00e0s necessidades individuais.<\/p>\n\n\n\n<h2 class=\"wp-block-heading\">Quem deve evitar o ch\u00e1 de carqueja?<\/h2>\n\n\n\n<p>Embora o ch\u00e1 de carqueja ofere\u00e7a muitos benef\u00edcios, algumas pessoas devem evit\u00e1-lo. Gestantes e lactantes, por exemplo, devem abster-se de consumir a bebida. Al\u00e9m disso, indiv\u00edduos com press\u00e3o arterial baixa, aqueles que utilizam antidepressivos ou ansiol\u00edticos, e pessoas com doen\u00e7as hep\u00e1ticas graves devem consultar um m\u00e9dico antes de consumir o ch\u00e1.<\/p>\n\n\n\n<p>\u00c9 importante lembrar que, apesar dos benef\u00edcios, o ch\u00e1 de carqueja n\u00e3o substitui medica\u00e7\u00f5es prescritas e seu consumo deve ser acompanhado por um especialista. O uso respons\u00e1vel e informado da carqueja pode maximizar seus benef\u00edcios e minimizar riscos \u00e0 sa\u00fade.<\/p>\n","protected":false},"excerpt":{"rendered":"<p>A carqueja, conhecida cientificamente como Baccharis trimera, \u00e9 uma planta medicinal nativa do Brasil, amplamente utilizada em infus\u00f5es devido aos seus in\u00fameros benef\u00edcios \u00e0 sa\u00fade. Crescendo de forma espont\u00e2nea em diversos tipos de solo, a carqueja \u00e9 uma escolha popular para aqueles que buscam rem\u00e9dios naturais. Entre suas propriedades mais not\u00e1veis, destaca-se a capacidade de [&hellip;]<\/p>\n","protected":false},"author":13,"featured_media":47000,"comment_status":"open","ping_status":"open","sticky":false,"template":"","format":"standard","meta":{"jnews-multi-image_gallery":[],"jnews_single_post":{"format":"standard"},"jnews_primary_category":[],"jnews_social_meta":[],"jnews_override_counter":[],"footnotes":""},"categories":[8819],"tags":[8891,8892,5508,415],"class_list":["post-49246","post","type-post","status-publish","format-standard","has-post-thumbnail","hentry","category-curiosidades","tag-cha-de-carqueja","tag-diuretico","tag-plantas-medicinais","tag-saude"],"yoast_head":"<!-- This site is optimized with the Yoast SEO plugin v23.8 - https:\/\/yoast.com\/wordpress\/plugins\/seo\/ -->\n<title>Os efeitos surpreendentes do ch\u00e1 de carqueja no corpo e na mente - Estado de Minas - Em foco<\/title>\n<meta name=\"description\" content=\"O ch\u00e1 de carqueja melhora a digest\u00e3o, desincha, fortalece o f\u00edgado e ajuda a eliminar toxinas de forma natural e eficaz.\" \/>\n<meta name=\"robots\" content=\"index, follow, max-snippet:-1, max-image-preview:large, max-video-preview:-1\" \/>\n<link rel=\"canonical\" href=\"https:\/\/www.em.com.br\/emfoco\/2025\/05\/22\/os-efeitos-surpreendentes-do-cha-de-carqueja-no-corpo-e-na-mente\/\" \/>\n<meta property=\"og:locale\" content=\"pt_BR\" \/>\n<meta property=\"og:type\" content=\"article\" \/>\n<meta property=\"og:title\" content=\"Os efeitos surpreendentes do ch\u00e1 de carqueja no corpo e na mente - Estado de Minas - Em foco\" \/>\n<meta property=\"og:description\" content=\"O ch\u00e1 de carqueja melhora a digest\u00e3o, desincha, fortalece o f\u00edgado e ajuda a eliminar toxinas de forma natural e eficaz.\" \/>\n<meta property=\"og:url\" content=\"https:\/\/www.em.com.br\/emfoco\/2025\/05\/22\/os-efeitos-surpreendentes-do-cha-de-carqueja-no-corpo-e-na-mente\/\" \/>\n<meta property=\"og:site_name\" content=\"Estado de Minas - Em foco\" \/>\n<meta property=\"article:published_time\" content=\"2025-05-22T14:40:00+00:00\" \/>\n<meta property=\"article:modified_time\" content=\"2025-05-21T20:31:51+00:00\" \/>\n<meta property=\"og:image\" content=\"https:\/\/www.em.com.br\/emfoco\/wp-content\/uploads\/2025\/05\/cha-verde_1747153941226.jpg\" \/>\n\t<meta property=\"og:image:width\" content=\"1280\" \/>\n\t<meta property=\"og:image:height\" content=\"720\" \/>\n\t<meta property=\"og:image:type\" content=\"image\/jpeg\" \/>\n<meta name=\"author\" content=\"Gabriel Martins\" \/>\n<meta name=\"twitter:card\" content=\"summary_large_image\" \/>\n<meta name=\"twitter:label1\" content=\"Escrito por\" \/>\n\t<meta name=\"twitter:data1\" content=\"Gabriel Martins\" \/>\n\t<meta name=\"twitter:label2\" content=\"Est. tempo de leitura\" \/>\n\t<meta name=\"twitter:data2\" content=\"3 minutos\" \/>\n<!-- \/ Yoast SEO plugin. -->","yoast_head_json":{"title":"Os efeitos surpreendentes do ch\u00e1 de carqueja no corpo e na mente - Estado de Minas - Em foco","description":"O ch\u00e1 de carqueja melhora a digest\u00e3o, desincha, fortalece o f\u00edgado e ajuda a eliminar toxinas de forma natural e eficaz.","robots":{"index":"index","follow":"follow","max-snippet":"max-snippet:-1","max-image-preview":"max-image-preview:large","max-video-preview":"max-video-preview:-1"},"canonical":"https:\/\/www.em.com.br\/emfoco\/2025\/05\/22\/os-efeitos-surpreendentes-do-cha-de-carqueja-no-corpo-e-na-mente\/","og_locale":"pt_BR","og_type":"article","og_title":"Os efeitos surpreendentes do ch\u00e1 de carqueja no corpo e na mente - Estado de Minas - Em foco","og_description":"O ch\u00e1 de carqueja melhora a digest\u00e3o, desincha, fortalece o f\u00edgado e ajuda a eliminar toxinas de forma natural e eficaz.","og_url":"https:\/\/www.em.com.br\/emfoco\/2025\/05\/22\/os-efeitos-surpreendentes-do-cha-de-carqueja-no-corpo-e-na-mente\/","og_site_name":"Estado de Minas - Em foco","article_published_time":"2025-05-22T14:40:00+00:00","article_modified_time":"2025-05-21T20:31:51+00:00","og_image":[{"width":1280,"height":720,"url":"https:\/\/www.em.com.br\/emfoco\/wp-content\/uploads\/2025\/05\/cha-verde_1747153941226.jpg","type":"image\/jpeg"}],"author":"Gabriel Martins","twitter_card":"summary_large_image","twitter_misc":{"Escrito por":"Gabriel Martins","Est. tempo de leitura":"3 minutos"},"schema":{"@context":"https:\/\/schema.org","@graph":[{"@type":"WebPage","@id":"https:\/\/www.em.com.br\/emfoco\/2025\/05\/22\/os-efeitos-surpreendentes-do-cha-de-carqueja-no-corpo-e-na-mente\/","url":"https:\/\/www.em.com.br\/emfoco\/2025\/05\/22\/os-efeitos-surpreendentes-do-cha-de-carqueja-no-corpo-e-na-mente\/","name":"Os efeitos surpreendentes do ch\u00e1 de carqueja no corpo e na mente - Estado de Minas - Em foco","isPartOf":{"@id":"https:\/\/www.em.com.br\/emfoco\/#website"},"primaryImageOfPage":{"@id":"https:\/\/www.em.com.br\/emfoco\/2025\/05\/22\/os-efeitos-surpreendentes-do-cha-de-carqueja-no-corpo-e-na-mente\/#primaryimage"},"image":{"@id":"https:\/\/www.em.com.br\/emfoco\/2025\/05\/22\/os-efeitos-surpreendentes-do-cha-de-carqueja-no-corpo-e-na-mente\/#primaryimage"},"thumbnailUrl":"https:\/\/www.em.com.br\/emfoco\/wp-content\/uploads\/2025\/05\/cha-verde_1747153941226.jpg","datePublished":"2025-05-22T14:40:00+00:00","dateModified":"2025-05-21T20:31:51+00:00","author":{"@id":"https:\/\/www.em.com.br\/emfoco\/#\/schema\/person\/1c9ddeab18b98abeffef834667bcf08a"},"description":"O ch\u00e1 de carqueja melhora a digest\u00e3o, desincha, fortalece o f\u00edgado e ajuda a eliminar toxinas de forma natural e eficaz.","breadcrumb":{"@id":"https:\/\/www.em.com.br\/emfoco\/2025\/05\/22\/os-efeitos-surpreendentes-do-cha-de-carqueja-no-corpo-e-na-mente\/#breadcrumb"},"inLanguage":"pt-BR","potentialAction":[{"@type":"ReadAction","target":["https:\/\/www.em.com.br\/emfoco\/2025\/05\/22\/os-efeitos-surpreendentes-do-cha-de-carqueja-no-corpo-e-na-mente\/"]}]},{"@type":"ImageObject","inLanguage":"pt-BR","@id":"https:\/\/www.em.com.br\/emfoco\/2025\/05\/22\/os-efeitos-surpreendentes-do-cha-de-carqueja-no-corpo-e-na-mente\/#primaryimage","url":"https:\/\/www.em.com.br\/emfoco\/wp-content\/uploads\/2025\/05\/cha-verde_1747153941226.jpg","contentUrl":"https:\/\/www.em.com.br\/emfoco\/wp-content\/uploads\/2025\/05\/cha-verde_1747153941226.jpg","width":1280,"height":720,"caption":"Ch\u00e1 - Cr\u00e9ditos: depositphotos.com \/ tankist276"},{"@type":"BreadcrumbList","@id":"https:\/\/www.em.com.br\/emfoco\/2025\/05\/22\/os-efeitos-surpreendentes-do-cha-de-carqueja-no-corpo-e-na-mente\/#breadcrumb","itemListElement":[{"@type":"ListItem","position":1,"name":"In\u00edcio","item":"https:\/\/www.em.com.br\/emfoco\/"},{"@type":"ListItem","position":2,"name":"Os efeitos surpreendentes do ch\u00e1 de carqueja no corpo e na mente"}]},{"@type":"WebSite","@id":"https:\/\/www.em.com.br\/emfoco\/#website","url":"https:\/\/www.em.com.br\/emfoco\/","name":"Estado de Minas - Em foco","description":"Acompanhe as \u00faltimas not\u00edcias e fique bem informado sobre tudo o que acontece em Minas Gerais, Brasil e no mundo.","potentialAction":[{"@type":"SearchAction","target":{"@type":"EntryPoint","urlTemplate":"https:\/\/www.em.com.br\/emfoco\/?s={search_term_string}"},"query-input":{"@type":"PropertyValueSpecification","valueRequired":true,"valueName":"search_term_string"}}],"inLanguage":"pt-BR"},{"@type":"Person","@id":"https:\/\/www.em.com.br\/emfoco\/#\/schema\/person\/1c9ddeab18b98abeffef834667bcf08a","name":"Gabriel Martins","image":{"@type":"ImageObject","inLanguage":"pt-BR","@id":"https:\/\/www.em.com.br\/emfoco\/#\/schema\/person\/image\/","url":"https:\/\/secure.gravatar.com\/avatar\/f0f1e2efdfd88f1ad2cb08c5c2731e50?s=96&d=mm&r=g","contentUrl":"https:\/\/secure.gravatar.com\/avatar\/f0f1e2efdfd88f1ad2cb08c5c2731e50?s=96&d=mm&r=g","caption":"Gabriel Martins"},"sameAs":["https:\/\/www.em.com.br\/emfoco\/"],"url":"https:\/\/www.em.com.br\/emfoco\/author\/gabrielmartinsmyth\/"}]}},"_links":{"self":[{"href":"https:\/\/www.em.com.br\/emfoco\/wp-json\/wp\/v2\/posts\/49246","targetHints":{"allow":["GET"]}}],"collection":[{"href":"https:\/\/www.em.com.br\/emfoco\/wp-json\/wp\/v2\/posts"}],"about":[{"href":"https:\/\/www.em.com.br\/emfoco\/wp-json\/wp\/v2\/types\/post"}],"author":[{"embeddable":true,"href":"https:\/\/www.em.com.br\/emfoco\/wp-json\/wp\/v2\/users\/13"}],"replies":[{"embeddable":true,"href":"https:\/\/www.em.com.br\/emfoco\/wp-json\/wp\/v2\/comments?post=49246"}],"version-history":[{"count":2,"href":"https:\/\/www.em.com.br\/emfoco\/wp-json\/wp\/v2\/posts\/49246\/revisions"}],"predecessor-version":[{"id":49274,"href":"https:\/\/www.em.com.br\/emfoco\/wp-json\/wp\/v2\/posts\/49246\/revisions\/49274"}],"wp:featuredmedia":[{"embeddable":true,"href":"https:\/\/www.em.com.br\/emfoco\/wp-json\/wp\/v2\/media\/47000"}],"wp:attachment":[{"href":"https:\/\/www.em.com.br\/emfoco\/wp-json\/wp\/v2\/media?parent=49246"}],"wp:term":[{"taxonomy":"category","embeddable":true,"href":"https:\/\/www.em.com.br\/emfoco\/wp-json\/wp\/v2\/categories?post=49246"},{"taxonomy":"post_tag","embeddable":true,"href":"https:\/\/www.em.com.br\/emfoco\/wp-json\/wp\/v2\/tags?post=49246"}],"curies":[{"name":"wp","href":"https:\/\/api.w.org\/{rel}","templated":true}]}}