{"id":4912,"date":"2024-12-15T07:20:00","date_gmt":"2024-12-15T10:20:00","guid":{"rendered":"https:\/\/www.em.com.br\/emfoco\/?p=4912"},"modified":"2024-12-14T11:14:22","modified_gmt":"2024-12-14T14:14:22","slug":"voce-sabe-como-otimizar-seus-beneficios-do-bolsa-familia-confira","status":"publish","type":"post","link":"https:\/\/www.em.com.br\/emfoco\/2024\/12\/15\/voce-sabe-como-otimizar-seus-beneficios-do-bolsa-familia-confira\/","title":{"rendered":"Voc\u00ea sabe como otimizar seus benef\u00edcios do Bolsa Fam\u00edlia? Confira"},"content":{"rendered":"\n<p>O <a href=\"https:\/\/www.gov.br\/mds\/pt-br\/acoes-e-programas\/bolsa-familia\" target=\"_blank\" rel=\"noreferrer noopener\">Bolsa Fam\u00edlia<\/a> \u00e9 um programa social essencial para milh\u00f5es de brasileiros, garantindo suporte financeiro \u00e0s <a href=\"https:\/\/www.em.com.br\/emfoco\/2024\/11\/16\/bolsa-familia-beneficia-quase-5-mil-familias-em-ouro-preto-mg\/\" target=\"_blank\" rel=\"noreferrer noopener\">fam\u00edlias <\/a>em condi\u00e7\u00f5es de vulnerabilidade. Para assegurar a continuidade do benef\u00edcio em 2025, \u00e9 crucial que os inscritos mantenham suas informa\u00e7\u00f5es atualizadas no Cadastro \u00danico. Informa\u00e7\u00f5es desatualizadas ou incorretas podem impedir o recebimento do aux\u00edlio.<\/p>\n\n\n\n<p>Atualmente, o Minist\u00e9rio do Desenvolvimento Social (MDS) estima que cerca de 20,81 milh\u00f5es de pessoas estejam inscritas no programa. Estas representam fam\u00edlias que vivem em extrema pobreza em diversas regi\u00f5es do Brasil. Atualizar os dados \u00e9 um passo vital para continuar recebendo o suporte financeiro provido pelo governo.<\/p>\n\n\n\n<h2 class=\"wp-block-heading\">Quais s\u00e3o as Condicionalidades para Recebimento do Bolsa Fam\u00edlia?<\/h2>\n\n\n\n<p>Mantendo-se como benefici\u00e1rio do Bolsa Fam\u00edlia, \u00e9 necess\u00e1rio seguir uma s\u00e9rie de condicionalidades estabelecidas pelo governo. Essas condi\u00e7\u00f5es v\u00e3o al\u00e9m do crit\u00e9rio da renda, que n\u00e3o pode ultrapassar R$ 218 por pessoa. O cumprimento dessas regras \u00e9 verificado regularmente pelos \u00f3rg\u00e3os respons\u00e1veis.<\/p>\n\n\n\n<p>As condicionalidades incluem a frequ\u00eancia escolar m\u00ednima de 85% das crian\u00e7as e jovens, acompanhamento nutricional anual de crian\u00e7as at\u00e9 sete anos, pr\u00e9-natal das gestantes e atualiza\u00e7\u00e3o regular das vacinas. Al\u00e9m disso, as informa\u00e7\u00f5es no Cadastro \u00danico devem ser revisadas a cada dois anos ou sempre que existirem mudan\u00e7as na composi\u00e7\u00e3o familiar.<\/p>\n\n\n<div class=\"wp-block-image\">\n<figure class=\"aligncenter size-large\"><img loading=\"lazy\" decoding=\"async\" width=\"1024\" height=\"576\" src=\"https:\/\/www.em.com.br\/emfoco\/wp-content\/uploads\/2024\/12\/Brazil-Money_1733948646731-1024x576.jpg\" alt=\"\" class=\"wp-image-4410\" srcset=\"https:\/\/www.em.com.br\/emfoco\/wp-content\/uploads\/2024\/12\/Brazil-Money_1733948646731-1024x576.jpg 1024w, https:\/\/www.em.com.br\/emfoco\/wp-content\/uploads\/2024\/12\/Brazil-Money_1733948646731-300x169.jpg 300w, https:\/\/www.em.com.br\/emfoco\/wp-content\/uploads\/2024\/12\/Brazil-Money_1733948646731-768x432.jpg 768w, https:\/\/www.em.com.br\/emfoco\/wp-content\/uploads\/2024\/12\/Brazil-Money_1733948646731-750x422.jpg 750w, https:\/\/www.em.com.br\/emfoco\/wp-content\/uploads\/2024\/12\/Brazil-Money_1733948646731-1140x641.jpg 1140w, https:\/\/www.em.com.br\/emfoco\/wp-content\/uploads\/2024\/12\/Brazil-Money_1733948646731.jpg 1280w\" sizes=\"auto, (max-width: 1024px) 100vw, 1024px\" \/><figcaption class=\"wp-element-caption\">Muito dinheiro pra um ex presidente? &#8211; Cr\u00e9ditos: depositphotos.com \/ rodrigobellizzi<\/figcaption><\/figure><\/div>\n\n\n<h2 class=\"wp-block-heading\">Quando Atualizar o Cadastro \u00danico?<\/h2>\n\n\n\n<p>A atualiza\u00e7\u00e3o do Cadastro \u00danico deve ocorrer em determinadas situa\u00e7\u00f5es para garantir a continuidade do Bolsa Fam\u00edlia. Existem tr\u00eas cen\u00e1rios principais que demandam essa atualiza\u00e7\u00e3o:<\/p>\n\n\n\n<ul class=\"wp-block-list\">\n<li><strong>A cada dois anos<\/strong>: Mesmo sem altera\u00e7\u00f5es significativas, a revis\u00e3o bianual \u00e9 obrigat\u00f3ria.<\/li>\n\n\n\n<li><strong>Por convoca\u00e7\u00e3o<\/strong>: O governo pode solicitar a atualiza\u00e7\u00e3o dentro de um prazo de 30 dias, via notifica\u00e7\u00e3o oficial.<\/li>\n\n\n\n<li><strong>Voluntariamente<\/strong>: O titular pode atualizar informa\u00e7\u00f5es como mudan\u00e7a de endere\u00e7o, escola, altera\u00e7\u00f5es na renda ou na composi\u00e7\u00e3o familiar.<\/li>\n<\/ul>\n\n\n\n<h2 class=\"wp-block-heading\">Como Proceder \u00e0 Atualiza\u00e7\u00e3o no CRAS?<\/h2>\n\n\n\n<p>Para atualizar o Cadastro \u00danico, \u00e9 necess\u00e1rio um atendimento presencial no Centro de Refer\u00eancia e Assist\u00eancia Social (CRAS). Isso requer um agendamento pr\u00e9vio, durante o qual documentos essenciais s\u00e3o apresentados e um question\u00e1rio socioecon\u00f4mico \u00e9 completado. O respons\u00e1vel pelo cadastro deve ter mais de 16 anos.<\/p>\n\n\n\n<p>A atualiza\u00e7\u00e3o correta e o seguimento das etapas pr\u00e1ticas s\u00e3o fundamentais para que o processo seja aprovado e os benef\u00edcios do programa mantenham-se dispon\u00edveis para a fam\u00edlia inscrita.<\/p>\n\n\n\n<h2 class=\"wp-block-heading\">Por Que Manter os Dados Atualizados \u00e9 Crucial?<\/h2>\n\n\n\n<p>Atualizar o Cadastro \u00danico \u00e9 mais do que uma obriga\u00e7\u00e3o; \u00e9 fundamental para assegurar que as fam\u00edlias continuem a receber suporte financeiro e social. Estas informa\u00e7\u00f5es possibilitam ao governo planejar pol\u00edticas p\u00fablicas eficazes e direcionadas \u00e0s \u00e1reas e grupos mais necessitados. Manter dados precisos garante que o aux\u00edlio chegue a quem realmente necessita.<\/p>\n\n\n\n<p>Ter informa\u00e7\u00f5es precisas no sistema evita erros que podem levar \u00e0 suspens\u00e3o ou cancelamento dos benef\u00edcios, prejudicando fam\u00edlias que dependem deste aux\u00edlio para suas necessidades b\u00e1sicas di\u00e1rias.<\/p>\n","protected":false},"excerpt":{"rendered":"<p>O Bolsa Fam\u00edlia \u00e9 um programa social essencial para milh\u00f5es de brasileiros, garantindo suporte financeiro \u00e0s fam\u00edlias em condi\u00e7\u00f5es de vulnerabilidade. Para assegurar a continuidade do benef\u00edcio em 2025, \u00e9 crucial que os inscritos mantenham suas informa\u00e7\u00f5es atualizadas no Cadastro \u00danico. Informa\u00e7\u00f5es desatualizadas ou incorretas podem impedir o recebimento do aux\u00edlio. Atualmente, o Minist\u00e9rio do [&hellip;]<\/p>\n","protected":false},"author":7,"featured_media":2182,"comment_status":"open","ping_status":"open","sticky":false,"template":"","format":"standard","meta":{"jnews-multi-image_gallery":[],"jnews_single_post":{"format":"standard"},"jnews_primary_category":[],"jnews_social_meta":[],"jnews_override_counter":[],"footnotes":""},"categories":[28],"tags":[259,209,2002,757],"class_list":["post-4912","post","type-post","status-publish","format-standard","has-post-thumbnail","hentry","category-economia","tag-beneficio","tag-bolsa-familia","tag-cad-unico","tag-cras"],"yoast_head":"<!-- This site is optimized with the Yoast SEO plugin v23.8 - https:\/\/yoast.com\/wordpress\/plugins\/seo\/ -->\n<title>Voc\u00ea sabe como otimizar seus benef\u00edcios do Bolsa Fam\u00edlia? Confira - Estado de Minas - Em foco<\/title>\n<meta name=\"description\" content=\"Atualize seu cadastro e Saiba quando e como manter seus dados em dia com o CRAS.\" \/>\n<meta name=\"robots\" content=\"index, follow, max-snippet:-1, max-image-preview:large, max-video-preview:-1\" \/>\n<link rel=\"canonical\" href=\"https:\/\/www.em.com.br\/emfoco\/2024\/12\/15\/voce-sabe-como-otimizar-seus-beneficios-do-bolsa-familia-confira\/\" \/>\n<meta property=\"og:locale\" content=\"pt_BR\" \/>\n<meta property=\"og:type\" content=\"article\" \/>\n<meta property=\"og:title\" content=\"Voc\u00ea sabe como otimizar seus benef\u00edcios do Bolsa Fam\u00edlia? Confira - Estado de Minas - Em foco\" \/>\n<meta property=\"og:description\" content=\"Atualize seu cadastro e Saiba quando e como manter seus dados em dia com o CRAS.\" \/>\n<meta property=\"og:url\" content=\"https:\/\/www.em.com.br\/emfoco\/2024\/12\/15\/voce-sabe-como-otimizar-seus-beneficios-do-bolsa-familia-confira\/\" \/>\n<meta property=\"og:site_name\" content=\"Estado de Minas - Em foco\" \/>\n<meta property=\"article:published_time\" content=\"2024-12-15T10:20:00+00:00\" \/>\n<meta property=\"article:modified_time\" content=\"2024-12-14T14:14:22+00:00\" \/>\n<meta property=\"og:image\" content=\"https:\/\/www.em.com.br\/emfoco\/wp-content\/uploads\/2024\/11\/Bolsa-familia_1732875432173.jpg\" \/>\n\t<meta property=\"og:image:width\" content=\"1280\" \/>\n\t<meta property=\"og:image:height\" content=\"720\" \/>\n\t<meta property=\"og:image:type\" content=\"image\/jpeg\" \/>\n<meta name=\"author\" content=\"Kelvin\" \/>\n<meta name=\"twitter:card\" content=\"summary_large_image\" \/>\n<meta name=\"twitter:label1\" content=\"Escrito por\" \/>\n\t<meta name=\"twitter:data1\" content=\"Kelvin\" \/>\n\t<meta name=\"twitter:label2\" content=\"Est. tempo de leitura\" \/>\n\t<meta name=\"twitter:data2\" content=\"3 minutos\" \/>\n<!-- \/ Yoast SEO plugin. -->","yoast_head_json":{"title":"Voc\u00ea sabe como otimizar seus benef\u00edcios do Bolsa Fam\u00edlia? Confira - Estado de Minas - Em foco","description":"Atualize seu cadastro e Saiba quando e como manter seus dados em dia com o CRAS.","robots":{"index":"index","follow":"follow","max-snippet":"max-snippet:-1","max-image-preview":"max-image-preview:large","max-video-preview":"max-video-preview:-1"},"canonical":"https:\/\/www.em.com.br\/emfoco\/2024\/12\/15\/voce-sabe-como-otimizar-seus-beneficios-do-bolsa-familia-confira\/","og_locale":"pt_BR","og_type":"article","og_title":"Voc\u00ea sabe como otimizar seus benef\u00edcios do Bolsa Fam\u00edlia? Confira - Estado de Minas - Em foco","og_description":"Atualize seu cadastro e Saiba quando e como manter seus dados em dia com o CRAS.","og_url":"https:\/\/www.em.com.br\/emfoco\/2024\/12\/15\/voce-sabe-como-otimizar-seus-beneficios-do-bolsa-familia-confira\/","og_site_name":"Estado de Minas - Em foco","article_published_time":"2024-12-15T10:20:00+00:00","article_modified_time":"2024-12-14T14:14:22+00:00","og_image":[{"width":1280,"height":720,"url":"https:\/\/www.em.com.br\/emfoco\/wp-content\/uploads\/2024\/11\/Bolsa-familia_1732875432173.jpg","type":"image\/jpeg"}],"author":"Kelvin","twitter_card":"summary_large_image","twitter_misc":{"Escrito por":"Kelvin","Est. tempo de leitura":"3 minutos"},"schema":{"@context":"https:\/\/schema.org","@graph":[{"@type":"WebPage","@id":"https:\/\/www.em.com.br\/emfoco\/2024\/12\/15\/voce-sabe-como-otimizar-seus-beneficios-do-bolsa-familia-confira\/","url":"https:\/\/www.em.com.br\/emfoco\/2024\/12\/15\/voce-sabe-como-otimizar-seus-beneficios-do-bolsa-familia-confira\/","name":"Voc\u00ea sabe como otimizar seus benef\u00edcios do Bolsa Fam\u00edlia? Confira - Estado de Minas - Em foco","isPartOf":{"@id":"https:\/\/www.em.com.br\/emfoco\/#website"},"primaryImageOfPage":{"@id":"https:\/\/www.em.com.br\/emfoco\/2024\/12\/15\/voce-sabe-como-otimizar-seus-beneficios-do-bolsa-familia-confira\/#primaryimage"},"image":{"@id":"https:\/\/www.em.com.br\/emfoco\/2024\/12\/15\/voce-sabe-como-otimizar-seus-beneficios-do-bolsa-familia-confira\/#primaryimage"},"thumbnailUrl":"https:\/\/www.em.com.br\/emfoco\/wp-content\/uploads\/2024\/11\/Bolsa-familia_1732875432173.jpg","datePublished":"2024-12-15T10:20:00+00:00","dateModified":"2024-12-14T14:14:22+00:00","author":{"@id":"https:\/\/www.em.com.br\/emfoco\/#\/schema\/person\/fb0a7f48c6fbb94b83f413a80f61917d"},"description":"Atualize seu cadastro e Saiba quando e como manter seus dados em dia com o CRAS.","breadcrumb":{"@id":"https:\/\/www.em.com.br\/emfoco\/2024\/12\/15\/voce-sabe-como-otimizar-seus-beneficios-do-bolsa-familia-confira\/#breadcrumb"},"inLanguage":"pt-BR","potentialAction":[{"@type":"ReadAction","target":["https:\/\/www.em.com.br\/emfoco\/2024\/12\/15\/voce-sabe-como-otimizar-seus-beneficios-do-bolsa-familia-confira\/"]}]},{"@type":"ImageObject","inLanguage":"pt-BR","@id":"https:\/\/www.em.com.br\/emfoco\/2024\/12\/15\/voce-sabe-como-otimizar-seus-beneficios-do-bolsa-familia-confira\/#primaryimage","url":"https:\/\/www.em.com.br\/emfoco\/wp-content\/uploads\/2024\/11\/Bolsa-familia_1732875432173.jpg","contentUrl":"https:\/\/www.em.com.br\/emfoco\/wp-content\/uploads\/2024\/11\/Bolsa-familia_1732875432173.jpg","width":1280,"height":720,"caption":"Cart\u00e3o bolsa familia - Cr\u00e9ditos: depositphotos.com \/ joasouza"},{"@type":"BreadcrumbList","@id":"https:\/\/www.em.com.br\/emfoco\/2024\/12\/15\/voce-sabe-como-otimizar-seus-beneficios-do-bolsa-familia-confira\/#breadcrumb","itemListElement":[{"@type":"ListItem","position":1,"name":"In\u00edcio","item":"https:\/\/www.em.com.br\/emfoco\/"},{"@type":"ListItem","position":2,"name":"Voc\u00ea sabe como otimizar seus benef\u00edcios do Bolsa Fam\u00edlia? Confira"}]},{"@type":"WebSite","@id":"https:\/\/www.em.com.br\/emfoco\/#website","url":"https:\/\/www.em.com.br\/emfoco\/","name":"Estado de Minas - Em foco","description":"Acompanhe as \u00faltimas not\u00edcias e fique bem informado sobre tudo o que acontece em Minas Gerais, Brasil e no mundo.","potentialAction":[{"@type":"SearchAction","target":{"@type":"EntryPoint","urlTemplate":"https:\/\/www.em.com.br\/emfoco\/?s={search_term_string}"},"query-input":{"@type":"PropertyValueSpecification","valueRequired":true,"valueName":"search_term_string"}}],"inLanguage":"pt-BR"},{"@type":"Person","@id":"https:\/\/www.em.com.br\/emfoco\/#\/schema\/person\/fb0a7f48c6fbb94b83f413a80f61917d","name":"Kelvin","image":{"@type":"ImageObject","inLanguage":"pt-BR","@id":"https:\/\/www.em.com.br\/emfoco\/#\/schema\/person\/image\/","url":"https:\/\/secure.gravatar.com\/avatar\/e74f84337e6bf6c4c5e88fbdffa05270?s=96&d=mm&r=g","contentUrl":"https:\/\/secure.gravatar.com\/avatar\/e74f84337e6bf6c4c5e88fbdffa05270?s=96&d=mm&r=g","caption":"Kelvin"},"sameAs":["https:\/\/www.em.com.br\/emfoco"],"url":"https:\/\/www.em.com.br\/emfoco\/author\/kelvinmyth\/"}]}},"_links":{"self":[{"href":"https:\/\/www.em.com.br\/emfoco\/wp-json\/wp\/v2\/posts\/4912","targetHints":{"allow":["GET"]}}],"collection":[{"href":"https:\/\/www.em.com.br\/emfoco\/wp-json\/wp\/v2\/posts"}],"about":[{"href":"https:\/\/www.em.com.br\/emfoco\/wp-json\/wp\/v2\/types\/post"}],"author":[{"embeddable":true,"href":"https:\/\/www.em.com.br\/emfoco\/wp-json\/wp\/v2\/users\/7"}],"replies":[{"embeddable":true,"href":"https:\/\/www.em.com.br\/emfoco\/wp-json\/wp\/v2\/comments?post=4912"}],"version-history":[{"count":2,"href":"https:\/\/www.em.com.br\/emfoco\/wp-json\/wp\/v2\/posts\/4912\/revisions"}],"predecessor-version":[{"id":4918,"href":"https:\/\/www.em.com.br\/emfoco\/wp-json\/wp\/v2\/posts\/4912\/revisions\/4918"}],"wp:featuredmedia":[{"embeddable":true,"href":"https:\/\/www.em.com.br\/emfoco\/wp-json\/wp\/v2\/media\/2182"}],"wp:attachment":[{"href":"https:\/\/www.em.com.br\/emfoco\/wp-json\/wp\/v2\/media?parent=4912"}],"wp:term":[{"taxonomy":"category","embeddable":true,"href":"https:\/\/www.em.com.br\/emfoco\/wp-json\/wp\/v2\/categories?post=4912"},{"taxonomy":"post_tag","embeddable":true,"href":"https:\/\/www.em.com.br\/emfoco\/wp-json\/wp\/v2\/tags?post=4912"}],"curies":[{"name":"wp","href":"https:\/\/api.w.org\/{rel}","templated":true}]}}