{"id":48899,"date":"2025-05-21T22:40:00","date_gmt":"2025-05-22T01:40:00","guid":{"rendered":"https:\/\/www.em.com.br\/emfoco\/?p=48899"},"modified":"2025-05-20T17:43:35","modified_gmt":"2025-05-20T20:43:35","slug":"ervas-que-duram-o-ano-todo-e-como-cultivar-cada-uma-em-casa","status":"publish","type":"post","link":"https:\/\/www.em.com.br\/emfoco\/2025\/05\/21\/ervas-que-duram-o-ano-todo-e-como-cultivar-cada-uma-em-casa\/","title":{"rendered":"Ervas que duram o ano todo e como cultivar cada uma em casa"},"content":{"rendered":"\n<p>Ter uma <strong>horta de temperos<\/strong> em casa \u00e9 uma das formas mais pr\u00e1ticas, econ\u00f4micas e saud\u00e1veis de melhorar a alimenta\u00e7\u00e3o e trazer mais sabor \u00e0s receitas do dia a dia. Com os cuidados certos, \u00e9 poss\u00edvel cultivar temperos que duram <strong>o ano inteiro<\/strong>, frescos e sempre \u00e0 m\u00e3o. Neste guia completo, voc\u00ea vai <a href=\"https:\/\/www.em.com.br\/emfoco\/2025\/05\/20\/aprenda-a-plantar-vegetais-que-melhoram-a-circulacao-e-protegem-o-coracao\/\" target=\"_blank\" rel=\"noreferrer noopener\">aprender <\/a>como montar e manter sua horta de temperos, seja em vasos, jardineiras, canteiros ou at\u00e9 em pequenos espa\u00e7os como varandas e janelas.<\/p>\n\n\n\n<h2 class=\"wp-block-heading\">Quais temperos escolher para ter o ano inteiro?<\/h2>\n\n\n\n<p>A chave para uma horta duradoura est\u00e1 em escolher <strong>ervas perenes<\/strong> (que vivem por mais de uma esta\u00e7\u00e3o) e <strong>bem adaptadas ao clima local<\/strong>. Veja os principais temperos que podem durar o ano todo com os devidos cuidados:<\/p>\n\n\n\n<h3 class=\"wp-block-heading\">Temperos perenes:<\/h3>\n\n\n\n<ul class=\"wp-block-list\">\n<li><strong>Alecrim (Rosmarinus officinalis)<\/strong> \u2013 forte, arom\u00e1tico e resistente \u00e0 seca.<\/li>\n\n\n\n<li><strong>Or\u00e9gano (Origanum vulgare)<\/strong> \u2013 se adapta bem em vasos e gosta de sol.<\/li>\n\n\n\n<li><strong>Tomilho (Thymus vulgaris)<\/strong> \u2013 arom\u00e1tico, tolerante ao frio e calor.<\/li>\n\n\n\n<li><strong>Cebolinha (Allium schoenoprasum)<\/strong> \u2013 rebrota facilmente ap\u00f3s a colheita.<\/li>\n\n\n\n<li><strong>Salsinha crespa (Petroselinum crispum)<\/strong> \u2013 cresce o ano inteiro em climas amenos.<\/li>\n\n\n\n<li><strong>Manjeric\u00e3o (Ocimum basilicum)<\/strong> \u2013 dura o ano todo em clima quente e com poda frequente.<\/li>\n\n\n\n<li><strong>Hortel\u00e3 (Mentha sp.)<\/strong> \u2013 cresce vigorosamente, ideal manter em vasos separados.<\/li>\n\n\n\n<li><strong>Louro (Laurus nobilis)<\/strong> \u2013 planta arbustiva que vive por muitos anos.<\/li>\n<\/ul>\n\n\n\n<h3 class=\"wp-block-heading\">Dica:<\/h3>\n\n\n\n<p>Para locais com inverno rigoroso, prefira cultivar <strong>em vasos m\u00f3veis<\/strong> para levar para dentro de casa durante o frio.<\/p>\n\n\n\n<h2 class=\"wp-block-heading\">Onde montar a horta: quintal, varanda ou cozinha?<\/h2>\n\n\n\n<p>Voc\u00ea pode montar sua horta de temperos em:<\/p>\n\n\n\n<ul class=\"wp-block-list\">\n<li><strong>Canteiros no solo<\/strong> \u2013 ideal se voc\u00ea tem quintal.<\/li>\n\n\n\n<li><strong>Vasos e jardineiras<\/strong> \u2013 perfeitos para sacadas, janelas e varandas.<\/li>\n\n\n\n<li><strong>Horta vertical<\/strong> \u2013 \u00f3tima solu\u00e7\u00e3o para espa\u00e7os pequenos.<\/li>\n\n\n\n<li><strong>Caixotes e pallets reciclados<\/strong> \u2013 alternativa econ\u00f4mica e charmosa.<\/li>\n<\/ul>\n\n\n\n<h3 class=\"wp-block-heading\">Requisitos do local:<\/h3>\n\n\n\n<ul class=\"wp-block-list\">\n<li><strong>Boa incid\u00eancia solar<\/strong> \u2013 pelo menos <strong>4 a 6 horas de sol por dia<\/strong><\/li>\n\n\n\n<li><strong>Boa ventila\u00e7\u00e3o<\/strong><\/li>\n\n\n\n<li>Acesso f\u00e1cil para regar e colher<\/li>\n\n\n\n<li>Local protegido de ventos fortes e geadas<\/li>\n<\/ul>\n\n\n\n<h2 class=\"wp-block-heading\">Qual o solo ideal para temperos duradouros?<\/h2>\n\n\n\n<p>A maioria dos temperos exige um <strong>solo f\u00e9rtil, leve e bem drenado<\/strong>. Prepare uma mistura com:<\/p>\n\n\n\n<ul class=\"wp-block-list\">\n<li>2 partes de terra vegetal<\/li>\n\n\n\n<li>1 parte de areia lavada<\/li>\n\n\n\n<li>1 parte de <a href=\"https:\/\/rehagro.com.br\/blog\/composto-organico-quais-os-beneficios-como-e-feito\/\" target=\"_blank\" rel=\"noreferrer noopener\">composto org\u00e2nico<\/a> ou h\u00famus de minhoca<\/li>\n<\/ul>\n\n\n\n<blockquote class=\"wp-block-quote is-layout-flow wp-block-quote-is-layout-flow\">\n<p>Se for usar vasos, certifique-se de fazer <strong>furos para drenagem<\/strong> e coloque uma camada de brita ou argila expandida no fundo.<\/p>\n<\/blockquote>\n\n\n<div class=\"wp-block-image\">\n<figure class=\"aligncenter size-large\"><img loading=\"lazy\" decoding=\"async\" width=\"1024\" height=\"576\" src=\"https:\/\/www.em.com.br\/emfoco\/wp-content\/uploads\/2025\/05\/cebolinha_1746805123606-1024x576.jpg\" alt=\"Cultive cebolinha para sempre com esse m\u00e9todo simples\" class=\"wp-image-46043\" srcset=\"https:\/\/www.em.com.br\/emfoco\/wp-content\/uploads\/2025\/05\/cebolinha_1746805123606-1024x576.jpg 1024w, https:\/\/www.em.com.br\/emfoco\/wp-content\/uploads\/2025\/05\/cebolinha_1746805123606-300x169.jpg 300w, https:\/\/www.em.com.br\/emfoco\/wp-content\/uploads\/2025\/05\/cebolinha_1746805123606-768x432.jpg 768w, https:\/\/www.em.com.br\/emfoco\/wp-content\/uploads\/2025\/05\/cebolinha_1746805123606-750x422.jpg 750w, https:\/\/www.em.com.br\/emfoco\/wp-content\/uploads\/2025\/05\/cebolinha_1746805123606-1140x641.jpg 1140w, https:\/\/www.em.com.br\/emfoco\/wp-content\/uploads\/2025\/05\/cebolinha_1746805123606.jpg 1280w\" sizes=\"auto, (max-width: 1024px) 100vw, 1024px\" \/><figcaption class=\"wp-element-caption\">Cebolinha &#8211; Cr\u00e9ditos: depositphotos.com \/ gigsuppajit<\/figcaption><\/figure><\/div>\n\n\n<h2 class=\"wp-block-heading\">Como plantar cada tempero para garantir colheitas o ano inteiro?<\/h2>\n\n\n\n<h3 class=\"wp-block-heading\">1. <strong>Alecrim<\/strong><\/h3>\n\n\n\n<ul class=\"wp-block-list\">\n<li>Gosta de sol pleno e pouca \u00e1gua.<\/li>\n\n\n\n<li>Crescimento lento, mas muito dur\u00e1vel.<\/li>\n\n\n\n<li>Pode ser plantado por muda ou estaca.<\/li>\n<\/ul>\n\n\n\n<h3 class=\"wp-block-heading\">2. <strong>Cebolinha<\/strong><\/h3>\n\n\n\n<ul class=\"wp-block-list\">\n<li>Cresce bem em sol ou meia-sombra.<\/li>\n\n\n\n<li>Colha cortando as folhas, que rebrotam rapidamente.<\/li>\n\n\n\n<li>Regas frequentes e aduba\u00e7\u00e3o a cada 30 dias.<\/li>\n<\/ul>\n\n\n\n<h3 class=\"wp-block-heading\">3. <strong>Hortel\u00e3<\/strong><\/h3>\n\n\n\n<ul class=\"wp-block-list\">\n<li>Prefere meia-sombra e solo sempre \u00famido.<\/li>\n\n\n\n<li>Muito invasiva \u2014 <strong>plante em vaso separado<\/strong>.<\/li>\n\n\n\n<li>Rebrota com facilidade.<\/li>\n<\/ul>\n\n\n\n<h3 class=\"wp-block-heading\">4. <strong>Manjeric\u00e3o<\/strong><\/h3>\n\n\n\n<ul class=\"wp-block-list\">\n<li>Ama calor e luz solar intensa.<\/li>\n\n\n\n<li>Deve ser podado com frequ\u00eancia para n\u00e3o florir.<\/li>\n\n\n\n<li>Ciclo pode durar o ano todo em clima quente.<\/li>\n<\/ul>\n\n\n\n<h3 class=\"wp-block-heading\">5. <strong>Or\u00e9gano<\/strong><\/h3>\n\n\n\n<ul class=\"wp-block-list\">\n<li>Sol pleno e pouca umidade.<\/li>\n\n\n\n<li>Crescimento rasteiro, \u00f3timo para jardineiras.<\/li>\n<\/ul>\n\n\n\n<h3 class=\"wp-block-heading\">6. <strong>Tomilho<\/strong><\/h3>\n\n\n\n<ul class=\"wp-block-list\">\n<li>Muito resistente e de baixo porte.<\/li>\n\n\n\n<li>Requer sol pleno e regas leves.<\/li>\n<\/ul>\n\n\n\n<h3 class=\"wp-block-heading\">7. <strong>Salsinha<\/strong><\/h3>\n\n\n\n<ul class=\"wp-block-list\">\n<li>Melhor em meia-sombra, mas tamb\u00e9m cresce no sol.<\/li>\n\n\n\n<li>Colha de fora para dentro para prolongar o ciclo.<\/li>\n<\/ul>\n\n\n\n<h3 class=\"wp-block-heading\">8. <strong>Louro<\/strong><\/h3>\n\n\n\n<ul class=\"wp-block-list\">\n<li>Arbusto lenhoso, cresce melhor em vasos grandes ou no solo.<\/li>\n\n\n\n<li>Tolera varia\u00e7\u00f5es clim\u00e1ticas e exige poucos cuidados.<\/li>\n<\/ul>\n\n\n\n<h2 class=\"wp-block-heading\">Como manter os temperos vivos o ano todo?<\/h2>\n\n\n\n<ol class=\"wp-block-list\">\n<li><strong>Rega correta<\/strong>\n<ul class=\"wp-block-list\">\n<li>N\u00e3o encharcar o solo. Regue <strong>somente quando a terra estiver seca ao toque<\/strong>.<\/li>\n\n\n\n<li>Temperos como <strong>alecrim e tomilho<\/strong> preferem menos \u00e1gua.<\/li>\n<\/ul>\n<\/li>\n\n\n\n<li><strong>Aduba\u00e7\u00e3o<\/strong>\n<ul class=\"wp-block-list\">\n<li>Use adubo org\u00e2nico (composto, h\u00famus) a cada <strong>30 ou 40 dias<\/strong>.<\/li>\n\n\n\n<li>Evite adubo qu\u00edmico em excesso \u2014 afeta o aroma.<\/li>\n<\/ul>\n<\/li>\n\n\n\n<li><strong>Poda regular<\/strong>\n<ul class=\"wp-block-list\">\n<li>Colha as folhas com frequ\u00eancia \u2014 isso <strong>estimula novos brotos<\/strong>.<\/li>\n\n\n\n<li>Retire folhas secas e flores (no caso do manjeric\u00e3o).<\/li>\n<\/ul>\n<\/li>\n\n\n\n<li><strong>Controle de pragas<\/strong>\n<ul class=\"wp-block-list\">\n<li>Aplique repelentes naturais como <strong>calda de neem<\/strong> ou <strong>ch\u00e1 de alho<\/strong>.<\/li>\n\n\n\n<li>Mantenha a horta sempre limpa e com boa ventila\u00e7\u00e3o.<\/li>\n<\/ul>\n<\/li>\n\n\n\n<li><strong>Rota\u00e7\u00e3o de vasos<\/strong>\n<ul class=\"wp-block-list\">\n<li>A cada 6 meses, reponha parte do substrato e mude os temperos de lugar para <strong>oxigenar a terra<\/strong> e evitar pragas.<\/li>\n<\/ul>\n<\/li>\n<\/ol>\n\n\n\n<h2 class=\"wp-block-heading\">Como colher os temperos sem prejudicar a planta?<\/h2>\n\n\n\n<ul class=\"wp-block-list\">\n<li>Sempre <strong>corte com tesoura limpa<\/strong>, nunca arranque com a m\u00e3o.<\/li>\n\n\n\n<li>Retire folhas externas ou superiores, deixando o miolo intacto.<\/li>\n\n\n\n<li>No caso de temperos como cebolinha e salsinha, <strong>deixe a base da planta<\/strong> no solo para que rebrote.<\/li>\n<\/ul>\n\n\n\n<h2 class=\"wp-block-heading\">FAQ<\/h2>\n\n\n\n<p><strong>1. Posso manter temperos dentro de casa?<\/strong><br>Sim, desde que fiquem perto de janelas bem iluminadas. Plantas como manjeric\u00e3o e salsinha precisam de bastante luz natural.<\/p>\n\n\n\n<p><strong>2. Preciso comprar sementes ou posso usar do mercado?<\/strong><br>Voc\u00ea pode usar galhos de manjeric\u00e3o, hortel\u00e3 e alecrim comprados no mercado para fazer mudas. Sementes tamb\u00e9m funcionam bem.<\/p>\n\n\n\n<p><strong>3. Posso usar cascas e restos de alimentos como adubo?<\/strong><br>Sim, fa\u00e7a compostagem com cascas de frutas, legumes e borra de caf\u00e9. Isso enriquece o solo de forma natural.<\/p>\n\n\n\n<p><strong>4. Preciso trocar a terra todo ano?<\/strong><br>N\u00e3o \u00e9 necess\u00e1rio trocar toda a terra, mas <strong>renove o substrato parcialmente<\/strong> a cada 6 a 12 meses com composto ou h\u00famus.<\/p>\n\n\n\n<p><strong>5. O que fazer quando o tempero come\u00e7a a florir?<\/strong><br>Retire as flores assim que surgirem (principalmente do manjeric\u00e3o), pois a flora\u00e7\u00e3o pode reduzir a produ\u00e7\u00e3o de folhas.<\/p>\n","protected":false},"excerpt":{"rendered":"<p>Ter uma horta de temperos em casa \u00e9 uma das formas mais pr\u00e1ticas, econ\u00f4micas e saud\u00e1veis de melhorar a alimenta\u00e7\u00e3o e trazer mais sabor \u00e0s receitas do dia a dia. Com os cuidados certos, \u00e9 poss\u00edvel cultivar temperos que duram o ano inteiro, frescos e sempre \u00e0 m\u00e3o. Neste guia completo, voc\u00ea vai aprender como [&hellip;]<\/p>\n","protected":false},"author":9,"featured_media":29313,"comment_status":"open","ping_status":"open","sticky":false,"template":"","format":"standard","meta":{"jnews-multi-image_gallery":[],"jnews_single_post":{"format":"standard"},"jnews_primary_category":[],"jnews_social_meta":[],"jnews_override_counter":[],"footnotes":""},"categories":[29,1],"tags":[3818,8835,8836,8834],"class_list":["post-48899","post","type-post","status-publish","format-standard","has-post-thumbnail","hentry","category-entretenimento","category-noticias","tag-horta-caseira","tag-plantar-temperos","tag-temperos-o-ano-todo","tag-temperos-perenes"],"yoast_head":"<!-- This site is optimized with the Yoast SEO plugin v23.8 - https:\/\/yoast.com\/wordpress\/plugins\/seo\/ -->\n<title>Ervas que duram o ano todo e como cultivar cada uma em casa<\/title>\n<meta name=\"description\" content=\"Veja como plantar e cuidar de temperos em casa com dicas simples para colher o ano inteiro mesmo em espa\u00e7os pequenos.\" \/>\n<meta name=\"robots\" content=\"index, follow, max-snippet:-1, max-image-preview:large, max-video-preview:-1\" \/>\n<link rel=\"canonical\" href=\"https:\/\/www.em.com.br\/emfoco\/2025\/05\/21\/ervas-que-duram-o-ano-todo-e-como-cultivar-cada-uma-em-casa\/\" \/>\n<meta property=\"og:locale\" content=\"pt_BR\" \/>\n<meta property=\"og:type\" content=\"article\" \/>\n<meta property=\"og:title\" content=\"Ervas que duram o ano todo e como cultivar cada uma em casa\" \/>\n<meta property=\"og:description\" content=\"Veja como plantar e cuidar de temperos em casa com dicas simples para colher o ano inteiro mesmo em espa\u00e7os pequenos.\" \/>\n<meta property=\"og:url\" content=\"https:\/\/www.em.com.br\/emfoco\/2025\/05\/21\/ervas-que-duram-o-ano-todo-e-como-cultivar-cada-uma-em-casa\/\" \/>\n<meta property=\"og:site_name\" content=\"Estado de Minas - Em foco\" \/>\n<meta property=\"article:published_time\" content=\"2025-05-22T01:40:00+00:00\" \/>\n<meta property=\"article:modified_time\" content=\"2025-05-20T20:43:35+00:00\" \/>\n<meta property=\"og:image\" content=\"https:\/\/www.em.com.br\/emfoco\/wp-content\/uploads\/2025\/03\/horta-espiral-_1742226358818.jpg\" \/>\n\t<meta property=\"og:image:width\" content=\"1280\" \/>\n\t<meta property=\"og:image:height\" content=\"720\" \/>\n\t<meta property=\"og:image:type\" content=\"image\/jpeg\" \/>\n<meta name=\"author\" content=\"Daniely Cardoso\" \/>\n<meta name=\"twitter:card\" content=\"summary_large_image\" \/>\n<meta name=\"twitter:label1\" content=\"Escrito por\" \/>\n\t<meta name=\"twitter:data1\" content=\"Daniely Cardoso\" \/>\n\t<meta name=\"twitter:label2\" content=\"Est. tempo de leitura\" \/>\n\t<meta name=\"twitter:data2\" content=\"5 minutos\" \/>\n<!-- \/ Yoast SEO plugin. -->","yoast_head_json":{"title":"Ervas que duram o ano todo e como cultivar cada uma em casa","description":"Veja como plantar e cuidar de temperos em casa com dicas simples para colher o ano inteiro mesmo em espa\u00e7os pequenos.","robots":{"index":"index","follow":"follow","max-snippet":"max-snippet:-1","max-image-preview":"max-image-preview:large","max-video-preview":"max-video-preview:-1"},"canonical":"https:\/\/www.em.com.br\/emfoco\/2025\/05\/21\/ervas-que-duram-o-ano-todo-e-como-cultivar-cada-uma-em-casa\/","og_locale":"pt_BR","og_type":"article","og_title":"Ervas que duram o ano todo e como cultivar cada uma em casa","og_description":"Veja como plantar e cuidar de temperos em casa com dicas simples para colher o ano inteiro mesmo em espa\u00e7os pequenos.","og_url":"https:\/\/www.em.com.br\/emfoco\/2025\/05\/21\/ervas-que-duram-o-ano-todo-e-como-cultivar-cada-uma-em-casa\/","og_site_name":"Estado de Minas - Em foco","article_published_time":"2025-05-22T01:40:00+00:00","article_modified_time":"2025-05-20T20:43:35+00:00","og_image":[{"width":1280,"height":720,"url":"https:\/\/www.em.com.br\/emfoco\/wp-content\/uploads\/2025\/03\/horta-espiral-_1742226358818.jpg","type":"image\/jpeg"}],"author":"Daniely Cardoso","twitter_card":"summary_large_image","twitter_misc":{"Escrito por":"Daniely Cardoso","Est. tempo de leitura":"5 minutos"},"schema":{"@context":"https:\/\/schema.org","@graph":[{"@type":"WebPage","@id":"https:\/\/www.em.com.br\/emfoco\/2025\/05\/21\/ervas-que-duram-o-ano-todo-e-como-cultivar-cada-uma-em-casa\/","url":"https:\/\/www.em.com.br\/emfoco\/2025\/05\/21\/ervas-que-duram-o-ano-todo-e-como-cultivar-cada-uma-em-casa\/","name":"Ervas que duram o ano todo e como cultivar cada uma em casa","isPartOf":{"@id":"https:\/\/www.em.com.br\/emfoco\/#website"},"primaryImageOfPage":{"@id":"https:\/\/www.em.com.br\/emfoco\/2025\/05\/21\/ervas-que-duram-o-ano-todo-e-como-cultivar-cada-uma-em-casa\/#primaryimage"},"image":{"@id":"https:\/\/www.em.com.br\/emfoco\/2025\/05\/21\/ervas-que-duram-o-ano-todo-e-como-cultivar-cada-uma-em-casa\/#primaryimage"},"thumbnailUrl":"https:\/\/www.em.com.br\/emfoco\/wp-content\/uploads\/2025\/03\/horta-espiral-_1742226358818.jpg","datePublished":"2025-05-22T01:40:00+00:00","dateModified":"2025-05-20T20:43:35+00:00","author":{"@id":"https:\/\/www.em.com.br\/emfoco\/#\/schema\/person\/0a8186d72f2c3a5c6276d90b41f271a0"},"description":"Veja como plantar e cuidar de temperos em casa com dicas simples para colher o ano inteiro mesmo em espa\u00e7os pequenos.","breadcrumb":{"@id":"https:\/\/www.em.com.br\/emfoco\/2025\/05\/21\/ervas-que-duram-o-ano-todo-e-como-cultivar-cada-uma-em-casa\/#breadcrumb"},"inLanguage":"pt-BR","potentialAction":[{"@type":"ReadAction","target":["https:\/\/www.em.com.br\/emfoco\/2025\/05\/21\/ervas-que-duram-o-ano-todo-e-como-cultivar-cada-uma-em-casa\/"]}]},{"@type":"ImageObject","inLanguage":"pt-BR","@id":"https:\/\/www.em.com.br\/emfoco\/2025\/05\/21\/ervas-que-duram-o-ano-todo-e-como-cultivar-cada-uma-em-casa\/#primaryimage","url":"https:\/\/www.em.com.br\/emfoco\/wp-content\/uploads\/2025\/03\/horta-espiral-_1742226358818.jpg","contentUrl":"https:\/\/www.em.com.br\/emfoco\/wp-content\/uploads\/2025\/03\/horta-espiral-_1742226358818.jpg","width":1280,"height":720,"caption":"Jardim- Cr\u00e9ditos: depositphotos.com \/ mira.drozdowski.gmx.de"},{"@type":"BreadcrumbList","@id":"https:\/\/www.em.com.br\/emfoco\/2025\/05\/21\/ervas-que-duram-o-ano-todo-e-como-cultivar-cada-uma-em-casa\/#breadcrumb","itemListElement":[{"@type":"ListItem","position":1,"name":"In\u00edcio","item":"https:\/\/www.em.com.br\/emfoco\/"},{"@type":"ListItem","position":2,"name":"Ervas que duram o ano todo e como cultivar cada uma em casa"}]},{"@type":"WebSite","@id":"https:\/\/www.em.com.br\/emfoco\/#website","url":"https:\/\/www.em.com.br\/emfoco\/","name":"Estado de Minas - Em foco","description":"Acompanhe as \u00faltimas not\u00edcias e fique bem informado sobre tudo o que acontece em Minas Gerais, Brasil e no mundo.","potentialAction":[{"@type":"SearchAction","target":{"@type":"EntryPoint","urlTemplate":"https:\/\/www.em.com.br\/emfoco\/?s={search_term_string}"},"query-input":{"@type":"PropertyValueSpecification","valueRequired":true,"valueName":"search_term_string"}}],"inLanguage":"pt-BR"},{"@type":"Person","@id":"https:\/\/www.em.com.br\/emfoco\/#\/schema\/person\/0a8186d72f2c3a5c6276d90b41f271a0","name":"Daniely Cardoso","image":{"@type":"ImageObject","inLanguage":"pt-BR","@id":"https:\/\/www.em.com.br\/emfoco\/#\/schema\/person\/image\/","url":"https:\/\/secure.gravatar.com\/avatar\/4b80ddbd124d1f071b626d52d62e5dff?s=96&d=mm&r=g","contentUrl":"https:\/\/secure.gravatar.com\/avatar\/4b80ddbd124d1f071b626d52d62e5dff?s=96&d=mm&r=g","caption":"Daniely Cardoso"},"url":"https:\/\/www.em.com.br\/emfoco\/author\/danielymyth\/"}]}},"_links":{"self":[{"href":"https:\/\/www.em.com.br\/emfoco\/wp-json\/wp\/v2\/posts\/48899","targetHints":{"allow":["GET"]}}],"collection":[{"href":"https:\/\/www.em.com.br\/emfoco\/wp-json\/wp\/v2\/posts"}],"about":[{"href":"https:\/\/www.em.com.br\/emfoco\/wp-json\/wp\/v2\/types\/post"}],"author":[{"embeddable":true,"href":"https:\/\/www.em.com.br\/emfoco\/wp-json\/wp\/v2\/users\/9"}],"replies":[{"embeddable":true,"href":"https:\/\/www.em.com.br\/emfoco\/wp-json\/wp\/v2\/comments?post=48899"}],"version-history":[{"count":2,"href":"https:\/\/www.em.com.br\/emfoco\/wp-json\/wp\/v2\/posts\/48899\/revisions"}],"predecessor-version":[{"id":48913,"href":"https:\/\/www.em.com.br\/emfoco\/wp-json\/wp\/v2\/posts\/48899\/revisions\/48913"}],"wp:featuredmedia":[{"embeddable":true,"href":"https:\/\/www.em.com.br\/emfoco\/wp-json\/wp\/v2\/media\/29313"}],"wp:attachment":[{"href":"https:\/\/www.em.com.br\/emfoco\/wp-json\/wp\/v2\/media?parent=48899"}],"wp:term":[{"taxonomy":"category","embeddable":true,"href":"https:\/\/www.em.com.br\/emfoco\/wp-json\/wp\/v2\/categories?post=48899"},{"taxonomy":"post_tag","embeddable":true,"href":"https:\/\/www.em.com.br\/emfoco\/wp-json\/wp\/v2\/tags?post=48899"}],"curies":[{"name":"wp","href":"https:\/\/api.w.org\/{rel}","templated":true}]}}