{"id":48658,"date":"2025-05-22T13:20:00","date_gmt":"2025-05-22T16:20:00","guid":{"rendered":"https:\/\/www.em.com.br\/emfoco\/?p=48658"},"modified":"2025-06-17T21:06:39","modified_gmt":"2025-06-18T00:06:39","slug":"conheca-a-nova-linha-classe-c-da-mercedes-que-redefinem-o-conceito-de-luxo","status":"publish","type":"post","link":"https:\/\/www.em.com.br\/emfoco\/2025\/05\/22\/conheca-a-nova-linha-classe-c-da-mercedes-que-redefinem-o-conceito-de-luxo\/","title":{"rendered":"Conhe\u00e7a a nova linha Classe C da Mercedes que redefine o conceito de luxo"},"content":{"rendered":"\n<p>A <strong><a href=\"https:\/\/www2.mercedes-benz.com.br\/\" target=\"_blank\" rel=\"noreferrer noopener\">Mercedes-Benz<\/a><\/strong> chegou pisando forte em 2025 com um lan\u00e7amento que promete mexer com o mercado de sed\u00e3s premium. O novo <strong>Classe C<\/strong> desembarcou no <strong>Brasil<\/strong> com duas vers\u00f5es que fazem qualquer um ficar de queixo ca\u00eddo: o <strong>C 200 AMG Line<\/strong> e o <strong>C 300 AMG Line<\/strong>. E o melhor \u00e9 que n\u00e3o \u00e9 s\u00f3 beleza, o carro vem recheado de tecnologia que vai deixar sua vida muito mais f\u00e1cil.<\/p>\n\n\n\n<p>A grande sacada da Mercedes foi apostar na conectividade. Agora o <a href=\"https:\/\/www.em.com.br\/emfoco\/2024\/11\/20\/carro-popular-de-r-80-mil-faz-sucesso-supera-onix-e-vira-um-dos-0-km-mais-baratos-do-brasil\/\" target=\"_blank\" rel=\"noreferrer noopener\">carro <\/a>fica sempre online e voc\u00ea pode control\u00e1-lo pelo celular. Imagina s\u00f3 poder abrir e fechar as portas do seu carro usando apenas um app. Parece coisa de filme, mas \u00e9 realidade em 2025. As entregas come\u00e7aram em janeiro e os pre\u00e7os s\u00e3o R$ 384.900 para a vers\u00e3o C 200 e R$ 445.900 para a C 300.<\/p>\n\n\n\n<h2 class=\"wp-block-heading\">O que mudou no design do novo Classe C?<\/h2>\n\n\n\n<p>O visual do novo <strong>Classe C<\/strong> segue aquela linha esportiva que a Mercedes sabe fazer como ningu\u00e9m. Os far\u00f3is em formato de gota ficaram ainda mais marcantes e a grade frontal cresceu, dando uma cara mais imponente ao sedan. As rodas de 19 polegadas completam o conjunto e fazem o carro parecer que est\u00e1 sempre pronto para a pista.<\/p>\n\n\n\n<p>Por dentro, a coisa fica ainda mais interessante. A central multim\u00eddia na vertical chama aten\u00e7\u00e3o logo de cara e o painel de instrumentos tem um design robusto que passa muita confian\u00e7a. \u00c9 aquele tipo de interior que voc\u00ea entra e j\u00e1 sente que est\u00e1 dirigindo algo especial. Os materiais s\u00e3o de primeira qualidade, com muito couro, madeira e alum\u00ednio espalhados por todo o ambiente.<\/p>\n\n\n\n<h2 class=\"wp-block-heading\">Como funciona a motoriza\u00e7\u00e3o h\u00edbrida?<\/h2>\n\n\n\n<p>As duas vers\u00f5es do <strong>Classe C 2025<\/strong> v\u00eam com motores que misturam tecnologia tradicional com o que h\u00e1 de mais moderno. O <strong>C 200<\/strong> tem um motor 1.5 turbo que entrega 204 cv, enquanto o <strong>C 300<\/strong> capricha com um 2.0 turbo de 258 cv. Os dois usam um sistema h\u00edbrido leve que ajuda na economia de combust\u00edvel.<\/p>\n\n\n\n<p>O sistema h\u00edbrido funciona com um gerador de partida integrado e um sistema el\u00e9trico de 48 volts. Pode parecer complicado, mas na pr\u00e1tica significa que o carro \u00e9 mais econ\u00f4mico e tem uma resposta mais r\u00e1pida quando voc\u00ea pisa no acelerador. O <strong>C 200<\/strong> vai de 0 a 100 km\/h em 7,3 segundos, enquanto o <strong>C 300<\/strong> faz isso em apenas 6,0 segundos. Nada mal para um sedan de luxo.<\/p>\n\n\n\n<h2 class=\"wp-block-heading\">Por que a conectividade \u00e9 o grande diferencial?<\/h2>\n\n\n\n<p>Aqui est\u00e1 o ponto forte do novo <strong>Classe C<\/strong>. O pacote <strong>Digital Extras<\/strong>, que antes se chamava <strong>Mercedes me<\/strong>, traz mais de 30 funcionalidades que v\u00e3o facilitar sua vida de um jeito que voc\u00ea nem imagina. O carro fica sempre conectado \u00e0 internet e voc\u00ea pode controlar v\u00e1rias coisas pelo celular.<\/p>\n\n\n\n<p>Voc\u00ea pode trancar e destrancar as portas remotamente, receber alertas se algu\u00e9m tentar mexer no seu carro e at\u00e9 mesmo limitar a \u00e1rea onde o ve\u00edculo pode circular. Isso \u00e9 \u00fatil quando voc\u00ea deixa o carro no valet de um restaurante, por exemplo. O sistema tamb\u00e9m agenda manuten\u00e7\u00f5es automaticamente e manda atualiza\u00e7\u00f5es de software pela internet, igual seu celular faz.<\/p>\n\n\n\n<h2 class=\"wp-block-heading\">Quais s\u00e3o os recursos de seguran\u00e7a dispon\u00edveis?<\/h2>\n\n\n\n<p>A <strong>Mercedes<\/strong> n\u00e3o brinca quando o assunto \u00e9 seguran\u00e7a. O <strong>Classe C 2025<\/strong> vem com assistente de ponto cego, prote\u00e7\u00e3o para pedestres e piloto autom\u00e1tico adaptativo. Tem tamb\u00e9m o sistema de chamada de emerg\u00eancia autom\u00e1tica que liga para os bombeiros se detectar um acidente grave.<\/p>\n\n\n\n<p>O mais impressionante \u00e9 que se acontecer algum problema, o carro consegue fazer um diagn\u00f3stico remoto e avisar quando alguma pe\u00e7a est\u00e1 precisando de troca. \u00c9 como ter um mec\u00e2nico expert cuidando do seu carro 24 horas por dia. O ar-condicionado digital de quatro zonas garante que todo mundo fique confort\u00e1vel, independente do tamanho da fam\u00edlia.<\/p>\n\n\n\n<h2 class=\"wp-block-heading\">Qual vers\u00e3o vale mais a pena?<\/h2>\n\n\n<div class=\"wp-block-image\">\n<figure class=\"aligncenter size-large\"><img loading=\"lazy\" decoding=\"async\" width=\"1024\" height=\"576\" src=\"https:\/\/www.em.com.br\/emfoco\/wp-content\/uploads\/2025\/05\/Design-sem-nome-1-11-1024x576.jpg\" alt=\"Conhe\u00e7a a nova linha Classe C da Mercedes que redefinem o conceito de luxo\" class=\"wp-image-48665\" srcset=\"https:\/\/www.em.com.br\/emfoco\/wp-content\/uploads\/2025\/05\/Design-sem-nome-1-11-1024x576.jpg 1024w, https:\/\/www.em.com.br\/emfoco\/wp-content\/uploads\/2025\/05\/Design-sem-nome-1-11-300x169.jpg 300w, https:\/\/www.em.com.br\/emfoco\/wp-content\/uploads\/2025\/05\/Design-sem-nome-1-11-768x432.jpg 768w, https:\/\/www.em.com.br\/emfoco\/wp-content\/uploads\/2025\/05\/Design-sem-nome-1-11-750x422.jpg 750w, https:\/\/www.em.com.br\/emfoco\/wp-content\/uploads\/2025\/05\/Design-sem-nome-1-11-1140x641.jpg 1140w, https:\/\/www.em.com.br\/emfoco\/wp-content\/uploads\/2025\/05\/Design-sem-nome-1-11.jpg 1280w\" sizes=\"auto, (max-width: 1024px) 100vw, 1024px\" \/><figcaption class=\"wp-element-caption\">Mercedes-Benz C300 AMG 2022 &#8211; Cr\u00e9ditos: Mercedes-Benz\/Divulga\u00e7\u00e3o<\/figcaption><\/figure><\/div>\n\n\n<p>Essa \u00e9 a pergunta que todo mundo faz na hora de escolher. O <strong>C 200 AMG Line<\/strong> por R$ 384.900 j\u00e1 vem bem equipado e \u00e9 uma \u00f3tima porta de entrada para o mundo Mercedes. Tem tudo que voc\u00ea precisa para o dia a dia e ainda sobra charme para impressionar.<\/p>\n\n\n\n<p>J\u00e1 o <strong>C 300 AMG Line<\/strong> por R$ 445.900 \u00e9 para quem quer o m\u00e1ximo que o carro pode oferecer. Vem com bancos em couro <strong>Nappa<\/strong>, sistema de luzes ambientes que deixa o interior ainda mais bonito, <strong>Head-Up Display<\/strong> e um sistema de som <strong>Burmester Surround 3D<\/strong> com 15 alto-falantes que vai fazer voc\u00ea se sentir numa sala de cinema. A diferen\u00e7a de R$ 61 mil pode valer a pena se voc\u00ea valoriza esses detalhes de luxo.<\/p>\n\n\n\n<h2 class=\"wp-block-heading\">Como se compara com os concorrentes?<\/h2>\n\n\n\n<p>No mercado brasileiro, o <strong>Classe C<\/strong> briga principalmente com o <strong>BMW S\u00e9rie 3<\/strong> e o <strong>Audi A4<\/strong>. A vantagem da Mercedes est\u00e1 justamente na conectividade avan\u00e7ada e no acabamento interno, que sempre foi uma marca da marca alem\u00e3. O sistema <strong>MBUX<\/strong> permite integra\u00e7\u00e3o com <strong>Apple Music<\/strong>, <strong>Tidal<\/strong>, <strong>Amazon Music<\/strong> e <strong>Spotify<\/strong>, coisa que nem todos os concorrentes oferecem.<\/p>\n\n\n\n<p>O porta-malas de 455 litros e o tanque de 66 litros mostram que o carro foi pensado para viagens longas. A velocidade m\u00e1xima de 250 km\/h do <strong>C 300<\/strong> (246 km\/h do <strong>C 200<\/strong>) deixa claro que performance tamb\u00e9m n\u00e3o foi esquecida. \u00c9 um sedan que serve tanto para o dia a dia na cidade quanto para aquela viagem de fim de semana na estrada.<\/p>\n","protected":false},"excerpt":{"rendered":"<p>A Mercedes-Benz chegou pisando forte em 2025 com um lan\u00e7amento que promete mexer com o mercado de sed\u00e3s premium. O novo Classe C desembarcou no Brasil com duas vers\u00f5es que fazem qualquer um ficar de queixo ca\u00eddo: o C 200 AMG Line e o C 300 AMG Line. E o melhor \u00e9 que n\u00e3o \u00e9 [&hellip;]<\/p>\n","protected":false},"author":13,"featured_media":48666,"comment_status":"open","ping_status":"open","sticky":false,"template":"","format":"standard","meta":{"jnews-multi-image_gallery":[],"jnews_single_post":{"format":"standard"},"jnews_primary_category":[],"jnews_social_meta":[],"jnews_override_counter":[],"footnotes":""},"categories":[27],"tags":[8800,8799,8798,1435],"class_list":["post-48658","post","type-post","status-publish","format-standard","has-post-thumbnail","hentry","category-carros","tag-carros-luxuosos","tag-classe-c","tag-mercedes-benz","tag-veiculos-hibridos"],"yoast_head":"<!-- This site is optimized with the Yoast SEO plugin v23.8 - https:\/\/yoast.com\/wordpress\/plugins\/seo\/ -->\n<title>Conhe\u00e7a a nova linha Classe C da Mercedes que redefine o conceito de luxo - Estado de Minas - Em foco<\/title>\n<meta name=\"description\" content=\"Com visual esportivo, sistema h\u00edbrido e alta conectividade, o novo Classe C pode ser o sed\u00e3 mais completo do ano.\" \/>\n<meta name=\"robots\" content=\"index, follow, max-snippet:-1, max-image-preview:large, max-video-preview:-1\" \/>\n<link rel=\"canonical\" href=\"https:\/\/www.em.com.br\/emfoco\/2025\/05\/22\/conheca-a-nova-linha-classe-c-da-mercedes-que-redefinem-o-conceito-de-luxo\/\" \/>\n<meta property=\"og:locale\" content=\"pt_BR\" \/>\n<meta property=\"og:type\" content=\"article\" \/>\n<meta property=\"og:title\" content=\"Conhe\u00e7a a nova linha Classe C da Mercedes que redefine o conceito de luxo - Estado de Minas - Em foco\" \/>\n<meta property=\"og:description\" content=\"Com visual esportivo, sistema h\u00edbrido e alta conectividade, o novo Classe C pode ser o sed\u00e3 mais completo do ano.\" \/>\n<meta property=\"og:url\" content=\"https:\/\/www.em.com.br\/emfoco\/2025\/05\/22\/conheca-a-nova-linha-classe-c-da-mercedes-que-redefinem-o-conceito-de-luxo\/\" \/>\n<meta property=\"og:site_name\" content=\"Estado de Minas - Em foco\" \/>\n<meta property=\"article:published_time\" content=\"2025-05-22T16:20:00+00:00\" \/>\n<meta property=\"article:modified_time\" content=\"2025-06-18T00:06:39+00:00\" \/>\n<meta property=\"og:image\" content=\"https:\/\/www.em.com.br\/emfoco\/wp-content\/uploads\/2025\/05\/Design-sem-nome-23.jpg\" \/>\n\t<meta property=\"og:image:width\" content=\"1280\" \/>\n\t<meta property=\"og:image:height\" content=\"720\" \/>\n\t<meta property=\"og:image:type\" content=\"image\/jpeg\" \/>\n<meta name=\"author\" content=\"Gabriel Martins\" \/>\n<meta name=\"twitter:card\" content=\"summary_large_image\" \/>\n<meta name=\"twitter:label1\" content=\"Escrito por\" \/>\n\t<meta name=\"twitter:data1\" content=\"Gabriel Martins\" \/>\n\t<meta name=\"twitter:label2\" content=\"Est. tempo de leitura\" \/>\n\t<meta name=\"twitter:data2\" content=\"6 minutos\" \/>\n<!-- \/ Yoast SEO plugin. -->","yoast_head_json":{"title":"Conhe\u00e7a a nova linha Classe C da Mercedes que redefine o conceito de luxo - Estado de Minas - Em foco","description":"Com visual esportivo, sistema h\u00edbrido e alta conectividade, o novo Classe C pode ser o sed\u00e3 mais completo do ano.","robots":{"index":"index","follow":"follow","max-snippet":"max-snippet:-1","max-image-preview":"max-image-preview:large","max-video-preview":"max-video-preview:-1"},"canonical":"https:\/\/www.em.com.br\/emfoco\/2025\/05\/22\/conheca-a-nova-linha-classe-c-da-mercedes-que-redefinem-o-conceito-de-luxo\/","og_locale":"pt_BR","og_type":"article","og_title":"Conhe\u00e7a a nova linha Classe C da Mercedes que redefine o conceito de luxo - Estado de Minas - Em foco","og_description":"Com visual esportivo, sistema h\u00edbrido e alta conectividade, o novo Classe C pode ser o sed\u00e3 mais completo do ano.","og_url":"https:\/\/www.em.com.br\/emfoco\/2025\/05\/22\/conheca-a-nova-linha-classe-c-da-mercedes-que-redefinem-o-conceito-de-luxo\/","og_site_name":"Estado de Minas - Em foco","article_published_time":"2025-05-22T16:20:00+00:00","article_modified_time":"2025-06-18T00:06:39+00:00","og_image":[{"width":1280,"height":720,"url":"https:\/\/www.em.com.br\/emfoco\/wp-content\/uploads\/2025\/05\/Design-sem-nome-23.jpg","type":"image\/jpeg"}],"author":"Gabriel Martins","twitter_card":"summary_large_image","twitter_misc":{"Escrito por":"Gabriel Martins","Est. tempo de leitura":"6 minutos"},"schema":{"@context":"https:\/\/schema.org","@graph":[{"@type":"WebPage","@id":"https:\/\/www.em.com.br\/emfoco\/2025\/05\/22\/conheca-a-nova-linha-classe-c-da-mercedes-que-redefinem-o-conceito-de-luxo\/","url":"https:\/\/www.em.com.br\/emfoco\/2025\/05\/22\/conheca-a-nova-linha-classe-c-da-mercedes-que-redefinem-o-conceito-de-luxo\/","name":"Conhe\u00e7a a nova linha Classe C da Mercedes que redefine o conceito de luxo - Estado de Minas - Em foco","isPartOf":{"@id":"https:\/\/www.em.com.br\/emfoco\/#website"},"primaryImageOfPage":{"@id":"https:\/\/www.em.com.br\/emfoco\/2025\/05\/22\/conheca-a-nova-linha-classe-c-da-mercedes-que-redefinem-o-conceito-de-luxo\/#primaryimage"},"image":{"@id":"https:\/\/www.em.com.br\/emfoco\/2025\/05\/22\/conheca-a-nova-linha-classe-c-da-mercedes-que-redefinem-o-conceito-de-luxo\/#primaryimage"},"thumbnailUrl":"https:\/\/www.em.com.br\/emfoco\/wp-content\/uploads\/2025\/05\/Design-sem-nome-23.jpg","datePublished":"2025-05-22T16:20:00+00:00","dateModified":"2025-06-18T00:06:39+00:00","author":{"@id":"https:\/\/www.em.com.br\/emfoco\/#\/schema\/person\/1c9ddeab18b98abeffef834667bcf08a"},"description":"Com visual esportivo, sistema h\u00edbrido e alta conectividade, o novo Classe C pode ser o sed\u00e3 mais completo do ano.","breadcrumb":{"@id":"https:\/\/www.em.com.br\/emfoco\/2025\/05\/22\/conheca-a-nova-linha-classe-c-da-mercedes-que-redefinem-o-conceito-de-luxo\/#breadcrumb"},"inLanguage":"pt-BR","potentialAction":[{"@type":"ReadAction","target":["https:\/\/www.em.com.br\/emfoco\/2025\/05\/22\/conheca-a-nova-linha-classe-c-da-mercedes-que-redefinem-o-conceito-de-luxo\/"]}]},{"@type":"ImageObject","inLanguage":"pt-BR","@id":"https:\/\/www.em.com.br\/emfoco\/2025\/05\/22\/conheca-a-nova-linha-classe-c-da-mercedes-que-redefinem-o-conceito-de-luxo\/#primaryimage","url":"https:\/\/www.em.com.br\/emfoco\/wp-content\/uploads\/2025\/05\/Design-sem-nome-23.jpg","contentUrl":"https:\/\/www.em.com.br\/emfoco\/wp-content\/uploads\/2025\/05\/Design-sem-nome-23.jpg","width":1280,"height":720,"caption":"Mercedes-Benz C300 AMG 2022 - Cr\u00e9ditos: Mercedes-Benz\/Divulga\u00e7\u00e3o"},{"@type":"BreadcrumbList","@id":"https:\/\/www.em.com.br\/emfoco\/2025\/05\/22\/conheca-a-nova-linha-classe-c-da-mercedes-que-redefinem-o-conceito-de-luxo\/#breadcrumb","itemListElement":[{"@type":"ListItem","position":1,"name":"In\u00edcio","item":"https:\/\/www.em.com.br\/emfoco\/"},{"@type":"ListItem","position":2,"name":"Conhe\u00e7a a nova linha Classe C da Mercedes que redefine o conceito de luxo"}]},{"@type":"WebSite","@id":"https:\/\/www.em.com.br\/emfoco\/#website","url":"https:\/\/www.em.com.br\/emfoco\/","name":"Estado de Minas - Em foco","description":"Acompanhe as \u00faltimas not\u00edcias e fique bem informado sobre tudo o que acontece em Minas Gerais, Brasil e no mundo.","potentialAction":[{"@type":"SearchAction","target":{"@type":"EntryPoint","urlTemplate":"https:\/\/www.em.com.br\/emfoco\/?s={search_term_string}"},"query-input":{"@type":"PropertyValueSpecification","valueRequired":true,"valueName":"search_term_string"}}],"inLanguage":"pt-BR"},{"@type":"Person","@id":"https:\/\/www.em.com.br\/emfoco\/#\/schema\/person\/1c9ddeab18b98abeffef834667bcf08a","name":"Gabriel Martins","image":{"@type":"ImageObject","inLanguage":"pt-BR","@id":"https:\/\/www.em.com.br\/emfoco\/#\/schema\/person\/image\/","url":"https:\/\/secure.gravatar.com\/avatar\/f0f1e2efdfd88f1ad2cb08c5c2731e50?s=96&d=mm&r=g","contentUrl":"https:\/\/secure.gravatar.com\/avatar\/f0f1e2efdfd88f1ad2cb08c5c2731e50?s=96&d=mm&r=g","caption":"Gabriel Martins"},"sameAs":["https:\/\/www.em.com.br\/emfoco\/"],"url":"https:\/\/www.em.com.br\/emfoco\/author\/gabrielmartinsmyth\/"}]}},"_links":{"self":[{"href":"https:\/\/www.em.com.br\/emfoco\/wp-json\/wp\/v2\/posts\/48658","targetHints":{"allow":["GET"]}}],"collection":[{"href":"https:\/\/www.em.com.br\/emfoco\/wp-json\/wp\/v2\/posts"}],"about":[{"href":"https:\/\/www.em.com.br\/emfoco\/wp-json\/wp\/v2\/types\/post"}],"author":[{"embeddable":true,"href":"https:\/\/www.em.com.br\/emfoco\/wp-json\/wp\/v2\/users\/13"}],"replies":[{"embeddable":true,"href":"https:\/\/www.em.com.br\/emfoco\/wp-json\/wp\/v2\/comments?post=48658"}],"version-history":[{"count":4,"href":"https:\/\/www.em.com.br\/emfoco\/wp-json\/wp\/v2\/posts\/48658\/revisions"}],"predecessor-version":[{"id":62718,"href":"https:\/\/www.em.com.br\/emfoco\/wp-json\/wp\/v2\/posts\/48658\/revisions\/62718"}],"wp:featuredmedia":[{"embeddable":true,"href":"https:\/\/www.em.com.br\/emfoco\/wp-json\/wp\/v2\/media\/48666"}],"wp:attachment":[{"href":"https:\/\/www.em.com.br\/emfoco\/wp-json\/wp\/v2\/media?parent=48658"}],"wp:term":[{"taxonomy":"category","embeddable":true,"href":"https:\/\/www.em.com.br\/emfoco\/wp-json\/wp\/v2\/categories?post=48658"},{"taxonomy":"post_tag","embeddable":true,"href":"https:\/\/www.em.com.br\/emfoco\/wp-json\/wp\/v2\/tags?post=48658"}],"curies":[{"name":"wp","href":"https:\/\/api.w.org\/{rel}","templated":true}]}}