{"id":48546,"date":"2025-05-22T06:00:00","date_gmt":"2025-05-22T09:00:00","guid":{"rendered":"https:\/\/www.em.com.br\/emfoco\/?p=48546"},"modified":"2025-05-21T17:31:03","modified_gmt":"2025-05-21T20:31:03","slug":"aprenda-como-manter-cabelos-pretos-sempre-brilhosos-e-saudaveis","status":"publish","type":"post","link":"https:\/\/www.em.com.br\/emfoco\/2025\/05\/22\/aprenda-como-manter-cabelos-pretos-sempre-brilhosos-e-saudaveis\/","title":{"rendered":"Aprenda como manter cabelos pretos sempre brilhosos e saud\u00e1veis"},"content":{"rendered":"\n<p>Os cabelos pretos possuem uma beleza singular que atrai muitos olhares, especialmente quando est\u00e3o saud\u00e1veis e brilhosos. Seja a cor natural ou tingida, o tom escuro requer cuidados espec\u00edficos para manter sua intensidade e luminosidade. Com algumas pr\u00e1ticas simples, \u00e9 poss\u00edvel garantir que os fios pretos permane\u00e7am sempre radiantes. Este artigo apresenta dicas essenciais para manter o brilho dos cabelos pretos.<\/p>\n\n\n\n<p>Os cabelos pretos, embora sejam frequentemente considerados f\u00e1ceis de manter, exigem aten\u00e7\u00e3o especial para evitar o desbotamento e o ressecamento. A exposi\u00e7\u00e3o ao sol, o uso de ferramentas t\u00e9rmicas e a escolha dos produtos certos s\u00e3o fatores que influenciam diretamente na sa\u00fade e apar\u00eancia dos fios. A seguir, confira como cuidar dos cabelos pretos de forma eficaz.<\/p>\n\n\n\n<h2 class=\"wp-block-heading\">Por que os cabelos pretos precisam de prote\u00e7\u00e3o solar?<\/h2>\n\n\n\n<p>Os cabelos pretos, assim como qualquer outro tipo de cabelo, est\u00e3o sujeitos aos danos causados pela exposi\u00e7\u00e3o solar. <strong>O sol pode desbotar a cor, deixando os fios com um tom avermelhado ou manchado<\/strong>. Al\u00e9m disso, a exposi\u00e7\u00e3o prolongada ao sol pode ressecar os fios, tornando-os quebradi\u00e7os. Para evitar esses problemas, \u00e9 fundamental usar produtos capilares com filtro solar. Um <strong>leave-in<\/strong> <strong>com <a href=\"https:\/\/softhair.com.br\/protecao-uv-para-cabelos\/\" target=\"_blank\" rel=\"noreferrer noopener\">prote\u00e7\u00e3o UV<\/a> <\/strong>aplicado do comprimento \u00e0s pontas antes de sair de casa pode ser uma solu\u00e7\u00e3o eficaz.<\/p>\n\n\n\n<figure class=\"wp-block-image size-large\"><img loading=\"lazy\" decoding=\"async\" width=\"1024\" height=\"576\" src=\"https:\/\/www.em.com.br\/emfoco\/wp-content\/uploads\/2025\/05\/black-hair_1747666703861-1024x576.jpg\" alt=\"Aprenda como manter cabelos pretos sempre brilhosos e saud\u00e1veis\" class=\"wp-image-48580\" srcset=\"https:\/\/www.em.com.br\/emfoco\/wp-content\/uploads\/2025\/05\/black-hair_1747666703861-1024x576.jpg 1024w, https:\/\/www.em.com.br\/emfoco\/wp-content\/uploads\/2025\/05\/black-hair_1747666703861-300x169.jpg 300w, https:\/\/www.em.com.br\/emfoco\/wp-content\/uploads\/2025\/05\/black-hair_1747666703861-768x432.jpg 768w, https:\/\/www.em.com.br\/emfoco\/wp-content\/uploads\/2025\/05\/black-hair_1747666703861-750x422.jpg 750w, https:\/\/www.em.com.br\/emfoco\/wp-content\/uploads\/2025\/05\/black-hair_1747666703861-1140x641.jpg 1140w, https:\/\/www.em.com.br\/emfoco\/wp-content\/uploads\/2025\/05\/black-hair_1747666703861.jpg 1280w\" sizes=\"auto, (max-width: 1024px) 100vw, 1024px\" \/><figcaption class=\"wp-element-caption\">Cabelo preto &#8211; Cr\u00e9ditos: depositphotos.com \/ koji6aca<\/figcaption><\/figure>\n\n\n\n<h2 class=\"wp-block-heading\">Qual a import\u00e2ncia dos banhos de brilho para cabelos pretos?<\/h2>\n\n\n\n<p>Manter o brilho dos cabelos pretos pode ser um desafio, especialmente se os fios estiverem opacos ou secos. Uma t\u00e9cnica eficaz para renovar o brilho \u00e9 o <strong>banho de brilho<\/strong>, que pode ser realizado a cada 15 dias. Esse procedimento pode ser feito em casa, utilizando um <strong>tonalizante que reveste a superf\u00edcie do fio<\/strong>, proporcionando um brilho renovado. Alternativamente, uma m\u00e1scara de tratamento escura sem pigmentos pode ser utilizada para manter a cor intensa e os fios saud\u00e1veis.<\/p>\n\n\n\n<h2 class=\"wp-block-heading\">Como o uso de ferramentas t\u00e9rmicas afeta os cabelos pretos?<\/h2>\n\n\n\n<p>O uso frequente de <strong>chapinha<\/strong>, <strong>secador<\/strong> ou <strong>babyliss <\/strong>pode prejudicar a sa\u00fade dos cabelos pretos. As altas temperaturas ressecam os fios, tornando-os quebradi\u00e7os e propensos a pontas duplas. Para minimizar esses efeitos, \u00e9 essencial aplicar um protetor t\u00e9rmico antes de usar qualquer ferramenta de calor e finalizar com um produto que ajude a selar as cut\u00edculas. Essa pr\u00e1tica ajuda a manter os fios pretos bonitos e saud\u00e1veis.<\/p>\n\n\n\n<h2 class=\"wp-block-heading\">Quais produtos s\u00e3o indicados para cabelos pretos ou tingidos?<\/h2>\n\n\n\n<p>Para quem opta por tingir os cabelos de preto, \u00e9 importante escolher produtos espec\u00edficos para essa cor ou para cabelos coloridos em geral. <strong>Shampoos e condicionadores formulados para cabelos pretos s\u00e3o mais <a href=\"https:\/\/www.em.com.br\/emfoco\/2025\/04\/22\/hidratantes-acessiveis-que-realmente-funcionam-para-todos-os-tipos-de-pele\/\" target=\"_blank\" rel=\"noreferrer noopener\">hidratantes <\/a>e suaves<\/strong>, ajudando a evitar o ressecamento. Produtos que contenham queratina ou col\u00e1geno s\u00e3o recomendados, pois conferem movimento e sedosidade aos fios, mantendo-os sempre com um aspecto saud\u00e1vel.<\/p>\n\n\n\n<h2 class=\"wp-block-heading\">Como a umecta\u00e7\u00e3o pode beneficiar os cabelos pretos?<\/h2>\n\n\n\n<p>A umecta\u00e7\u00e3o \u00e9 uma t\u00e9cnica que tem ganhado popularidade por sua capacidade de proporcionar brilho e maciez aos cabelos. Diferente da hidrata\u00e7\u00e3o tradicional, a umecta\u00e7\u00e3o utiliza \u00f3leos capilares aplicados em todas as mechas, da raiz \u00e0s pontas. Para cabelos pretos, sejam naturais ou tingidos, essa t\u00e9cnica \u00e9 altamente ben\u00e9fica, pois o \u00f3leo capilar proporciona o brilho extra que os fios necessitam. Ap\u00f3s a aplica\u00e7\u00e3o, \u00e9 importante enxaguar bem com \u00e1gua fria para evitar que os fios fiquem oleosos.<\/p>\n\n\n\n<h2 class=\"wp-block-heading\">Por que lavar os cabelos pretos com \u00e1gua fria ou morna?<\/h2>\n\n\n\n<p>Lavar os cabelos pretos com \u00e1gua fria ou morna \u00e9 uma dica pr\u00e1tica e eficaz para manter o brilho. A \u00e1gua quente pode estimular a oleosidade do couro cabeludo e deixar as cut\u00edculas dos fios abertas, tornando-os mais suscet\u00edveis a danos externos como vento e polui\u00e7\u00e3o. A \u00e1gua fria, por outro lado, ajuda a selar as cut\u00edculas, equilibrar a oleosidade e aumentar o brilho dos cabelos pretos, garantindo uma apar\u00eancia saud\u00e1vel e radiante.<\/p>\n","protected":false},"excerpt":{"rendered":"<p>Os cabelos pretos possuem uma beleza singular que atrai muitos olhares, especialmente quando est\u00e3o saud\u00e1veis e brilhosos. Seja a cor natural ou tingida, o tom escuro requer cuidados espec\u00edficos para manter sua intensidade e luminosidade. Com algumas pr\u00e1ticas simples, \u00e9 poss\u00edvel garantir que os fios pretos permane\u00e7am sempre radiantes. Este artigo apresenta dicas essenciais para [&hellip;]<\/p>\n","protected":false},"author":13,"featured_media":48578,"comment_status":"open","ping_status":"open","sticky":false,"template":"","format":"standard","meta":{"jnews-multi-image_gallery":[],"jnews_single_post":{"format":"standard"},"jnews_primary_category":[],"jnews_social_meta":[],"jnews_override_counter":[],"footnotes":""},"categories":[29],"tags":[2616,8791,8790,5143],"class_list":["post-48546","post","type-post","status-publish","format-standard","has-post-thumbnail","hentry","category-entretenimento","tag-beleza","tag-brilho-capilar","tag-cabelo-preto","tag-cabelos"],"yoast_head":"<!-- This site is optimized with the Yoast SEO plugin v23.8 - https:\/\/yoast.com\/wordpress\/plugins\/seo\/ -->\n<title>Aprenda como manter cabelos pretos sempre brilhosos e saud\u00e1veis - Estado de Minas - Em foco<\/title>\n<meta name=\"description\" content=\"Aprenda como proteger seus cabelos pretos e manter o brilho intenso com dicas de cuidados t\u00e9rmicos, umecta\u00e7\u00e3o e lavagem ideal.\" \/>\n<meta name=\"robots\" content=\"index, follow, max-snippet:-1, max-image-preview:large, max-video-preview:-1\" \/>\n<link rel=\"canonical\" href=\"https:\/\/www.em.com.br\/emfoco\/2025\/05\/22\/aprenda-como-manter-cabelos-pretos-sempre-brilhosos-e-saudaveis\/\" \/>\n<meta property=\"og:locale\" content=\"pt_BR\" \/>\n<meta property=\"og:type\" content=\"article\" \/>\n<meta property=\"og:title\" content=\"Aprenda como manter cabelos pretos sempre brilhosos e saud\u00e1veis - Estado de Minas - Em foco\" \/>\n<meta property=\"og:description\" content=\"Aprenda como proteger seus cabelos pretos e manter o brilho intenso com dicas de cuidados t\u00e9rmicos, umecta\u00e7\u00e3o e lavagem ideal.\" \/>\n<meta property=\"og:url\" content=\"https:\/\/www.em.com.br\/emfoco\/2025\/05\/22\/aprenda-como-manter-cabelos-pretos-sempre-brilhosos-e-saudaveis\/\" \/>\n<meta property=\"og:site_name\" content=\"Estado de Minas - Em foco\" \/>\n<meta property=\"article:published_time\" content=\"2025-05-22T09:00:00+00:00\" \/>\n<meta property=\"article:modified_time\" content=\"2025-05-21T20:31:03+00:00\" \/>\n<meta property=\"og:image\" content=\"https:\/\/www.em.com.br\/emfoco\/wp-content\/uploads\/2025\/05\/black-hair_1747666679372.jpg\" \/>\n\t<meta property=\"og:image:width\" content=\"1280\" \/>\n\t<meta property=\"og:image:height\" content=\"720\" \/>\n\t<meta property=\"og:image:type\" content=\"image\/jpeg\" \/>\n<meta name=\"author\" content=\"Gabriel Martins\" \/>\n<meta name=\"twitter:card\" content=\"summary_large_image\" \/>\n<meta name=\"twitter:label1\" content=\"Escrito por\" \/>\n\t<meta name=\"twitter:data1\" content=\"Gabriel Martins\" \/>\n\t<meta name=\"twitter:label2\" content=\"Est. tempo de leitura\" \/>\n\t<meta name=\"twitter:data2\" content=\"4 minutos\" \/>\n<!-- \/ Yoast SEO plugin. -->","yoast_head_json":{"title":"Aprenda como manter cabelos pretos sempre brilhosos e saud\u00e1veis - Estado de Minas - Em foco","description":"Aprenda como proteger seus cabelos pretos e manter o brilho intenso com dicas de cuidados t\u00e9rmicos, umecta\u00e7\u00e3o e lavagem ideal.","robots":{"index":"index","follow":"follow","max-snippet":"max-snippet:-1","max-image-preview":"max-image-preview:large","max-video-preview":"max-video-preview:-1"},"canonical":"https:\/\/www.em.com.br\/emfoco\/2025\/05\/22\/aprenda-como-manter-cabelos-pretos-sempre-brilhosos-e-saudaveis\/","og_locale":"pt_BR","og_type":"article","og_title":"Aprenda como manter cabelos pretos sempre brilhosos e saud\u00e1veis - Estado de Minas - Em foco","og_description":"Aprenda como proteger seus cabelos pretos e manter o brilho intenso com dicas de cuidados t\u00e9rmicos, umecta\u00e7\u00e3o e lavagem ideal.","og_url":"https:\/\/www.em.com.br\/emfoco\/2025\/05\/22\/aprenda-como-manter-cabelos-pretos-sempre-brilhosos-e-saudaveis\/","og_site_name":"Estado de Minas - Em foco","article_published_time":"2025-05-22T09:00:00+00:00","article_modified_time":"2025-05-21T20:31:03+00:00","og_image":[{"width":1280,"height":720,"url":"https:\/\/www.em.com.br\/emfoco\/wp-content\/uploads\/2025\/05\/black-hair_1747666679372.jpg","type":"image\/jpeg"}],"author":"Gabriel Martins","twitter_card":"summary_large_image","twitter_misc":{"Escrito por":"Gabriel Martins","Est. tempo de leitura":"4 minutos"},"schema":{"@context":"https:\/\/schema.org","@graph":[{"@type":"WebPage","@id":"https:\/\/www.em.com.br\/emfoco\/2025\/05\/22\/aprenda-como-manter-cabelos-pretos-sempre-brilhosos-e-saudaveis\/","url":"https:\/\/www.em.com.br\/emfoco\/2025\/05\/22\/aprenda-como-manter-cabelos-pretos-sempre-brilhosos-e-saudaveis\/","name":"Aprenda como manter cabelos pretos sempre brilhosos e saud\u00e1veis - Estado de Minas - Em foco","isPartOf":{"@id":"https:\/\/www.em.com.br\/emfoco\/#website"},"primaryImageOfPage":{"@id":"https:\/\/www.em.com.br\/emfoco\/2025\/05\/22\/aprenda-como-manter-cabelos-pretos-sempre-brilhosos-e-saudaveis\/#primaryimage"},"image":{"@id":"https:\/\/www.em.com.br\/emfoco\/2025\/05\/22\/aprenda-como-manter-cabelos-pretos-sempre-brilhosos-e-saudaveis\/#primaryimage"},"thumbnailUrl":"https:\/\/www.em.com.br\/emfoco\/wp-content\/uploads\/2025\/05\/black-hair_1747666679372.jpg","datePublished":"2025-05-22T09:00:00+00:00","dateModified":"2025-05-21T20:31:03+00:00","author":{"@id":"https:\/\/www.em.com.br\/emfoco\/#\/schema\/person\/1c9ddeab18b98abeffef834667bcf08a"},"description":"Aprenda como proteger seus cabelos pretos e manter o brilho intenso com dicas de cuidados t\u00e9rmicos, umecta\u00e7\u00e3o e lavagem ideal.","breadcrumb":{"@id":"https:\/\/www.em.com.br\/emfoco\/2025\/05\/22\/aprenda-como-manter-cabelos-pretos-sempre-brilhosos-e-saudaveis\/#breadcrumb"},"inLanguage":"pt-BR","potentialAction":[{"@type":"ReadAction","target":["https:\/\/www.em.com.br\/emfoco\/2025\/05\/22\/aprenda-como-manter-cabelos-pretos-sempre-brilhosos-e-saudaveis\/"]}]},{"@type":"ImageObject","inLanguage":"pt-BR","@id":"https:\/\/www.em.com.br\/emfoco\/2025\/05\/22\/aprenda-como-manter-cabelos-pretos-sempre-brilhosos-e-saudaveis\/#primaryimage","url":"https:\/\/www.em.com.br\/emfoco\/wp-content\/uploads\/2025\/05\/black-hair_1747666679372.jpg","contentUrl":"https:\/\/www.em.com.br\/emfoco\/wp-content\/uploads\/2025\/05\/black-hair_1747666679372.jpg","width":1280,"height":720,"caption":"Cabelo preto - Cr\u00e9ditos: depositphotos.com \/ Subbotina"},{"@type":"BreadcrumbList","@id":"https:\/\/www.em.com.br\/emfoco\/2025\/05\/22\/aprenda-como-manter-cabelos-pretos-sempre-brilhosos-e-saudaveis\/#breadcrumb","itemListElement":[{"@type":"ListItem","position":1,"name":"In\u00edcio","item":"https:\/\/www.em.com.br\/emfoco\/"},{"@type":"ListItem","position":2,"name":"Aprenda como manter cabelos pretos sempre brilhosos e saud\u00e1veis"}]},{"@type":"WebSite","@id":"https:\/\/www.em.com.br\/emfoco\/#website","url":"https:\/\/www.em.com.br\/emfoco\/","name":"Estado de Minas - Em foco","description":"Acompanhe as \u00faltimas not\u00edcias e fique bem informado sobre tudo o que acontece em Minas Gerais, Brasil e no mundo.","potentialAction":[{"@type":"SearchAction","target":{"@type":"EntryPoint","urlTemplate":"https:\/\/www.em.com.br\/emfoco\/?s={search_term_string}"},"query-input":{"@type":"PropertyValueSpecification","valueRequired":true,"valueName":"search_term_string"}}],"inLanguage":"pt-BR"},{"@type":"Person","@id":"https:\/\/www.em.com.br\/emfoco\/#\/schema\/person\/1c9ddeab18b98abeffef834667bcf08a","name":"Gabriel Martins","image":{"@type":"ImageObject","inLanguage":"pt-BR","@id":"https:\/\/www.em.com.br\/emfoco\/#\/schema\/person\/image\/","url":"https:\/\/secure.gravatar.com\/avatar\/f0f1e2efdfd88f1ad2cb08c5c2731e50?s=96&d=mm&r=g","contentUrl":"https:\/\/secure.gravatar.com\/avatar\/f0f1e2efdfd88f1ad2cb08c5c2731e50?s=96&d=mm&r=g","caption":"Gabriel Martins"},"sameAs":["https:\/\/www.em.com.br\/emfoco\/"],"url":"https:\/\/www.em.com.br\/emfoco\/author\/gabrielmartinsmyth\/"}]}},"_links":{"self":[{"href":"https:\/\/www.em.com.br\/emfoco\/wp-json\/wp\/v2\/posts\/48546","targetHints":{"allow":["GET"]}}],"collection":[{"href":"https:\/\/www.em.com.br\/emfoco\/wp-json\/wp\/v2\/posts"}],"about":[{"href":"https:\/\/www.em.com.br\/emfoco\/wp-json\/wp\/v2\/types\/post"}],"author":[{"embeddable":true,"href":"https:\/\/www.em.com.br\/emfoco\/wp-json\/wp\/v2\/users\/13"}],"replies":[{"embeddable":true,"href":"https:\/\/www.em.com.br\/emfoco\/wp-json\/wp\/v2\/comments?post=48546"}],"version-history":[{"count":2,"href":"https:\/\/www.em.com.br\/emfoco\/wp-json\/wp\/v2\/posts\/48546\/revisions"}],"predecessor-version":[{"id":48581,"href":"https:\/\/www.em.com.br\/emfoco\/wp-json\/wp\/v2\/posts\/48546\/revisions\/48581"}],"wp:featuredmedia":[{"embeddable":true,"href":"https:\/\/www.em.com.br\/emfoco\/wp-json\/wp\/v2\/media\/48578"}],"wp:attachment":[{"href":"https:\/\/www.em.com.br\/emfoco\/wp-json\/wp\/v2\/media?parent=48546"}],"wp:term":[{"taxonomy":"category","embeddable":true,"href":"https:\/\/www.em.com.br\/emfoco\/wp-json\/wp\/v2\/categories?post=48546"},{"taxonomy":"post_tag","embeddable":true,"href":"https:\/\/www.em.com.br\/emfoco\/wp-json\/wp\/v2\/tags?post=48546"}],"curies":[{"name":"wp","href":"https:\/\/api.w.org\/{rel}","templated":true}]}}