{"id":48522,"date":"2025-05-22T18:00:00","date_gmt":"2025-05-22T21:00:00","guid":{"rendered":"https:\/\/www.em.com.br\/emfoco\/?p=48522"},"modified":"2025-05-21T17:59:14","modified_gmt":"2025-05-21T20:59:14","slug":"conheca-os-beneficios-da-salsinha-na-digestao-que-vao-transformar-sua-saude","status":"publish","type":"post","link":"https:\/\/www.em.com.br\/emfoco\/2025\/05\/22\/conheca-os-beneficios-da-salsinha-na-digestao-que-vao-transformar-sua-saude\/","title":{"rendered":"Conhe\u00e7a os benef\u00edcios da salsinha na digest\u00e3o que v\u00e3o transformar sua sa\u00fade"},"content":{"rendered":"\n<p>A salsinha, uma erva amplamente utilizada na culin\u00e1ria, \u00e9 conhecida por suas propriedades ben\u00e9ficas para a sa\u00fade. Rica em <strong>vitaminas<\/strong> e <strong>minerais<\/strong>, a salsinha \u00e9 uma excelente fonte de <a href=\"https:\/\/vidasaudavel.einstein.br\/tipos-de-vitaminas\/\" target=\"_blank\" rel=\"noreferrer noopener\"><strong>vitamina C<\/strong>, <strong>vitamina K<\/strong> e <strong>vitamina A<\/strong><\/a>. Al\u00e9m disso, cont\u00e9m antioxidantes que ajudam a combater os radicais livres no corpo, contribuindo para a preven\u00e7\u00e3o de doen\u00e7as cr\u00f4nicas.<\/p>\n\n\n\n<p>Outro benef\u00edcio significativo da salsinha \u00e9 seu potencial diur\u00e9tico, que pode ajudar a reduzir a reten\u00e7\u00e3o de l\u00edquidos e promover a sa\u00fade renal. A presen\u00e7a de compostos como a apigenina tamb\u00e9m est\u00e1 associada a efeitos anti-inflamat\u00f3rios, o que pode ser ben\u00e9fico para pessoas que sofrem de condi\u00e7\u00f5es inflamat\u00f3rias.<\/p>\n\n\n\n<h2 class=\"wp-block-heading\">Como a salsinha pode ajudar na digest\u00e3o e no sistema imunol\u00f3gico?<\/h2>\n\n\n\n<p>A salsinha \u00e9 conhecida por melhorar a digest\u00e3o devido ao seu teor de fibras, que auxilia no funcionamento do <strong><a href=\"https:\/\/www.em.com.br\/emfoco\/2025\/05\/17\/cultive-alcachofra-em-casa-e-prepare-chas-digestivos-poderosos\/\" target=\"_blank\" rel=\"noreferrer noopener\">sistema digestivo<\/a><\/strong>. As fibras ajudam a regular o tr\u00e2nsito intestinal, prevenindo a constipa\u00e7\u00e3o e promovendo uma digest\u00e3o saud\u00e1vel. Al\u00e9m disso, a salsinha cont\u00e9m enzimas que podem facilitar a digest\u00e3o de prote\u00ednas e gorduras.<\/p>\n\n\n\n<p>Em rela\u00e7\u00e3o ao sistema imunol\u00f3gico, a salsinha \u00e9 uma aliada poderosa. A vitamina C presente na erva \u00e9 essencial para o fortalecimento do sistema imunol\u00f3gico, ajudando o corpo a combater infec\u00e7\u00f5es e doen\u00e7as. O consumo regular de salsinha pode, portanto, <strong>contribuir para uma maior resist\u00eancia a resfriados e gripes<\/strong>.<\/p>\n\n\n\n<figure class=\"wp-block-image size-large\"><img loading=\"lazy\" decoding=\"async\" width=\"1024\" height=\"576\" src=\"https:\/\/www.em.com.br\/emfoco\/wp-content\/uploads\/2025\/05\/parsley_1746715321449-1024x576.jpg\" alt=\"Aprenda cultivar salsinha em casa e sempre tenha temperos frescos\" class=\"wp-image-45671\" srcset=\"https:\/\/www.em.com.br\/emfoco\/wp-content\/uploads\/2025\/05\/parsley_1746715321449-1024x576.jpg 1024w, https:\/\/www.em.com.br\/emfoco\/wp-content\/uploads\/2025\/05\/parsley_1746715321449-300x169.jpg 300w, https:\/\/www.em.com.br\/emfoco\/wp-content\/uploads\/2025\/05\/parsley_1746715321449-768x432.jpg 768w, https:\/\/www.em.com.br\/emfoco\/wp-content\/uploads\/2025\/05\/parsley_1746715321449-750x422.jpg 750w, https:\/\/www.em.com.br\/emfoco\/wp-content\/uploads\/2025\/05\/parsley_1746715321449-1140x641.jpg 1140w, https:\/\/www.em.com.br\/emfoco\/wp-content\/uploads\/2025\/05\/parsley_1746715321449.jpg 1280w\" sizes=\"auto, (max-width: 1024px) 100vw, 1024px\" \/><figcaption class=\"wp-element-caption\">Salsinha &#8211; Cr\u00e9ditos: depositphotos.com \/ mira.drozdowski.gmx.de<\/figcaption><\/figure>\n\n\n\n<h2 class=\"wp-block-heading\">De que forma a salsinha pode ser incorporada em uma dieta saud\u00e1vel?<\/h2>\n\n\n\n<p>Incorporar a salsinha em uma dieta saud\u00e1vel \u00e9 simples e pode ser feito de v\u00e1rias maneiras. A erva pode ser usada como tempero em saladas, sopas, molhos e pratos principais, adicionando sabor e nutrientes sem aumentar significativamente o teor cal\u00f3rico. Al\u00e9m disso, a salsinha pode ser utilizada em sucos verdes, proporcionando um impulso nutricional extra.<\/p>\n\n\n\n<p>Uma maneira pr\u00e1tica de incluir a salsinha na dieta \u00e9 preparar um <strong>pesto de salsinha<\/strong>. Basta bater no liquidificador um ma\u00e7o de salsinha, um dente de alho, suco de meio lim\u00e3o, um punhado de nozes ou castanhas, azeite de oliva e uma pitada de sal. Este pesto pode ser usado como molho para massas, acompanhamento de carnes ou at\u00e9 mesmo como recheio de sandu\u00edches.<\/p>\n\n\n\n<h2 class=\"wp-block-heading\">Qual \u00e9 uma receita saud\u00e1vel que utiliza salsinha?<\/h2>\n\n\n\n<p>Uma receita saud\u00e1vel e deliciosa que utiliza salsinha \u00e9 a <strong>salada de gr\u00e3o-de-bico com salsinha<\/strong>. Esta salada \u00e9 rica em prote\u00ednas, fibras e vitaminas, sendo uma excelente op\u00e7\u00e3o para uma refei\u00e7\u00e3o leve e nutritiva.<\/p>\n\n\n\n<ol class=\"wp-block-list\">\n<li>Ingredientes:\n<ul class=\"wp-block-list\">\n<li>1 x\u00edcara de gr\u00e3o-de-bico cozido<\/li>\n\n\n\n<li>1 tomate picado<\/li>\n\n\n\n<li>1 pepino picado<\/li>\n\n\n\n<li>1\/2 cebola roxa picada<\/li>\n\n\n\n<li>1\/4 de x\u00edcara de salsinha picada<\/li>\n\n\n\n<li>Suco de 1 lim\u00e3o<\/li>\n\n\n\n<li>2 colheres de sopa de azeite de oliva<\/li>\n\n\n\n<li>Sal e pimenta a gosto<\/li>\n<\/ul>\n<\/li>\n\n\n\n<li>Modo de preparo:\n<ul class=\"wp-block-list\">\n<li>Em uma tigela grande, misture o gr\u00e3o-de-bico, o tomate, o pepino, a cebola e a salsinha.<\/li>\n\n\n\n<li>Adicione o suco de lim\u00e3o, o azeite, o sal e a pimenta.<\/li>\n\n\n\n<li>Misture bem todos os ingredientes e sirva.<\/li>\n<\/ul>\n<\/li>\n<\/ol>\n\n\n\n<p>Esta salada \u00e9 uma \u00f3tima op\u00e7\u00e3o para um almo\u00e7o r\u00e1pido ou como acompanhamento de um prato principal. A salsinha adiciona frescor e sabor, al\u00e9m de todos os seus benef\u00edcios nutricionais.<\/p>\n","protected":false},"excerpt":{"rendered":"<p>A salsinha, uma erva amplamente utilizada na culin\u00e1ria, \u00e9 conhecida por suas propriedades ben\u00e9ficas para a sa\u00fade. Rica em vitaminas e minerais, a salsinha \u00e9 uma excelente fonte de vitamina C, vitamina K e vitamina A. Al\u00e9m disso, cont\u00e9m antioxidantes que ajudam a combater os radicais livres no corpo, contribuindo para a preven\u00e7\u00e3o de doen\u00e7as [&hellip;]<\/p>\n","protected":false},"author":13,"featured_media":45673,"comment_status":"open","ping_status":"open","sticky":false,"template":"","format":"standard","meta":{"jnews-multi-image_gallery":[],"jnews_single_post":{"format":"standard"},"jnews_primary_category":[],"jnews_social_meta":[],"jnews_override_counter":[],"footnotes":""},"categories":[29],"tags":[4205,3509,2805,415],"class_list":["post-48522","post","type-post","status-publish","format-standard","has-post-thumbnail","hentry","category-entretenimento","tag-digestao","tag-nutricao","tag-salsinha","tag-saude"],"yoast_head":"<!-- This site is optimized with the Yoast SEO plugin v23.8 - https:\/\/yoast.com\/wordpress\/plugins\/seo\/ -->\n<title>Conhe\u00e7a os benef\u00edcios da salsinha na digest\u00e3o que v\u00e3o transformar sua sa\u00fade - Estado de Minas - Em foco<\/title>\n<meta name=\"description\" content=\"A salsinha vai muito al\u00e9m do tempero. Conhe\u00e7a os benef\u00edcios ocultos dessa erva poderosa que fortalece o corpo e melhora a digest\u00e3o.\" \/>\n<meta name=\"robots\" content=\"index, follow, max-snippet:-1, max-image-preview:large, max-video-preview:-1\" \/>\n<link rel=\"canonical\" href=\"https:\/\/www.em.com.br\/emfoco\/2025\/05\/22\/conheca-os-beneficios-da-salsinha-na-digestao-que-vao-transformar-sua-saude\/\" \/>\n<meta property=\"og:locale\" content=\"pt_BR\" \/>\n<meta property=\"og:type\" content=\"article\" \/>\n<meta property=\"og:title\" content=\"Conhe\u00e7a os benef\u00edcios da salsinha na digest\u00e3o que v\u00e3o transformar sua sa\u00fade - Estado de Minas - Em foco\" \/>\n<meta property=\"og:description\" content=\"A salsinha vai muito al\u00e9m do tempero. Conhe\u00e7a os benef\u00edcios ocultos dessa erva poderosa que fortalece o corpo e melhora a digest\u00e3o.\" \/>\n<meta property=\"og:url\" content=\"https:\/\/www.em.com.br\/emfoco\/2025\/05\/22\/conheca-os-beneficios-da-salsinha-na-digestao-que-vao-transformar-sua-saude\/\" \/>\n<meta property=\"og:site_name\" content=\"Estado de Minas - Em foco\" \/>\n<meta property=\"article:published_time\" content=\"2025-05-22T21:00:00+00:00\" \/>\n<meta property=\"article:modified_time\" content=\"2025-05-21T20:59:14+00:00\" \/>\n<meta property=\"og:image\" content=\"https:\/\/www.em.com.br\/emfoco\/wp-content\/uploads\/2025\/05\/parsley_1746715343813.jpg\" \/>\n\t<meta property=\"og:image:width\" content=\"1280\" \/>\n\t<meta property=\"og:image:height\" content=\"720\" \/>\n\t<meta property=\"og:image:type\" content=\"image\/jpeg\" \/>\n<meta name=\"author\" content=\"Gabriel Martins\" \/>\n<meta name=\"twitter:card\" content=\"summary_large_image\" \/>\n<meta name=\"twitter:label1\" content=\"Escrito por\" \/>\n\t<meta name=\"twitter:data1\" content=\"Gabriel Martins\" \/>\n\t<meta name=\"twitter:label2\" content=\"Est. tempo de leitura\" \/>\n\t<meta name=\"twitter:data2\" content=\"4 minutos\" \/>\n<!-- \/ Yoast SEO plugin. -->","yoast_head_json":{"title":"Conhe\u00e7a os benef\u00edcios da salsinha na digest\u00e3o que v\u00e3o transformar sua sa\u00fade - Estado de Minas - Em foco","description":"A salsinha vai muito al\u00e9m do tempero. Conhe\u00e7a os benef\u00edcios ocultos dessa erva poderosa que fortalece o corpo e melhora a digest\u00e3o.","robots":{"index":"index","follow":"follow","max-snippet":"max-snippet:-1","max-image-preview":"max-image-preview:large","max-video-preview":"max-video-preview:-1"},"canonical":"https:\/\/www.em.com.br\/emfoco\/2025\/05\/22\/conheca-os-beneficios-da-salsinha-na-digestao-que-vao-transformar-sua-saude\/","og_locale":"pt_BR","og_type":"article","og_title":"Conhe\u00e7a os benef\u00edcios da salsinha na digest\u00e3o que v\u00e3o transformar sua sa\u00fade - Estado de Minas - Em foco","og_description":"A salsinha vai muito al\u00e9m do tempero. Conhe\u00e7a os benef\u00edcios ocultos dessa erva poderosa que fortalece o corpo e melhora a digest\u00e3o.","og_url":"https:\/\/www.em.com.br\/emfoco\/2025\/05\/22\/conheca-os-beneficios-da-salsinha-na-digestao-que-vao-transformar-sua-saude\/","og_site_name":"Estado de Minas - Em foco","article_published_time":"2025-05-22T21:00:00+00:00","article_modified_time":"2025-05-21T20:59:14+00:00","og_image":[{"width":1280,"height":720,"url":"https:\/\/www.em.com.br\/emfoco\/wp-content\/uploads\/2025\/05\/parsley_1746715343813.jpg","type":"image\/jpeg"}],"author":"Gabriel Martins","twitter_card":"summary_large_image","twitter_misc":{"Escrito por":"Gabriel Martins","Est. tempo de leitura":"4 minutos"},"schema":{"@context":"https:\/\/schema.org","@graph":[{"@type":"WebPage","@id":"https:\/\/www.em.com.br\/emfoco\/2025\/05\/22\/conheca-os-beneficios-da-salsinha-na-digestao-que-vao-transformar-sua-saude\/","url":"https:\/\/www.em.com.br\/emfoco\/2025\/05\/22\/conheca-os-beneficios-da-salsinha-na-digestao-que-vao-transformar-sua-saude\/","name":"Conhe\u00e7a os benef\u00edcios da salsinha na digest\u00e3o que v\u00e3o transformar sua sa\u00fade - Estado de Minas - Em foco","isPartOf":{"@id":"https:\/\/www.em.com.br\/emfoco\/#website"},"primaryImageOfPage":{"@id":"https:\/\/www.em.com.br\/emfoco\/2025\/05\/22\/conheca-os-beneficios-da-salsinha-na-digestao-que-vao-transformar-sua-saude\/#primaryimage"},"image":{"@id":"https:\/\/www.em.com.br\/emfoco\/2025\/05\/22\/conheca-os-beneficios-da-salsinha-na-digestao-que-vao-transformar-sua-saude\/#primaryimage"},"thumbnailUrl":"https:\/\/www.em.com.br\/emfoco\/wp-content\/uploads\/2025\/05\/parsley_1746715343813.jpg","datePublished":"2025-05-22T21:00:00+00:00","dateModified":"2025-05-21T20:59:14+00:00","author":{"@id":"https:\/\/www.em.com.br\/emfoco\/#\/schema\/person\/1c9ddeab18b98abeffef834667bcf08a"},"description":"A salsinha vai muito al\u00e9m do tempero. Conhe\u00e7a os benef\u00edcios ocultos dessa erva poderosa que fortalece o corpo e melhora a digest\u00e3o.","breadcrumb":{"@id":"https:\/\/www.em.com.br\/emfoco\/2025\/05\/22\/conheca-os-beneficios-da-salsinha-na-digestao-que-vao-transformar-sua-saude\/#breadcrumb"},"inLanguage":"pt-BR","potentialAction":[{"@type":"ReadAction","target":["https:\/\/www.em.com.br\/emfoco\/2025\/05\/22\/conheca-os-beneficios-da-salsinha-na-digestao-que-vao-transformar-sua-saude\/"]}]},{"@type":"ImageObject","inLanguage":"pt-BR","@id":"https:\/\/www.em.com.br\/emfoco\/2025\/05\/22\/conheca-os-beneficios-da-salsinha-na-digestao-que-vao-transformar-sua-saude\/#primaryimage","url":"https:\/\/www.em.com.br\/emfoco\/wp-content\/uploads\/2025\/05\/parsley_1746715343813.jpg","contentUrl":"https:\/\/www.em.com.br\/emfoco\/wp-content\/uploads\/2025\/05\/parsley_1746715343813.jpg","width":1280,"height":720,"caption":"Salsinha e temperos - Cr\u00e9ditos: depositphotos.com \/ AntonMatyukha"},{"@type":"BreadcrumbList","@id":"https:\/\/www.em.com.br\/emfoco\/2025\/05\/22\/conheca-os-beneficios-da-salsinha-na-digestao-que-vao-transformar-sua-saude\/#breadcrumb","itemListElement":[{"@type":"ListItem","position":1,"name":"In\u00edcio","item":"https:\/\/www.em.com.br\/emfoco\/"},{"@type":"ListItem","position":2,"name":"Conhe\u00e7a os benef\u00edcios da salsinha na digest\u00e3o que v\u00e3o transformar sua sa\u00fade"}]},{"@type":"WebSite","@id":"https:\/\/www.em.com.br\/emfoco\/#website","url":"https:\/\/www.em.com.br\/emfoco\/","name":"Estado de Minas - Em foco","description":"Acompanhe as \u00faltimas not\u00edcias e fique bem informado sobre tudo o que acontece em Minas Gerais, Brasil e no mundo.","potentialAction":[{"@type":"SearchAction","target":{"@type":"EntryPoint","urlTemplate":"https:\/\/www.em.com.br\/emfoco\/?s={search_term_string}"},"query-input":{"@type":"PropertyValueSpecification","valueRequired":true,"valueName":"search_term_string"}}],"inLanguage":"pt-BR"},{"@type":"Person","@id":"https:\/\/www.em.com.br\/emfoco\/#\/schema\/person\/1c9ddeab18b98abeffef834667bcf08a","name":"Gabriel Martins","image":{"@type":"ImageObject","inLanguage":"pt-BR","@id":"https:\/\/www.em.com.br\/emfoco\/#\/schema\/person\/image\/","url":"https:\/\/secure.gravatar.com\/avatar\/f0f1e2efdfd88f1ad2cb08c5c2731e50?s=96&d=mm&r=g","contentUrl":"https:\/\/secure.gravatar.com\/avatar\/f0f1e2efdfd88f1ad2cb08c5c2731e50?s=96&d=mm&r=g","caption":"Gabriel Martins"},"sameAs":["https:\/\/www.em.com.br\/emfoco\/"],"url":"https:\/\/www.em.com.br\/emfoco\/author\/gabrielmartinsmyth\/"}]}},"_links":{"self":[{"href":"https:\/\/www.em.com.br\/emfoco\/wp-json\/wp\/v2\/posts\/48522","targetHints":{"allow":["GET"]}}],"collection":[{"href":"https:\/\/www.em.com.br\/emfoco\/wp-json\/wp\/v2\/posts"}],"about":[{"href":"https:\/\/www.em.com.br\/emfoco\/wp-json\/wp\/v2\/types\/post"}],"author":[{"embeddable":true,"href":"https:\/\/www.em.com.br\/emfoco\/wp-json\/wp\/v2\/users\/13"}],"replies":[{"embeddable":true,"href":"https:\/\/www.em.com.br\/emfoco\/wp-json\/wp\/v2\/comments?post=48522"}],"version-history":[{"count":2,"href":"https:\/\/www.em.com.br\/emfoco\/wp-json\/wp\/v2\/posts\/48522\/revisions"}],"predecessor-version":[{"id":48532,"href":"https:\/\/www.em.com.br\/emfoco\/wp-json\/wp\/v2\/posts\/48522\/revisions\/48532"}],"wp:featuredmedia":[{"embeddable":true,"href":"https:\/\/www.em.com.br\/emfoco\/wp-json\/wp\/v2\/media\/45673"}],"wp:attachment":[{"href":"https:\/\/www.em.com.br\/emfoco\/wp-json\/wp\/v2\/media?parent=48522"}],"wp:term":[{"taxonomy":"category","embeddable":true,"href":"https:\/\/www.em.com.br\/emfoco\/wp-json\/wp\/v2\/categories?post=48522"},{"taxonomy":"post_tag","embeddable":true,"href":"https:\/\/www.em.com.br\/emfoco\/wp-json\/wp\/v2\/tags?post=48522"}],"curies":[{"name":"wp","href":"https:\/\/api.w.org\/{rel}","templated":true}]}}