{"id":47919,"date":"2025-05-19T21:20:00","date_gmt":"2025-05-20T00:20:00","guid":{"rendered":"https:\/\/www.em.com.br\/emfoco\/?p=47919"},"modified":"2025-05-19T08:55:03","modified_gmt":"2025-05-19T11:55:03","slug":"uma-das-cidades-mais-iconicas-do-mundo-cinematografico-de-uma-forma-que-voce-nunca-viu","status":"publish","type":"post","link":"https:\/\/www.em.com.br\/emfoco\/2025\/05\/19\/uma-das-cidades-mais-iconicas-do-mundo-cinematografico-de-uma-forma-que-voce-nunca-viu\/","title":{"rendered":"Uma das cidades mais ic\u00f4nicas do mundo cinematogr\u00e1fico de uma forma que voc\u00ea nunca viu"},"content":{"rendered":"\n<p><strong>Nova York<\/strong>, frequentemente chamada de &#8220;<strong>A Grande Ma\u00e7\u00e3<\/strong>&#8220;, \u00e9 uma das cidades mais ic\u00f4nicas do mundo. Com sua mistura vibrante de culturas, hist\u00f3ria rica e uma economia pulsante, a cidade atrai milh\u00f5es de visitantes todos os anos. Al\u00e9m de ser um centro financeiro global, Nova York \u00e9 um caldeir\u00e3o de arte, moda e inova\u00e7\u00e3o.<\/p>\n\n\n\n<p>Seus cinco distritos \u2014 <strong>Manhattan<\/strong>, <strong>Brooklyn<\/strong>, <strong>Queens<\/strong>, <strong>Bronx <\/strong>e <strong>Staten Island<\/strong> \u2014 oferecem uma diversidade que reflete a popula\u00e7\u00e3o multicultural da cidade. Cada bairro tem sua pr\u00f3pria personalidade e charme, contribuindo para a complexidade e a beleza de Nova York.<\/p>\n\n\n\n<h2 class=\"wp-block-heading\">Como \u00e9 a qualidade de vida em Nova York?<\/h2>\n\n\n\n<p>A qualidade de vida em Nova York \u00e9 um tema de debate constante. A cidade oferece uma infinidade de oportunidades, mas tamb\u00e9m apresenta desafios. O custo de vida \u00e9 notoriamente alto, com pre\u00e7os elevados de im\u00f3veis e despesas di\u00e1rias. No entanto, a cidade compensa com uma abund\u00e2ncia de servi\u00e7os e infraestrutura de primeira classe.<\/p>\n\n\n\n<p>Os residentes t\u00eam acesso a uma rede de transporte p\u00fablico eficiente, que inclui metr\u00f4s, \u00f4nibus e trens. Al\u00e9m disso, Nova York \u00e9 conhecida por seus parques e espa\u00e7os verdes, como o Central Park, que oferecem um ref\u00fagio tranquilo em meio \u00e0 agita\u00e7\u00e3o urbana.<\/p>\n\n\n\n<figure class=\"wp-block-image size-large\"><img loading=\"lazy\" decoding=\"async\" width=\"1024\" height=\"576\" src=\"https:\/\/www.em.com.br\/emfoco\/wp-content\/uploads\/2025\/04\/Nova-York_1744728390316-1024x576.jpg\" alt=\"Conhe\u00e7a a &quot;cidade que nunca dorme&quot; que parece ter sa\u00eddo de telas de cinema\" class=\"wp-image-38559\" srcset=\"https:\/\/www.em.com.br\/emfoco\/wp-content\/uploads\/2025\/04\/Nova-York_1744728390316-1024x576.jpg 1024w, https:\/\/www.em.com.br\/emfoco\/wp-content\/uploads\/2025\/04\/Nova-York_1744728390316-300x169.jpg 300w, https:\/\/www.em.com.br\/emfoco\/wp-content\/uploads\/2025\/04\/Nova-York_1744728390316-768x432.jpg 768w, https:\/\/www.em.com.br\/emfoco\/wp-content\/uploads\/2025\/04\/Nova-York_1744728390316-750x422.jpg 750w, https:\/\/www.em.com.br\/emfoco\/wp-content\/uploads\/2025\/04\/Nova-York_1744728390316-1140x641.jpg 1140w, https:\/\/www.em.com.br\/emfoco\/wp-content\/uploads\/2025\/04\/Nova-York_1744728390316.jpg 1280w\" sizes=\"auto, (max-width: 1024px) 100vw, 1024px\" \/><figcaption class=\"wp-element-caption\">Nova York &#8211; Cr\u00e9ditos: depositphotos.com \/ Albachiaraa<\/figcaption><\/figure>\n\n\n\n<h2 class=\"wp-block-heading\">Quais s\u00e3o as op\u00e7\u00f5es educacionais em Nova York?<\/h2>\n\n\n\n<p>Nova York \u00e9 um centro educacional de renome mundial, abrigando algumas das melhores institui\u00e7\u00f5es de ensino superior, como a <strong>Universidade de Columbia<\/strong> e a <strong><a href=\"https:\/\/www.nyu.edu\/\" target=\"_blank\" rel=\"noreferrer noopener\">Universidade de Nova Y<\/a><\/strong><a href=\"https:\/\/www.nyu.edu\/\"><strong>ork<\/strong> <\/a>(NYU). A cidade tamb\u00e9m possui um sistema p\u00fablico de escolas que atende a uma popula\u00e7\u00e3o estudantil diversificada.<\/p>\n\n\n\n<p>Al\u00e9m das universidades, Nova York oferece uma variedade de programas educacionais e culturais, desde museus at\u00e9 bibliotecas p\u00fablicas, que enriquecem o aprendizado e o desenvolvimento pessoal dos seus moradores.<\/p>\n\n\n\n<h2 class=\"wp-block-heading\">O que faz do turismo em Nova York uma experi\u00eancia inesquec\u00edvel?<\/h2>\n\n\n\n<p>O turismo em Nova York \u00e9 uma experi\u00eancia que muitos consideram obrigat\u00f3ria. A cidade \u00e9 lar de atra\u00e7\u00f5es mundialmente famosas, como a<strong> Est\u00e1tua da Liberdade<\/strong>, o <strong>Empire State Building<\/strong> e a <strong>Times Square<\/strong>. Os visitantes podem explorar museus de classe mundial, como o <strong>Museu Metropolitano de Arte<\/strong> e o <strong>Museu de Hist\u00f3ria Natural<\/strong>.<\/p>\n\n\n\n<p>Al\u00e9m das atra\u00e7\u00f5es tradicionais, Nova York oferece uma cena <strong><a href=\"https:\/\/www.em.com.br\/emfoco\/2025\/02\/19\/melhor-gastronomia-do-brasil-conheca-a-cidade-que-e-referencia-em-sabor\/\" target=\"_blank\" rel=\"noreferrer noopener\">gastron\u00f4mica <\/a><\/strong>diversificada, com restaurantes que servem culin\u00e1rias de todo o mundo. Os turistas tamb\u00e9m podem desfrutar de espet\u00e1culos da Broadway, eventos esportivos e uma vida noturna vibrante.<\/p>\n\n\n\n<h2 class=\"wp-block-heading\">Como a cultura influencia a vida em Nova York?<\/h2>\n\n\n\n<p>A cultura \u00e9 uma parte intr\u00ednseca da vida em Nova York. A cidade \u00e9 um centro de criatividade e express\u00e3o art\u00edstica, com uma cena cultural que abrange teatro, m\u00fasica, dan\u00e7a e artes visuais. Os bairros de Nova York s\u00e3o conhecidos por seus festivais culturais e eventos comunit\u00e1rios que celebram a diversidade.<\/p>\n\n\n\n<p>Al\u00e9m disso, a cidade \u00e9 um ponto de encontro para artistas e criativos de todo o mundo, tornando-se um local onde novas tend\u00eancias e movimentos culturais frequentemente surgem.<\/p>\n\n\n\n<h2 class=\"wp-block-heading\">Quais s\u00e3o os desafios enfrentados por Nova York?<\/h2>\n\n\n\n<p>Apesar de suas muitas vantagens, Nova York enfrenta desafios significativos. A desigualdade econ\u00f4mica \u00e9 uma quest\u00e3o persistente, com uma disparidade crescente entre ricos e pobres. A cidade tamb\u00e9m lida com problemas de habita\u00e7\u00e3o, congestionamento de tr\u00e1fego e quest\u00f5es ambientais.<\/p>\n\n\n\n<p>Os esfor\u00e7os para abordar esses desafios incluem iniciativas de sustentabilidade, projetos de habita\u00e7\u00e3o acess\u00edvel e melhorias na infraestrutura de transporte. No entanto, encontrar solu\u00e7\u00f5es eficazes para esses problemas complexos continua sendo uma prioridade para os l\u00edderes da cidade.<\/p>\n\n\n\n<h2 class=\"wp-block-heading\">O que o futuro reserva para Nova York?<\/h2>\n\n\n\n<p>O futuro de Nova York \u00e9 promissor, mas tamb\u00e9m repleto de incertezas. A cidade continua a se reinventar, adaptando-se \u00e0s mudan\u00e7as econ\u00f4micas e sociais. Com investimentos em tecnologia e inova\u00e7\u00e3o, Nova York est\u00e1 se posicionando como uma cidade do futuro.<\/p>\n\n\n\n<p>Os esfor\u00e7os para tornar a cidade mais sustent\u00e1vel e inclusiva s\u00e3o fundamentais para seu desenvolvimento cont\u00ednuo. \u00c0 medida que Nova York avan\u00e7a, ela permanece um s\u00edmbolo de esperan\u00e7a e oportunidade para milh\u00f5es de pessoas ao redor do mundo.<\/p>\n","protected":false},"excerpt":{"rendered":"<p>Nova York, frequentemente chamada de &#8220;A Grande Ma\u00e7\u00e3&#8220;, \u00e9 uma das cidades mais ic\u00f4nicas do mundo. Com sua mistura vibrante de culturas, hist\u00f3ria rica e uma economia pulsante, a cidade atrai milh\u00f5es de visitantes todos os anos. Al\u00e9m de ser um centro financeiro global, Nova York \u00e9 um caldeir\u00e3o de arte, moda e inova\u00e7\u00e3o. Seus [&hellip;]<\/p>\n","protected":false},"author":13,"featured_media":38561,"comment_status":"open","ping_status":"open","sticky":false,"template":"","format":"standard","meta":{"jnews-multi-image_gallery":[],"jnews_single_post":{"format":"standard"},"jnews_primary_category":[],"jnews_social_meta":[],"jnews_override_counter":[],"footnotes":""},"categories":[26],"tags":[159,2963,327,157],"class_list":["post-47919","post","type-post","status-publish","format-standard","has-post-thumbnail","hentry","category-cidades","tag-cultura","tag-nova-york","tag-qualidade-de-vida","tag-turismo"],"yoast_head":"<!-- This site is optimized with the Yoast SEO plugin v23.8 - https:\/\/yoast.com\/wordpress\/plugins\/seo\/ -->\n<title>Uma das cidades mais ic\u00f4nicas do mundo cinematogr\u00e1fico de uma forma que voc\u00ea nunca viu - Estado de Minas - Em foco<\/title>\n<meta name=\"description\" content=\"Apesar do custo de vida elevado, esta cidade seduz com sua energia \u00fanica, vida cultural intensa e infinitas possibilidades.\" \/>\n<meta name=\"robots\" content=\"index, follow, max-snippet:-1, max-image-preview:large, max-video-preview:-1\" \/>\n<link rel=\"canonical\" href=\"https:\/\/www.em.com.br\/emfoco\/2025\/05\/19\/uma-das-cidades-mais-iconicas-do-mundo-cinematografico-de-uma-forma-que-voce-nunca-viu\/\" \/>\n<meta property=\"og:locale\" content=\"pt_BR\" \/>\n<meta property=\"og:type\" content=\"article\" \/>\n<meta property=\"og:title\" content=\"Uma das cidades mais ic\u00f4nicas do mundo cinematogr\u00e1fico de uma forma que voc\u00ea nunca viu - Estado de Minas - Em foco\" \/>\n<meta property=\"og:description\" content=\"Apesar do custo de vida elevado, esta cidade seduz com sua energia \u00fanica, vida cultural intensa e infinitas possibilidades.\" \/>\n<meta property=\"og:url\" content=\"https:\/\/www.em.com.br\/emfoco\/2025\/05\/19\/uma-das-cidades-mais-iconicas-do-mundo-cinematografico-de-uma-forma-que-voce-nunca-viu\/\" \/>\n<meta property=\"og:site_name\" content=\"Estado de Minas - Em foco\" \/>\n<meta property=\"article:published_time\" content=\"2025-05-20T00:20:00+00:00\" \/>\n<meta property=\"article:modified_time\" content=\"2025-05-19T11:55:03+00:00\" \/>\n<meta property=\"og:image\" content=\"https:\/\/www.em.com.br\/emfoco\/wp-content\/uploads\/2025\/04\/Nova-York_1744728421745.jpg\" \/>\n\t<meta property=\"og:image:width\" content=\"1280\" \/>\n\t<meta property=\"og:image:height\" content=\"720\" \/>\n\t<meta property=\"og:image:type\" content=\"image\/jpeg\" \/>\n<meta name=\"author\" content=\"Gabriel Martins\" \/>\n<meta name=\"twitter:card\" content=\"summary_large_image\" \/>\n<meta name=\"twitter:label1\" content=\"Escrito por\" \/>\n\t<meta name=\"twitter:data1\" content=\"Gabriel Martins\" \/>\n\t<meta name=\"twitter:label2\" content=\"Est. tempo de leitura\" \/>\n\t<meta name=\"twitter:data2\" content=\"4 minutos\" \/>\n<!-- \/ Yoast SEO plugin. -->","yoast_head_json":{"title":"Uma das cidades mais ic\u00f4nicas do mundo cinematogr\u00e1fico de uma forma que voc\u00ea nunca viu - Estado de Minas - Em foco","description":"Apesar do custo de vida elevado, esta cidade seduz com sua energia \u00fanica, vida cultural intensa e infinitas possibilidades.","robots":{"index":"index","follow":"follow","max-snippet":"max-snippet:-1","max-image-preview":"max-image-preview:large","max-video-preview":"max-video-preview:-1"},"canonical":"https:\/\/www.em.com.br\/emfoco\/2025\/05\/19\/uma-das-cidades-mais-iconicas-do-mundo-cinematografico-de-uma-forma-que-voce-nunca-viu\/","og_locale":"pt_BR","og_type":"article","og_title":"Uma das cidades mais ic\u00f4nicas do mundo cinematogr\u00e1fico de uma forma que voc\u00ea nunca viu - Estado de Minas - Em foco","og_description":"Apesar do custo de vida elevado, esta cidade seduz com sua energia \u00fanica, vida cultural intensa e infinitas possibilidades.","og_url":"https:\/\/www.em.com.br\/emfoco\/2025\/05\/19\/uma-das-cidades-mais-iconicas-do-mundo-cinematografico-de-uma-forma-que-voce-nunca-viu\/","og_site_name":"Estado de Minas - Em foco","article_published_time":"2025-05-20T00:20:00+00:00","article_modified_time":"2025-05-19T11:55:03+00:00","og_image":[{"width":1280,"height":720,"url":"https:\/\/www.em.com.br\/emfoco\/wp-content\/uploads\/2025\/04\/Nova-York_1744728421745.jpg","type":"image\/jpeg"}],"author":"Gabriel Martins","twitter_card":"summary_large_image","twitter_misc":{"Escrito por":"Gabriel Martins","Est. tempo de leitura":"4 minutos"},"schema":{"@context":"https:\/\/schema.org","@graph":[{"@type":"WebPage","@id":"https:\/\/www.em.com.br\/emfoco\/2025\/05\/19\/uma-das-cidades-mais-iconicas-do-mundo-cinematografico-de-uma-forma-que-voce-nunca-viu\/","url":"https:\/\/www.em.com.br\/emfoco\/2025\/05\/19\/uma-das-cidades-mais-iconicas-do-mundo-cinematografico-de-uma-forma-que-voce-nunca-viu\/","name":"Uma das cidades mais ic\u00f4nicas do mundo cinematogr\u00e1fico de uma forma que voc\u00ea nunca viu - Estado de Minas - Em foco","isPartOf":{"@id":"https:\/\/www.em.com.br\/emfoco\/#website"},"primaryImageOfPage":{"@id":"https:\/\/www.em.com.br\/emfoco\/2025\/05\/19\/uma-das-cidades-mais-iconicas-do-mundo-cinematografico-de-uma-forma-que-voce-nunca-viu\/#primaryimage"},"image":{"@id":"https:\/\/www.em.com.br\/emfoco\/2025\/05\/19\/uma-das-cidades-mais-iconicas-do-mundo-cinematografico-de-uma-forma-que-voce-nunca-viu\/#primaryimage"},"thumbnailUrl":"https:\/\/www.em.com.br\/emfoco\/wp-content\/uploads\/2025\/04\/Nova-York_1744728421745.jpg","datePublished":"2025-05-20T00:20:00+00:00","dateModified":"2025-05-19T11:55:03+00:00","author":{"@id":"https:\/\/www.em.com.br\/emfoco\/#\/schema\/person\/1c9ddeab18b98abeffef834667bcf08a"},"description":"Apesar do custo de vida elevado, esta cidade seduz com sua energia \u00fanica, vida cultural intensa e infinitas possibilidades.","breadcrumb":{"@id":"https:\/\/www.em.com.br\/emfoco\/2025\/05\/19\/uma-das-cidades-mais-iconicas-do-mundo-cinematografico-de-uma-forma-que-voce-nunca-viu\/#breadcrumb"},"inLanguage":"pt-BR","potentialAction":[{"@type":"ReadAction","target":["https:\/\/www.em.com.br\/emfoco\/2025\/05\/19\/uma-das-cidades-mais-iconicas-do-mundo-cinematografico-de-uma-forma-que-voce-nunca-viu\/"]}]},{"@type":"ImageObject","inLanguage":"pt-BR","@id":"https:\/\/www.em.com.br\/emfoco\/2025\/05\/19\/uma-das-cidades-mais-iconicas-do-mundo-cinematografico-de-uma-forma-que-voce-nunca-viu\/#primaryimage","url":"https:\/\/www.em.com.br\/emfoco\/wp-content\/uploads\/2025\/04\/Nova-York_1744728421745.jpg","contentUrl":"https:\/\/www.em.com.br\/emfoco\/wp-content\/uploads\/2025\/04\/Nova-York_1744728421745.jpg","width":1280,"height":720,"caption":"Nova York - Cr\u00e9ditos: depositphotos.com \/ UTBP"},{"@type":"BreadcrumbList","@id":"https:\/\/www.em.com.br\/emfoco\/2025\/05\/19\/uma-das-cidades-mais-iconicas-do-mundo-cinematografico-de-uma-forma-que-voce-nunca-viu\/#breadcrumb","itemListElement":[{"@type":"ListItem","position":1,"name":"In\u00edcio","item":"https:\/\/www.em.com.br\/emfoco\/"},{"@type":"ListItem","position":2,"name":"Uma das cidades mais ic\u00f4nicas do mundo cinematogr\u00e1fico de uma forma que voc\u00ea nunca viu"}]},{"@type":"WebSite","@id":"https:\/\/www.em.com.br\/emfoco\/#website","url":"https:\/\/www.em.com.br\/emfoco\/","name":"Estado de Minas - Em foco","description":"Acompanhe as \u00faltimas not\u00edcias e fique bem informado sobre tudo o que acontece em Minas Gerais, Brasil e no mundo.","potentialAction":[{"@type":"SearchAction","target":{"@type":"EntryPoint","urlTemplate":"https:\/\/www.em.com.br\/emfoco\/?s={search_term_string}"},"query-input":{"@type":"PropertyValueSpecification","valueRequired":true,"valueName":"search_term_string"}}],"inLanguage":"pt-BR"},{"@type":"Person","@id":"https:\/\/www.em.com.br\/emfoco\/#\/schema\/person\/1c9ddeab18b98abeffef834667bcf08a","name":"Gabriel Martins","image":{"@type":"ImageObject","inLanguage":"pt-BR","@id":"https:\/\/www.em.com.br\/emfoco\/#\/schema\/person\/image\/","url":"https:\/\/secure.gravatar.com\/avatar\/f0f1e2efdfd88f1ad2cb08c5c2731e50?s=96&d=mm&r=g","contentUrl":"https:\/\/secure.gravatar.com\/avatar\/f0f1e2efdfd88f1ad2cb08c5c2731e50?s=96&d=mm&r=g","caption":"Gabriel Martins"},"sameAs":["https:\/\/www.em.com.br\/emfoco\/"],"url":"https:\/\/www.em.com.br\/emfoco\/author\/gabrielmartinsmyth\/"}]}},"_links":{"self":[{"href":"https:\/\/www.em.com.br\/emfoco\/wp-json\/wp\/v2\/posts\/47919","targetHints":{"allow":["GET"]}}],"collection":[{"href":"https:\/\/www.em.com.br\/emfoco\/wp-json\/wp\/v2\/posts"}],"about":[{"href":"https:\/\/www.em.com.br\/emfoco\/wp-json\/wp\/v2\/types\/post"}],"author":[{"embeddable":true,"href":"https:\/\/www.em.com.br\/emfoco\/wp-json\/wp\/v2\/users\/13"}],"replies":[{"embeddable":true,"href":"https:\/\/www.em.com.br\/emfoco\/wp-json\/wp\/v2\/comments?post=47919"}],"version-history":[{"count":2,"href":"https:\/\/www.em.com.br\/emfoco\/wp-json\/wp\/v2\/posts\/47919\/revisions"}],"predecessor-version":[{"id":47929,"href":"https:\/\/www.em.com.br\/emfoco\/wp-json\/wp\/v2\/posts\/47919\/revisions\/47929"}],"wp:featuredmedia":[{"embeddable":true,"href":"https:\/\/www.em.com.br\/emfoco\/wp-json\/wp\/v2\/media\/38561"}],"wp:attachment":[{"href":"https:\/\/www.em.com.br\/emfoco\/wp-json\/wp\/v2\/media?parent=47919"}],"wp:term":[{"taxonomy":"category","embeddable":true,"href":"https:\/\/www.em.com.br\/emfoco\/wp-json\/wp\/v2\/categories?post=47919"},{"taxonomy":"post_tag","embeddable":true,"href":"https:\/\/www.em.com.br\/emfoco\/wp-json\/wp\/v2\/tags?post=47919"}],"curies":[{"name":"wp","href":"https:\/\/api.w.org\/{rel}","templated":true}]}}