{"id":47659,"date":"2025-05-16T18:20:00","date_gmt":"2025-05-16T21:20:00","guid":{"rendered":"https:\/\/www.em.com.br\/emfoco\/?p=47659"},"modified":"2025-05-15T15:48:11","modified_gmt":"2025-05-15T18:48:11","slug":"governo-de-minas-libera-parcelamento-para-motoristas-inadimplentes","status":"publish","type":"post","link":"https:\/\/www.em.com.br\/emfoco\/2025\/05\/16\/governo-de-minas-libera-parcelamento-para-motoristas-inadimplentes\/","title":{"rendered":"Governo de Minas libera parcelamento para motoristas inadimplentes"},"content":{"rendered":"\n<p>Motoristas de <strong><a href=\"https:\/\/www.em.com.br\/emfoco\/2025\/05\/12\/entenda-por-que-minas-gerais-se-tornou-o-queridinho-do-turismo-brasileiro\/\" target=\"_blank\" rel=\"noreferrer noopener\">Minas Gerais<\/a><\/strong> que perderam o prazo do<strong><a href=\"https:\/\/g1.globo.com\/mg\/vales-mg\/noticia\/2025\/05\/15\/ipva-2025-mg-disponibiliza-parcelamento-em-ate-12-vezes-para-quem-perdeu-o-prazo-de-pagamento.ghtml\" target=\"_blank\" rel=\"noreferrer noopener\"> IPVA 2025<\/a> <\/strong>agora t\u00eam uma nova chance de regularizar a situa\u00e7\u00e3o sem sufoco financeiro. O Governo do Estado, por meio da <strong>Secretaria de Fazenda (SEF\/MG)<\/strong>, liberou o parcelamento do d\u00e9bito em at\u00e9 12 vezes. A medida vale tanto para pessoas f\u00edsicas quanto jur\u00eddicas e tamb\u00e9m contempla d\u00edvidas de anos anteriores.<\/p>\n\n\n\n<p>O valor m\u00ednimo de cada parcela \u00e9 de R$ 200, tornando o acordo acess\u00edvel a uma grande parcela da popula\u00e7\u00e3o. A ades\u00e3o pode ser feita totalmente online, garantindo rapidez e praticidade.<\/p>\n\n\n\n<h2 class=\"wp-block-heading\">Como solicitar o parcelamento do IPVA pela internet<\/h2>\n\n\n\n<p>Para aderir ao parcelamento, o contribuinte deve acessar o site oficial da SEF\/MG, entrar na aba \u201cIPVA\u201d e selecionar a op\u00e7\u00e3o \u201cParcelamento\u201d. O sistema faz uma simula\u00e7\u00e3o autom\u00e1tica, j\u00e1 com os encargos de atraso inclu\u00eddos, permitindo que o cidad\u00e3o saiba exatamente quanto vai pagar em cada parcela.<\/p>\n\n\n\n<p>A boa not\u00edcia \u00e9 que n\u00e3o h\u00e1 prazo limite para ades\u00e3o. Quanto antes a d\u00edvida for negociada, menores s\u00e3o os riscos de san\u00e7\u00f5es como inscri\u00e7\u00e3o em d\u00edvida ativa ou protesto extrajudicial.<\/p>\n\n\n\n<h2 class=\"wp-block-heading\">D\u00edvidas antigas tamb\u00e9m podem ser inclu\u00eddas na negocia\u00e7\u00e3o<\/h2>\n\n\n\n<p>Quem tem d\u00e9bitos de IPVA de anos anteriores a 2025 tamb\u00e9m pode aproveitar essa oportunidade para limpar o nome e voltar \u00e0 legalidade. O parcelamento unificado facilita a vida dos motoristas e evita que acumulem juros altos ou outras penalidades.<\/p>\n\n\n\n<p>Segundo o secret\u00e1rio de Fazenda, <strong>Luiz Claudio Gomes<\/strong>, o parcelamento \u00e9 uma a\u00e7\u00e3o estrat\u00e9gica para manter os ve\u00edculos regularizados e refor\u00e7ar a arrecada\u00e7\u00e3o estadual, parte da qual \u00e9 revertida para os munic\u00edpios mineiros.<\/p>\n\n\n\n<figure class=\"wp-block-image size-large\"><img loading=\"lazy\" decoding=\"async\" width=\"1024\" height=\"576\" src=\"https:\/\/www.em.com.br\/emfoco\/wp-content\/uploads\/2025\/05\/IPVA_1747337539481-1024x576.jpg\" alt=\"\" class=\"wp-image-47719\" srcset=\"https:\/\/www.em.com.br\/emfoco\/wp-content\/uploads\/2025\/05\/IPVA_1747337539481-1024x576.jpg 1024w, https:\/\/www.em.com.br\/emfoco\/wp-content\/uploads\/2025\/05\/IPVA_1747337539481-300x169.jpg 300w, https:\/\/www.em.com.br\/emfoco\/wp-content\/uploads\/2025\/05\/IPVA_1747337539481-768x432.jpg 768w, https:\/\/www.em.com.br\/emfoco\/wp-content\/uploads\/2025\/05\/IPVA_1747337539481-750x422.jpg 750w, https:\/\/www.em.com.br\/emfoco\/wp-content\/uploads\/2025\/05\/IPVA_1747337539481-1140x641.jpg 1140w, https:\/\/www.em.com.br\/emfoco\/wp-content\/uploads\/2025\/05\/IPVA_1747337539481.jpg 1280w\" sizes=\"auto, (max-width: 1024px) 100vw, 1024px\" \/><figcaption class=\"wp-element-caption\">IPVA &#8211; Cr\u00e9ditos: depositphotos.com \/ moviafilmes<\/figcaption><\/figure>\n\n\n\n<h2 class=\"wp-block-heading\">IPVA atrasado pode impedir a emiss\u00e3o do CRLV<\/h2>\n\n\n\n<p>Deixar de pagar o IPVA n\u00e3o \u00e9 apenas um problema financeiro. A inadimpl\u00eancia impede a emiss\u00e3o do <strong>CRLV <\/strong>(Certificado de Registro e Licenciamento do Ve\u00edculo), documento indispens\u00e1vel para a circula\u00e7\u00e3o legal do autom\u00f3vel.<\/p>\n\n\n\n<p>Sem o CRLV, o ve\u00edculo pode ser retido em blitz, o condutor multado e at\u00e9 perder pontos na carteira. Por isso, regularizar o IPVA n\u00e3o \u00e9 s\u00f3 uma quest\u00e3o de economia, mas tamb\u00e9m de seguran\u00e7a e tranquilidade no tr\u00e2nsito.<\/p>\n\n\n\n<h2 class=\"wp-block-heading\">Estado j\u00e1 arrecadou bilh\u00f5es com o IPVA 2025<\/h2>\n\n\n\n<p>O prazo para pagamento do IPVA \u00e0 vista ou em cota \u00fanica terminou em 11 de abril. Segundo balan\u00e7o da SEF\/MG, a arrecada\u00e7\u00e3o j\u00e1 ultrapassa R$ 8,9 bilh\u00f5es \u2014 o que representa 75,58% da meta prevista de R$ 11,8 bilh\u00f5es para este ano.<\/p>\n\n\n\n<p>Esses recursos s\u00e3o fundamentais para manter em funcionamento servi\u00e7os p\u00fablicos essenciais, desde sa\u00fade e educa\u00e7\u00e3o at\u00e9 seguran\u00e7a e infraestrutura. Ao regularizar sua situa\u00e7\u00e3o, o motorista contribui diretamente para o desenvolvimento do estado.<\/p>\n","protected":false},"excerpt":{"rendered":"<p>Motoristas de Minas Gerais que perderam o prazo do IPVA 2025 agora t\u00eam uma nova chance de regularizar a situa\u00e7\u00e3o sem sufoco financeiro. O Governo do Estado, por meio da Secretaria de Fazenda (SEF\/MG), liberou o parcelamento do d\u00e9bito em at\u00e9 12 vezes. A medida vale tanto para pessoas f\u00edsicas quanto jur\u00eddicas e tamb\u00e9m contempla [&hellip;]<\/p>\n","protected":false},"author":11,"featured_media":32618,"comment_status":"open","ping_status":"open","sticky":false,"template":"","format":"standard","meta":{"jnews-multi-image_gallery":[],"jnews_single_post":{"format":"standard"},"jnews_primary_category":[],"jnews_social_meta":[],"jnews_override_counter":[],"footnotes":""},"categories":[28,1],"tags":[465,2718,207],"class_list":["post-47659","post","type-post","status-publish","format-standard","has-post-thumbnail","hentry","category-economia","category-noticias","tag-governo","tag-ipva-2025","tag-minas-gerais"],"yoast_head":"<!-- This site is optimized with the Yoast SEO plugin v23.8 - https:\/\/yoast.com\/wordpress\/plugins\/seo\/ -->\n<title>Governo de Minas libera parcelamento para motoristas inadimplentes - Estado de Minas - Em foco<\/title>\n<meta name=\"description\" content=\"Motoristas de Minas podem parcelar o IPVA atrasado em at\u00e9 12 vezes sem complica\u00e7\u00e3o e evitar multas. Veja como aproveitar essa chance.\" \/>\n<meta name=\"robots\" content=\"index, follow, max-snippet:-1, max-image-preview:large, max-video-preview:-1\" \/>\n<link rel=\"canonical\" href=\"https:\/\/www.em.com.br\/emfoco\/2025\/05\/16\/governo-de-minas-libera-parcelamento-para-motoristas-inadimplentes\/\" \/>\n<meta property=\"og:locale\" content=\"pt_BR\" \/>\n<meta property=\"og:type\" content=\"article\" \/>\n<meta property=\"og:title\" content=\"Governo de Minas libera parcelamento para motoristas inadimplentes - Estado de Minas - Em foco\" \/>\n<meta property=\"og:description\" content=\"Motoristas de Minas podem parcelar o IPVA atrasado em at\u00e9 12 vezes sem complica\u00e7\u00e3o e evitar multas. Veja como aproveitar essa chance.\" \/>\n<meta property=\"og:url\" content=\"https:\/\/www.em.com.br\/emfoco\/2025\/05\/16\/governo-de-minas-libera-parcelamento-para-motoristas-inadimplentes\/\" \/>\n<meta property=\"og:site_name\" content=\"Estado de Minas - Em foco\" \/>\n<meta property=\"article:published_time\" content=\"2025-05-16T21:20:00+00:00\" \/>\n<meta property=\"article:modified_time\" content=\"2025-05-15T18:48:11+00:00\" \/>\n<meta property=\"og:image\" content=\"https:\/\/www.em.com.br\/emfoco\/wp-content\/uploads\/2025\/03\/zema.jpg\" \/>\n\t<meta property=\"og:image:width\" content=\"1280\" \/>\n\t<meta property=\"og:image:height\" content=\"720\" \/>\n\t<meta property=\"og:image:type\" content=\"image\/jpeg\" \/>\n<meta name=\"author\" content=\"Andre\u0301 Rangel\u00a0\" \/>\n<meta name=\"twitter:card\" content=\"summary_large_image\" \/>\n<meta name=\"twitter:label1\" content=\"Escrito por\" \/>\n\t<meta name=\"twitter:data1\" content=\"Andre\u0301 Rangel\u00a0\" \/>\n\t<meta name=\"twitter:label2\" content=\"Est. tempo de leitura\" \/>\n\t<meta name=\"twitter:data2\" content=\"3 minutos\" \/>\n<!-- \/ Yoast SEO plugin. -->","yoast_head_json":{"title":"Governo de Minas libera parcelamento para motoristas inadimplentes - Estado de Minas - Em foco","description":"Motoristas de Minas podem parcelar o IPVA atrasado em at\u00e9 12 vezes sem complica\u00e7\u00e3o e evitar multas. Veja como aproveitar essa chance.","robots":{"index":"index","follow":"follow","max-snippet":"max-snippet:-1","max-image-preview":"max-image-preview:large","max-video-preview":"max-video-preview:-1"},"canonical":"https:\/\/www.em.com.br\/emfoco\/2025\/05\/16\/governo-de-minas-libera-parcelamento-para-motoristas-inadimplentes\/","og_locale":"pt_BR","og_type":"article","og_title":"Governo de Minas libera parcelamento para motoristas inadimplentes - Estado de Minas - Em foco","og_description":"Motoristas de Minas podem parcelar o IPVA atrasado em at\u00e9 12 vezes sem complica\u00e7\u00e3o e evitar multas. Veja como aproveitar essa chance.","og_url":"https:\/\/www.em.com.br\/emfoco\/2025\/05\/16\/governo-de-minas-libera-parcelamento-para-motoristas-inadimplentes\/","og_site_name":"Estado de Minas - Em foco","article_published_time":"2025-05-16T21:20:00+00:00","article_modified_time":"2025-05-15T18:48:11+00:00","og_image":[{"width":1280,"height":720,"url":"https:\/\/www.em.com.br\/emfoco\/wp-content\/uploads\/2025\/03\/zema.jpg","type":"image\/jpeg"}],"author":"Andre\u0301 Rangel\u00a0","twitter_card":"summary_large_image","twitter_misc":{"Escrito por":"Andre\u0301 Rangel\u00a0","Est. tempo de leitura":"3 minutos"},"schema":{"@context":"https:\/\/schema.org","@graph":[{"@type":"WebPage","@id":"https:\/\/www.em.com.br\/emfoco\/2025\/05\/16\/governo-de-minas-libera-parcelamento-para-motoristas-inadimplentes\/","url":"https:\/\/www.em.com.br\/emfoco\/2025\/05\/16\/governo-de-minas-libera-parcelamento-para-motoristas-inadimplentes\/","name":"Governo de Minas libera parcelamento para motoristas inadimplentes - Estado de Minas - Em foco","isPartOf":{"@id":"https:\/\/www.em.com.br\/emfoco\/#website"},"primaryImageOfPage":{"@id":"https:\/\/www.em.com.br\/emfoco\/2025\/05\/16\/governo-de-minas-libera-parcelamento-para-motoristas-inadimplentes\/#primaryimage"},"image":{"@id":"https:\/\/www.em.com.br\/emfoco\/2025\/05\/16\/governo-de-minas-libera-parcelamento-para-motoristas-inadimplentes\/#primaryimage"},"thumbnailUrl":"https:\/\/www.em.com.br\/emfoco\/wp-content\/uploads\/2025\/03\/zema.jpg","datePublished":"2025-05-16T21:20:00+00:00","dateModified":"2025-05-15T18:48:11+00:00","author":{"@id":"https:\/\/www.em.com.br\/emfoco\/#\/schema\/person\/60eda09c1fedf0d6891f4cef4b60b8b8"},"description":"Motoristas de Minas podem parcelar o IPVA atrasado em at\u00e9 12 vezes sem complica\u00e7\u00e3o e evitar multas. Veja como aproveitar essa chance.","breadcrumb":{"@id":"https:\/\/www.em.com.br\/emfoco\/2025\/05\/16\/governo-de-minas-libera-parcelamento-para-motoristas-inadimplentes\/#breadcrumb"},"inLanguage":"pt-BR","potentialAction":[{"@type":"ReadAction","target":["https:\/\/www.em.com.br\/emfoco\/2025\/05\/16\/governo-de-minas-libera-parcelamento-para-motoristas-inadimplentes\/"]}]},{"@type":"ImageObject","inLanguage":"pt-BR","@id":"https:\/\/www.em.com.br\/emfoco\/2025\/05\/16\/governo-de-minas-libera-parcelamento-para-motoristas-inadimplentes\/#primaryimage","url":"https:\/\/www.em.com.br\/emfoco\/wp-content\/uploads\/2025\/03\/zema.jpg","contentUrl":"https:\/\/www.em.com.br\/emfoco\/wp-content\/uploads\/2025\/03\/zema.jpg","width":1280,"height":720,"caption":"Governador Romeu Zema - Cr\u00e9ditos: Divulga\u00e7\u00e3o\/Flickr"},{"@type":"BreadcrumbList","@id":"https:\/\/www.em.com.br\/emfoco\/2025\/05\/16\/governo-de-minas-libera-parcelamento-para-motoristas-inadimplentes\/#breadcrumb","itemListElement":[{"@type":"ListItem","position":1,"name":"In\u00edcio","item":"https:\/\/www.em.com.br\/emfoco\/"},{"@type":"ListItem","position":2,"name":"Governo de Minas libera parcelamento para motoristas inadimplentes"}]},{"@type":"WebSite","@id":"https:\/\/www.em.com.br\/emfoco\/#website","url":"https:\/\/www.em.com.br\/emfoco\/","name":"Estado de Minas - Em foco","description":"Acompanhe as \u00faltimas not\u00edcias e fique bem informado sobre tudo o que acontece em Minas Gerais, Brasil e no mundo.","potentialAction":[{"@type":"SearchAction","target":{"@type":"EntryPoint","urlTemplate":"https:\/\/www.em.com.br\/emfoco\/?s={search_term_string}"},"query-input":{"@type":"PropertyValueSpecification","valueRequired":true,"valueName":"search_term_string"}}],"inLanguage":"pt-BR"},{"@type":"Person","@id":"https:\/\/www.em.com.br\/emfoco\/#\/schema\/person\/60eda09c1fedf0d6891f4cef4b60b8b8","name":"Andre\u0301 Rangel\u00a0","image":{"@type":"ImageObject","inLanguage":"pt-BR","@id":"https:\/\/www.em.com.br\/emfoco\/#\/schema\/person\/image\/","url":"https:\/\/secure.gravatar.com\/avatar\/6234dc814c77c8ef6d8bba622c787efc?s=96&d=mm&r=g","contentUrl":"https:\/\/secure.gravatar.com\/avatar\/6234dc814c77c8ef6d8bba622c787efc?s=96&d=mm&r=g","caption":"Andre\u0301 Rangel\u00a0"},"url":"https:\/\/www.em.com.br\/emfoco\/author\/luizmyth\/"}]}},"_links":{"self":[{"href":"https:\/\/www.em.com.br\/emfoco\/wp-json\/wp\/v2\/posts\/47659","targetHints":{"allow":["GET"]}}],"collection":[{"href":"https:\/\/www.em.com.br\/emfoco\/wp-json\/wp\/v2\/posts"}],"about":[{"href":"https:\/\/www.em.com.br\/emfoco\/wp-json\/wp\/v2\/types\/post"}],"author":[{"embeddable":true,"href":"https:\/\/www.em.com.br\/emfoco\/wp-json\/wp\/v2\/users\/11"}],"replies":[{"embeddable":true,"href":"https:\/\/www.em.com.br\/emfoco\/wp-json\/wp\/v2\/comments?post=47659"}],"version-history":[{"count":4,"href":"https:\/\/www.em.com.br\/emfoco\/wp-json\/wp\/v2\/posts\/47659\/revisions"}],"predecessor-version":[{"id":47720,"href":"https:\/\/www.em.com.br\/emfoco\/wp-json\/wp\/v2\/posts\/47659\/revisions\/47720"}],"wp:featuredmedia":[{"embeddable":true,"href":"https:\/\/www.em.com.br\/emfoco\/wp-json\/wp\/v2\/media\/32618"}],"wp:attachment":[{"href":"https:\/\/www.em.com.br\/emfoco\/wp-json\/wp\/v2\/media?parent=47659"}],"wp:term":[{"taxonomy":"category","embeddable":true,"href":"https:\/\/www.em.com.br\/emfoco\/wp-json\/wp\/v2\/categories?post=47659"},{"taxonomy":"post_tag","embeddable":true,"href":"https:\/\/www.em.com.br\/emfoco\/wp-json\/wp\/v2\/tags?post=47659"}],"curies":[{"name":"wp","href":"https:\/\/api.w.org\/{rel}","templated":true}]}}