{"id":47514,"date":"2025-05-19T10:40:00","date_gmt":"2025-05-19T13:40:00","guid":{"rendered":"https:\/\/www.em.com.br\/emfoco\/?p=47514"},"modified":"2025-05-18T15:20:53","modified_gmt":"2025-05-18T18:20:53","slug":"looks-inovadores-com-camisa-branca-para-todas-as-ocasioes","status":"publish","type":"post","link":"https:\/\/www.em.com.br\/emfoco\/2025\/05\/19\/looks-inovadores-com-camisa-branca-para-todas-as-ocasioes\/","title":{"rendered":"Looks inovadores com camisa branca para todas as ocasi\u00f5es"},"content":{"rendered":"\n<p>A camisa branca \u00e9 uma pe\u00e7a cl\u00e1ssica que transcende o ambiente de trabalho, sendo um item essencial no guarda-roupa de qualquer pessoa. Com sua simplicidade e eleg\u00e2ncia, ela se adapta a diversas ocasi\u00f5es e estilos, desde o formal at\u00e9 o casual. Este artigo explora como a camisa branca pode ser reinventada em diferentes looks, mostrando sua versatilidade e potencial para composi\u00e7\u00f5es fashionistas.<\/p>\n\n\n\n<p>Tradicionalmente associada \u00e0 alfaiataria e ao ambiente corporativo, a camisa branca tem ganhado novas interpreta\u00e7\u00f5es no mundo da moda. Ela \u00e9 frequentemente vista em combina\u00e7\u00f5es inesperadas que desafiam o convencional, provando que \u00e9 poss\u00edvel inovar sem perder a sofistica\u00e7\u00e3o. A seguir, s\u00e3o apresentadas algumas maneiras criativas de incorporar a camisa branca em looks modernos e ousados.<\/p>\n\n\n\n<h2 class=\"wp-block-heading\">Como usar a camisa branca com saias de renda?<\/h2>\n\n\n\n<p>As <strong>saias de renda<\/strong> ou <strong>tule<\/strong>, que est\u00e3o em alta, oferecem uma oportunidade \u00fanica para combinar com camisas brancas. A transpar\u00eancia dessas saias pode ser equilibrada com camisas longas, que proporcionam cobertura e eleg\u00e2ncia. Um toque adicional, como um<strong> alfinete maximalista<\/strong>, pode acentuar o estilo rocker da produ\u00e7\u00e3o, criando um visual ousado e moderno.<\/p>\n\n\n\n<figure class=\"wp-block-image size-large\"><img loading=\"lazy\" decoding=\"async\" width=\"1024\" height=\"576\" src=\"https:\/\/www.em.com.br\/emfoco\/wp-content\/uploads\/2025\/05\/white-shirt_1747141954425-1024x576.jpg\" alt=\"Como usar a camisa branca em visuais ousados, criativos e cheios de estilo\" class=\"wp-image-46796\" srcset=\"https:\/\/www.em.com.br\/emfoco\/wp-content\/uploads\/2025\/05\/white-shirt_1747141954425-1024x576.jpg 1024w, https:\/\/www.em.com.br\/emfoco\/wp-content\/uploads\/2025\/05\/white-shirt_1747141954425-300x169.jpg 300w, https:\/\/www.em.com.br\/emfoco\/wp-content\/uploads\/2025\/05\/white-shirt_1747141954425-768x432.jpg 768w, https:\/\/www.em.com.br\/emfoco\/wp-content\/uploads\/2025\/05\/white-shirt_1747141954425-750x422.jpg 750w, https:\/\/www.em.com.br\/emfoco\/wp-content\/uploads\/2025\/05\/white-shirt_1747141954425-1140x642.jpg 1140w, https:\/\/www.em.com.br\/emfoco\/wp-content\/uploads\/2025\/05\/white-shirt_1747141954425.jpg 1279w\" sizes=\"auto, (max-width: 1024px) 100vw, 1024px\" \/><figcaption class=\"wp-element-caption\">Camisa branca &#8211; Cr\u00e9ditos: depositphotos.com \/ AntonMatyukha<\/figcaption><\/figure>\n\n\n\n<h2 class=\"wp-block-heading\">Looks casuais com camisa branca<\/h2>\n\n\n\n<p>Para um visual casual e despojado, a camisa branca pode ser combinada com cal\u00e7as esportivas e t\u00eanis. Essa combina\u00e7\u00e3o tira a pe\u00e7a de seu contexto tradicional, trazendo uma abordagem mais relaxada e contempor\u00e2nea. Para aqueles que desejam ousar ainda mais, uma sapatilha pode ser uma escolha interessante, adicionando um toque de sofistica\u00e7\u00e3o ao look.<\/p>\n\n\n\n<h2 class=\"wp-block-heading\">Como criar camadas com a camisa branca?<\/h2>\n\n\n\n<p>Criar camadas \u00e9 uma t\u00e9cnica popular entre fashionistas para transformar a camisa branca em uma pe\u00e7a de destaque. Ao adicionar um <strong><a href=\"https:\/\/zanotti.com.br\/blog\/qual-a-diferenca-voce-sabe-corset-corselet-espartilho-e-corpete\/\" target=\"_blank\" rel=\"noreferrer noopener\">corset <\/a><\/strong>e uma <strong>gravata<\/strong>, por exemplo, \u00e9 poss\u00edvel criar um visual que mistura elementos cl\u00e1ssicos e modernos. Essa abordagem permite explorar diferentes texturas e volumes, resultando em um look din\u00e2mico e interessante.<\/p>\n\n\n\n<h2 class=\"wp-block-heading\">Combina\u00e7\u00f5es rom\u00e2nticas e sofisticadas<\/h2>\n\n\n\n<p>Para um toque rom\u00e2ntico, a camisa branca pode ser combinada com um la\u00e7o em vez de uma gravata. Essa simples troca adiciona um charme feminino ao visual. Para complementar, uma <strong><a href=\"https:\/\/www.em.com.br\/emfoco\/2025\/05\/14\/conheca-as-tendencias-de-saias-longas-que-vao-dominar-2025\/\" target=\"_blank\" rel=\"noreferrer noopener\">saia <\/a><\/strong>e <strong>meia-cal\u00e7a da mesma cor<\/strong> podem ser usadas, criando um conjunto harmonioso e elegante. O uso de um blazer em tom semelhante tamb\u00e9m pode elevar ainda mais a sofistica\u00e7\u00e3o do look.<\/p>\n\n\n\n<h2 class=\"wp-block-heading\">Por que a camisa branca \u00e9 um item indispens\u00e1vel?<\/h2>\n\n\n\n<p>A camisa branca \u00e9 indispens\u00e1vel devido \u00e0 sua capacidade de se adaptar a qualquer estilo e ocasi\u00e3o. Sua versatilidade permite que ela seja usada em combina\u00e7\u00f5es infinitas, desde o formal at\u00e9 o casual, passando por looks mais ousados e fashionistas. Al\u00e9m disso, sua simplicidade e eleg\u00e2ncia fazem dela uma pe\u00e7a atemporal, que nunca sai de moda.<\/p>\n\n\n\n<p>Em resumo, a camisa branca \u00e9 uma pe\u00e7a-chave no guarda-roupa moderno, oferecendo in\u00fameras possibilidades de estilo. Seja para um visual cl\u00e1ssico ou uma composi\u00e7\u00e3o inovadora, ela se mant\u00e9m como um elemento essencial, capaz de transformar qualquer look em algo especial.<\/p>\n","protected":false},"excerpt":{"rendered":"<p>A camisa branca \u00e9 uma pe\u00e7a cl\u00e1ssica que transcende o ambiente de trabalho, sendo um item essencial no guarda-roupa de qualquer pessoa. Com sua simplicidade e eleg\u00e2ncia, ela se adapta a diversas ocasi\u00f5es e estilos, desde o formal at\u00e9 o casual. Este artigo explora como a camisa branca pode ser reinventada em diferentes looks, mostrando [&hellip;]<\/p>\n","protected":false},"author":13,"featured_media":46797,"comment_status":"open","ping_status":"open","sticky":false,"template":"","format":"standard","meta":{"jnews-multi-image_gallery":[],"jnews_single_post":{"format":"standard"},"jnews_primary_category":[],"jnews_social_meta":[],"jnews_override_counter":[],"footnotes":""},"categories":[29],"tags":[8582,5318,4977,203],"class_list":["post-47514","post","type-post","status-publish","format-standard","has-post-thumbnail","hentry","category-entretenimento","tag-camisa-branca","tag-estilo","tag-moda","tag-versatilidade"],"yoast_head":"<!-- This site is optimized with the Yoast SEO plugin v23.8 - https:\/\/yoast.com\/wordpress\/plugins\/seo\/ -->\n<title>Looks inovadores com camisa branca para todas as ocasi\u00f5es - Estado de Minas - Em foco<\/title>\n<meta name=\"description\" content=\"Veja como reinventar a camisa branca em looks modernos, casuais ou sofisticados. Dicas de moda para ousar sem perder a eleg\u00e2ncia.\" \/>\n<meta name=\"robots\" content=\"index, follow, max-snippet:-1, max-image-preview:large, max-video-preview:-1\" \/>\n<link rel=\"canonical\" href=\"https:\/\/www.em.com.br\/emfoco\/2025\/05\/19\/looks-inovadores-com-camisa-branca-para-todas-as-ocasioes\/\" \/>\n<meta property=\"og:locale\" content=\"pt_BR\" \/>\n<meta property=\"og:type\" content=\"article\" \/>\n<meta property=\"og:title\" content=\"Looks inovadores com camisa branca para todas as ocasi\u00f5es - Estado de Minas - Em foco\" \/>\n<meta property=\"og:description\" content=\"Veja como reinventar a camisa branca em looks modernos, casuais ou sofisticados. Dicas de moda para ousar sem perder a eleg\u00e2ncia.\" \/>\n<meta property=\"og:url\" content=\"https:\/\/www.em.com.br\/emfoco\/2025\/05\/19\/looks-inovadores-com-camisa-branca-para-todas-as-ocasioes\/\" \/>\n<meta property=\"og:site_name\" content=\"Estado de Minas - Em foco\" \/>\n<meta property=\"article:published_time\" content=\"2025-05-19T13:40:00+00:00\" \/>\n<meta property=\"article:modified_time\" content=\"2025-05-18T18:20:53+00:00\" \/>\n<meta property=\"og:image\" content=\"https:\/\/www.em.com.br\/emfoco\/wp-content\/uploads\/2025\/05\/white-shirt_1747141979578.jpg\" \/>\n\t<meta property=\"og:image:width\" content=\"1280\" \/>\n\t<meta property=\"og:image:height\" content=\"720\" \/>\n\t<meta property=\"og:image:type\" content=\"image\/jpeg\" \/>\n<meta name=\"author\" content=\"Gabriel Martins\" \/>\n<meta name=\"twitter:card\" content=\"summary_large_image\" \/>\n<meta name=\"twitter:label1\" content=\"Escrito por\" \/>\n\t<meta name=\"twitter:data1\" content=\"Gabriel Martins\" \/>\n\t<meta name=\"twitter:label2\" content=\"Est. tempo de leitura\" \/>\n\t<meta name=\"twitter:data2\" content=\"4 minutos\" \/>\n<!-- \/ Yoast SEO plugin. -->","yoast_head_json":{"title":"Looks inovadores com camisa branca para todas as ocasi\u00f5es - Estado de Minas - Em foco","description":"Veja como reinventar a camisa branca em looks modernos, casuais ou sofisticados. Dicas de moda para ousar sem perder a eleg\u00e2ncia.","robots":{"index":"index","follow":"follow","max-snippet":"max-snippet:-1","max-image-preview":"max-image-preview:large","max-video-preview":"max-video-preview:-1"},"canonical":"https:\/\/www.em.com.br\/emfoco\/2025\/05\/19\/looks-inovadores-com-camisa-branca-para-todas-as-ocasioes\/","og_locale":"pt_BR","og_type":"article","og_title":"Looks inovadores com camisa branca para todas as ocasi\u00f5es - Estado de Minas - Em foco","og_description":"Veja como reinventar a camisa branca em looks modernos, casuais ou sofisticados. Dicas de moda para ousar sem perder a eleg\u00e2ncia.","og_url":"https:\/\/www.em.com.br\/emfoco\/2025\/05\/19\/looks-inovadores-com-camisa-branca-para-todas-as-ocasioes\/","og_site_name":"Estado de Minas - Em foco","article_published_time":"2025-05-19T13:40:00+00:00","article_modified_time":"2025-05-18T18:20:53+00:00","og_image":[{"width":1280,"height":720,"url":"https:\/\/www.em.com.br\/emfoco\/wp-content\/uploads\/2025\/05\/white-shirt_1747141979578.jpg","type":"image\/jpeg"}],"author":"Gabriel Martins","twitter_card":"summary_large_image","twitter_misc":{"Escrito por":"Gabriel Martins","Est. tempo de leitura":"4 minutos"},"schema":{"@context":"https:\/\/schema.org","@graph":[{"@type":"WebPage","@id":"https:\/\/www.em.com.br\/emfoco\/2025\/05\/19\/looks-inovadores-com-camisa-branca-para-todas-as-ocasioes\/","url":"https:\/\/www.em.com.br\/emfoco\/2025\/05\/19\/looks-inovadores-com-camisa-branca-para-todas-as-ocasioes\/","name":"Looks inovadores com camisa branca para todas as ocasi\u00f5es - Estado de Minas - Em foco","isPartOf":{"@id":"https:\/\/www.em.com.br\/emfoco\/#website"},"primaryImageOfPage":{"@id":"https:\/\/www.em.com.br\/emfoco\/2025\/05\/19\/looks-inovadores-com-camisa-branca-para-todas-as-ocasioes\/#primaryimage"},"image":{"@id":"https:\/\/www.em.com.br\/emfoco\/2025\/05\/19\/looks-inovadores-com-camisa-branca-para-todas-as-ocasioes\/#primaryimage"},"thumbnailUrl":"https:\/\/www.em.com.br\/emfoco\/wp-content\/uploads\/2025\/05\/white-shirt_1747141979578.jpg","datePublished":"2025-05-19T13:40:00+00:00","dateModified":"2025-05-18T18:20:53+00:00","author":{"@id":"https:\/\/www.em.com.br\/emfoco\/#\/schema\/person\/1c9ddeab18b98abeffef834667bcf08a"},"description":"Veja como reinventar a camisa branca em looks modernos, casuais ou sofisticados. Dicas de moda para ousar sem perder a eleg\u00e2ncia.","breadcrumb":{"@id":"https:\/\/www.em.com.br\/emfoco\/2025\/05\/19\/looks-inovadores-com-camisa-branca-para-todas-as-ocasioes\/#breadcrumb"},"inLanguage":"pt-BR","potentialAction":[{"@type":"ReadAction","target":["https:\/\/www.em.com.br\/emfoco\/2025\/05\/19\/looks-inovadores-com-camisa-branca-para-todas-as-ocasioes\/"]}]},{"@type":"ImageObject","inLanguage":"pt-BR","@id":"https:\/\/www.em.com.br\/emfoco\/2025\/05\/19\/looks-inovadores-com-camisa-branca-para-todas-as-ocasioes\/#primaryimage","url":"https:\/\/www.em.com.br\/emfoco\/wp-content\/uploads\/2025\/05\/white-shirt_1747141979578.jpg","contentUrl":"https:\/\/www.em.com.br\/emfoco\/wp-content\/uploads\/2025\/05\/white-shirt_1747141979578.jpg","width":1280,"height":720,"caption":"Camisa branca - Cr\u00e9ditos: depositphotos.com \/ epictextures"},{"@type":"BreadcrumbList","@id":"https:\/\/www.em.com.br\/emfoco\/2025\/05\/19\/looks-inovadores-com-camisa-branca-para-todas-as-ocasioes\/#breadcrumb","itemListElement":[{"@type":"ListItem","position":1,"name":"In\u00edcio","item":"https:\/\/www.em.com.br\/emfoco\/"},{"@type":"ListItem","position":2,"name":"Looks inovadores com camisa branca para todas as ocasi\u00f5es"}]},{"@type":"WebSite","@id":"https:\/\/www.em.com.br\/emfoco\/#website","url":"https:\/\/www.em.com.br\/emfoco\/","name":"Estado de Minas - Em foco","description":"Acompanhe as \u00faltimas not\u00edcias e fique bem informado sobre tudo o que acontece em Minas Gerais, Brasil e no mundo.","potentialAction":[{"@type":"SearchAction","target":{"@type":"EntryPoint","urlTemplate":"https:\/\/www.em.com.br\/emfoco\/?s={search_term_string}"},"query-input":{"@type":"PropertyValueSpecification","valueRequired":true,"valueName":"search_term_string"}}],"inLanguage":"pt-BR"},{"@type":"Person","@id":"https:\/\/www.em.com.br\/emfoco\/#\/schema\/person\/1c9ddeab18b98abeffef834667bcf08a","name":"Gabriel Martins","image":{"@type":"ImageObject","inLanguage":"pt-BR","@id":"https:\/\/www.em.com.br\/emfoco\/#\/schema\/person\/image\/","url":"https:\/\/secure.gravatar.com\/avatar\/f0f1e2efdfd88f1ad2cb08c5c2731e50?s=96&d=mm&r=g","contentUrl":"https:\/\/secure.gravatar.com\/avatar\/f0f1e2efdfd88f1ad2cb08c5c2731e50?s=96&d=mm&r=g","caption":"Gabriel Martins"},"sameAs":["https:\/\/www.em.com.br\/emfoco\/"],"url":"https:\/\/www.em.com.br\/emfoco\/author\/gabrielmartinsmyth\/"}]}},"_links":{"self":[{"href":"https:\/\/www.em.com.br\/emfoco\/wp-json\/wp\/v2\/posts\/47514","targetHints":{"allow":["GET"]}}],"collection":[{"href":"https:\/\/www.em.com.br\/emfoco\/wp-json\/wp\/v2\/posts"}],"about":[{"href":"https:\/\/www.em.com.br\/emfoco\/wp-json\/wp\/v2\/types\/post"}],"author":[{"embeddable":true,"href":"https:\/\/www.em.com.br\/emfoco\/wp-json\/wp\/v2\/users\/13"}],"replies":[{"embeddable":true,"href":"https:\/\/www.em.com.br\/emfoco\/wp-json\/wp\/v2\/comments?post=47514"}],"version-history":[{"count":2,"href":"https:\/\/www.em.com.br\/emfoco\/wp-json\/wp\/v2\/posts\/47514\/revisions"}],"predecessor-version":[{"id":47527,"href":"https:\/\/www.em.com.br\/emfoco\/wp-json\/wp\/v2\/posts\/47514\/revisions\/47527"}],"wp:featuredmedia":[{"embeddable":true,"href":"https:\/\/www.em.com.br\/emfoco\/wp-json\/wp\/v2\/media\/46797"}],"wp:attachment":[{"href":"https:\/\/www.em.com.br\/emfoco\/wp-json\/wp\/v2\/media?parent=47514"}],"wp:term":[{"taxonomy":"category","embeddable":true,"href":"https:\/\/www.em.com.br\/emfoco\/wp-json\/wp\/v2\/categories?post=47514"},{"taxonomy":"post_tag","embeddable":true,"href":"https:\/\/www.em.com.br\/emfoco\/wp-json\/wp\/v2\/tags?post=47514"}],"curies":[{"name":"wp","href":"https:\/\/api.w.org\/{rel}","templated":true}]}}