{"id":47395,"date":"2025-05-14T18:40:30","date_gmt":"2025-05-14T21:40:30","guid":{"rendered":"https:\/\/www.em.com.br\/emfoco\/?p=47395"},"modified":"2025-10-21T17:25:29","modified_gmt":"2025-10-21T20:25:29","slug":"fim-das-ferias-de-30-dias-nova-lei-trabalhista-muda-jeito-de-tirar-ferias-em-2025","status":"publish","type":"post","link":"https:\/\/www.em.com.br\/emfoco\/2025\/05\/14\/fim-das-ferias-de-30-dias-nova-lei-trabalhista-muda-jeito-de-tirar-ferias-em-2025\/","title":{"rendered":"Fim das f\u00e9rias de 30 dias? Nova lei trabalhista muda jeito de tirar f\u00e9rias em 2025"},"content":{"rendered":"\n<p>A <strong>Consolida\u00e7\u00e3o das Leis do Trabalho (CLT)<\/strong>, vigente desde 1943, segue firme como a base das rela\u00e7\u00f5es trabalhistas no Brasil. Em 2025, ela reafirma a prote\u00e7\u00e3o ao trabalhador, mas incorpora com mais clareza uma possibilidade que vem ganhando for\u00e7a desde a <strong>Reforma Trabalhista de 2017<\/strong>: <strong>a divis\u00e3o das f\u00e9rias em at\u00e9 tr\u00eas per\u00edodos<\/strong>.<\/p>\n\n\n\n<p>Apesar de manchetes alarmistas falarem no &#8220;fim das f\u00e9rias de 30 dias&#8221;, a verdade \u00e9 que esse direito <strong>n\u00e3o foi eliminado<\/strong>. O que muda \u00e9 a forma como o descanso pode ser distribu\u00eddo, oferecendo mais flexibilidade para atender \u00e0s necessidades tanto do trabalhador quanto do empregador.<\/p>\n\n\n\n<h2 class=\"wp-block-heading\">F\u00e9rias fracionadas: entenda as novas regras<\/h2>\n\n\n\n<p>Pela CLT, ap\u00f3s 12 meses de trabalho cont\u00ednuo, o funcion\u00e1rio tem direito a 30 dias de f\u00e9rias remuneradas. Esse descanso pode agora ser dividido em at\u00e9 tr\u00eas partes, desde que:<\/p>\n\n\n\n<ul class=\"wp-block-list\">\n<li><strong>Um dos per\u00edodos tenha no m\u00ednimo 14 dias corridos.<\/strong><\/li>\n\n\n\n<li><strong>Os outros dois tenham ao menos 5 dias corridos cada.<\/strong><\/li>\n\n\n\n<li><strong>O fracionamento seja feito por acordo entre empregado e empregador \u2013 ou seja, n\u00e3o pode ser imposto unilateralmente por nenhuma das partes.<\/strong><\/li>\n<\/ul>\n\n\n\n<p>Essa possibilidade de divis\u00e3o favorece quem deseja viajar fora da alta temporada, resolver quest\u00f5es pessoais ao longo do ano ou simplesmente descansar de forma mais estrat\u00e9gica.<\/p>\n\n\n\n<h2 class=\"wp-block-heading\">O que continua valendo na CLT sobre f\u00e9rias?<\/h2>\n\n\n\n<p>Mesmo com a mudan\u00e7a na forma de usufruto, o direito aos 30 dias de f\u00e9rias por ano continua garantido. O que determina a quantidade de dias \u00e9 o per\u00edodo aquisitivo (12 meses de trabalho) e o n\u00famero de faltas injustificadas nesse per\u00edodo.<\/p>\n\n\n\n<p>Veja a tabela legal de proporcionalidade:<\/p>\n\n\n\n<ul class=\"wp-block-list\">\n<li><strong>At\u00e9 5 faltas: 30 dias de f\u00e9rias<\/strong><\/li>\n\n\n\n<li><strong>De 6 a 14 faltas: 24 dias<\/strong><\/li>\n\n\n\n<li><strong>De 15 a 23 faltas: 18 dias<\/strong><\/li>\n\n\n\n<li><strong>De 24 a 32 faltas: 12 dias<\/strong><\/li>\n\n\n\n<li><strong>Mais de 32 faltas: perde o direito \u00e0s f\u00e9rias<\/strong><\/li>\n<\/ul>\n\n\n\n<figure class=\"wp-block-image size-large\"><img loading=\"lazy\" decoding=\"async\" width=\"1024\" height=\"576\" src=\"https:\/\/www.em.com.br\/emfoco\/wp-content\/uploads\/2025\/05\/CLT_1747247840129-1024x576.jpg\" alt=\"\" class=\"wp-image-47396\" srcset=\"https:\/\/www.em.com.br\/emfoco\/wp-content\/uploads\/2025\/05\/CLT_1747247840129-1024x576.jpg 1024w, https:\/\/www.em.com.br\/emfoco\/wp-content\/uploads\/2025\/05\/CLT_1747247840129-300x169.jpg 300w, https:\/\/www.em.com.br\/emfoco\/wp-content\/uploads\/2025\/05\/CLT_1747247840129-768x432.jpg 768w, https:\/\/www.em.com.br\/emfoco\/wp-content\/uploads\/2025\/05\/CLT_1747247840129-750x422.jpg 750w, https:\/\/www.em.com.br\/emfoco\/wp-content\/uploads\/2025\/05\/CLT_1747247840129-1140x641.jpg 1140w, https:\/\/www.em.com.br\/emfoco\/wp-content\/uploads\/2025\/05\/CLT_1747247840129.jpg 1280w\" sizes=\"auto, (max-width: 1024px) 100vw, 1024px\" \/><figcaption class=\"wp-element-caption\">Carteira de trabalho &#8211; Cr\u00e9ditos: depositphotos.com \/ rafapress<\/figcaption><\/figure>\n\n\n\n<h2 class=\"wp-block-heading\">Fracionamento \u00e9 vantagem ou armadilha?<\/h2>\n\n\n\n<p>A flexibilidade \u00e9 vista com bons olhos, especialmente em setores com picos sazonais de trabalho. No entanto, <strong>o fracionamento exige cautela<\/strong>, pois pode levar \u00e0 falsa impress\u00e3o de que o trabalhador est\u00e1 &#8220;perdendo dias&#8221; ou sendo prejudicado.<\/p>\n\n\n\n<p>Por isso, \u00e9 fundamental:<\/p>\n\n\n\n<ul class=\"wp-block-list\">\n<li><strong>Ter o acordo registrado formalmente.<\/strong><\/li>\n\n\n\n<li><strong>Garantir que os per\u00edodos de descanso realmente sejam respeitados.<\/strong><\/li>\n\n\n\n<li><strong>Evitar que o fracionamento beneficie apenas a empresa, em detrimento da sa\u00fade do trabalhador.<\/strong><\/li>\n<\/ul>\n\n\n\n<h2 class=\"wp-block-heading\">CLT em 2025: direitos preservados e mais adapt\u00e1veis<\/h2>\n\n\n\n<p>A CLT continua garantindo pilares como:<\/p>\n\n\n\n<ul class=\"wp-block-list\">\n<li><strong>FGTS<\/strong><\/li>\n\n\n\n<li><strong>13\u00ba sal\u00e1rio<\/strong><\/li>\n\n\n\n<li><strong>Contribui\u00e7\u00e3o ao INSS<\/strong><\/li>\n\n\n\n<li><strong>F\u00e9rias remuneradas<\/strong><\/li>\n\n\n\n<li><strong>Aviso pr\u00e9vio<\/strong><\/li>\n\n\n\n<li><strong>Licen\u00e7a-maternidade\/paternidade<\/strong><\/li>\n\n\n\n<li><strong>Prote\u00e7\u00e3o contra demiss\u00e3o sem justa causa<\/strong><\/li>\n<\/ul>\n\n\n\n<p>A regra das f\u00e9rias fracionadas \u00e9 uma adapta\u00e7\u00e3o ao mundo do trabalho moderno, que demanda maior equil\u00edbrio entre produtividade e bem-estar. Para muitos trabalhadores, pode ser uma oportunidade de aproveitar melhor o tempo livre, sem abrir m\u00e3o de seus direitos.<\/p>\n\n\n\n<h2 class=\"wp-block-heading\">Conclus\u00e3o: f\u00e9rias mais flex\u00edveis, mas sem abrir m\u00e3o da lei<\/h2>\n\n\n\n<p>Em 2025, o fracionamento das f\u00e9rias representa um avan\u00e7o na negocia\u00e7\u00e3o entre patr\u00f5es e empregados, mas <strong>o direito aos 30 dias est\u00e1 firme e intacto<\/strong>. A nova regra n\u00e3o retira direitos, apenas permite que eles sejam exercidos com mais liberdade e estrat\u00e9gia. \u00c9 dever das empresas respeitar os limites legais, e dos trabalhadores, conhecer seus direitos para evitar abusos.<\/p>\n","protected":false},"excerpt":{"rendered":"<p>A Consolida\u00e7\u00e3o das Leis do Trabalho (CLT), vigente desde 1943, segue firme como a base das rela\u00e7\u00f5es trabalhistas no Brasil. Em 2025, ela reafirma a prote\u00e7\u00e3o ao trabalhador, mas incorpora com mais clareza uma possibilidade que vem ganhando for\u00e7a desde a Reforma Trabalhista de 2017: a divis\u00e3o das f\u00e9rias em at\u00e9 tr\u00eas per\u00edodos. Apesar de [&hellip;]<\/p>\n","protected":false},"author":11,"featured_media":117872,"comment_status":"open","ping_status":"open","sticky":false,"template":"","format":"standard","meta":{"jnews-multi-image_gallery":[],"jnews_single_post":{"format":"standard"},"jnews_primary_category":[],"jnews_social_meta":[],"jnews_override_counter":[],"footnotes":""},"categories":[28,1],"tags":[1052,1344,1347,2079],"class_list":["post-47395","post","type-post","status-publish","format-standard","has-post-thumbnail","hentry","category-economia","category-noticias","tag-clt","tag-ferias","tag-nova-lei","tag-reforma-trabalhista"],"yoast_head":"<!-- This site is optimized with the Yoast SEO plugin v23.8 - https:\/\/yoast.com\/wordpress\/plugins\/seo\/ -->\n<title>Fim das f\u00e9rias de 30 dias? Nova lei trabalhista muda jeito de tirar f\u00e9rias em 2025 - Estado de Minas - Em foco<\/title>\n<meta name=\"description\" content=\"Nova regra trabalhista em 2025 flexibiliza as f\u00e9rias na CLT. Entenda como isso afeta empregados e empregadores.\" \/>\n<meta name=\"robots\" content=\"index, follow, max-snippet:-1, max-image-preview:large, max-video-preview:-1\" \/>\n<link rel=\"canonical\" href=\"https:\/\/www.em.com.br\/emfoco\/2025\/05\/14\/fim-das-ferias-de-30-dias-nova-lei-trabalhista-muda-jeito-de-tirar-ferias-em-2025\/\" \/>\n<meta property=\"og:locale\" content=\"pt_BR\" \/>\n<meta property=\"og:type\" content=\"article\" \/>\n<meta property=\"og:title\" content=\"Fim das f\u00e9rias de 30 dias? Nova lei trabalhista muda jeito de tirar f\u00e9rias em 2025 - Estado de Minas - Em foco\" \/>\n<meta property=\"og:description\" content=\"Nova regra trabalhista em 2025 flexibiliza as f\u00e9rias na CLT. Entenda como isso afeta empregados e empregadores.\" \/>\n<meta property=\"og:url\" content=\"https:\/\/www.em.com.br\/emfoco\/2025\/05\/14\/fim-das-ferias-de-30-dias-nova-lei-trabalhista-muda-jeito-de-tirar-ferias-em-2025\/\" \/>\n<meta property=\"og:site_name\" content=\"Estado de Minas - Em foco\" \/>\n<meta property=\"article:published_time\" content=\"2025-05-14T21:40:30+00:00\" \/>\n<meta property=\"article:modified_time\" content=\"2025-10-21T20:25:29+00:00\" \/>\n<meta property=\"og:image\" content=\"https:\/\/www.em.com.br\/emfoco\/wp-content\/uploads\/2025\/04\/carteira-de-trabalho_1761077818402.jpg\" \/>\n\t<meta property=\"og:image:width\" content=\"1280\" \/>\n\t<meta property=\"og:image:height\" content=\"720\" \/>\n\t<meta property=\"og:image:type\" content=\"image\/jpeg\" \/>\n<meta name=\"author\" content=\"Andre\u0301 Rangel\u00a0\" \/>\n<meta name=\"twitter:card\" content=\"summary_large_image\" \/>\n<meta name=\"twitter:label1\" content=\"Escrito por\" \/>\n\t<meta name=\"twitter:data1\" content=\"Andre\u0301 Rangel\u00a0\" \/>\n\t<meta name=\"twitter:label2\" content=\"Est. tempo de leitura\" \/>\n\t<meta name=\"twitter:data2\" content=\"4 minutos\" \/>\n<!-- \/ Yoast SEO plugin. -->","yoast_head_json":{"title":"Fim das f\u00e9rias de 30 dias? Nova lei trabalhista muda jeito de tirar f\u00e9rias em 2025 - Estado de Minas - Em foco","description":"Nova regra trabalhista em 2025 flexibiliza as f\u00e9rias na CLT. Entenda como isso afeta empregados e empregadores.","robots":{"index":"index","follow":"follow","max-snippet":"max-snippet:-1","max-image-preview":"max-image-preview:large","max-video-preview":"max-video-preview:-1"},"canonical":"https:\/\/www.em.com.br\/emfoco\/2025\/05\/14\/fim-das-ferias-de-30-dias-nova-lei-trabalhista-muda-jeito-de-tirar-ferias-em-2025\/","og_locale":"pt_BR","og_type":"article","og_title":"Fim das f\u00e9rias de 30 dias? Nova lei trabalhista muda jeito de tirar f\u00e9rias em 2025 - Estado de Minas - Em foco","og_description":"Nova regra trabalhista em 2025 flexibiliza as f\u00e9rias na CLT. Entenda como isso afeta empregados e empregadores.","og_url":"https:\/\/www.em.com.br\/emfoco\/2025\/05\/14\/fim-das-ferias-de-30-dias-nova-lei-trabalhista-muda-jeito-de-tirar-ferias-em-2025\/","og_site_name":"Estado de Minas - Em foco","article_published_time":"2025-05-14T21:40:30+00:00","article_modified_time":"2025-10-21T20:25:29+00:00","og_image":[{"width":1280,"height":720,"url":"https:\/\/www.em.com.br\/emfoco\/wp-content\/uploads\/2025\/04\/carteira-de-trabalho_1761077818402.jpg","type":"image\/jpeg"}],"author":"Andre\u0301 Rangel\u00a0","twitter_card":"summary_large_image","twitter_misc":{"Escrito por":"Andre\u0301 Rangel\u00a0","Est. tempo de leitura":"4 minutos"},"schema":{"@context":"https:\/\/schema.org","@graph":[{"@type":"WebPage","@id":"https:\/\/www.em.com.br\/emfoco\/2025\/05\/14\/fim-das-ferias-de-30-dias-nova-lei-trabalhista-muda-jeito-de-tirar-ferias-em-2025\/","url":"https:\/\/www.em.com.br\/emfoco\/2025\/05\/14\/fim-das-ferias-de-30-dias-nova-lei-trabalhista-muda-jeito-de-tirar-ferias-em-2025\/","name":"Fim das f\u00e9rias de 30 dias? Nova lei trabalhista muda jeito de tirar f\u00e9rias em 2025 - Estado de Minas - Em foco","isPartOf":{"@id":"https:\/\/www.em.com.br\/emfoco\/#website"},"primaryImageOfPage":{"@id":"https:\/\/www.em.com.br\/emfoco\/2025\/05\/14\/fim-das-ferias-de-30-dias-nova-lei-trabalhista-muda-jeito-de-tirar-ferias-em-2025\/#primaryimage"},"image":{"@id":"https:\/\/www.em.com.br\/emfoco\/2025\/05\/14\/fim-das-ferias-de-30-dias-nova-lei-trabalhista-muda-jeito-de-tirar-ferias-em-2025\/#primaryimage"},"thumbnailUrl":"https:\/\/www.em.com.br\/emfoco\/wp-content\/uploads\/2025\/04\/carteira-de-trabalho_1761077818402.jpg","datePublished":"2025-05-14T21:40:30+00:00","dateModified":"2025-10-21T20:25:29+00:00","author":{"@id":"https:\/\/www.em.com.br\/emfoco\/#\/schema\/person\/60eda09c1fedf0d6891f4cef4b60b8b8"},"description":"Nova regra trabalhista em 2025 flexibiliza as f\u00e9rias na CLT. Entenda como isso afeta empregados e empregadores.","breadcrumb":{"@id":"https:\/\/www.em.com.br\/emfoco\/2025\/05\/14\/fim-das-ferias-de-30-dias-nova-lei-trabalhista-muda-jeito-de-tirar-ferias-em-2025\/#breadcrumb"},"inLanguage":"pt-BR","potentialAction":[{"@type":"ReadAction","target":["https:\/\/www.em.com.br\/emfoco\/2025\/05\/14\/fim-das-ferias-de-30-dias-nova-lei-trabalhista-muda-jeito-de-tirar-ferias-em-2025\/"]}]},{"@type":"ImageObject","inLanguage":"pt-BR","@id":"https:\/\/www.em.com.br\/emfoco\/2025\/05\/14\/fim-das-ferias-de-30-dias-nova-lei-trabalhista-muda-jeito-de-tirar-ferias-em-2025\/#primaryimage","url":"https:\/\/www.em.com.br\/emfoco\/wp-content\/uploads\/2025\/04\/carteira-de-trabalho_1761077818402.jpg","contentUrl":"https:\/\/www.em.com.br\/emfoco\/wp-content\/uploads\/2025\/04\/carteira-de-trabalho_1761077818402.jpg","width":1280,"height":720,"caption":"Carteira de trabalho - Cr\u00e9ditos: Depositphotos.com \/ Mehaniq"},{"@type":"BreadcrumbList","@id":"https:\/\/www.em.com.br\/emfoco\/2025\/05\/14\/fim-das-ferias-de-30-dias-nova-lei-trabalhista-muda-jeito-de-tirar-ferias-em-2025\/#breadcrumb","itemListElement":[{"@type":"ListItem","position":1,"name":"In\u00edcio","item":"https:\/\/www.em.com.br\/emfoco\/"},{"@type":"ListItem","position":2,"name":"Fim das f\u00e9rias de 30 dias? Nova lei trabalhista muda jeito de tirar f\u00e9rias em 2025"}]},{"@type":"WebSite","@id":"https:\/\/www.em.com.br\/emfoco\/#website","url":"https:\/\/www.em.com.br\/emfoco\/","name":"Estado de Minas - Em foco","description":"Acompanhe as \u00faltimas not\u00edcias e fique bem informado sobre tudo o que acontece em Minas Gerais, Brasil e no mundo.","potentialAction":[{"@type":"SearchAction","target":{"@type":"EntryPoint","urlTemplate":"https:\/\/www.em.com.br\/emfoco\/?s={search_term_string}"},"query-input":{"@type":"PropertyValueSpecification","valueRequired":true,"valueName":"search_term_string"}}],"inLanguage":"pt-BR"},{"@type":"Person","@id":"https:\/\/www.em.com.br\/emfoco\/#\/schema\/person\/60eda09c1fedf0d6891f4cef4b60b8b8","name":"Andre\u0301 Rangel\u00a0","image":{"@type":"ImageObject","inLanguage":"pt-BR","@id":"https:\/\/www.em.com.br\/emfoco\/#\/schema\/person\/image\/","url":"https:\/\/secure.gravatar.com\/avatar\/6234dc814c77c8ef6d8bba622c787efc?s=96&d=mm&r=g","contentUrl":"https:\/\/secure.gravatar.com\/avatar\/6234dc814c77c8ef6d8bba622c787efc?s=96&d=mm&r=g","caption":"Andre\u0301 Rangel\u00a0"},"url":"https:\/\/www.em.com.br\/emfoco\/author\/luizmyth\/"}]}},"_links":{"self":[{"href":"https:\/\/www.em.com.br\/emfoco\/wp-json\/wp\/v2\/posts\/47395","targetHints":{"allow":["GET"]}}],"collection":[{"href":"https:\/\/www.em.com.br\/emfoco\/wp-json\/wp\/v2\/posts"}],"about":[{"href":"https:\/\/www.em.com.br\/emfoco\/wp-json\/wp\/v2\/types\/post"}],"author":[{"embeddable":true,"href":"https:\/\/www.em.com.br\/emfoco\/wp-json\/wp\/v2\/users\/11"}],"replies":[{"embeddable":true,"href":"https:\/\/www.em.com.br\/emfoco\/wp-json\/wp\/v2\/comments?post=47395"}],"version-history":[{"count":1,"href":"https:\/\/www.em.com.br\/emfoco\/wp-json\/wp\/v2\/posts\/47395\/revisions"}],"predecessor-version":[{"id":47397,"href":"https:\/\/www.em.com.br\/emfoco\/wp-json\/wp\/v2\/posts\/47395\/revisions\/47397"}],"wp:featuredmedia":[{"embeddable":true,"href":"https:\/\/www.em.com.br\/emfoco\/wp-json\/wp\/v2\/media\/117872"}],"wp:attachment":[{"href":"https:\/\/www.em.com.br\/emfoco\/wp-json\/wp\/v2\/media?parent=47395"}],"wp:term":[{"taxonomy":"category","embeddable":true,"href":"https:\/\/www.em.com.br\/emfoco\/wp-json\/wp\/v2\/categories?post=47395"},{"taxonomy":"post_tag","embeddable":true,"href":"https:\/\/www.em.com.br\/emfoco\/wp-json\/wp\/v2\/tags?post=47395"}],"curies":[{"name":"wp","href":"https:\/\/api.w.org\/{rel}","templated":true}]}}