{"id":4732,"date":"2024-12-13T22:00:00","date_gmt":"2024-12-14T01:00:00","guid":{"rendered":"https:\/\/www.em.com.br\/emfoco\/?p=4732"},"modified":"2024-12-12T21:30:32","modified_gmt":"2024-12-13T00:30:32","slug":"daniel-craig-e-caetano-veloso-juntos-em-um-filme","status":"publish","type":"post","link":"https:\/\/www.em.com.br\/emfoco\/2024\/12\/13\/daniel-craig-e-caetano-veloso-juntos-em-um-filme\/","title":{"rendered":"Daniel Craig e Caetano Veloso juntos em um filme?"},"content":{"rendered":"\n<p>O <a href=\"https:\/\/www.em.com.br\/emfoco\/2024\/11\/30\/o-sucesso-de-moana-foi-tao-grande-assim-entenda-o-impacto-do-primeiro-filme-moana-2\/\" target=\"_blank\" rel=\"noreferrer noopener\">filme <\/a>&#8220;Queer&#8221;, de Luca Guadagnino, conhecido por &#8220;Rivais&#8221; e &#8220;Me Chame Pelo Seu Nome&#8221;, incorpora uma trilha sonora que reflete a ess\u00eancia complexa de seus personagens e a \u00e9poca retratada. Uma pe\u00e7a central dessa composi\u00e7\u00e3o \u00e9 <strong>&#8220;Vaster Than Empires&#8221;<\/strong>, uma colabora\u00e7\u00e3o entre o renomado cantor e compositor brasileiro Caetano Veloso e os m\u00fasicos Trent Reznor e Atticus Ross, conhecidos por seu trabalho na banda Nine Inch Nails.<\/p>\n\n\n\n<figure class=\"wp-block-embed is-type-video is-provider-youtube wp-block-embed-youtube wp-embed-aspect-16-9 wp-has-aspect-ratio\"><div class=\"wp-block-embed__wrapper\">\n<div class=\"jeg_video_container jeg_video_content\"><iframe loading=\"lazy\" title=\"Queer | Official Trailer HD | A24\" width=\"500\" height=\"281\" src=\"https:\/\/www.youtube.com\/embed\/eknj5_0tF2s?feature=oembed\" frameborder=\"0\" allow=\"accelerometer; autoplay; clipboard-write; encrypted-media; gyroscope; picture-in-picture; web-share\" referrerpolicy=\"strict-origin-when-cross-origin\" allowfullscreen><\/iframe><\/div>\n<\/div><\/figure>\n\n\n\n<p>A m\u00fasica contribui para criar a atmosfera necess\u00e1ria para a narrativa que se passa na Cidade do M\u00e9xico dos anos 1950. Guadagnino expressa sua habilidade em escolher m\u00fasicas que servem n\u00e3o apenas como pano de fundo, mas que realmente se tornam parte integrante da experi\u00eancia cinematogr\u00e1fica. O filme estreou oficialmente em 12 de outubro de 2024, aguardado ansiosamente por f\u00e3s do diretor e da m\u00fasica envolvente que ele frequentemente escolhe.<\/p>\n\n\n\n<h2 class=\"wp-block-heading\">Qual \u00e9 a Import\u00e2ncia de &#8220;Queer&#8221; na Filmografia de Guadagnino?<\/h2>\n\n\n\n<p>&#8220;Queer&#8221; promete refor\u00e7ar a reputa\u00e7\u00e3o de Luca Guadagnino como um cineasta capaz de transformar hist\u00f3rias liter\u00e1rias em experi\u00eancias cinem\u00e1ticas profundas. Baseado no livro hom\u00f4nimo de William S. Burroughs, o filme segue William Lee, vivido por Daniel Craig, em sua explora\u00e7\u00e3o pessoal e lutas com o v\u00edcio em meio a uma sociedade conservadora. Assim como outros trabalhos do diretor, &#8220;Queer&#8221; destaca-se por suas ricas nuances emocionais e narrativas.<\/p>\n\n\n\n<p>Guadagnino \u00e9 conhecido por seu estilo visual \u00fanico e sua dedica\u00e7\u00e3o \u00e0 recria\u00e7\u00e3o de atmosferas aut\u00eanticas. Neste filme, ele explora a complexidade da sexualidade e da identidade pessoal em uma \u00e9poca em que tais quest\u00f5es eram frequentemente reprimidas. A inclus\u00e3o de renomados atores, como Daniel Craig e Drew Starkey, junto com talentos emergentes como Omar Apollo e Henry Zaga, assegura performances coerentes que complementam a narrativa visual.<\/p>\n\n\n\n<h2 class=\"wp-block-heading\">Como a Trilha Sonora de &#8220;Queer&#8221; se Conecta com a Narrativa do Filme?<\/h2>\n\n\n\n<p>A colabora\u00e7\u00e3o de Caetano Veloso com Trent Reznor e Atticus Ross resulta em uma trilha sonora que espelha a jornada interior de William Lee. As composi\u00e7\u00f5es musicalmente ricas s\u00e3o essenciais para transmitir os conflitos internos dos personagens. A participa\u00e7\u00e3o de Veloso, que j\u00e1 havia contribu\u00eddo para a trilha de &#8220;Rivais&#8221;, traz uma profundidade emocional \u00fanica, combinando elementos da cultura latino-americana com toques introspectivos que refletem a ess\u00eancia de Burroughs.<\/p>\n\n\n<div class=\"wp-block-image\">\n<figure class=\"aligncenter size-full\"><img loading=\"lazy\" decoding=\"async\" width=\"971\" height=\"508\" src=\"https:\/\/www.em.com.br\/emfoco\/wp-content\/uploads\/2024\/12\/Screenshot_18-1.jpg\" alt=\"\" class=\"wp-image-4736\" srcset=\"https:\/\/www.em.com.br\/emfoco\/wp-content\/uploads\/2024\/12\/Screenshot_18-1.jpg 971w, https:\/\/www.em.com.br\/emfoco\/wp-content\/uploads\/2024\/12\/Screenshot_18-1-300x157.jpg 300w, https:\/\/www.em.com.br\/emfoco\/wp-content\/uploads\/2024\/12\/Screenshot_18-1-768x402.jpg 768w, https:\/\/www.em.com.br\/emfoco\/wp-content\/uploads\/2024\/12\/Screenshot_18-1-750x392.jpg 750w\" sizes=\"auto, (max-width: 971px) 100vw, 971px\" \/><figcaption class=\"wp-element-caption\">Daniel Craig &#8211; Divulga\u00e7\u00e3o\/Trailer<\/figcaption><\/figure><\/div>\n\n\n<p>O uso de m\u00fasica como um dispositivo narrativo amplifica a trama, permitindo que os telespectadores se conectem emocionalmente com a hist\u00f3ria. A m\u00fasica n\u00e3o somente revela as emo\u00e7\u00f5es dos personagens, mas tamb\u00e9m serve para situar a narrativa no tempo e no espa\u00e7o, um testemunho do talento de Guadagnino para selecionar trilhas sonoras que dialogam com seu trabalho cinematogr\u00e1fico.<\/p>\n\n\n\n<h2 class=\"wp-block-heading\">Por que &#8220;Queer&#8221; \u00e9 Relevante para o P\u00fablico Atual?<\/h2>\n\n\n\n<p>Em um momento em que quest\u00f5es de identidade sexual e aceita\u00e7\u00e3o s\u00e3o cada vez mais debatidas, &#8220;Queer&#8221; oferece uma perspectiva hist\u00f3rica e art\u00edstica sobre a experi\u00eancia de ser n\u00e3o-conformante em uma sociedade restritiva. A inclus\u00e3o desses temas atrav\u00e9s da lente do cinema permite uma reflex\u00e3o cont\u00ednua sobre como a sociedade evoluiu em rela\u00e7\u00e3o aos direitos LGBTQIA+ e como ainda h\u00e1 caminhos a percorrer.<\/p>\n\n\n\n<p>O filme destaca o poder da arte como um meio de explorar e discutir assuntos pertinentes. A habilidade de Guadagnino para capturar tais complexidades garante que &#8220;Queer&#8221; n\u00e3o seja apenas mais uma adapta\u00e7\u00e3o cinematogr\u00e1fica, mas sim um convite ao di\u00e1logo e \u00e0 empatia, utilizando a m\u00fasica e a narrativa visual para contar hist\u00f3rias significativas e impactantes.<\/p>\n","protected":false},"excerpt":{"rendered":"<p>O filme &#8220;Queer&#8221;, de Luca Guadagnino, conhecido por &#8220;Rivais&#8221; e &#8220;Me Chame Pelo Seu Nome&#8221;, incorpora uma trilha sonora que reflete a ess\u00eancia complexa de seus personagens e a \u00e9poca retratada. Uma pe\u00e7a central dessa composi\u00e7\u00e3o \u00e9 &#8220;Vaster Than Empires&#8221;, uma colabora\u00e7\u00e3o entre o renomado cantor e compositor brasileiro Caetano Veloso e os m\u00fasicos Trent [&hellip;]<\/p>\n","protected":false},"author":7,"featured_media":4735,"comment_status":"open","ping_status":"open","sticky":false,"template":"","format":"standard","meta":{"jnews-multi-image_gallery":[],"jnews_single_post":{"format":"standard"},"jnews_primary_category":[],"jnews_social_meta":[],"jnews_override_counter":[],"footnotes":""},"categories":[29,137],"tags":[842,1141,237,1962,1457,1963],"class_list":["post-4732","post","type-post","status-publish","format-standard","has-post-thumbnail","hentry","category-entretenimento","category-filmes","tag-daniel-craig","tag-drama","tag-historia","tag-lgbtqia-filme","tag-romance","tag-william-s-burroughs"],"yoast_head":"<!-- This site is optimized with the Yoast SEO plugin v23.8 - https:\/\/yoast.com\/wordpress\/plugins\/seo\/ -->\n<title>Daniel Craig e Caetano Veloso juntos em um filme? - Estado de Minas - Em foco<\/title>\n<meta name=\"description\" content=\"O filme acompanha um expatriado americano que forma uma conex\u00e3o com um homem mais jovem.\" \/>\n<meta name=\"robots\" content=\"index, follow, max-snippet:-1, max-image-preview:large, max-video-preview:-1\" \/>\n<link rel=\"canonical\" href=\"https:\/\/www.em.com.br\/emfoco\/2024\/12\/13\/daniel-craig-e-caetano-veloso-juntos-em-um-filme\/\" \/>\n<meta property=\"og:locale\" content=\"pt_BR\" \/>\n<meta property=\"og:type\" content=\"article\" \/>\n<meta property=\"og:title\" content=\"Daniel Craig e Caetano Veloso juntos em um filme? - Estado de Minas - Em foco\" \/>\n<meta property=\"og:description\" content=\"O filme acompanha um expatriado americano que forma uma conex\u00e3o com um homem mais jovem.\" \/>\n<meta property=\"og:url\" content=\"https:\/\/www.em.com.br\/emfoco\/2024\/12\/13\/daniel-craig-e-caetano-veloso-juntos-em-um-filme\/\" \/>\n<meta property=\"og:site_name\" content=\"Estado de Minas - Em foco\" \/>\n<meta property=\"article:published_time\" content=\"2024-12-14T01:00:00+00:00\" \/>\n<meta property=\"article:modified_time\" content=\"2024-12-13T00:30:32+00:00\" \/>\n<meta property=\"og:image\" content=\"https:\/\/www.em.com.br\/emfoco\/wp-content\/uploads\/2024\/12\/Screenshot_17-1.jpg\" \/>\n\t<meta property=\"og:image:width\" content=\"1199\" \/>\n\t<meta property=\"og:image:height\" content=\"546\" \/>\n\t<meta property=\"og:image:type\" content=\"image\/jpeg\" \/>\n<meta name=\"author\" content=\"Kelvin\" \/>\n<meta name=\"twitter:card\" content=\"summary_large_image\" \/>\n<meta name=\"twitter:label1\" content=\"Escrito por\" \/>\n\t<meta name=\"twitter:data1\" content=\"Kelvin\" \/>\n\t<meta name=\"twitter:label2\" content=\"Est. tempo de leitura\" \/>\n\t<meta name=\"twitter:data2\" content=\"4 minutos\" \/>\n<!-- \/ Yoast SEO plugin. -->","yoast_head_json":{"title":"Daniel Craig e Caetano Veloso juntos em um filme? - Estado de Minas - Em foco","description":"O filme acompanha um expatriado americano que forma uma conex\u00e3o com um homem mais jovem.","robots":{"index":"index","follow":"follow","max-snippet":"max-snippet:-1","max-image-preview":"max-image-preview:large","max-video-preview":"max-video-preview:-1"},"canonical":"https:\/\/www.em.com.br\/emfoco\/2024\/12\/13\/daniel-craig-e-caetano-veloso-juntos-em-um-filme\/","og_locale":"pt_BR","og_type":"article","og_title":"Daniel Craig e Caetano Veloso juntos em um filme? - Estado de Minas - Em foco","og_description":"O filme acompanha um expatriado americano que forma uma conex\u00e3o com um homem mais jovem.","og_url":"https:\/\/www.em.com.br\/emfoco\/2024\/12\/13\/daniel-craig-e-caetano-veloso-juntos-em-um-filme\/","og_site_name":"Estado de Minas - Em foco","article_published_time":"2024-12-14T01:00:00+00:00","article_modified_time":"2024-12-13T00:30:32+00:00","og_image":[{"width":1199,"height":546,"url":"https:\/\/www.em.com.br\/emfoco\/wp-content\/uploads\/2024\/12\/Screenshot_17-1.jpg","type":"image\/jpeg"}],"author":"Kelvin","twitter_card":"summary_large_image","twitter_misc":{"Escrito por":"Kelvin","Est. tempo de leitura":"4 minutos"},"schema":{"@context":"https:\/\/schema.org","@graph":[{"@type":"WebPage","@id":"https:\/\/www.em.com.br\/emfoco\/2024\/12\/13\/daniel-craig-e-caetano-veloso-juntos-em-um-filme\/","url":"https:\/\/www.em.com.br\/emfoco\/2024\/12\/13\/daniel-craig-e-caetano-veloso-juntos-em-um-filme\/","name":"Daniel Craig e Caetano Veloso juntos em um filme? - Estado de Minas - Em foco","isPartOf":{"@id":"https:\/\/www.em.com.br\/emfoco\/#website"},"primaryImageOfPage":{"@id":"https:\/\/www.em.com.br\/emfoco\/2024\/12\/13\/daniel-craig-e-caetano-veloso-juntos-em-um-filme\/#primaryimage"},"image":{"@id":"https:\/\/www.em.com.br\/emfoco\/2024\/12\/13\/daniel-craig-e-caetano-veloso-juntos-em-um-filme\/#primaryimage"},"thumbnailUrl":"https:\/\/www.em.com.br\/emfoco\/wp-content\/uploads\/2024\/12\/Screenshot_17-1.jpg","datePublished":"2024-12-14T01:00:00+00:00","dateModified":"2024-12-13T00:30:32+00:00","author":{"@id":"https:\/\/www.em.com.br\/emfoco\/#\/schema\/person\/fb0a7f48c6fbb94b83f413a80f61917d"},"description":"O filme acompanha um expatriado americano que forma uma conex\u00e3o com um homem mais jovem.","breadcrumb":{"@id":"https:\/\/www.em.com.br\/emfoco\/2024\/12\/13\/daniel-craig-e-caetano-veloso-juntos-em-um-filme\/#breadcrumb"},"inLanguage":"pt-BR","potentialAction":[{"@type":"ReadAction","target":["https:\/\/www.em.com.br\/emfoco\/2024\/12\/13\/daniel-craig-e-caetano-veloso-juntos-em-um-filme\/"]}]},{"@type":"ImageObject","inLanguage":"pt-BR","@id":"https:\/\/www.em.com.br\/emfoco\/2024\/12\/13\/daniel-craig-e-caetano-veloso-juntos-em-um-filme\/#primaryimage","url":"https:\/\/www.em.com.br\/emfoco\/wp-content\/uploads\/2024\/12\/Screenshot_17-1.jpg","contentUrl":"https:\/\/www.em.com.br\/emfoco\/wp-content\/uploads\/2024\/12\/Screenshot_17-1.jpg","width":1199,"height":546,"caption":"Queer - Divulga\u00e7\u00e3o\/Trailer"},{"@type":"BreadcrumbList","@id":"https:\/\/www.em.com.br\/emfoco\/2024\/12\/13\/daniel-craig-e-caetano-veloso-juntos-em-um-filme\/#breadcrumb","itemListElement":[{"@type":"ListItem","position":1,"name":"In\u00edcio","item":"https:\/\/www.em.com.br\/emfoco\/"},{"@type":"ListItem","position":2,"name":"Daniel Craig e Caetano Veloso juntos em um filme?"}]},{"@type":"WebSite","@id":"https:\/\/www.em.com.br\/emfoco\/#website","url":"https:\/\/www.em.com.br\/emfoco\/","name":"Estado de Minas - Em foco","description":"Acompanhe as \u00faltimas not\u00edcias e fique bem informado sobre tudo o que acontece em Minas Gerais, Brasil e no mundo.","potentialAction":[{"@type":"SearchAction","target":{"@type":"EntryPoint","urlTemplate":"https:\/\/www.em.com.br\/emfoco\/?s={search_term_string}"},"query-input":{"@type":"PropertyValueSpecification","valueRequired":true,"valueName":"search_term_string"}}],"inLanguage":"pt-BR"},{"@type":"Person","@id":"https:\/\/www.em.com.br\/emfoco\/#\/schema\/person\/fb0a7f48c6fbb94b83f413a80f61917d","name":"Kelvin","image":{"@type":"ImageObject","inLanguage":"pt-BR","@id":"https:\/\/www.em.com.br\/emfoco\/#\/schema\/person\/image\/","url":"https:\/\/secure.gravatar.com\/avatar\/e74f84337e6bf6c4c5e88fbdffa05270?s=96&d=mm&r=g","contentUrl":"https:\/\/secure.gravatar.com\/avatar\/e74f84337e6bf6c4c5e88fbdffa05270?s=96&d=mm&r=g","caption":"Kelvin"},"sameAs":["https:\/\/www.em.com.br\/emfoco"],"url":"https:\/\/www.em.com.br\/emfoco\/author\/kelvinmyth\/"}]}},"_links":{"self":[{"href":"https:\/\/www.em.com.br\/emfoco\/wp-json\/wp\/v2\/posts\/4732","targetHints":{"allow":["GET"]}}],"collection":[{"href":"https:\/\/www.em.com.br\/emfoco\/wp-json\/wp\/v2\/posts"}],"about":[{"href":"https:\/\/www.em.com.br\/emfoco\/wp-json\/wp\/v2\/types\/post"}],"author":[{"embeddable":true,"href":"https:\/\/www.em.com.br\/emfoco\/wp-json\/wp\/v2\/users\/7"}],"replies":[{"embeddable":true,"href":"https:\/\/www.em.com.br\/emfoco\/wp-json\/wp\/v2\/comments?post=4732"}],"version-history":[{"count":2,"href":"https:\/\/www.em.com.br\/emfoco\/wp-json\/wp\/v2\/posts\/4732\/revisions"}],"predecessor-version":[{"id":4737,"href":"https:\/\/www.em.com.br\/emfoco\/wp-json\/wp\/v2\/posts\/4732\/revisions\/4737"}],"wp:featuredmedia":[{"embeddable":true,"href":"https:\/\/www.em.com.br\/emfoco\/wp-json\/wp\/v2\/media\/4735"}],"wp:attachment":[{"href":"https:\/\/www.em.com.br\/emfoco\/wp-json\/wp\/v2\/media?parent=4732"}],"wp:term":[{"taxonomy":"category","embeddable":true,"href":"https:\/\/www.em.com.br\/emfoco\/wp-json\/wp\/v2\/categories?post=4732"},{"taxonomy":"post_tag","embeddable":true,"href":"https:\/\/www.em.com.br\/emfoco\/wp-json\/wp\/v2\/tags?post=4732"}],"curies":[{"name":"wp","href":"https:\/\/api.w.org\/{rel}","templated":true}]}}