{"id":46984,"date":"2025-05-18T18:00:00","date_gmt":"2025-05-18T21:00:00","guid":{"rendered":"https:\/\/www.em.com.br\/emfoco\/?p=46984"},"modified":"2025-05-17T18:46:11","modified_gmt":"2025-05-17T21:46:11","slug":"entenda-como-o-otimismo-e-a-chave-para-enfrentar-momentos-dificeis","status":"publish","type":"post","link":"https:\/\/www.em.com.br\/emfoco\/2025\/05\/18\/entenda-como-o-otimismo-e-a-chave-para-enfrentar-momentos-dificeis\/","title":{"rendered":"Entenda como o otimismo \u00e9 a chave para enfrentar momentos dif\u00edceis"},"content":{"rendered":"\n<p>Em um mundo repleto de desafios e incertezas, manter uma perspectiva otimista pode parecer uma tarefa \u00e1rdua. No entanto, o otimismo \u00e9 mais do que uma simples escolha; \u00e9 uma forma de resist\u00eancia e um mecanismo poderoso para enfrentar adversidades. Enxergar <strong><a href=\"https:\/\/www.em.com.br\/emfoco\/2025\/05\/10\/belezas-escondidas-porem-proibidas-e-perigosas-do-brasil-que-ninguem-pode-visitar\/\" target=\"_blank\" rel=\"noreferrer noopener\">beleza<\/a><\/strong> na rotina e encontrar leveza no caos s\u00e3o formas de continuar avan\u00e7ando, mesmo quando tudo parece desanimador.<\/p>\n\n\n\n<p>O otimismo n\u00e3o implica ignorar os problemas, mas sim buscar for\u00e7as para enfrent\u00e1-los com esperan\u00e7a. Ele serve como combust\u00edvel para nossos passos em momentos dif\u00edceis, ajudando a manter a f\u00e9 em nossa capacidade de seguir em frente. Essa perspectiva \u00e9 essencial para navegar pelos desafios di\u00e1rios, mantendo a esperan\u00e7a viva mesmo nos dias mais nublados.<\/p>\n\n\n\n<h2 class=\"wp-block-heading\">Como o otimismo se manifesta na vida cotidiana?<\/h2>\n\n\n\n<p>O verdadeiro otimismo \u00e9 uma combina\u00e7\u00e3o de realismo e esperan\u00e7a. N\u00e3o se trata de positividade t\u00f3xica, onde se finge que tudo est\u00e1 bem, <strong>mas sim de reconhecer as dificuldades e ainda assim acreditar em solu\u00e7\u00f5es. <\/strong>\u00c9 poss\u00edvel sentir tristeza e frustra\u00e7\u00e3o, mas manter uma chama de esperan\u00e7a acesa \u00e9 uma escolha corajosa diante do incerto.<\/p>\n\n\n\n<p>Viver o presente \u00e9 um exerc\u00edcio de gratid\u00e3o que transforma a percep\u00e7\u00e3o da vida. <strong>Pequenos momentos, como um caf\u00e9 quente ou um p\u00f4r do sol, s\u00e3o milagres cotidianos que, quando reconhecidos, podem trazer alegria e inspira\u00e7\u00e3o. <\/strong>Valorizar o agora n\u00e3o significa esquecer o passado ou parar de planejar o futuro, mas sim apreciar o que j\u00e1 est\u00e1 acontecendo.<\/p>\n\n\n\n<figure class=\"wp-block-image size-large\"><img loading=\"lazy\" decoding=\"async\" width=\"1024\" height=\"576\" src=\"https:\/\/www.em.com.br\/emfoco\/wp-content\/uploads\/2025\/04\/Books_1745329356707-1024x576.jpg\" alt=\"Livros que est\u00e3o fortalecendo a autoestima e confian\u00e7a em 2025\" class=\"wp-image-40405\" srcset=\"https:\/\/www.em.com.br\/emfoco\/wp-content\/uploads\/2025\/04\/Books_1745329356707-1024x576.jpg 1024w, https:\/\/www.em.com.br\/emfoco\/wp-content\/uploads\/2025\/04\/Books_1745329356707-300x169.jpg 300w, https:\/\/www.em.com.br\/emfoco\/wp-content\/uploads\/2025\/04\/Books_1745329356707-768x432.jpg 768w, https:\/\/www.em.com.br\/emfoco\/wp-content\/uploads\/2025\/04\/Books_1745329356707-750x422.jpg 750w, https:\/\/www.em.com.br\/emfoco\/wp-content\/uploads\/2025\/04\/Books_1745329356707-1140x641.jpg 1140w, https:\/\/www.em.com.br\/emfoco\/wp-content\/uploads\/2025\/04\/Books_1745329356707.jpg 1280w\" sizes=\"auto, (max-width: 1024px) 100vw, 1024px\" \/><figcaption class=\"wp-element-caption\">Livros &#8211; Cr\u00e9ditos: depositphotos.com \/ Ischukigor<\/figcaption><\/figure>\n\n\n\n<h2 class=\"wp-block-heading\">Como o ambiente afeta o otimismo?<\/h2>\n\n\n\n<p>O ambiente ao nosso redor tem um impacto significativo em nossa perspectiva otimista. As redes sociais que seguimos, as conversas que mantemos e os conte\u00fados que consumimos influenciam nosso olhar sobre o mundo. Fazer uma curadoria cuidadosa do que permitimos entrar em nossa mente \u00e9 uma forma de autocuidado.<\/p>\n\n\n\n<p>Escolher refer\u00eancias que inspirem e elevem a energia pessoal \u00e9 essencial para manter uma vis\u00e3o positiva da vida. Evitar conte\u00fados que sobrecarregam ou diminuem a autoestima \u00e9 uma decis\u00e3o poderosa. Cultivar o que nutre a alma fortalece a vis\u00e3o otimista e ajuda a enfrentar os desafios com resili\u00eancia.<\/p>\n\n\n\n<h2 class=\"wp-block-heading\">Qual \u00e9 o papel do autoacolhimento no otimismo?<\/h2>\n\n\n\n<p>O <strong><a href=\"https:\/\/anitagomes.com.br\/o-que-e-autoacolhimento-e-como-fazer-isso-no-dia-a-dia\/\" target=\"_blank\" rel=\"noreferrer noopener\">autoacolhimento <\/a><\/strong>\u00e9 uma pr\u00e1tica fundamental para o desenvolvimento emocional e para manter o otimismo.<strong> Aceitar falhas e vulnerabilidades<\/strong> \u00e9 parte do processo de crescimento pessoal. Quando somos gentis conosco, criamos um ambiente interno mais leve e prop\u00edcio ao crescimento.<\/p>\n\n\n\n<p>Tratar-se com afeto e compreens\u00e3o, como se faria com uma amiga querida, \u00e9 essencial para manter viva a chama da esperan\u00e7a. Essa pr\u00e1tica ajuda a enfrentar os dias dif\u00edceis com mais serenidade e a encontrar for\u00e7as para continuar avan\u00e7ando.<\/p>\n\n\n\n<h2 class=\"wp-block-heading\">Por que desacelerar \u00e9 importante?<\/h2>\n\n\n\n<p>Em tempos modernos, onde tudo parece urgente, desacelerar pode parecer contraintuitivo. No entanto, f<strong>azer pausas conscientes e respeitar os pr\u00f3prios limites s\u00e3o formas de recuperar o f\u00f4lego e reencontrar a clareza.<\/strong> O otimismo floresce quando a mente desacelera e encontra espa\u00e7o para respirar.<\/p>\n\n\n\n<p>Parar n\u00e3o \u00e9 perder tempo, mas sim se preparar para seguir de forma mais consciente. Esse espa\u00e7o de pausa permite reencontrar a ess\u00eancia e redirecionar os passos, tornando a jornada mais significativa e alinhada com os valores pessoais.<\/p>\n\n\n\n<h2 class=\"wp-block-heading\">Como a gentileza contribui para o otimismo?<\/h2>\n\n\n\n<p>A gentileza \u00e9 uma escolha que reverbera e transforma o ambiente ao redor. Um sorriso sincero, um elogio espont\u00e2neo ou um gesto de gentileza podem impactar positivamente o dia de algu\u00e9m, inclusive o pr\u00f3prio. Ser luz na vida dos outros fortalece a luz interna e contribui para um mundo mais leve e habit\u00e1vel.<\/p>\n\n\n\n<p>Pequenos atos de gentileza lembram que, no fim, todos estamos conectados pela humanidade. Essa conex\u00e3o \u00e9 uma fonte de otimismo e esperan\u00e7a, que alimenta a cren\u00e7a em dias melhores e em um futuro mais brilhante.<\/p>\n","protected":false},"excerpt":{"rendered":"<p>Em um mundo repleto de desafios e incertezas, manter uma perspectiva otimista pode parecer uma tarefa \u00e1rdua. No entanto, o otimismo \u00e9 mais do que uma simples escolha; \u00e9 uma forma de resist\u00eancia e um mecanismo poderoso para enfrentar adversidades. Enxergar beleza na rotina e encontrar leveza no caos s\u00e3o formas de continuar avan\u00e7ando, mesmo [&hellip;]<\/p>\n","protected":false},"author":13,"featured_media":36722,"comment_status":"open","ping_status":"open","sticky":false,"template":"","format":"standard","meta":{"jnews-multi-image_gallery":[],"jnews_single_post":{"format":"standard"},"jnews_primary_category":[],"jnews_social_meta":[],"jnews_override_counter":[],"footnotes":""},"categories":[29],"tags":[5304,4894,8602,8603],"class_list":["post-46984","post","type-post","status-publish","format-standard","has-post-thumbnail","hentry","category-entretenimento","tag-autoajuda","tag-desenvolvimento-pessoal","tag-otimismo","tag-perspectiva"],"yoast_head":"<!-- This site is optimized with the Yoast SEO plugin v23.8 - https:\/\/yoast.com\/wordpress\/plugins\/seo\/ -->\n<title>Entenda como o otimismo \u00e9 a chave para enfrentar momentos dif\u00edceis - Estado de Minas - Em foco<\/title>\n<meta name=\"description\" content=\"Mesmo no caos, o otimismo revela solu\u00e7\u00f5es escondidas. Conhe\u00e7a pr\u00e1ticas que despertam leveza e esperan\u00e7a real.\" \/>\n<meta name=\"robots\" content=\"index, follow, max-snippet:-1, max-image-preview:large, max-video-preview:-1\" \/>\n<link rel=\"canonical\" href=\"https:\/\/www.em.com.br\/emfoco\/2025\/05\/18\/entenda-como-o-otimismo-e-a-chave-para-enfrentar-momentos-dificeis\/\" \/>\n<meta property=\"og:locale\" content=\"pt_BR\" \/>\n<meta property=\"og:type\" content=\"article\" \/>\n<meta property=\"og:title\" content=\"Entenda como o otimismo \u00e9 a chave para enfrentar momentos dif\u00edceis - Estado de Minas - Em foco\" \/>\n<meta property=\"og:description\" content=\"Mesmo no caos, o otimismo revela solu\u00e7\u00f5es escondidas. Conhe\u00e7a pr\u00e1ticas que despertam leveza e esperan\u00e7a real.\" \/>\n<meta property=\"og:url\" content=\"https:\/\/www.em.com.br\/emfoco\/2025\/05\/18\/entenda-como-o-otimismo-e-a-chave-para-enfrentar-momentos-dificeis\/\" \/>\n<meta property=\"og:site_name\" content=\"Estado de Minas - Em foco\" \/>\n<meta property=\"article:published_time\" content=\"2025-05-18T21:00:00+00:00\" \/>\n<meta property=\"article:modified_time\" content=\"2025-05-17T21:46:11+00:00\" \/>\n<meta property=\"og:image\" content=\"https:\/\/www.em.com.br\/emfoco\/wp-content\/uploads\/2025\/04\/Happy-person_1744211807170.jpg\" \/>\n\t<meta property=\"og:image:width\" content=\"1280\" \/>\n\t<meta property=\"og:image:height\" content=\"720\" \/>\n\t<meta property=\"og:image:type\" content=\"image\/jpeg\" \/>\n<meta name=\"author\" content=\"Gabriel Martins\" \/>\n<meta name=\"twitter:card\" content=\"summary_large_image\" \/>\n<meta name=\"twitter:label1\" content=\"Escrito por\" \/>\n\t<meta name=\"twitter:data1\" content=\"Gabriel Martins\" \/>\n\t<meta name=\"twitter:label2\" content=\"Est. tempo de leitura\" \/>\n\t<meta name=\"twitter:data2\" content=\"4 minutos\" \/>\n<!-- \/ Yoast SEO plugin. -->","yoast_head_json":{"title":"Entenda como o otimismo \u00e9 a chave para enfrentar momentos dif\u00edceis - Estado de Minas - Em foco","description":"Mesmo no caos, o otimismo revela solu\u00e7\u00f5es escondidas. Conhe\u00e7a pr\u00e1ticas que despertam leveza e esperan\u00e7a real.","robots":{"index":"index","follow":"follow","max-snippet":"max-snippet:-1","max-image-preview":"max-image-preview:large","max-video-preview":"max-video-preview:-1"},"canonical":"https:\/\/www.em.com.br\/emfoco\/2025\/05\/18\/entenda-como-o-otimismo-e-a-chave-para-enfrentar-momentos-dificeis\/","og_locale":"pt_BR","og_type":"article","og_title":"Entenda como o otimismo \u00e9 a chave para enfrentar momentos dif\u00edceis - Estado de Minas - Em foco","og_description":"Mesmo no caos, o otimismo revela solu\u00e7\u00f5es escondidas. Conhe\u00e7a pr\u00e1ticas que despertam leveza e esperan\u00e7a real.","og_url":"https:\/\/www.em.com.br\/emfoco\/2025\/05\/18\/entenda-como-o-otimismo-e-a-chave-para-enfrentar-momentos-dificeis\/","og_site_name":"Estado de Minas - Em foco","article_published_time":"2025-05-18T21:00:00+00:00","article_modified_time":"2025-05-17T21:46:11+00:00","og_image":[{"width":1280,"height":720,"url":"https:\/\/www.em.com.br\/emfoco\/wp-content\/uploads\/2025\/04\/Happy-person_1744211807170.jpg","type":"image\/jpeg"}],"author":"Gabriel Martins","twitter_card":"summary_large_image","twitter_misc":{"Escrito por":"Gabriel Martins","Est. tempo de leitura":"4 minutos"},"schema":{"@context":"https:\/\/schema.org","@graph":[{"@type":"WebPage","@id":"https:\/\/www.em.com.br\/emfoco\/2025\/05\/18\/entenda-como-o-otimismo-e-a-chave-para-enfrentar-momentos-dificeis\/","url":"https:\/\/www.em.com.br\/emfoco\/2025\/05\/18\/entenda-como-o-otimismo-e-a-chave-para-enfrentar-momentos-dificeis\/","name":"Entenda como o otimismo \u00e9 a chave para enfrentar momentos dif\u00edceis - Estado de Minas - Em foco","isPartOf":{"@id":"https:\/\/www.em.com.br\/emfoco\/#website"},"primaryImageOfPage":{"@id":"https:\/\/www.em.com.br\/emfoco\/2025\/05\/18\/entenda-como-o-otimismo-e-a-chave-para-enfrentar-momentos-dificeis\/#primaryimage"},"image":{"@id":"https:\/\/www.em.com.br\/emfoco\/2025\/05\/18\/entenda-como-o-otimismo-e-a-chave-para-enfrentar-momentos-dificeis\/#primaryimage"},"thumbnailUrl":"https:\/\/www.em.com.br\/emfoco\/wp-content\/uploads\/2025\/04\/Happy-person_1744211807170.jpg","datePublished":"2025-05-18T21:00:00+00:00","dateModified":"2025-05-17T21:46:11+00:00","author":{"@id":"https:\/\/www.em.com.br\/emfoco\/#\/schema\/person\/1c9ddeab18b98abeffef834667bcf08a"},"description":"Mesmo no caos, o otimismo revela solu\u00e7\u00f5es escondidas. Conhe\u00e7a pr\u00e1ticas que despertam leveza e esperan\u00e7a real.","breadcrumb":{"@id":"https:\/\/www.em.com.br\/emfoco\/2025\/05\/18\/entenda-como-o-otimismo-e-a-chave-para-enfrentar-momentos-dificeis\/#breadcrumb"},"inLanguage":"pt-BR","potentialAction":[{"@type":"ReadAction","target":["https:\/\/www.em.com.br\/emfoco\/2025\/05\/18\/entenda-como-o-otimismo-e-a-chave-para-enfrentar-momentos-dificeis\/"]}]},{"@type":"ImageObject","inLanguage":"pt-BR","@id":"https:\/\/www.em.com.br\/emfoco\/2025\/05\/18\/entenda-como-o-otimismo-e-a-chave-para-enfrentar-momentos-dificeis\/#primaryimage","url":"https:\/\/www.em.com.br\/emfoco\/wp-content\/uploads\/2025\/04\/Happy-person_1744211807170.jpg","contentUrl":"https:\/\/www.em.com.br\/emfoco\/wp-content\/uploads\/2025\/04\/Happy-person_1744211807170.jpg","width":1280,"height":720,"caption":"Mulher alegre - Cr\u00e9ditos: depositphotos.com \/ SIphotography"},{"@type":"BreadcrumbList","@id":"https:\/\/www.em.com.br\/emfoco\/2025\/05\/18\/entenda-como-o-otimismo-e-a-chave-para-enfrentar-momentos-dificeis\/#breadcrumb","itemListElement":[{"@type":"ListItem","position":1,"name":"In\u00edcio","item":"https:\/\/www.em.com.br\/emfoco\/"},{"@type":"ListItem","position":2,"name":"Entenda como o otimismo \u00e9 a chave para enfrentar momentos dif\u00edceis"}]},{"@type":"WebSite","@id":"https:\/\/www.em.com.br\/emfoco\/#website","url":"https:\/\/www.em.com.br\/emfoco\/","name":"Estado de Minas - Em foco","description":"Acompanhe as \u00faltimas not\u00edcias e fique bem informado sobre tudo o que acontece em Minas Gerais, Brasil e no mundo.","potentialAction":[{"@type":"SearchAction","target":{"@type":"EntryPoint","urlTemplate":"https:\/\/www.em.com.br\/emfoco\/?s={search_term_string}"},"query-input":{"@type":"PropertyValueSpecification","valueRequired":true,"valueName":"search_term_string"}}],"inLanguage":"pt-BR"},{"@type":"Person","@id":"https:\/\/www.em.com.br\/emfoco\/#\/schema\/person\/1c9ddeab18b98abeffef834667bcf08a","name":"Gabriel Martins","image":{"@type":"ImageObject","inLanguage":"pt-BR","@id":"https:\/\/www.em.com.br\/emfoco\/#\/schema\/person\/image\/","url":"https:\/\/secure.gravatar.com\/avatar\/f0f1e2efdfd88f1ad2cb08c5c2731e50?s=96&d=mm&r=g","contentUrl":"https:\/\/secure.gravatar.com\/avatar\/f0f1e2efdfd88f1ad2cb08c5c2731e50?s=96&d=mm&r=g","caption":"Gabriel Martins"},"sameAs":["https:\/\/www.em.com.br\/emfoco\/"],"url":"https:\/\/www.em.com.br\/emfoco\/author\/gabrielmartinsmyth\/"}]}},"_links":{"self":[{"href":"https:\/\/www.em.com.br\/emfoco\/wp-json\/wp\/v2\/posts\/46984","targetHints":{"allow":["GET"]}}],"collection":[{"href":"https:\/\/www.em.com.br\/emfoco\/wp-json\/wp\/v2\/posts"}],"about":[{"href":"https:\/\/www.em.com.br\/emfoco\/wp-json\/wp\/v2\/types\/post"}],"author":[{"embeddable":true,"href":"https:\/\/www.em.com.br\/emfoco\/wp-json\/wp\/v2\/users\/13"}],"replies":[{"embeddable":true,"href":"https:\/\/www.em.com.br\/emfoco\/wp-json\/wp\/v2\/comments?post=46984"}],"version-history":[{"count":2,"href":"https:\/\/www.em.com.br\/emfoco\/wp-json\/wp\/v2\/posts\/46984\/revisions"}],"predecessor-version":[{"id":46998,"href":"https:\/\/www.em.com.br\/emfoco\/wp-json\/wp\/v2\/posts\/46984\/revisions\/46998"}],"wp:featuredmedia":[{"embeddable":true,"href":"https:\/\/www.em.com.br\/emfoco\/wp-json\/wp\/v2\/media\/36722"}],"wp:attachment":[{"href":"https:\/\/www.em.com.br\/emfoco\/wp-json\/wp\/v2\/media?parent=46984"}],"wp:term":[{"taxonomy":"category","embeddable":true,"href":"https:\/\/www.em.com.br\/emfoco\/wp-json\/wp\/v2\/categories?post=46984"},{"taxonomy":"post_tag","embeddable":true,"href":"https:\/\/www.em.com.br\/emfoco\/wp-json\/wp\/v2\/tags?post=46984"}],"curies":[{"name":"wp","href":"https:\/\/api.w.org\/{rel}","templated":true}]}}