{"id":46976,"date":"2025-05-14T10:40:16","date_gmt":"2025-05-14T13:40:16","guid":{"rendered":"https:\/\/www.em.com.br\/emfoco\/?p=46976"},"modified":"2025-05-13T22:10:08","modified_gmt":"2025-05-14T01:10:08","slug":"dicas-para-acabar-com-a-pele-oleosa-de-forma-natural-e-segura","status":"publish","type":"post","link":"https:\/\/www.em.com.br\/emfoco\/2025\/05\/14\/dicas-para-acabar-com-a-pele-oleosa-de-forma-natural-e-segura\/","title":{"rendered":"Dicas para acabar com a pele oleosa de forma natural e segura"},"content":{"rendered":"\n<p>A <a href=\"https:\/\/br.pinterest.com\/search\/pins\/?q=pele%20oleosa&amp;rs=typed\" target=\"_blank\" rel=\"noopener\">pele oleosa<\/a> \u00e9 uma condi\u00e7\u00e3o comum que surge quando as gl\u00e2ndulas seb\u00e1ceas produzem sebo em excesso. Este \u00f3leo natural \u00e9 importante para manter a pele hidratada e protegida, mas em excesso pode causar problemas como acne e poros dilatados. Fatores como <strong>gen\u00e9tica<\/strong>, <strong>dieta<\/strong> e <strong>altera\u00e7\u00f5es hormonais<\/strong> podem influenciar a produ\u00e7\u00e3o de sebo.<\/p>\n\n\n\n<p>\u00c9 importante encontrar um equil\u00edbrio ao <strong>tratar a oleosidade da pele<\/strong>. M\u00e9todos que removem muito \u00f3leo podem fazer com que a pele produza ainda mais sebo como resposta. Assim, \u00e9 essencial adotar pr\u00e1ticas que controlem a oleosidade sem comprometer a sa\u00fade da pele.<\/p>\n\n\n\n<h2 class=\"wp-block-heading\">Como reduzir a oleosidade em casa?<\/h2>\n\n\n\n<p>Controlar a oleosidade da pele pode ser feito com algumas pr\u00e1ticas caseiras simples. A <strong>limpeza adequada<\/strong> \u00e9 crucial; utilizar um sabonete suave e espec\u00edfico para peles oleosas pode ajudar a remover o excesso de \u00f3leo sem ressecar a pele. \u00c9 recomendado lavar o rosto duas vezes ao dia para manter o equil\u00edbrio.<\/p>\n\n\n\n<p><a href=\"https:\/\/www.em.com.br\/emfoco\/2025\/04\/25\/voce-nunca-imaginou-o-que-essas-mascaras-naturais-podem-fazer-pela-sua-pele\/\" target=\"_blank\" rel=\"noopener\">M\u00e1scaras faciais<\/a> caseiras tamb\u00e9m s\u00e3o eficazes. Ingredientes como argila, mel e aveia t\u00eam propriedades que ajudam a absorver o excesso de \u00f3leo e acalmar a pele. A aplica\u00e7\u00e3o de uma m\u00e1scara de argila uma ou duas vezes por semana pode ser uma maneira eficaz de manter a pele menos oleosa.<\/p>\n\n\n<div class=\"wp-block-image\">\n<figure class=\"aligncenter size-large\"><img loading=\"lazy\" decoding=\"async\" width=\"1024\" height=\"576\" src=\"https:\/\/www.em.com.br\/emfoco\/wp-content\/uploads\/2025\/04\/colageno_1743866194407-1024x576.jpg\" alt=\"Por que voc\u00ea deve ter cuidado com as tend\u00eancias de beleza virais no TikTok\" class=\"wp-image-35549\" srcset=\"https:\/\/www.em.com.br\/emfoco\/wp-content\/uploads\/2025\/04\/colageno_1743866194407-1024x576.jpg 1024w, https:\/\/www.em.com.br\/emfoco\/wp-content\/uploads\/2025\/04\/colageno_1743866194407-300x169.jpg 300w, https:\/\/www.em.com.br\/emfoco\/wp-content\/uploads\/2025\/04\/colageno_1743866194407-768x432.jpg 768w, https:\/\/www.em.com.br\/emfoco\/wp-content\/uploads\/2025\/04\/colageno_1743866194407-750x422.jpg 750w, https:\/\/www.em.com.br\/emfoco\/wp-content\/uploads\/2025\/04\/colageno_1743866194407-1140x641.jpg 1140w, https:\/\/www.em.com.br\/emfoco\/wp-content\/uploads\/2025\/04\/colageno_1743866194407.jpg 1280w\" sizes=\"auto, (max-width: 1024px) 100vw, 1024px\" \/><figcaption class=\"wp-element-caption\">Cuidados com a pele &#8211; Cr\u00e9ditos: depositphotos.com \/ AntonLozovoy<\/figcaption><\/figure><\/div>\n\n\n<h2 class=\"wp-block-heading\">Qual a influ\u00eancia da alimenta\u00e7\u00e3o?<\/h2>\n\n\n\n<p>A dieta tem um impacto significativo na condi\u00e7\u00e3o da pele. Alimentos ricos em \u00e1cidos graxos <strong>\u00f4mega-3,<\/strong> como peixes e nozes, podem ajudar a regular a produ\u00e7\u00e3o de sebo. Al\u00e9m disso, <strong>frutas<\/strong> e <strong>vegetais<\/strong> fornecem <strong>antioxidantes<\/strong> que s\u00e3o ben\u00e9ficos para a sa\u00fade da pele.<\/p>\n\n\n\n<p>Por outro lado, \u00e9 importante evitar alimentos ricos em a\u00e7\u00facares e gorduras saturadas, pois eles podem aumentar a produ\u00e7\u00e3o de \u00f3leo. Manter-se <strong>hidratado<\/strong> \u00e9 igualmente importante, j\u00e1 que a desidrata\u00e7\u00e3o pode levar a um aumento na produ\u00e7\u00e3o de sebo. Beber \u00e1gua regularmente ajuda a manter a pele hidratada de dentro para fora.<\/p>\n\n\n\n<h2 class=\"wp-block-heading\">Quais h\u00e1bitos di\u00e1rios podem ajudar a controlar a oleosidade?<\/h2>\n\n\n\n<p>Adotar h\u00e1bitos di\u00e1rios saud\u00e1veis \u00e9 essencial para manter a pele equilibrada. Usar um hidratante leve e n\u00e3o <strong>comedog\u00eanico<\/strong> pode ajudar a manter a pele hidratada sem obstruir os poros. O uso di\u00e1rio de protetor solar \u00e9 crucial para proteger a pele dos danos causados pelos <strong>raios UV,<\/strong> que podem aumentar a produ\u00e7\u00e3o de \u00f3leo.<\/p>\n\n\n\n<p>Al\u00e9m disso, evitar tocar o rosto com as m\u00e3os sujas e n\u00e3o espremer espinhas s\u00e3o pr\u00e1ticas que ajudam a prevenir a propaga\u00e7\u00e3o de bact\u00e9rias. Manter uma rotina de cuidados com a pele consistente e adequada ao tipo de pele \u00e9 a chave para controlar a oleosidade de forma eficaz.<\/p>\n","protected":false},"excerpt":{"rendered":"<p>A pele oleosa \u00e9 uma condi\u00e7\u00e3o comum que surge quando as gl\u00e2ndulas seb\u00e1ceas produzem sebo em excesso. Este \u00f3leo natural \u00e9 importante para manter a pele hidratada e protegida, mas em excesso pode causar problemas como acne e poros dilatados. Fatores como gen\u00e9tica, dieta e altera\u00e7\u00f5es hormonais podem influenciar a produ\u00e7\u00e3o de sebo. \u00c9 importante [&hellip;]<\/p>\n","protected":false},"author":9,"featured_media":23285,"comment_status":"open","ping_status":"open","sticky":false,"template":"","format":"standard","meta":{"jnews-multi-image_gallery":[],"jnews_single_post":{"format":"standard"},"jnews_primary_category":[],"jnews_social_meta":[],"jnews_override_counter":[],"footnotes":""},"categories":[29,1],"tags":[2616,4939,5663,6003],"class_list":["post-46976","post","type-post","status-publish","format-standard","has-post-thumbnail","hentry","category-entretenimento","category-noticias","tag-beleza","tag-cuidados-com-a-pele","tag-pele-oleosa","tag-saude-da-pele"],"yoast_head":"<!-- This site is optimized with the Yoast SEO plugin v23.8 - https:\/\/yoast.com\/wordpress\/plugins\/seo\/ -->\n<title>Dicas para acabar com a pele oleosa de forma natural e segura<\/title>\n<meta name=\"description\" content=\"Aprenda como controlar a oleosidade da pele com cuidados caseiros, alimenta\u00e7\u00e3o equilibrada e h\u00e1bitos saud\u00e1veis no dia a dia.\" \/>\n<meta name=\"robots\" content=\"index, follow, max-snippet:-1, max-image-preview:large, max-video-preview:-1\" \/>\n<link rel=\"canonical\" href=\"https:\/\/www.em.com.br\/emfoco\/2025\/05\/14\/dicas-para-acabar-com-a-pele-oleosa-de-forma-natural-e-segura\/\" \/>\n<meta property=\"og:locale\" content=\"pt_BR\" \/>\n<meta property=\"og:type\" content=\"article\" \/>\n<meta property=\"og:title\" content=\"Dicas para acabar com a pele oleosa de forma natural e segura\" \/>\n<meta property=\"og:description\" content=\"Aprenda como controlar a oleosidade da pele com cuidados caseiros, alimenta\u00e7\u00e3o equilibrada e h\u00e1bitos saud\u00e1veis no dia a dia.\" \/>\n<meta property=\"og:url\" content=\"https:\/\/www.em.com.br\/emfoco\/2025\/05\/14\/dicas-para-acabar-com-a-pele-oleosa-de-forma-natural-e-segura\/\" \/>\n<meta property=\"og:site_name\" content=\"Estado de Minas - Em foco\" \/>\n<meta property=\"article:published_time\" content=\"2025-05-14T13:40:16+00:00\" \/>\n<meta property=\"article:modified_time\" content=\"2025-05-14T01:10:08+00:00\" \/>\n<meta property=\"og:image\" content=\"https:\/\/www.em.com.br\/emfoco\/wp-content\/uploads\/2025\/02\/pele-oleosa_1740602303077.jpg\" \/>\n\t<meta property=\"og:image:width\" content=\"1280\" \/>\n\t<meta property=\"og:image:height\" content=\"720\" \/>\n\t<meta property=\"og:image:type\" content=\"image\/jpeg\" \/>\n<meta name=\"author\" content=\"Daniely Cardoso\" \/>\n<meta name=\"twitter:card\" content=\"summary_large_image\" \/>\n<meta name=\"twitter:label1\" content=\"Escrito por\" \/>\n\t<meta name=\"twitter:data1\" content=\"Daniely Cardoso\" \/>\n\t<meta name=\"twitter:label2\" content=\"Est. tempo de leitura\" \/>\n\t<meta name=\"twitter:data2\" content=\"3 minutos\" \/>\n<!-- \/ Yoast SEO plugin. -->","yoast_head_json":{"title":"Dicas para acabar com a pele oleosa de forma natural e segura","description":"Aprenda como controlar a oleosidade da pele com cuidados caseiros, alimenta\u00e7\u00e3o equilibrada e h\u00e1bitos saud\u00e1veis no dia a dia.","robots":{"index":"index","follow":"follow","max-snippet":"max-snippet:-1","max-image-preview":"max-image-preview:large","max-video-preview":"max-video-preview:-1"},"canonical":"https:\/\/www.em.com.br\/emfoco\/2025\/05\/14\/dicas-para-acabar-com-a-pele-oleosa-de-forma-natural-e-segura\/","og_locale":"pt_BR","og_type":"article","og_title":"Dicas para acabar com a pele oleosa de forma natural e segura","og_description":"Aprenda como controlar a oleosidade da pele com cuidados caseiros, alimenta\u00e7\u00e3o equilibrada e h\u00e1bitos saud\u00e1veis no dia a dia.","og_url":"https:\/\/www.em.com.br\/emfoco\/2025\/05\/14\/dicas-para-acabar-com-a-pele-oleosa-de-forma-natural-e-segura\/","og_site_name":"Estado de Minas - Em foco","article_published_time":"2025-05-14T13:40:16+00:00","article_modified_time":"2025-05-14T01:10:08+00:00","og_image":[{"width":1280,"height":720,"url":"https:\/\/www.em.com.br\/emfoco\/wp-content\/uploads\/2025\/02\/pele-oleosa_1740602303077.jpg","type":"image\/jpeg"}],"author":"Daniely Cardoso","twitter_card":"summary_large_image","twitter_misc":{"Escrito por":"Daniely Cardoso","Est. tempo de leitura":"3 minutos"},"schema":{"@context":"https:\/\/schema.org","@graph":[{"@type":"WebPage","@id":"https:\/\/www.em.com.br\/emfoco\/2025\/05\/14\/dicas-para-acabar-com-a-pele-oleosa-de-forma-natural-e-segura\/","url":"https:\/\/www.em.com.br\/emfoco\/2025\/05\/14\/dicas-para-acabar-com-a-pele-oleosa-de-forma-natural-e-segura\/","name":"Dicas para acabar com a pele oleosa de forma natural e segura","isPartOf":{"@id":"https:\/\/www.em.com.br\/emfoco\/#website"},"primaryImageOfPage":{"@id":"https:\/\/www.em.com.br\/emfoco\/2025\/05\/14\/dicas-para-acabar-com-a-pele-oleosa-de-forma-natural-e-segura\/#primaryimage"},"image":{"@id":"https:\/\/www.em.com.br\/emfoco\/2025\/05\/14\/dicas-para-acabar-com-a-pele-oleosa-de-forma-natural-e-segura\/#primaryimage"},"thumbnailUrl":"https:\/\/www.em.com.br\/emfoco\/wp-content\/uploads\/2025\/02\/pele-oleosa_1740602303077.jpg","datePublished":"2025-05-14T13:40:16+00:00","dateModified":"2025-05-14T01:10:08+00:00","author":{"@id":"https:\/\/www.em.com.br\/emfoco\/#\/schema\/person\/0a8186d72f2c3a5c6276d90b41f271a0"},"description":"Aprenda como controlar a oleosidade da pele com cuidados caseiros, alimenta\u00e7\u00e3o equilibrada e h\u00e1bitos saud\u00e1veis no dia a dia.","breadcrumb":{"@id":"https:\/\/www.em.com.br\/emfoco\/2025\/05\/14\/dicas-para-acabar-com-a-pele-oleosa-de-forma-natural-e-segura\/#breadcrumb"},"inLanguage":"pt-BR","potentialAction":[{"@type":"ReadAction","target":["https:\/\/www.em.com.br\/emfoco\/2025\/05\/14\/dicas-para-acabar-com-a-pele-oleosa-de-forma-natural-e-segura\/"]}]},{"@type":"ImageObject","inLanguage":"pt-BR","@id":"https:\/\/www.em.com.br\/emfoco\/2025\/05\/14\/dicas-para-acabar-com-a-pele-oleosa-de-forma-natural-e-segura\/#primaryimage","url":"https:\/\/www.em.com.br\/emfoco\/wp-content\/uploads\/2025\/02\/pele-oleosa_1740602303077.jpg","contentUrl":"https:\/\/www.em.com.br\/emfoco\/wp-content\/uploads\/2025\/02\/pele-oleosa_1740602303077.jpg","width":1280,"height":720,"caption":"Escolha produtos que contenham ativos potentes como o \u00e1cido salic\u00edlico para controlar a produ\u00e7\u00e3o seb\u00e1cea - Cr\u00e9ditos: depositphotos.com \/ VGeorgiev"},{"@type":"BreadcrumbList","@id":"https:\/\/www.em.com.br\/emfoco\/2025\/05\/14\/dicas-para-acabar-com-a-pele-oleosa-de-forma-natural-e-segura\/#breadcrumb","itemListElement":[{"@type":"ListItem","position":1,"name":"In\u00edcio","item":"https:\/\/www.em.com.br\/emfoco\/"},{"@type":"ListItem","position":2,"name":"Dicas para acabar com a pele oleosa de forma natural e segura"}]},{"@type":"WebSite","@id":"https:\/\/www.em.com.br\/emfoco\/#website","url":"https:\/\/www.em.com.br\/emfoco\/","name":"Estado de Minas - Em foco","description":"Acompanhe as \u00faltimas not\u00edcias e fique bem informado sobre tudo o que acontece em Minas Gerais, Brasil e no mundo.","potentialAction":[{"@type":"SearchAction","target":{"@type":"EntryPoint","urlTemplate":"https:\/\/www.em.com.br\/emfoco\/?s={search_term_string}"},"query-input":{"@type":"PropertyValueSpecification","valueRequired":true,"valueName":"search_term_string"}}],"inLanguage":"pt-BR"},{"@type":"Person","@id":"https:\/\/www.em.com.br\/emfoco\/#\/schema\/person\/0a8186d72f2c3a5c6276d90b41f271a0","name":"Daniely Cardoso","image":{"@type":"ImageObject","inLanguage":"pt-BR","@id":"https:\/\/www.em.com.br\/emfoco\/#\/schema\/person\/image\/","url":"https:\/\/secure.gravatar.com\/avatar\/4b80ddbd124d1f071b626d52d62e5dff?s=96&d=mm&r=g","contentUrl":"https:\/\/secure.gravatar.com\/avatar\/4b80ddbd124d1f071b626d52d62e5dff?s=96&d=mm&r=g","caption":"Daniely Cardoso"},"url":"https:\/\/www.em.com.br\/emfoco\/author\/danielymyth\/"}]}},"_links":{"self":[{"href":"https:\/\/www.em.com.br\/emfoco\/wp-json\/wp\/v2\/posts\/46976","targetHints":{"allow":["GET"]}}],"collection":[{"href":"https:\/\/www.em.com.br\/emfoco\/wp-json\/wp\/v2\/posts"}],"about":[{"href":"https:\/\/www.em.com.br\/emfoco\/wp-json\/wp\/v2\/types\/post"}],"author":[{"embeddable":true,"href":"https:\/\/www.em.com.br\/emfoco\/wp-json\/wp\/v2\/users\/9"}],"replies":[{"embeddable":true,"href":"https:\/\/www.em.com.br\/emfoco\/wp-json\/wp\/v2\/comments?post=46976"}],"version-history":[{"count":2,"href":"https:\/\/www.em.com.br\/emfoco\/wp-json\/wp\/v2\/posts\/46976\/revisions"}],"predecessor-version":[{"id":47004,"href":"https:\/\/www.em.com.br\/emfoco\/wp-json\/wp\/v2\/posts\/46976\/revisions\/47004"}],"wp:featuredmedia":[{"embeddable":true,"href":"https:\/\/www.em.com.br\/emfoco\/wp-json\/wp\/v2\/media\/23285"}],"wp:attachment":[{"href":"https:\/\/www.em.com.br\/emfoco\/wp-json\/wp\/v2\/media?parent=46976"}],"wp:term":[{"taxonomy":"category","embeddable":true,"href":"https:\/\/www.em.com.br\/emfoco\/wp-json\/wp\/v2\/categories?post=46976"},{"taxonomy":"post_tag","embeddable":true,"href":"https:\/\/www.em.com.br\/emfoco\/wp-json\/wp\/v2\/tags?post=46976"}],"curies":[{"name":"wp","href":"https:\/\/api.w.org\/{rel}","templated":true}]}}