{"id":4697,"date":"2024-12-19T21:20:00","date_gmt":"2024-12-20T00:20:00","guid":{"rendered":"https:\/\/www.em.com.br\/emfoco\/?p=4697"},"modified":"2024-12-12T20:58:54","modified_gmt":"2024-12-12T23:58:54","slug":"o-equilibrio-entre-natureza-e-urbanizacao-em-um-destino-mineiro","status":"publish","type":"post","link":"https:\/\/www.em.com.br\/emfoco\/2024\/12\/19\/o-equilibrio-entre-natureza-e-urbanizacao-em-um-destino-mineiro\/","title":{"rendered":"O equil\u00edbrio entre natureza e urbaniza\u00e7\u00e3o em um destino mineiro!"},"content":{"rendered":"\n<p>Localizada a aproximadamente 70 km de Belo Horizonte, Sete Lagoas destaca-se como uma cidade que combina infraestrutura eficiente com uma qualidade de vida atraente. Esta proximidade com a capital mineira \u00e9 complementada pela sua capacidade de oferecer servi\u00e7os essenciais de forma aut\u00f4noma. Isso inclui sa\u00fade, educa\u00e7\u00e3o e lazer de alto n\u00edvel, o que minimiza a necessidade de deslocamentos frequentes para <strong><a href=\"https:\/\/www.em.com.br\/emfoco\/2024\/12\/10\/viva-a-magia-do-reveillon-em-belo-horizonte-e-comece-o-ano-com-o-pe-direito\/\" target=\"_blank\" rel=\"noreferrer noopener\">Belo Horizonte<\/a><\/strong> e oferece um cotidiano mais tranquilo para seus cidad\u00e3os.<\/p>\n\n\n\n<p>A cidade \u00e9 conhecida por seu parque industrial diversificado, que n\u00e3o somente impulsiona a economia local mas tamb\u00e9m cria oportunidades de emprego que permitem aos moradores trabalhar perto de casa. Este fator, aliado a um ambiente urbano bem planejado, contribui para um estilo de vida mais sustent\u00e1vel e menos estressante, proporcionando aos habitantes a possibilidade de equilibrar suas atividades profissionais e pessoais de maneira eficaz.<\/p>\n\n\n\n<h2 class=\"wp-block-heading\">Quais Atividades ao Ar Livre Est\u00e3o Dispon\u00edveis?<\/h2>\n\n\n\n<p>Sete Lagoas valoriza fortemente as atividades ao ar livre, oferecendo aos seus habitantes uma variedade de op\u00e7\u00f5es de lazer em meio \u00e0 natureza. A cidade \u00e9 famosa por suas lagoas e parques, que se tornaram \u00e1reas populares para caminhadas, piqueniques e atividades n\u00e1uticas. Essas \u00e1reas verdes n\u00e3o s\u00f3 promovem a sa\u00fade f\u00edsica e mental dos moradores como tamb\u00e9m s\u00e3o pontos de encontro que fortalecem o senso de comunidade.<\/p>\n\n\n\n<p>A pr\u00e1tica de atividades ao ar livre \u00e9 incentivada pela cidade, que busca integrar a natureza ao cotidiano dos seus cidad\u00e3os. Este enfoque n\u00e3o apenas enriquece a vida dos residentes, mas tamb\u00e9m atrai visitantes que desejam desfrutar do ambiente natural acolhedor e revitalizante por <strong><a href=\"https:\/\/www.minasgerais.com.br\/pt\/destinos\/sete-lagoas\" target=\"_blank\" rel=\"noreferrer noopener\">Sete Lagoas<\/a><\/strong> oferecido.<\/p>\n\n\n\n<figure class=\"wp-block-image size-large\"><img loading=\"lazy\" decoding=\"async\" width=\"1024\" height=\"531\" src=\"https:\/\/www.em.com.br\/emfoco\/wp-content\/uploads\/2024\/11\/image-8-1024x531.png\" alt=\"Sete Lagoas: Tradi\u00e7\u00e3o e Modernidade em Uma Cidade de Minas Gerais!\" class=\"wp-image-1560\" srcset=\"https:\/\/www.em.com.br\/emfoco\/wp-content\/uploads\/2024\/11\/image-8-1024x531.png 1024w, https:\/\/www.em.com.br\/emfoco\/wp-content\/uploads\/2024\/11\/image-8-300x156.png 300w, https:\/\/www.em.com.br\/emfoco\/wp-content\/uploads\/2024\/11\/image-8-768x398.png 768w, https:\/\/www.em.com.br\/emfoco\/wp-content\/uploads\/2024\/11\/image-8-750x389.png 750w, https:\/\/www.em.com.br\/emfoco\/wp-content\/uploads\/2024\/11\/image-8.png 1080w\" sizes=\"auto, (max-width: 1024px) 100vw, 1024px\" \/><figcaption class=\"wp-element-caption\">Sete Lagoas &#8211;  Wikimedia Commons<\/figcaption><\/figure>\n\n\n\n<h2 class=\"wp-block-heading\">Oportunidades de Neg\u00f3cios e Crescimento Econ\u00f4mico em Sete Lagoas<\/h2>\n\n\n\n<p>Al\u00e9m de um cen\u00e1rio residencial prop\u00edcio, Sete Lagoas \u00e9 vista como um importante polo para quem deseja empreender. Com um mercado receptivo e infraestrutura favor\u00e1vel, a cidade acolhe novos neg\u00f3cios e iniciativas, o que tem resultado em um crescimento econ\u00f4mico constante. Investidores encontram em Sete Lagoas o que precisam para iniciar ou expandir suas opera\u00e7\u00f5es com sucesso.<\/p>\n\n\n\n<p>Essa abertura para novos empreendimentos se reflete na diversifica\u00e7\u00e3o da economia local, atraindo investimentos de diversos setores. Como resultado, a cidade vem se fortalecendo como um centro de gera\u00e7\u00e3o de emprego, contribuindo para a prosperidade econ\u00f4mica e o incremento da qualidade de vida de seus habitantes.<\/p>\n\n\n\n<h2 class=\"wp-block-heading\">Sete Lagoas: Um Destino Atraente para Moradia<\/h2>\n\n\n\n<p>Consolidada como uma cidade que equilibra modernidade e conforto, Sete Lagoas continua a atrair novos moradores em busca de um ambiente seguro e acolhedor. Essa combina\u00e7\u00e3o de infraestrutura de primeira linha e qualidade de vida diferenciada faz da cidade uma excelente escolha tanto para fam\u00edlias quanto para profissionais.<\/p>\n\n\n\n<p>Em resumo, Sete Lagoas oferece uma gama de vantagens para quem busca uma nova resid\u00eancia: servi\u00e7os essenciais \u00e0 porta, ricos espa\u00e7os naturais e um ambiente econ\u00f4mico din\u00e2mico e convidativo. Para muitos, \u00e9 o destino ideal para viver com tranquilidade e acesso \u00e0s comodidades urbanas.<\/p>\n","protected":false},"excerpt":{"rendered":"<p>Localizada a aproximadamente 70 km de Belo Horizonte, Sete Lagoas destaca-se como uma cidade que combina infraestrutura eficiente com uma qualidade de vida atraente. Esta proximidade com a capital mineira \u00e9 complementada pela sua capacidade de oferecer servi\u00e7os essenciais de forma aut\u00f4noma. Isso inclui sa\u00fade, educa\u00e7\u00e3o e lazer de alto n\u00edvel, o que minimiza a [&hellip;]<\/p>\n","protected":false},"author":5,"featured_media":1561,"comment_status":"open","ping_status":"open","sticky":false,"template":"","format":"standard","meta":{"jnews-multi-image_gallery":[],"jnews_single_post":{"format":"standard"},"jnews_primary_category":[],"jnews_social_meta":[],"jnews_override_counter":[],"footnotes":""},"categories":[26,1],"tags":[1441,207,1023],"class_list":["post-4697","post","type-post","status-publish","format-standard","has-post-thumbnail","hentry","category-cidades","category-noticias","tag-curiosidades","tag-minas-gerais","tag-sete-lagoas"],"yoast_head":"<!-- This site is optimized with the Yoast SEO plugin v23.8 - https:\/\/yoast.com\/wordpress\/plugins\/seo\/ -->\n<title>O equil\u00edbrio entre natureza e urbaniza\u00e7\u00e3o em um destino mineiro! - Estado de Minas - Em foco<\/title>\n<meta name=\"description\" content=\"Sete Lagoas combina infraestrutura moderna, \u00e1reas verdes e oportunidades de neg\u00f3cios, a apenas 70 km de Belo Horizonte.\" \/>\n<meta name=\"robots\" content=\"index, follow, max-snippet:-1, max-image-preview:large, max-video-preview:-1\" \/>\n<link rel=\"canonical\" href=\"https:\/\/www.em.com.br\/emfoco\/2024\/12\/19\/o-equilibrio-entre-natureza-e-urbanizacao-em-um-destino-mineiro\/\" \/>\n<meta property=\"og:locale\" content=\"pt_BR\" \/>\n<meta property=\"og:type\" content=\"article\" \/>\n<meta property=\"og:title\" content=\"O equil\u00edbrio entre natureza e urbaniza\u00e7\u00e3o em um destino mineiro! - Estado de Minas - Em foco\" \/>\n<meta property=\"og:description\" content=\"Sete Lagoas combina infraestrutura moderna, \u00e1reas verdes e oportunidades de neg\u00f3cios, a apenas 70 km de Belo Horizonte.\" \/>\n<meta property=\"og:url\" content=\"https:\/\/www.em.com.br\/emfoco\/2024\/12\/19\/o-equilibrio-entre-natureza-e-urbanizacao-em-um-destino-mineiro\/\" \/>\n<meta property=\"og:site_name\" content=\"Estado de Minas - Em foco\" \/>\n<meta property=\"article:published_time\" content=\"2024-12-20T00:20:00+00:00\" \/>\n<meta property=\"article:modified_time\" content=\"2024-12-12T23:58:54+00:00\" \/>\n<meta property=\"og:image\" content=\"https:\/\/www.em.com.br\/emfoco\/wp-content\/uploads\/2024\/11\/image-9-e1732634342399.png\" \/>\n\t<meta property=\"og:image:width\" content=\"800\" \/>\n\t<meta property=\"og:image:height\" content=\"451\" \/>\n\t<meta property=\"og:image:type\" content=\"image\/png\" \/>\n<meta name=\"author\" content=\"N\u00fabia Rangel\" \/>\n<meta name=\"twitter:card\" content=\"summary_large_image\" \/>\n<meta name=\"twitter:label1\" content=\"Escrito por\" \/>\n\t<meta name=\"twitter:data1\" content=\"N\u00fabia Rangel\" \/>\n\t<meta name=\"twitter:label2\" content=\"Est. tempo de leitura\" \/>\n\t<meta name=\"twitter:data2\" content=\"4 minutos\" \/>\n<!-- \/ Yoast SEO plugin. -->","yoast_head_json":{"title":"O equil\u00edbrio entre natureza e urbaniza\u00e7\u00e3o em um destino mineiro! - Estado de Minas - Em foco","description":"Sete Lagoas combina infraestrutura moderna, \u00e1reas verdes e oportunidades de neg\u00f3cios, a apenas 70 km de Belo Horizonte.","robots":{"index":"index","follow":"follow","max-snippet":"max-snippet:-1","max-image-preview":"max-image-preview:large","max-video-preview":"max-video-preview:-1"},"canonical":"https:\/\/www.em.com.br\/emfoco\/2024\/12\/19\/o-equilibrio-entre-natureza-e-urbanizacao-em-um-destino-mineiro\/","og_locale":"pt_BR","og_type":"article","og_title":"O equil\u00edbrio entre natureza e urbaniza\u00e7\u00e3o em um destino mineiro! - Estado de Minas - Em foco","og_description":"Sete Lagoas combina infraestrutura moderna, \u00e1reas verdes e oportunidades de neg\u00f3cios, a apenas 70 km de Belo Horizonte.","og_url":"https:\/\/www.em.com.br\/emfoco\/2024\/12\/19\/o-equilibrio-entre-natureza-e-urbanizacao-em-um-destino-mineiro\/","og_site_name":"Estado de Minas - Em foco","article_published_time":"2024-12-20T00:20:00+00:00","article_modified_time":"2024-12-12T23:58:54+00:00","og_image":[{"width":800,"height":451,"url":"https:\/\/www.em.com.br\/emfoco\/wp-content\/uploads\/2024\/11\/image-9-e1732634342399.png","type":"image\/png"}],"author":"N\u00fabia Rangel","twitter_card":"summary_large_image","twitter_misc":{"Escrito por":"N\u00fabia Rangel","Est. tempo de leitura":"4 minutos"},"schema":{"@context":"https:\/\/schema.org","@graph":[{"@type":"WebPage","@id":"https:\/\/www.em.com.br\/emfoco\/2024\/12\/19\/o-equilibrio-entre-natureza-e-urbanizacao-em-um-destino-mineiro\/","url":"https:\/\/www.em.com.br\/emfoco\/2024\/12\/19\/o-equilibrio-entre-natureza-e-urbanizacao-em-um-destino-mineiro\/","name":"O equil\u00edbrio entre natureza e urbaniza\u00e7\u00e3o em um destino mineiro! - Estado de Minas - Em foco","isPartOf":{"@id":"https:\/\/www.em.com.br\/emfoco\/#website"},"primaryImageOfPage":{"@id":"https:\/\/www.em.com.br\/emfoco\/2024\/12\/19\/o-equilibrio-entre-natureza-e-urbanizacao-em-um-destino-mineiro\/#primaryimage"},"image":{"@id":"https:\/\/www.em.com.br\/emfoco\/2024\/12\/19\/o-equilibrio-entre-natureza-e-urbanizacao-em-um-destino-mineiro\/#primaryimage"},"thumbnailUrl":"https:\/\/www.em.com.br\/emfoco\/wp-content\/uploads\/2024\/11\/image-9-e1732634342399.png","datePublished":"2024-12-20T00:20:00+00:00","dateModified":"2024-12-12T23:58:54+00:00","author":{"@id":"https:\/\/www.em.com.br\/emfoco\/#\/schema\/person\/524437ef54f8a5d32591b143307f2e20"},"description":"Sete Lagoas combina infraestrutura moderna, \u00e1reas verdes e oportunidades de neg\u00f3cios, a apenas 70 km de Belo Horizonte.","breadcrumb":{"@id":"https:\/\/www.em.com.br\/emfoco\/2024\/12\/19\/o-equilibrio-entre-natureza-e-urbanizacao-em-um-destino-mineiro\/#breadcrumb"},"inLanguage":"pt-BR","potentialAction":[{"@type":"ReadAction","target":["https:\/\/www.em.com.br\/emfoco\/2024\/12\/19\/o-equilibrio-entre-natureza-e-urbanizacao-em-um-destino-mineiro\/"]}]},{"@type":"ImageObject","inLanguage":"pt-BR","@id":"https:\/\/www.em.com.br\/emfoco\/2024\/12\/19\/o-equilibrio-entre-natureza-e-urbanizacao-em-um-destino-mineiro\/#primaryimage","url":"https:\/\/www.em.com.br\/emfoco\/wp-content\/uploads\/2024\/11\/image-9-e1732634342399.png","contentUrl":"https:\/\/www.em.com.br\/emfoco\/wp-content\/uploads\/2024\/11\/image-9-e1732634342399.png","width":800,"height":451,"caption":"Sete Lagoas - Cr\u00e9ditos: Flickr"},{"@type":"BreadcrumbList","@id":"https:\/\/www.em.com.br\/emfoco\/2024\/12\/19\/o-equilibrio-entre-natureza-e-urbanizacao-em-um-destino-mineiro\/#breadcrumb","itemListElement":[{"@type":"ListItem","position":1,"name":"In\u00edcio","item":"https:\/\/www.em.com.br\/emfoco\/"},{"@type":"ListItem","position":2,"name":"O equil\u00edbrio entre natureza e urbaniza\u00e7\u00e3o em um destino mineiro!"}]},{"@type":"WebSite","@id":"https:\/\/www.em.com.br\/emfoco\/#website","url":"https:\/\/www.em.com.br\/emfoco\/","name":"Estado de Minas - Em foco","description":"Acompanhe as \u00faltimas not\u00edcias e fique bem informado sobre tudo o que acontece em Minas Gerais, Brasil e no mundo.","potentialAction":[{"@type":"SearchAction","target":{"@type":"EntryPoint","urlTemplate":"https:\/\/www.em.com.br\/emfoco\/?s={search_term_string}"},"query-input":{"@type":"PropertyValueSpecification","valueRequired":true,"valueName":"search_term_string"}}],"inLanguage":"pt-BR"},{"@type":"Person","@id":"https:\/\/www.em.com.br\/emfoco\/#\/schema\/person\/524437ef54f8a5d32591b143307f2e20","name":"N\u00fabia Rangel","image":{"@type":"ImageObject","inLanguage":"pt-BR","@id":"https:\/\/www.em.com.br\/emfoco\/#\/schema\/person\/image\/","url":"https:\/\/secure.gravatar.com\/avatar\/47cff2827a5ba23c37e8068c86817ea4?s=96&d=mm&r=g","contentUrl":"https:\/\/secure.gravatar.com\/avatar\/47cff2827a5ba23c37e8068c86817ea4?s=96&d=mm&r=g","caption":"N\u00fabia Rangel"},"sameAs":["https:\/\/www.em.com.br\/emfoco\/"],"url":"https:\/\/www.em.com.br\/emfoco\/author\/nubiamyth\/"}]}},"_links":{"self":[{"href":"https:\/\/www.em.com.br\/emfoco\/wp-json\/wp\/v2\/posts\/4697","targetHints":{"allow":["GET"]}}],"collection":[{"href":"https:\/\/www.em.com.br\/emfoco\/wp-json\/wp\/v2\/posts"}],"about":[{"href":"https:\/\/www.em.com.br\/emfoco\/wp-json\/wp\/v2\/types\/post"}],"author":[{"embeddable":true,"href":"https:\/\/www.em.com.br\/emfoco\/wp-json\/wp\/v2\/users\/5"}],"replies":[{"embeddable":true,"href":"https:\/\/www.em.com.br\/emfoco\/wp-json\/wp\/v2\/comments?post=4697"}],"version-history":[{"count":2,"href":"https:\/\/www.em.com.br\/emfoco\/wp-json\/wp\/v2\/posts\/4697\/revisions"}],"predecessor-version":[{"id":4701,"href":"https:\/\/www.em.com.br\/emfoco\/wp-json\/wp\/v2\/posts\/4697\/revisions\/4701"}],"wp:featuredmedia":[{"embeddable":true,"href":"https:\/\/www.em.com.br\/emfoco\/wp-json\/wp\/v2\/media\/1561"}],"wp:attachment":[{"href":"https:\/\/www.em.com.br\/emfoco\/wp-json\/wp\/v2\/media?parent=4697"}],"wp:term":[{"taxonomy":"category","embeddable":true,"href":"https:\/\/www.em.com.br\/emfoco\/wp-json\/wp\/v2\/categories?post=4697"},{"taxonomy":"post_tag","embeddable":true,"href":"https:\/\/www.em.com.br\/emfoco\/wp-json\/wp\/v2\/tags?post=4697"}],"curies":[{"name":"wp","href":"https:\/\/api.w.org\/{rel}","templated":true}]}}