{"id":4695,"date":"2024-12-13T20:00:00","date_gmt":"2024-12-13T23:00:00","guid":{"rendered":"https:\/\/www.em.com.br\/emfoco\/?p=4695"},"modified":"2024-12-13T05:56:06","modified_gmt":"2024-12-13T08:56:06","slug":"qual-o-clima-ideal-para-um-carro-eletrico","status":"publish","type":"post","link":"https:\/\/www.em.com.br\/emfoco\/2024\/12\/13\/qual-o-clima-ideal-para-um-carro-eletrico\/","title":{"rendered":"Qual o clima ideal para um carro el\u00e9trico?"},"content":{"rendered":"\n<p><a href=\"https:\/\/www.em.com.br\/emfoco\/2024\/12\/12\/voce-pagaria-a-aposentadoria-de-um-ex-presidente-descubra-quanto-custa\/\" target=\"_blank\" rel=\"noreferrer noopener\">Ve\u00edculos <\/a>el\u00e9tricos est\u00e3o ganhando popularidade devido \u00e0 sua efici\u00eancia energ\u00e9tica e contribui\u00e7\u00e3o para a redu\u00e7\u00e3o das emiss\u00f5es de carbono. No entanto, diversos fatores ambientais podem afetar a performance desses ve\u00edculos. A <strong>palavra-chave principal<\/strong> neste contexto \u00e9 o impacto das condi\u00e7\u00f5es clim\u00e1ticas na autonomia e efici\u00eancia dos ve\u00edculos el\u00e9tricos.<\/p>\n\n\n\n<p>A chuva, por exemplo, \u00e9 um dos elementos clim\u00e1ticos que pode influenciar significativamente a opera\u00e7\u00e3o desses autom\u00f3veis. Al\u00e9m disso, extremas temperaturas, tanto frias quanto quentes, tamb\u00e9m desempenham um papel crucial na capacidade de condu\u00e7\u00e3o dessas tecnologias. Este artigo explora como esses fatores afetam os ve\u00edculos el\u00e9tricos e oferece estrat\u00e9gias para minimizar esses impactos.<\/p>\n\n\n\n<h2 class=\"wp-block-heading\">Como a Chuva Afeta a Autonomia dos Ve\u00edculos El\u00e9tricos?<\/h2>\n\n\n\n<p>Quando a pista est\u00e1 \u00famida, os pneus enfrentam uma <em>resist\u00eancia aumentada ao rolamento<\/em>, o que faz com que o motor el\u00e9trico trabalhe mais para manter a velocidade desejada. De acordo com a <a href=\"https:\/\/pt.wikipedia.org\/wiki\/Ag%C3%AAncia_de_Prote%C3%A7%C3%A3o_Ambiental_dos_Estados_Unidos\" target=\"_blank\" rel=\"noreferrer noopener\">Ag\u00eancia de Prote\u00e7\u00e3o Ambiental dos Estados Unidos (EPA)<\/a>, chuvas intensas podem reduzir a autonomia dos ve\u00edculos el\u00e9tricos em at\u00e9 30%. Este aumento na resist\u00eancia exige mais energia dos motores, drenando a bateria mais rapidamente.<\/p>\n\n\n\n<p>Al\u00e9m disso, a necessidade de utilizar dispositivos como far\u00f3is e limpadores de para-brisa durante a chuva adiciona carga extra \u00e0 bateria. Os sistemas auxiliares, embora essenciais para a seguran\u00e7a, impactam diretamente a dist\u00e2ncia que um ve\u00edculo el\u00e9trico pode percorrer com uma \u00fanica carga. Outro fator \u00e9 a diminui\u00e7\u00e3o da efic\u00e1cia da <strong>frenagem regenerativa<\/strong> em superf\u00edcies molhadas, reduzindo assim a capacidade de recarga durante a condu\u00e7\u00e3o.<\/p>\n\n\n\n<h2 class=\"wp-block-heading\">A Temperatura como Fator Cr\u00edtico<\/h2>\n\n\n\n<p>N\u00e3o \u00e9 apenas a chuva que afeta os ve\u00edculos el\u00e9tricos. As temperaturas extremas, tanto frias como quentes, t\u00eam um impacto significativo na autonomia. Em condi\u00e7\u00f5es frias, a energia necess\u00e1ria para aquecer a cabine pode reduzir drasticamente a autonomia. Por exemplo, em temperaturas de -15 \u00baC, a capacidade de um ve\u00edculo el\u00e9trico de 400 km pode cair para cerca de 217 km.<\/p>\n\n\n<div class=\"wp-block-image\">\n<figure class=\"aligncenter size-large\"><img loading=\"lazy\" decoding=\"async\" width=\"1024\" height=\"576\" src=\"https:\/\/www.em.com.br\/emfoco\/wp-content\/uploads\/2024\/12\/Carro-eletrico_1733203543859-1024x576.jpg\" alt=\"\" class=\"wp-image-2880\" srcset=\"https:\/\/www.em.com.br\/emfoco\/wp-content\/uploads\/2024\/12\/Carro-eletrico_1733203543859-1024x576.jpg 1024w, https:\/\/www.em.com.br\/emfoco\/wp-content\/uploads\/2024\/12\/Carro-eletrico_1733203543859-300x169.jpg 300w, https:\/\/www.em.com.br\/emfoco\/wp-content\/uploads\/2024\/12\/Carro-eletrico_1733203543859-768x432.jpg 768w, https:\/\/www.em.com.br\/emfoco\/wp-content\/uploads\/2024\/12\/Carro-eletrico_1733203543859-750x422.jpg 750w, https:\/\/www.em.com.br\/emfoco\/wp-content\/uploads\/2024\/12\/Carro-eletrico_1733203543859-1140x641.jpg 1140w, https:\/\/www.em.com.br\/emfoco\/wp-content\/uploads\/2024\/12\/Carro-eletrico_1733203543859.jpg 1280w\" sizes=\"auto, (max-width: 1024px) 100vw, 1024px\" \/><figcaption class=\"wp-element-caption\">Carro eletrico &#8211; Cr\u00e9ditos: depositphotos.com \/ kasto<\/figcaption><\/figure><\/div>\n\n\n<p>Por outro lado, em climas quentes, o sistema de ar-condicionado e o gerenciamento t\u00e9rmico do ve\u00edculo consomem energia para manter a cabine fresca, diminuindo a autonomia em at\u00e9 20%. J\u00e1 em temperaturas moderadas, os ve\u00edculos el\u00e9tricos geralmente alcan\u00e7am ou at\u00e9 superam as expectativas de autonomia conforme anunciadas pelos fabricantes.<\/p>\n\n\n\n<h2 class=\"wp-block-heading\">Que Estrat\u00e9gias Podem Minimizar os Efeitos Clim\u00e1ticos?<\/h2>\n\n\n\n<p>Existem estrat\u00e9gias eficazes para reduzir o impacto dos elementos clim\u00e1ticos na autonomia dos ve\u00edculos el\u00e9tricos. Manter os pneus devidamente calibrados \u00e9 essencial, pois isto ajuda a minimizar a resist\u00eancia ao rolamento em estradas molhadas. Conduzir de forma econ\u00f4mica, evitando acelera\u00e7\u00f5es e frenagens bruscas, tamb\u00e9m \u00e9 uma pr\u00e1tica recomendada para otimizar o uso da energia.<\/p>\n\n\n\n<p>Al\u00e9m disso, o planejamento de recargas se torna crucial em condi\u00e7\u00f5es clim\u00e1ticas adversas. Identificar previamente os pontos de carregamento no percurso pode garantir viagens mais tranquilas e eficientes. Assim, os condutores podem aproveitar ao m\u00e1ximo a autonomia do seu ve\u00edculo, independentemente das condi\u00e7\u00f5es clim\u00e1ticas enfrentadas.<\/p>\n\n\n\n<h2 class=\"wp-block-heading\">Considera\u00e7\u00f5es Finais sobre o Impacto do Clima nos Ve\u00edculos El\u00e9tricos<\/h2>\n\n\n\n<p>Analisando os fatores clim\u00e1ticos, \u00e9 evidente que entender o <strong>impacto ambiental<\/strong> na performance dos ve\u00edculos el\u00e9tricos \u00e9 essencial para maximizar sua efici\u00eancia. Apesar das desvantagens que o clima pode apresentar, estrat\u00e9gias adequadas e manuten\u00e7\u00e3o preventiva podem ajudar os motoristas a mitigar esses efeitos, assegurando viagens seguras e sustent\u00e1veis.<\/p>\n\n\n\n<p>No futuro, \u00e0 medida que a tecnologia dos ve\u00edculos el\u00e9tricos continua a evoluir, espera-se que muitas dessas limita\u00e7\u00f5es clim\u00e1ticas sejam reduzidas. Ainda assim, a conscientiza\u00e7\u00e3o dos motoristas sobre o impacto do clima e as melhores pr\u00e1ticas de condu\u00e7\u00e3o permanecer\u00e1 fundamental para a otimiza\u00e7\u00e3o de sua experi\u00eancia com ve\u00edculos el\u00e9tricos.<\/p>\n","protected":false},"excerpt":{"rendered":"<p>Ve\u00edculos el\u00e9tricos est\u00e3o ganhando popularidade devido \u00e0 sua efici\u00eancia energ\u00e9tica e contribui\u00e7\u00e3o para a redu\u00e7\u00e3o das emiss\u00f5es de carbono. No entanto, diversos fatores ambientais podem afetar a performance desses ve\u00edculos. A palavra-chave principal neste contexto \u00e9 o impacto das condi\u00e7\u00f5es clim\u00e1ticas na autonomia e efici\u00eancia dos ve\u00edculos el\u00e9tricos. A chuva, por exemplo, \u00e9 um dos [&hellip;]<\/p>\n","protected":false},"author":7,"featured_media":2881,"comment_status":"open","ping_status":"open","sticky":false,"template":"","format":"standard","meta":{"jnews-multi-image_gallery":[],"jnews_single_post":{"format":"standard"},"jnews_primary_category":[],"jnews_social_meta":[],"jnews_override_counter":[],"footnotes":""},"categories":[27],"tags":[828,152,1957,1160],"class_list":["post-4695","post","type-post","status-publish","format-standard","has-post-thumbnail","hentry","category-carros","tag-autonomia","tag-clima","tag-eficiencia-energetica","tag-veiculos-eletricos"],"yoast_head":"<!-- This site is optimized with the Yoast SEO plugin v23.8 - https:\/\/yoast.com\/wordpress\/plugins\/seo\/ -->\n<title>Qual o clima ideal para um carro el\u00e9trico? - Estado de Minas - Em foco<\/title>\n<meta name=\"description\" content=\"O impacto das condi\u00e7\u00f5es clim\u00e1ticas na autonomia e efici\u00eancia dos ve\u00edculos el\u00e9tricos \u00e9 discutido neste artigo.\" \/>\n<meta name=\"robots\" content=\"index, follow, max-snippet:-1, max-image-preview:large, max-video-preview:-1\" \/>\n<link rel=\"canonical\" href=\"https:\/\/www.em.com.br\/emfoco\/2024\/12\/13\/qual-o-clima-ideal-para-um-carro-eletrico\/\" \/>\n<meta property=\"og:locale\" content=\"pt_BR\" \/>\n<meta property=\"og:type\" content=\"article\" \/>\n<meta property=\"og:title\" content=\"Qual o clima ideal para um carro el\u00e9trico? - Estado de Minas - Em foco\" \/>\n<meta property=\"og:description\" content=\"O impacto das condi\u00e7\u00f5es clim\u00e1ticas na autonomia e efici\u00eancia dos ve\u00edculos el\u00e9tricos \u00e9 discutido neste artigo.\" \/>\n<meta property=\"og:url\" content=\"https:\/\/www.em.com.br\/emfoco\/2024\/12\/13\/qual-o-clima-ideal-para-um-carro-eletrico\/\" \/>\n<meta property=\"og:site_name\" content=\"Estado de Minas - Em foco\" \/>\n<meta property=\"article:published_time\" content=\"2024-12-13T23:00:00+00:00\" \/>\n<meta property=\"article:modified_time\" content=\"2024-12-13T08:56:06+00:00\" \/>\n<meta property=\"og:image\" content=\"https:\/\/www.em.com.br\/emfoco\/wp-content\/uploads\/2024\/12\/Carro-eletrico_1733203705518.jpg\" \/>\n\t<meta property=\"og:image:width\" content=\"1280\" \/>\n\t<meta property=\"og:image:height\" content=\"720\" \/>\n\t<meta property=\"og:image:type\" content=\"image\/jpeg\" \/>\n<meta name=\"author\" content=\"Kelvin\" \/>\n<meta name=\"twitter:card\" content=\"summary_large_image\" \/>\n<meta name=\"twitter:label1\" content=\"Escrito por\" \/>\n\t<meta name=\"twitter:data1\" content=\"Kelvin\" \/>\n\t<meta name=\"twitter:label2\" content=\"Est. tempo de leitura\" \/>\n\t<meta name=\"twitter:data2\" content=\"4 minutos\" \/>\n<!-- \/ Yoast SEO plugin. -->","yoast_head_json":{"title":"Qual o clima ideal para um carro el\u00e9trico? - Estado de Minas - Em foco","description":"O impacto das condi\u00e7\u00f5es clim\u00e1ticas na autonomia e efici\u00eancia dos ve\u00edculos el\u00e9tricos \u00e9 discutido neste artigo.","robots":{"index":"index","follow":"follow","max-snippet":"max-snippet:-1","max-image-preview":"max-image-preview:large","max-video-preview":"max-video-preview:-1"},"canonical":"https:\/\/www.em.com.br\/emfoco\/2024\/12\/13\/qual-o-clima-ideal-para-um-carro-eletrico\/","og_locale":"pt_BR","og_type":"article","og_title":"Qual o clima ideal para um carro el\u00e9trico? - Estado de Minas - Em foco","og_description":"O impacto das condi\u00e7\u00f5es clim\u00e1ticas na autonomia e efici\u00eancia dos ve\u00edculos el\u00e9tricos \u00e9 discutido neste artigo.","og_url":"https:\/\/www.em.com.br\/emfoco\/2024\/12\/13\/qual-o-clima-ideal-para-um-carro-eletrico\/","og_site_name":"Estado de Minas - Em foco","article_published_time":"2024-12-13T23:00:00+00:00","article_modified_time":"2024-12-13T08:56:06+00:00","og_image":[{"width":1280,"height":720,"url":"https:\/\/www.em.com.br\/emfoco\/wp-content\/uploads\/2024\/12\/Carro-eletrico_1733203705518.jpg","type":"image\/jpeg"}],"author":"Kelvin","twitter_card":"summary_large_image","twitter_misc":{"Escrito por":"Kelvin","Est. tempo de leitura":"4 minutos"},"schema":{"@context":"https:\/\/schema.org","@graph":[{"@type":"WebPage","@id":"https:\/\/www.em.com.br\/emfoco\/2024\/12\/13\/qual-o-clima-ideal-para-um-carro-eletrico\/","url":"https:\/\/www.em.com.br\/emfoco\/2024\/12\/13\/qual-o-clima-ideal-para-um-carro-eletrico\/","name":"Qual o clima ideal para um carro el\u00e9trico? - Estado de Minas - Em foco","isPartOf":{"@id":"https:\/\/www.em.com.br\/emfoco\/#website"},"primaryImageOfPage":{"@id":"https:\/\/www.em.com.br\/emfoco\/2024\/12\/13\/qual-o-clima-ideal-para-um-carro-eletrico\/#primaryimage"},"image":{"@id":"https:\/\/www.em.com.br\/emfoco\/2024\/12\/13\/qual-o-clima-ideal-para-um-carro-eletrico\/#primaryimage"},"thumbnailUrl":"https:\/\/www.em.com.br\/emfoco\/wp-content\/uploads\/2024\/12\/Carro-eletrico_1733203705518.jpg","datePublished":"2024-12-13T23:00:00+00:00","dateModified":"2024-12-13T08:56:06+00:00","author":{"@id":"https:\/\/www.em.com.br\/emfoco\/#\/schema\/person\/fb0a7f48c6fbb94b83f413a80f61917d"},"description":"O impacto das condi\u00e7\u00f5es clim\u00e1ticas na autonomia e efici\u00eancia dos ve\u00edculos el\u00e9tricos \u00e9 discutido neste artigo.","breadcrumb":{"@id":"https:\/\/www.em.com.br\/emfoco\/2024\/12\/13\/qual-o-clima-ideal-para-um-carro-eletrico\/#breadcrumb"},"inLanguage":"pt-BR","potentialAction":[{"@type":"ReadAction","target":["https:\/\/www.em.com.br\/emfoco\/2024\/12\/13\/qual-o-clima-ideal-para-um-carro-eletrico\/"]}]},{"@type":"ImageObject","inLanguage":"pt-BR","@id":"https:\/\/www.em.com.br\/emfoco\/2024\/12\/13\/qual-o-clima-ideal-para-um-carro-eletrico\/#primaryimage","url":"https:\/\/www.em.com.br\/emfoco\/wp-content\/uploads\/2024\/12\/Carro-eletrico_1733203705518.jpg","contentUrl":"https:\/\/www.em.com.br\/emfoco\/wp-content\/uploads\/2024\/12\/Carro-eletrico_1733203705518.jpg","width":1280,"height":720,"caption":"Carro eletrico - Cr\u00e9ditos: depositphotos.com \/ kasto"},{"@type":"BreadcrumbList","@id":"https:\/\/www.em.com.br\/emfoco\/2024\/12\/13\/qual-o-clima-ideal-para-um-carro-eletrico\/#breadcrumb","itemListElement":[{"@type":"ListItem","position":1,"name":"In\u00edcio","item":"https:\/\/www.em.com.br\/emfoco\/"},{"@type":"ListItem","position":2,"name":"Qual o clima ideal para um carro el\u00e9trico?"}]},{"@type":"WebSite","@id":"https:\/\/www.em.com.br\/emfoco\/#website","url":"https:\/\/www.em.com.br\/emfoco\/","name":"Estado de Minas - Em foco","description":"Acompanhe as \u00faltimas not\u00edcias e fique bem informado sobre tudo o que acontece em Minas Gerais, Brasil e no mundo.","potentialAction":[{"@type":"SearchAction","target":{"@type":"EntryPoint","urlTemplate":"https:\/\/www.em.com.br\/emfoco\/?s={search_term_string}"},"query-input":{"@type":"PropertyValueSpecification","valueRequired":true,"valueName":"search_term_string"}}],"inLanguage":"pt-BR"},{"@type":"Person","@id":"https:\/\/www.em.com.br\/emfoco\/#\/schema\/person\/fb0a7f48c6fbb94b83f413a80f61917d","name":"Kelvin","image":{"@type":"ImageObject","inLanguage":"pt-BR","@id":"https:\/\/www.em.com.br\/emfoco\/#\/schema\/person\/image\/","url":"https:\/\/secure.gravatar.com\/avatar\/e74f84337e6bf6c4c5e88fbdffa05270?s=96&d=mm&r=g","contentUrl":"https:\/\/secure.gravatar.com\/avatar\/e74f84337e6bf6c4c5e88fbdffa05270?s=96&d=mm&r=g","caption":"Kelvin"},"sameAs":["https:\/\/www.em.com.br\/emfoco"],"url":"https:\/\/www.em.com.br\/emfoco\/author\/kelvinmyth\/"}]}},"_links":{"self":[{"href":"https:\/\/www.em.com.br\/emfoco\/wp-json\/wp\/v2\/posts\/4695","targetHints":{"allow":["GET"]}}],"collection":[{"href":"https:\/\/www.em.com.br\/emfoco\/wp-json\/wp\/v2\/posts"}],"about":[{"href":"https:\/\/www.em.com.br\/emfoco\/wp-json\/wp\/v2\/types\/post"}],"author":[{"embeddable":true,"href":"https:\/\/www.em.com.br\/emfoco\/wp-json\/wp\/v2\/users\/7"}],"replies":[{"embeddable":true,"href":"https:\/\/www.em.com.br\/emfoco\/wp-json\/wp\/v2\/comments?post=4695"}],"version-history":[{"count":2,"href":"https:\/\/www.em.com.br\/emfoco\/wp-json\/wp\/v2\/posts\/4695\/revisions"}],"predecessor-version":[{"id":4704,"href":"https:\/\/www.em.com.br\/emfoco\/wp-json\/wp\/v2\/posts\/4695\/revisions\/4704"}],"wp:featuredmedia":[{"embeddable":true,"href":"https:\/\/www.em.com.br\/emfoco\/wp-json\/wp\/v2\/media\/2881"}],"wp:attachment":[{"href":"https:\/\/www.em.com.br\/emfoco\/wp-json\/wp\/v2\/media?parent=4695"}],"wp:term":[{"taxonomy":"category","embeddable":true,"href":"https:\/\/www.em.com.br\/emfoco\/wp-json\/wp\/v2\/categories?post=4695"},{"taxonomy":"post_tag","embeddable":true,"href":"https:\/\/www.em.com.br\/emfoco\/wp-json\/wp\/v2\/tags?post=4695"}],"curies":[{"name":"wp","href":"https:\/\/api.w.org\/{rel}","templated":true}]}}