{"id":46771,"date":"2025-05-17T12:20:00","date_gmt":"2025-05-17T15:20:00","guid":{"rendered":"https:\/\/www.em.com.br\/emfoco\/?p=46771"},"modified":"2025-05-16T20:42:05","modified_gmt":"2025-05-16T23:42:05","slug":"como-usar-a-camisa-branca-em-visuais-ousados-criativos-e-cheios-de-estilo","status":"publish","type":"post","link":"https:\/\/www.em.com.br\/emfoco\/2025\/05\/17\/como-usar-a-camisa-branca-em-visuais-ousados-criativos-e-cheios-de-estilo\/","title":{"rendered":"Como usar a camisa branca em visuais ousados, criativos e cheios de estilo"},"content":{"rendered":"\n<p>A camisa branca \u00e9 uma pe\u00e7a cl\u00e1ssica e vers\u00e1til que frequentemente aparece em composi\u00e7\u00f5es de trabalho. No entanto, seu potencial vai muito al\u00e9m do ambiente corporativo. Com criatividade, \u00e9 poss\u00edvel transform\u00e1-la em um elemento central de looks fashionistas que surpreendem pela originalidade e estilo.<\/p>\n\n\n\n<p>Este artigo explora diversas maneiras de incorporar a camisa branca em produ\u00e7\u00f5es que fogem do esperado, destacando sua capacidade de se adaptar a diferentes contextos e tend\u00eancias da moda atual.<\/p>\n\n\n\n<h2 class=\"wp-block-heading\">Como a camisa branca pode ser usada em looks fashionistas?<\/h2>\n\n\n\n<p>Uma das formas mais interessantes de usar a camisa branca \u00e9 combin\u00e1-la com <strong><a href=\"https:\/\/www.em.com.br\/emfoco\/2025\/04\/29\/as-saias-longas-ganharam-novas-versoes-irresistiveis-em-2025\/\" target=\"_blank\" rel=\"noreferrer noopener\">saias<\/a> de renda<\/strong> ou <strong>tule<\/strong>. Essas pe\u00e7as, que est\u00e3o em alta, ganham um toque sofisticado quando complementadas por camisas longas. Al\u00e9m de cobrir e proteger, a camisa pode ser adornada com acess\u00f3rios como alfinetes maximalistas, que adicionam um ar <strong>rocker <\/strong>ao visual.<\/p>\n\n\n\n<p>Outra abordagem \u00e9 o estilo <strong>hi-lo<\/strong>, que mistura elementos casuais e formais. A camisa branca, quando combinada com cal\u00e7as esportivas e t\u00eanis, cria um look despojado e moderno. Para quem deseja ousar ainda mais, sapatilhas podem ser uma escolha interessante.<\/p>\n\n\n\n<figure class=\"wp-block-image size-large\"><img loading=\"lazy\" decoding=\"async\" width=\"1024\" height=\"576\" src=\"https:\/\/www.em.com.br\/emfoco\/wp-content\/uploads\/2025\/05\/white-shirt_1747141979578-1024x576.jpg\" alt=\"Como usar a camisa branca em visuais ousados, criativos e cheios de estilo\" class=\"wp-image-46797\" srcset=\"https:\/\/www.em.com.br\/emfoco\/wp-content\/uploads\/2025\/05\/white-shirt_1747141979578-1024x576.jpg 1024w, https:\/\/www.em.com.br\/emfoco\/wp-content\/uploads\/2025\/05\/white-shirt_1747141979578-300x169.jpg 300w, https:\/\/www.em.com.br\/emfoco\/wp-content\/uploads\/2025\/05\/white-shirt_1747141979578-768x432.jpg 768w, https:\/\/www.em.com.br\/emfoco\/wp-content\/uploads\/2025\/05\/white-shirt_1747141979578-750x422.jpg 750w, https:\/\/www.em.com.br\/emfoco\/wp-content\/uploads\/2025\/05\/white-shirt_1747141979578-1140x641.jpg 1140w, https:\/\/www.em.com.br\/emfoco\/wp-content\/uploads\/2025\/05\/white-shirt_1747141979578.jpg 1280w\" sizes=\"auto, (max-width: 1024px) 100vw, 1024px\" \/><figcaption class=\"wp-element-caption\">Camisa branca &#8211; Cr\u00e9ditos: depositphotos.com \/ epictextures<\/figcaption><\/figure>\n\n\n\n<h2 class=\"wp-block-heading\">Quais s\u00e3o as combina\u00e7\u00f5es confort\u00e1veis com camisa branca?<\/h2>\n\n\n\n<p>Para aqueles que buscam conforto sem abrir m\u00e3o do estilo, a camisa branca pode ser integrada a produ\u00e7\u00f5es com cal\u00e7as <strong>comfy<\/strong>, <strong>estilo pijama<\/strong>, e <strong>t\u00eanis<\/strong>. Adicionar um blazer \u00e0 combina\u00e7\u00e3o eleva o visual, conferindo um toque de sofistica\u00e7\u00e3o sem comprometer o conforto.<\/p>\n\n\n\n<p>As camadas tamb\u00e9m s\u00e3o uma estrat\u00e9gia popular entre as fashionistas. Usar a camisa branca como base para sobreposi\u00e7\u00f5es, como <strong>corsets <\/strong>e <strong>gravatas<\/strong>, permite criar looks complexos e interessantes. Essa t\u00e9cnica \u00e9 ideal para quem deseja experimentar e brincar com diferentes texturas e estilos.<\/p>\n\n\n\n<h2 class=\"wp-block-heading\">Como incorporar a camisa branca em looks de ver\u00e3o?<\/h2>\n\n\n\n<p>No ver\u00e3o, a camisa branca de mangas curtas oferece frescor e leveza ao visual. Combinada com minissaias, especialmente os modelos <strong>balon\u00ea<\/strong>, a pe\u00e7a ganha um volume interessante e fashion. Finalizar o look com uma gravata e mocassim de plataforma adiciona peso e personalidade ao resultado final.<\/p>\n\n\n\n<p>Para um toque rom\u00e2ntico, a gravata pode ser substitu\u00edda por um la\u00e7o. Essa simples troca transforma o look, injetando um <strong><a href=\"https:\/\/www.correiobraziliense.com.br\/vitrine\/2023\/04\/5085321-estilo-girlie-visual-delicado-volta-com-forca-total.html\" target=\"_blank\" rel=\"noreferrer noopener\">mood girlie<\/a><\/strong> e delicado. A combina\u00e7\u00e3o com saias e meia-cal\u00e7a da mesma cor, complementada por um blazer em tom semelhante, cria um visual harmonioso e elegante.<\/p>\n\n\n\n<p>A camisa branca \u00e9 uma pe\u00e7a essencial no guarda-roupa de qualquer pessoa que deseja explorar diferentes estilos e tend\u00eancias. Sua versatilidade permite que ela seja usada em uma infinidade de combina\u00e7\u00f5es, desde as mais casuais at\u00e9 as mais sofisticadas. Com criatividade e ousadia, \u00e9 poss\u00edvel transformar essa pe\u00e7a cl\u00e1ssica em um elemento central de looks que impressionam e inspiram.<\/p>\n","protected":false},"excerpt":{"rendered":"<p>A camisa branca \u00e9 uma pe\u00e7a cl\u00e1ssica e vers\u00e1til que frequentemente aparece em composi\u00e7\u00f5es de trabalho. No entanto, seu potencial vai muito al\u00e9m do ambiente corporativo. Com criatividade, \u00e9 poss\u00edvel transform\u00e1-la em um elemento central de looks fashionistas que surpreendem pela originalidade e estilo. Este artigo explora diversas maneiras de incorporar a camisa branca em [&hellip;]<\/p>\n","protected":false},"author":13,"featured_media":46796,"comment_status":"open","ping_status":"open","sticky":false,"template":"","format":"standard","meta":{"jnews-multi-image_gallery":[],"jnews_single_post":{"format":"standard"},"jnews_primary_category":[],"jnews_social_meta":[],"jnews_override_counter":[],"footnotes":""},"categories":[29],"tags":[8582,5318,7063,4977],"class_list":["post-46771","post","type-post","status-publish","format-standard","has-post-thumbnail","hentry","category-entretenimento","tag-camisa-branca","tag-estilo","tag-looks","tag-moda"],"yoast_head":"<!-- This site is optimized with the Yoast SEO plugin v23.8 - https:\/\/yoast.com\/wordpress\/plugins\/seo\/ -->\n<title>Como usar a camisa branca em visuais ousados, criativos e cheios de estilo - Estado de Minas - Em foco<\/title>\n<meta name=\"description\" content=\"Camisa branca vai al\u00e9m do trabalho em looks fashionistas com tule, alfaiataria, sobreposi\u00e7\u00f5es ousadas e combina\u00e7\u00f5es criativas.\" \/>\n<meta name=\"robots\" content=\"index, follow, max-snippet:-1, max-image-preview:large, max-video-preview:-1\" \/>\n<link rel=\"canonical\" href=\"https:\/\/www.em.com.br\/emfoco\/2025\/05\/17\/como-usar-a-camisa-branca-em-visuais-ousados-criativos-e-cheios-de-estilo\/\" \/>\n<meta property=\"og:locale\" content=\"pt_BR\" \/>\n<meta property=\"og:type\" content=\"article\" \/>\n<meta property=\"og:title\" content=\"Como usar a camisa branca em visuais ousados, criativos e cheios de estilo - Estado de Minas - Em foco\" \/>\n<meta property=\"og:description\" content=\"Camisa branca vai al\u00e9m do trabalho em looks fashionistas com tule, alfaiataria, sobreposi\u00e7\u00f5es ousadas e combina\u00e7\u00f5es criativas.\" \/>\n<meta property=\"og:url\" content=\"https:\/\/www.em.com.br\/emfoco\/2025\/05\/17\/como-usar-a-camisa-branca-em-visuais-ousados-criativos-e-cheios-de-estilo\/\" \/>\n<meta property=\"og:site_name\" content=\"Estado de Minas - Em foco\" \/>\n<meta property=\"article:published_time\" content=\"2025-05-17T15:20:00+00:00\" \/>\n<meta property=\"article:modified_time\" content=\"2025-05-16T23:42:05+00:00\" \/>\n<meta property=\"og:image\" content=\"https:\/\/www.em.com.br\/emfoco\/wp-content\/uploads\/2025\/05\/white-shirt_1747141954425.jpg\" \/>\n\t<meta property=\"og:image:width\" content=\"1279\" \/>\n\t<meta property=\"og:image:height\" content=\"720\" \/>\n\t<meta property=\"og:image:type\" content=\"image\/jpeg\" \/>\n<meta name=\"author\" content=\"Gabriel Martins\" \/>\n<meta name=\"twitter:card\" content=\"summary_large_image\" \/>\n<meta name=\"twitter:label1\" content=\"Escrito por\" \/>\n\t<meta name=\"twitter:data1\" content=\"Gabriel Martins\" \/>\n\t<meta name=\"twitter:label2\" content=\"Est. tempo de leitura\" \/>\n\t<meta name=\"twitter:data2\" content=\"3 minutos\" \/>\n<!-- \/ Yoast SEO plugin. -->","yoast_head_json":{"title":"Como usar a camisa branca em visuais ousados, criativos e cheios de estilo - Estado de Minas - Em foco","description":"Camisa branca vai al\u00e9m do trabalho em looks fashionistas com tule, alfaiataria, sobreposi\u00e7\u00f5es ousadas e combina\u00e7\u00f5es criativas.","robots":{"index":"index","follow":"follow","max-snippet":"max-snippet:-1","max-image-preview":"max-image-preview:large","max-video-preview":"max-video-preview:-1"},"canonical":"https:\/\/www.em.com.br\/emfoco\/2025\/05\/17\/como-usar-a-camisa-branca-em-visuais-ousados-criativos-e-cheios-de-estilo\/","og_locale":"pt_BR","og_type":"article","og_title":"Como usar a camisa branca em visuais ousados, criativos e cheios de estilo - Estado de Minas - Em foco","og_description":"Camisa branca vai al\u00e9m do trabalho em looks fashionistas com tule, alfaiataria, sobreposi\u00e7\u00f5es ousadas e combina\u00e7\u00f5es criativas.","og_url":"https:\/\/www.em.com.br\/emfoco\/2025\/05\/17\/como-usar-a-camisa-branca-em-visuais-ousados-criativos-e-cheios-de-estilo\/","og_site_name":"Estado de Minas - Em foco","article_published_time":"2025-05-17T15:20:00+00:00","article_modified_time":"2025-05-16T23:42:05+00:00","og_image":[{"width":1279,"height":720,"url":"https:\/\/www.em.com.br\/emfoco\/wp-content\/uploads\/2025\/05\/white-shirt_1747141954425.jpg","type":"image\/jpeg"}],"author":"Gabriel Martins","twitter_card":"summary_large_image","twitter_misc":{"Escrito por":"Gabriel Martins","Est. tempo de leitura":"3 minutos"},"schema":{"@context":"https:\/\/schema.org","@graph":[{"@type":"WebPage","@id":"https:\/\/www.em.com.br\/emfoco\/2025\/05\/17\/como-usar-a-camisa-branca-em-visuais-ousados-criativos-e-cheios-de-estilo\/","url":"https:\/\/www.em.com.br\/emfoco\/2025\/05\/17\/como-usar-a-camisa-branca-em-visuais-ousados-criativos-e-cheios-de-estilo\/","name":"Como usar a camisa branca em visuais ousados, criativos e cheios de estilo - Estado de Minas - Em foco","isPartOf":{"@id":"https:\/\/www.em.com.br\/emfoco\/#website"},"primaryImageOfPage":{"@id":"https:\/\/www.em.com.br\/emfoco\/2025\/05\/17\/como-usar-a-camisa-branca-em-visuais-ousados-criativos-e-cheios-de-estilo\/#primaryimage"},"image":{"@id":"https:\/\/www.em.com.br\/emfoco\/2025\/05\/17\/como-usar-a-camisa-branca-em-visuais-ousados-criativos-e-cheios-de-estilo\/#primaryimage"},"thumbnailUrl":"https:\/\/www.em.com.br\/emfoco\/wp-content\/uploads\/2025\/05\/white-shirt_1747141954425.jpg","datePublished":"2025-05-17T15:20:00+00:00","dateModified":"2025-05-16T23:42:05+00:00","author":{"@id":"https:\/\/www.em.com.br\/emfoco\/#\/schema\/person\/1c9ddeab18b98abeffef834667bcf08a"},"description":"Camisa branca vai al\u00e9m do trabalho em looks fashionistas com tule, alfaiataria, sobreposi\u00e7\u00f5es ousadas e combina\u00e7\u00f5es criativas.","breadcrumb":{"@id":"https:\/\/www.em.com.br\/emfoco\/2025\/05\/17\/como-usar-a-camisa-branca-em-visuais-ousados-criativos-e-cheios-de-estilo\/#breadcrumb"},"inLanguage":"pt-BR","potentialAction":[{"@type":"ReadAction","target":["https:\/\/www.em.com.br\/emfoco\/2025\/05\/17\/como-usar-a-camisa-branca-em-visuais-ousados-criativos-e-cheios-de-estilo\/"]}]},{"@type":"ImageObject","inLanguage":"pt-BR","@id":"https:\/\/www.em.com.br\/emfoco\/2025\/05\/17\/como-usar-a-camisa-branca-em-visuais-ousados-criativos-e-cheios-de-estilo\/#primaryimage","url":"https:\/\/www.em.com.br\/emfoco\/wp-content\/uploads\/2025\/05\/white-shirt_1747141954425.jpg","contentUrl":"https:\/\/www.em.com.br\/emfoco\/wp-content\/uploads\/2025\/05\/white-shirt_1747141954425.jpg","width":1279,"height":720,"caption":"Camisa branca - Cr\u00e9ditos: depositphotos.com \/ AntonMatyukha"},{"@type":"BreadcrumbList","@id":"https:\/\/www.em.com.br\/emfoco\/2025\/05\/17\/como-usar-a-camisa-branca-em-visuais-ousados-criativos-e-cheios-de-estilo\/#breadcrumb","itemListElement":[{"@type":"ListItem","position":1,"name":"In\u00edcio","item":"https:\/\/www.em.com.br\/emfoco\/"},{"@type":"ListItem","position":2,"name":"Como usar a camisa branca em visuais ousados, criativos e cheios de estilo"}]},{"@type":"WebSite","@id":"https:\/\/www.em.com.br\/emfoco\/#website","url":"https:\/\/www.em.com.br\/emfoco\/","name":"Estado de Minas - Em foco","description":"Acompanhe as \u00faltimas not\u00edcias e fique bem informado sobre tudo o que acontece em Minas Gerais, Brasil e no mundo.","potentialAction":[{"@type":"SearchAction","target":{"@type":"EntryPoint","urlTemplate":"https:\/\/www.em.com.br\/emfoco\/?s={search_term_string}"},"query-input":{"@type":"PropertyValueSpecification","valueRequired":true,"valueName":"search_term_string"}}],"inLanguage":"pt-BR"},{"@type":"Person","@id":"https:\/\/www.em.com.br\/emfoco\/#\/schema\/person\/1c9ddeab18b98abeffef834667bcf08a","name":"Gabriel Martins","image":{"@type":"ImageObject","inLanguage":"pt-BR","@id":"https:\/\/www.em.com.br\/emfoco\/#\/schema\/person\/image\/","url":"https:\/\/secure.gravatar.com\/avatar\/f0f1e2efdfd88f1ad2cb08c5c2731e50?s=96&d=mm&r=g","contentUrl":"https:\/\/secure.gravatar.com\/avatar\/f0f1e2efdfd88f1ad2cb08c5c2731e50?s=96&d=mm&r=g","caption":"Gabriel Martins"},"sameAs":["https:\/\/www.em.com.br\/emfoco\/"],"url":"https:\/\/www.em.com.br\/emfoco\/author\/gabrielmartinsmyth\/"}]}},"_links":{"self":[{"href":"https:\/\/www.em.com.br\/emfoco\/wp-json\/wp\/v2\/posts\/46771","targetHints":{"allow":["GET"]}}],"collection":[{"href":"https:\/\/www.em.com.br\/emfoco\/wp-json\/wp\/v2\/posts"}],"about":[{"href":"https:\/\/www.em.com.br\/emfoco\/wp-json\/wp\/v2\/types\/post"}],"author":[{"embeddable":true,"href":"https:\/\/www.em.com.br\/emfoco\/wp-json\/wp\/v2\/users\/13"}],"replies":[{"embeddable":true,"href":"https:\/\/www.em.com.br\/emfoco\/wp-json\/wp\/v2\/comments?post=46771"}],"version-history":[{"count":2,"href":"https:\/\/www.em.com.br\/emfoco\/wp-json\/wp\/v2\/posts\/46771\/revisions"}],"predecessor-version":[{"id":46798,"href":"https:\/\/www.em.com.br\/emfoco\/wp-json\/wp\/v2\/posts\/46771\/revisions\/46798"}],"wp:featuredmedia":[{"embeddable":true,"href":"https:\/\/www.em.com.br\/emfoco\/wp-json\/wp\/v2\/media\/46796"}],"wp:attachment":[{"href":"https:\/\/www.em.com.br\/emfoco\/wp-json\/wp\/v2\/media?parent=46771"}],"wp:term":[{"taxonomy":"category","embeddable":true,"href":"https:\/\/www.em.com.br\/emfoco\/wp-json\/wp\/v2\/categories?post=46771"},{"taxonomy":"post_tag","embeddable":true,"href":"https:\/\/www.em.com.br\/emfoco\/wp-json\/wp\/v2\/tags?post=46771"}],"curies":[{"name":"wp","href":"https:\/\/api.w.org\/{rel}","templated":true}]}}