{"id":4674,"date":"2024-12-13T18:40:00","date_gmt":"2024-12-13T21:40:00","guid":{"rendered":"https:\/\/www.em.com.br\/emfoco\/?p=4674"},"modified":"2024-12-12T20:24:39","modified_gmt":"2024-12-12T23:24:39","slug":"a-dc-nos-surpreende-mais-uma-vez-confira","status":"publish","type":"post","link":"https:\/\/www.em.com.br\/emfoco\/2024\/12\/13\/a-dc-nos-surpreende-mais-uma-vez-confira\/","title":{"rendered":"A DC Nos Surpreende Mais Uma Vez? Confira!"},"content":{"rendered":"\n<p>A DC Studios est\u00e1 se preparando para expandir seu universo cinematogr\u00e1fico com a introdu\u00e7\u00e3o de um <a href=\"https:\/\/www.em.com.br\/emfoco\/2024\/12\/04\/quais-filmes-de-natal-marcaram-sua-infancia-relembre-aqui\/\" target=\"_blank\" rel=\"noreferrer noopener\">filme <\/a>focado em um dos vil\u00f5es mais ic\u00f4nicos do Batman, o Cara de Barro. Este filme est\u00e1 em fase de desenvolvimento e os f\u00e3s est\u00e3o ansiosos para ver como este personagem complexo e transformador ser\u00e1 levado \u00e0s telonas. A expectativa \u00e9 que o filme traga uma nova perspectiva ao universo j\u00e1 consolidado, adicionando camadas de horror e suspense ao estilo da DC.<\/p>\n\n\n\n<p>A escolha de <a href=\"https:\/\/www.imdb.com\/name\/nm1093039\/\" target=\"_blank\" rel=\"noreferrer noopener\">Mike Flanagan<\/a> para roteirizar o projeto aumenta ainda mais o interesse em torno do filme. Flanagan \u00e9 conhecido por seus trabalhos de terror na Netflix, como &#8220;A Maldi\u00e7\u00e3o da Resid\u00eancia Hill&#8221; e &#8220;Missa da Meia-Noite&#8221;. Seu envolvimento promete trazer uma atmosfera sombria e intensa, caracter\u00edstica marcante de suas produ\u00e7\u00f5es anteriores. Embora Flanagan tenha desenvolvido o roteiro, a dire\u00e7\u00e3o ser\u00e1 de outro profissional, garantindo que a vis\u00e3o criativa da hist\u00f3ria se mantenha fiel ao que foi pensado.<\/p>\n\n\n\n<h2 class=\"wp-block-heading\">Quem \u00e9 o Cara de Barro?<\/h2>\n\n\n\n<p>O Cara de Barro, frequentemente identificado como <strong>Basil Karlo<\/strong>, \u00e9 um personagem que fascina muitos f\u00e3s do universo de Batman. Sua origem remonta a um experimento que, embora inicialmente destinado a melhorar sua vida, o transforma em uma criatura com poderes de transforma\u00e7\u00e3o devido ao barro que o comp\u00f5e. Esta transforma\u00e7\u00e3o traz consigo n\u00e3o s\u00f3 habilidades extraordin\u00e1rias, mas tamb\u00e9m uma profunda trag\u00e9dia pessoal, tornando-o um vil\u00e3o complexo e multifacetado.<\/p>\n\n\n\n<p>O personagem ganhou notoriedade nas s\u00e9ries animadas do Batman, conquistando uma gera\u00e7\u00e3o de f\u00e3s. Tais s\u00e9ries, incluindo &#8220;Harley Quinn&#8221; e &#8220;Batman: O Cruzado Encapuzado&#8221;, apresentaram o Cara de Barro como um advers\u00e1rio formid\u00e1vel, capaz de desafiar o her\u00f3i tanto fisicamente quanto psicologicamente.<\/p>\n\n\n<div class=\"wp-block-image\">\n<figure class=\"aligncenter size-large\"><img loading=\"lazy\" decoding=\"async\" width=\"1024\" height=\"799\" src=\"https:\/\/www.em.com.br\/emfoco\/wp-content\/uploads\/2024\/12\/Screenshot_16-1-1024x799.jpg\" alt=\"\" class=\"wp-image-4679\" srcset=\"https:\/\/www.em.com.br\/emfoco\/wp-content\/uploads\/2024\/12\/Screenshot_16-1-1024x799.jpg 1024w, https:\/\/www.em.com.br\/emfoco\/wp-content\/uploads\/2024\/12\/Screenshot_16-1-300x234.jpg 300w, https:\/\/www.em.com.br\/emfoco\/wp-content\/uploads\/2024\/12\/Screenshot_16-1-768x599.jpg 768w, https:\/\/www.em.com.br\/emfoco\/wp-content\/uploads\/2024\/12\/Screenshot_16-1-750x585.jpg 750w, https:\/\/www.em.com.br\/emfoco\/wp-content\/uploads\/2024\/12\/Screenshot_16-1-1140x889.jpg 1140w, https:\/\/www.em.com.br\/emfoco\/wp-content\/uploads\/2024\/12\/Screenshot_16-1.jpg 1200w\" sizes=\"auto, (max-width: 1024px) 100vw, 1024px\" \/><figcaption class=\"wp-element-caption\">Mike Flanagan &#8211; Wikimidia commons<\/figcaption><\/figure><\/div>\n\n\n<h2 class=\"wp-block-heading\">Como Ser\u00e1 a Adapta\u00e7\u00e3o do Cara de Barro?<\/h2>\n\n\n\n<p>A adapta\u00e7\u00e3o do Cara de Barro promete explorar os elementos sombrios e grotescos que associamos ao personagem. Sob a produ\u00e7\u00e3o da 6th &amp; Idaho Productions, a mesma produtora por tr\u00e1s do recente &#8220;Batman&#8221; de Matt Reeves, o filme pode estabelecer uma liga\u00e7\u00e3o mais direta com o universo do Homem-Morcego. Esta conex\u00e3o estrat\u00e9gica n\u00e3o s\u00f3 intensifica a narrativa, mas tamb\u00e9m cria um pano de fundo rico para futuras intera\u00e7\u00f5es e crossovers neste universo cinematogr\u00e1fico.<\/p>\n\n\n\n<p>As grava\u00e7\u00f5es previstas para come\u00e7ar no ano que vem ainda deixam muitas perguntas no ar, principalmente em rela\u00e7\u00e3o ao elenco e \u00e0 trama. No entanto, a expectativa \u00e9 alta para que o filme capture a ess\u00eancia do terror e da transforma\u00e7\u00e3o, elementos chave na trajet\u00f3ria do Cara de Barro.<\/p>\n\n\n\n<h2 class=\"wp-block-heading\">Qual \u00e9 a Import\u00e2ncia deste Filme para a DC Studios?<\/h2>\n\n\n\n<p>O desenvolvimento deste filme \u00e9 uma aposta estrat\u00e9gica da DC Studios para enriquecer seu leque de produ\u00e7\u00f5es e envolver novas audi\u00eancias. Ao incorporar um elemento de horror, o est\u00fadio busca n\u00e3o apenas atrair f\u00e3s de longa data do universo do Batman mas tamb\u00e9m p\u00fablico de outras demografias que apreciam hist\u00f3rias de suspense e transforma\u00e7\u00e3o. Com o sucesso de outras adapta\u00e7\u00f5es de personagens da DC, a expectativa \u00e9 que o Cara de Barro contribua significativamente para a expans\u00e3o e diversidade das narrativas deste universo.<\/p>\n\n\n\n<p>Com um enredo que promete abordar temas profundos e desafiadores, a produ\u00e7\u00e3o pode pavimentar o caminho para futuras explora\u00e7\u00f5es de personagens semelhantes, criando assim um universo cinematogr\u00e1fico cada vez mais intrigante e multifacetado.<\/p>\n","protected":false},"excerpt":{"rendered":"<p>A DC Studios est\u00e1 se preparando para expandir seu universo cinematogr\u00e1fico com a introdu\u00e7\u00e3o de um filme focado em um dos vil\u00f5es mais ic\u00f4nicos do Batman, o Cara de Barro. Este filme est\u00e1 em fase de desenvolvimento e os f\u00e3s est\u00e3o ansiosos para ver como este personagem complexo e transformador ser\u00e1 levado \u00e0s telonas. A [&hellip;]<\/p>\n","protected":false},"author":7,"featured_media":4677,"comment_status":"open","ping_status":"open","sticky":false,"template":"","format":"standard","meta":{"jnews-multi-image_gallery":[],"jnews_single_post":{"format":"standard"},"jnews_primary_category":[],"jnews_social_meta":[],"jnews_override_counter":[],"footnotes":""},"categories":[29,137],"tags":[1953,1952,1951,1954,1251],"class_list":["post-4674","post","type-post","status-publish","format-standard","has-post-thumbnail","hentry","category-entretenimento","category-filmes","tag-batman","tag-clayface","tag-dc-studios","tag-mike-flanagan","tag-terror"],"yoast_head":"<!-- This site is optimized with the Yoast SEO plugin v23.8 - https:\/\/yoast.com\/wordpress\/plugins\/seo\/ -->\n<title>A DC Nos Surpreende Mais Uma Vez? Confira! - Estado de Minas - Em foco<\/title>\n<meta name=\"description\" content=\"A DC Studios adiciona uma camada de horror ao universo da DC. As filmagens come\u00e7am em 2025.\" \/>\n<meta name=\"robots\" content=\"index, follow, max-snippet:-1, max-image-preview:large, max-video-preview:-1\" \/>\n<link rel=\"canonical\" href=\"https:\/\/www.em.com.br\/emfoco\/2024\/12\/13\/a-dc-nos-surpreende-mais-uma-vez-confira\/\" \/>\n<meta property=\"og:locale\" content=\"pt_BR\" \/>\n<meta property=\"og:type\" content=\"article\" \/>\n<meta property=\"og:title\" content=\"A DC Nos Surpreende Mais Uma Vez? Confira! - Estado de Minas - Em foco\" \/>\n<meta property=\"og:description\" content=\"A DC Studios adiciona uma camada de horror ao universo da DC. As filmagens come\u00e7am em 2025.\" \/>\n<meta property=\"og:url\" content=\"https:\/\/www.em.com.br\/emfoco\/2024\/12\/13\/a-dc-nos-surpreende-mais-uma-vez-confira\/\" \/>\n<meta property=\"og:site_name\" content=\"Estado de Minas - Em foco\" \/>\n<meta property=\"article:published_time\" content=\"2024-12-13T21:40:00+00:00\" \/>\n<meta property=\"article:modified_time\" content=\"2024-12-12T23:24:39+00:00\" \/>\n<meta property=\"og:image\" content=\"https:\/\/www.em.com.br\/emfoco\/wp-content\/uploads\/2024\/12\/d7c5g4v-00e64f3a-dc01-4bb3-8d34-a91da0827cb4.jpg\" \/>\n\t<meta property=\"og:image:width\" content=\"1200\" \/>\n\t<meta property=\"og:image:height\" content=\"900\" \/>\n\t<meta property=\"og:image:type\" content=\"image\/jpeg\" \/>\n<meta name=\"author\" content=\"Kelvin\" \/>\n<meta name=\"twitter:card\" content=\"summary_large_image\" \/>\n<meta name=\"twitter:label1\" content=\"Escrito por\" \/>\n\t<meta name=\"twitter:data1\" content=\"Kelvin\" \/>\n\t<meta name=\"twitter:label2\" content=\"Est. tempo de leitura\" \/>\n\t<meta name=\"twitter:data2\" content=\"4 minutos\" \/>\n<!-- \/ Yoast SEO plugin. -->","yoast_head_json":{"title":"A DC Nos Surpreende Mais Uma Vez? Confira! - Estado de Minas - Em foco","description":"A DC Studios adiciona uma camada de horror ao universo da DC. As filmagens come\u00e7am em 2025.","robots":{"index":"index","follow":"follow","max-snippet":"max-snippet:-1","max-image-preview":"max-image-preview:large","max-video-preview":"max-video-preview:-1"},"canonical":"https:\/\/www.em.com.br\/emfoco\/2024\/12\/13\/a-dc-nos-surpreende-mais-uma-vez-confira\/","og_locale":"pt_BR","og_type":"article","og_title":"A DC Nos Surpreende Mais Uma Vez? Confira! - Estado de Minas - Em foco","og_description":"A DC Studios adiciona uma camada de horror ao universo da DC. As filmagens come\u00e7am em 2025.","og_url":"https:\/\/www.em.com.br\/emfoco\/2024\/12\/13\/a-dc-nos-surpreende-mais-uma-vez-confira\/","og_site_name":"Estado de Minas - Em foco","article_published_time":"2024-12-13T21:40:00+00:00","article_modified_time":"2024-12-12T23:24:39+00:00","og_image":[{"width":1200,"height":900,"url":"https:\/\/www.em.com.br\/emfoco\/wp-content\/uploads\/2024\/12\/d7c5g4v-00e64f3a-dc01-4bb3-8d34-a91da0827cb4.jpg","type":"image\/jpeg"}],"author":"Kelvin","twitter_card":"summary_large_image","twitter_misc":{"Escrito por":"Kelvin","Est. tempo de leitura":"4 minutos"},"schema":{"@context":"https:\/\/schema.org","@graph":[{"@type":"WebPage","@id":"https:\/\/www.em.com.br\/emfoco\/2024\/12\/13\/a-dc-nos-surpreende-mais-uma-vez-confira\/","url":"https:\/\/www.em.com.br\/emfoco\/2024\/12\/13\/a-dc-nos-surpreende-mais-uma-vez-confira\/","name":"A DC Nos Surpreende Mais Uma Vez? Confira! - Estado de Minas - Em foco","isPartOf":{"@id":"https:\/\/www.em.com.br\/emfoco\/#website"},"primaryImageOfPage":{"@id":"https:\/\/www.em.com.br\/emfoco\/2024\/12\/13\/a-dc-nos-surpreende-mais-uma-vez-confira\/#primaryimage"},"image":{"@id":"https:\/\/www.em.com.br\/emfoco\/2024\/12\/13\/a-dc-nos-surpreende-mais-uma-vez-confira\/#primaryimage"},"thumbnailUrl":"https:\/\/www.em.com.br\/emfoco\/wp-content\/uploads\/2024\/12\/d7c5g4v-00e64f3a-dc01-4bb3-8d34-a91da0827cb4.jpg","datePublished":"2024-12-13T21:40:00+00:00","dateModified":"2024-12-12T23:24:39+00:00","author":{"@id":"https:\/\/www.em.com.br\/emfoco\/#\/schema\/person\/fb0a7f48c6fbb94b83f413a80f61917d"},"description":"A DC Studios adiciona uma camada de horror ao universo da DC. As filmagens come\u00e7am em 2025.","breadcrumb":{"@id":"https:\/\/www.em.com.br\/emfoco\/2024\/12\/13\/a-dc-nos-surpreende-mais-uma-vez-confira\/#breadcrumb"},"inLanguage":"pt-BR","potentialAction":[{"@type":"ReadAction","target":["https:\/\/www.em.com.br\/emfoco\/2024\/12\/13\/a-dc-nos-surpreende-mais-uma-vez-confira\/"]}]},{"@type":"ImageObject","inLanguage":"pt-BR","@id":"https:\/\/www.em.com.br\/emfoco\/2024\/12\/13\/a-dc-nos-surpreende-mais-uma-vez-confira\/#primaryimage","url":"https:\/\/www.em.com.br\/emfoco\/wp-content\/uploads\/2024\/12\/d7c5g4v-00e64f3a-dc01-4bb3-8d34-a91da0827cb4.jpg","contentUrl":"https:\/\/www.em.com.br\/emfoco\/wp-content\/uploads\/2024\/12\/d7c5g4v-00e64f3a-dc01-4bb3-8d34-a91da0827cb4.jpg","width":1200,"height":900,"caption":"Cara-de-Barro Vil\u00e3o Batman - deviantart"},{"@type":"BreadcrumbList","@id":"https:\/\/www.em.com.br\/emfoco\/2024\/12\/13\/a-dc-nos-surpreende-mais-uma-vez-confira\/#breadcrumb","itemListElement":[{"@type":"ListItem","position":1,"name":"In\u00edcio","item":"https:\/\/www.em.com.br\/emfoco\/"},{"@type":"ListItem","position":2,"name":"A DC Nos Surpreende Mais Uma Vez? Confira!"}]},{"@type":"WebSite","@id":"https:\/\/www.em.com.br\/emfoco\/#website","url":"https:\/\/www.em.com.br\/emfoco\/","name":"Estado de Minas - Em foco","description":"Acompanhe as \u00faltimas not\u00edcias e fique bem informado sobre tudo o que acontece em Minas Gerais, Brasil e no mundo.","potentialAction":[{"@type":"SearchAction","target":{"@type":"EntryPoint","urlTemplate":"https:\/\/www.em.com.br\/emfoco\/?s={search_term_string}"},"query-input":{"@type":"PropertyValueSpecification","valueRequired":true,"valueName":"search_term_string"}}],"inLanguage":"pt-BR"},{"@type":"Person","@id":"https:\/\/www.em.com.br\/emfoco\/#\/schema\/person\/fb0a7f48c6fbb94b83f413a80f61917d","name":"Kelvin","image":{"@type":"ImageObject","inLanguage":"pt-BR","@id":"https:\/\/www.em.com.br\/emfoco\/#\/schema\/person\/image\/","url":"https:\/\/secure.gravatar.com\/avatar\/e74f84337e6bf6c4c5e88fbdffa05270?s=96&d=mm&r=g","contentUrl":"https:\/\/secure.gravatar.com\/avatar\/e74f84337e6bf6c4c5e88fbdffa05270?s=96&d=mm&r=g","caption":"Kelvin"},"sameAs":["https:\/\/www.em.com.br\/emfoco"],"url":"https:\/\/www.em.com.br\/emfoco\/author\/kelvinmyth\/"}]}},"_links":{"self":[{"href":"https:\/\/www.em.com.br\/emfoco\/wp-json\/wp\/v2\/posts\/4674","targetHints":{"allow":["GET"]}}],"collection":[{"href":"https:\/\/www.em.com.br\/emfoco\/wp-json\/wp\/v2\/posts"}],"about":[{"href":"https:\/\/www.em.com.br\/emfoco\/wp-json\/wp\/v2\/types\/post"}],"author":[{"embeddable":true,"href":"https:\/\/www.em.com.br\/emfoco\/wp-json\/wp\/v2\/users\/7"}],"replies":[{"embeddable":true,"href":"https:\/\/www.em.com.br\/emfoco\/wp-json\/wp\/v2\/comments?post=4674"}],"version-history":[{"count":3,"href":"https:\/\/www.em.com.br\/emfoco\/wp-json\/wp\/v2\/posts\/4674\/revisions"}],"predecessor-version":[{"id":4680,"href":"https:\/\/www.em.com.br\/emfoco\/wp-json\/wp\/v2\/posts\/4674\/revisions\/4680"}],"wp:featuredmedia":[{"embeddable":true,"href":"https:\/\/www.em.com.br\/emfoco\/wp-json\/wp\/v2\/media\/4677"}],"wp:attachment":[{"href":"https:\/\/www.em.com.br\/emfoco\/wp-json\/wp\/v2\/media?parent=4674"}],"wp:term":[{"taxonomy":"category","embeddable":true,"href":"https:\/\/www.em.com.br\/emfoco\/wp-json\/wp\/v2\/categories?post=4674"},{"taxonomy":"post_tag","embeddable":true,"href":"https:\/\/www.em.com.br\/emfoco\/wp-json\/wp\/v2\/tags?post=4674"}],"curies":[{"name":"wp","href":"https:\/\/api.w.org\/{rel}","templated":true}]}}