{"id":46705,"date":"2025-05-14T08:20:28","date_gmt":"2025-05-14T11:20:28","guid":{"rendered":"https:\/\/www.em.com.br\/emfoco\/?p=46705"},"modified":"2025-05-14T08:20:29","modified_gmt":"2025-05-14T11:20:29","slug":"proposta-de-reducao-da-jornada-de-trabalho-enfrenta-desafios-no-congresso-e-pode-nao-avancar","status":"publish","type":"post","link":"https:\/\/www.em.com.br\/emfoco\/2025\/05\/14\/proposta-de-reducao-da-jornada-de-trabalho-enfrenta-desafios-no-congresso-e-pode-nao-avancar\/","title":{"rendered":"Proposta de redu\u00e7\u00e3o da jornada de trabalho enfrenta desafios no Congresso e pode n\u00e3o avan\u00e7ar"},"content":{"rendered":"\n<p>A jornada de trabalho no <strong>Brasil <\/strong>entrou no centro das aten\u00e7\u00f5es ap\u00f3s o ministro do Trabalho,<strong> Luiz Marinho<\/strong>, criticar duramente o<strong> modelo 6&#215;1<\/strong> \u2014 seis dias de trabalho para apenas um de descanso. Segundo ele, essa escala \u00e9 &#8220;muito cruel&#8221; e precisa ser revista. A declara\u00e7\u00e3o reacendeu o debate sobre a <strong>redu\u00e7\u00e3o da carga hor\u00e1ria<\/strong> como forma de <strong>melhorar a qualidade de vida<\/strong> e <strong>impulsionar a economia nacional<\/strong>.<\/p>\n\n\n\n<p>Entre as propostas em an\u00e1lise est\u00e3o a<strong> jornada 4&#215;3 <\/strong>(quatro dias de trabalho e tr\u00eas de descanso) e a redu\u00e7\u00e3o das atuais 44 para 40 horas semanais. Mas nem tudo s\u00e3o flores: o tema enfrenta forte resist\u00eancia no Congresso e entre empres\u00e1rios.<\/p>\n\n\n\n<h2 class=\"wp-block-heading\">Economia pode perder R$ 2,9 trilh\u00f5es com jornada menor?<\/h2>\n\n\n\n<p>Segundo um estudo da <strong>Fiemg<\/strong> (Federa\u00e7\u00e3o das Ind\u00fastrias do Estado de Minas Gerais), uma redu\u00e7\u00e3o sem contrapartidas em produtividade pode ser catastr\u00f3fica. Os n\u00fameros assustam: at\u00e9 18 milh\u00f5es de empregos perdidos, queda de R$ 2,9 trilh\u00f5es no PIB e um corte de R$ 480 bilh\u00f5es na massa salarial.<\/p>\n\n\n\n<p>Para o setor produtivo, mexer na jornada sem ajustes pode elevar os custos das empresas, afetar a competitividade e desestabilizar a economia. O alerta \u00e9 claro: sem planejamento, a proposta pode sair mais cara do que parece.<\/p>\n\n\n\n<h2 class=\"wp-block-heading\">Jornada 4&#215;3 empolga trabalhadores, mas assusta empres\u00e1rios<\/h2>\n\n\n\n<p>A proposta de uma jornada 4&#215;3 empolga quem sonha com mais tempo livre, mas ainda \u00e9 vista como radical demais para ser implementada no Brasil atual. Mesmo dentro do governo, h\u00e1 quem admita que o pa\u00eds n\u00e3o est\u00e1 pronto para essa mudan\u00e7a sem comprometer a produtividade.<\/p>\n\n\n\n<figure class=\"wp-block-image\"><img decoding=\"async\" src=\"https:\/\/www.em.com.br\/emfoco\/wp-content\/uploads\/2025\/03\/trabalhador-carteira-brasil_1743443109834-1024x576.jpg\" alt=\"\"\/><figcaption class=\"wp-element-caption\">Trabalhador &#8211; Cr\u00e9ditos: depositphotos.com \/ moviafilmes<\/figcaption><\/figure>\n\n\n\n<p>Ainda assim, a ideia segue em discuss\u00e3o, impulsionada por exemplos internacionais de sucesso e pelo desejo de oferecer <strong>melhores condi\u00e7\u00f5es de vida<\/strong> \u00e0 popula\u00e7\u00e3o trabalhadora.<\/p>\n\n\n\n<h2 class=\"wp-block-heading\">Redu\u00e7\u00e3o para 40 horas pode ser o meio-termo ideal<\/h2>\n\n\n\n<p>A proposta de reduzir a jornada semanal de 44 para 40 horas ganha mais simpatia. Menos agressiva que a 4&#215;3, ela j\u00e1 \u00e9 adotada em diversos pa\u00edses desenvolvidos e pode ser uma porta de entrada para uma transi\u00e7\u00e3o mais ampla.<\/p>\n\n\n\n<p>Se aliada a pol\u00edticas de est\u00edmulo \u00e0 produtividade e \u00e0 formaliza\u00e7\u00e3o, a medida pode avan\u00e7ar no Congresso e gerar resultados positivos sem grandes choques econ\u00f4micos.<\/p>\n\n\n\n<h2 class=\"wp-block-heading\">Governo busca equil\u00edbrio entre qualidade de vida e crescimento<\/h2>\n\n\n\n<p>O governo quer avan\u00e7ar com a pauta sem romper com o setor produtivo. A palavra-chave \u00e9 consenso. Di\u00e1logo com empres\u00e1rios, sindicatos e especialistas ser\u00e1 fundamental para criar um plano s\u00f3lido e respons\u00e1vel de transi\u00e7\u00e3o.<\/p>\n\n\n\n<p>Se bem conduzida, a redu\u00e7\u00e3o da jornada pode revolucionar o mundo do trabalho no Brasil, garantindo qualidade de vida ao trabalhador e mantendo a roda da economia girando.<\/p>\n","protected":false},"excerpt":{"rendered":"<p>A jornada de trabalho no Brasil entrou no centro das aten\u00e7\u00f5es ap\u00f3s o ministro do Trabalho, Luiz Marinho, criticar duramente o modelo 6&#215;1 \u2014 seis dias de trabalho para apenas um de descanso. Segundo ele, essa escala \u00e9 &#8220;muito cruel&#8221; e precisa ser revista. A declara\u00e7\u00e3o reacendeu o debate sobre a redu\u00e7\u00e3o da carga hor\u00e1ria [&hellip;]<\/p>\n","protected":false},"author":11,"featured_media":47068,"comment_status":"open","ping_status":"open","sticky":false,"template":"","format":"standard","meta":{"jnews-multi-image_gallery":[],"jnews_single_post":{"format":"standard"},"jnews_primary_category":[],"jnews_social_meta":[],"jnews_override_counter":[],"footnotes":""},"categories":[138,1],"tags":[2103,406,408,409],"class_list":["post-46705","post","type-post","status-publish","format-standard","has-post-thumbnail","hentry","category-mundo","category-noticias","tag-congresso","tag-escala-6x1","tag-fim-da-escala-6x1","tag-jornada-de-trabalho"],"yoast_head":"<!-- This site is optimized with the Yoast SEO plugin v23.8 - https:\/\/yoast.com\/wordpress\/plugins\/seo\/ -->\n<title>Proposta de redu\u00e7\u00e3o da jornada de trabalho enfrenta desafios no Congresso e pode n\u00e3o avan\u00e7ar - Estado de Minas - Em foco<\/title>\n<meta name=\"description\" content=\"A jornada de trabalho no Brasil pode mudar radicalmente. Saiba como essa proposta pode impactar trabalhadores e empresas.\" \/>\n<meta name=\"robots\" content=\"index, follow, max-snippet:-1, max-image-preview:large, max-video-preview:-1\" \/>\n<link rel=\"canonical\" href=\"https:\/\/www.em.com.br\/emfoco\/2025\/05\/14\/proposta-de-reducao-da-jornada-de-trabalho-enfrenta-desafios-no-congresso-e-pode-nao-avancar\/\" \/>\n<meta property=\"og:locale\" content=\"pt_BR\" \/>\n<meta property=\"og:type\" content=\"article\" \/>\n<meta property=\"og:title\" content=\"Proposta de redu\u00e7\u00e3o da jornada de trabalho enfrenta desafios no Congresso e pode n\u00e3o avan\u00e7ar - Estado de Minas - Em foco\" \/>\n<meta property=\"og:description\" content=\"A jornada de trabalho no Brasil pode mudar radicalmente. Saiba como essa proposta pode impactar trabalhadores e empresas.\" \/>\n<meta property=\"og:url\" content=\"https:\/\/www.em.com.br\/emfoco\/2025\/05\/14\/proposta-de-reducao-da-jornada-de-trabalho-enfrenta-desafios-no-congresso-e-pode-nao-avancar\/\" \/>\n<meta property=\"og:site_name\" content=\"Estado de Minas - Em foco\" \/>\n<meta property=\"article:published_time\" content=\"2025-05-14T11:20:28+00:00\" \/>\n<meta property=\"article:modified_time\" content=\"2025-05-14T11:20:29+00:00\" \/>\n<meta property=\"og:image\" content=\"https:\/\/www.em.com.br\/emfoco\/wp-content\/uploads\/2025\/05\/congresso-brasil_1747185536425.jpg\" \/>\n\t<meta property=\"og:image:width\" content=\"1280\" \/>\n\t<meta property=\"og:image:height\" content=\"720\" \/>\n\t<meta property=\"og:image:type\" content=\"image\/jpeg\" \/>\n<meta name=\"author\" content=\"Andre\u0301 Rangel\u00a0\" \/>\n<meta name=\"twitter:card\" content=\"summary_large_image\" \/>\n<meta name=\"twitter:label1\" content=\"Escrito por\" \/>\n\t<meta name=\"twitter:data1\" content=\"Andre\u0301 Rangel\u00a0\" \/>\n\t<meta name=\"twitter:label2\" content=\"Est. tempo de leitura\" \/>\n\t<meta name=\"twitter:data2\" content=\"3 minutos\" \/>\n<!-- \/ Yoast SEO plugin. -->","yoast_head_json":{"title":"Proposta de redu\u00e7\u00e3o da jornada de trabalho enfrenta desafios no Congresso e pode n\u00e3o avan\u00e7ar - Estado de Minas - Em foco","description":"A jornada de trabalho no Brasil pode mudar radicalmente. Saiba como essa proposta pode impactar trabalhadores e empresas.","robots":{"index":"index","follow":"follow","max-snippet":"max-snippet:-1","max-image-preview":"max-image-preview:large","max-video-preview":"max-video-preview:-1"},"canonical":"https:\/\/www.em.com.br\/emfoco\/2025\/05\/14\/proposta-de-reducao-da-jornada-de-trabalho-enfrenta-desafios-no-congresso-e-pode-nao-avancar\/","og_locale":"pt_BR","og_type":"article","og_title":"Proposta de redu\u00e7\u00e3o da jornada de trabalho enfrenta desafios no Congresso e pode n\u00e3o avan\u00e7ar - Estado de Minas - Em foco","og_description":"A jornada de trabalho no Brasil pode mudar radicalmente. Saiba como essa proposta pode impactar trabalhadores e empresas.","og_url":"https:\/\/www.em.com.br\/emfoco\/2025\/05\/14\/proposta-de-reducao-da-jornada-de-trabalho-enfrenta-desafios-no-congresso-e-pode-nao-avancar\/","og_site_name":"Estado de Minas - Em foco","article_published_time":"2025-05-14T11:20:28+00:00","article_modified_time":"2025-05-14T11:20:29+00:00","og_image":[{"width":1280,"height":720,"url":"https:\/\/www.em.com.br\/emfoco\/wp-content\/uploads\/2025\/05\/congresso-brasil_1747185536425.jpg","type":"image\/jpeg"}],"author":"Andre\u0301 Rangel\u00a0","twitter_card":"summary_large_image","twitter_misc":{"Escrito por":"Andre\u0301 Rangel\u00a0","Est. tempo de leitura":"3 minutos"},"schema":{"@context":"https:\/\/schema.org","@graph":[{"@type":"WebPage","@id":"https:\/\/www.em.com.br\/emfoco\/2025\/05\/14\/proposta-de-reducao-da-jornada-de-trabalho-enfrenta-desafios-no-congresso-e-pode-nao-avancar\/","url":"https:\/\/www.em.com.br\/emfoco\/2025\/05\/14\/proposta-de-reducao-da-jornada-de-trabalho-enfrenta-desafios-no-congresso-e-pode-nao-avancar\/","name":"Proposta de redu\u00e7\u00e3o da jornada de trabalho enfrenta desafios no Congresso e pode n\u00e3o avan\u00e7ar - Estado de Minas - Em foco","isPartOf":{"@id":"https:\/\/www.em.com.br\/emfoco\/#website"},"primaryImageOfPage":{"@id":"https:\/\/www.em.com.br\/emfoco\/2025\/05\/14\/proposta-de-reducao-da-jornada-de-trabalho-enfrenta-desafios-no-congresso-e-pode-nao-avancar\/#primaryimage"},"image":{"@id":"https:\/\/www.em.com.br\/emfoco\/2025\/05\/14\/proposta-de-reducao-da-jornada-de-trabalho-enfrenta-desafios-no-congresso-e-pode-nao-avancar\/#primaryimage"},"thumbnailUrl":"https:\/\/www.em.com.br\/emfoco\/wp-content\/uploads\/2025\/05\/congresso-brasil_1747185536425.jpg","datePublished":"2025-05-14T11:20:28+00:00","dateModified":"2025-05-14T11:20:29+00:00","author":{"@id":"https:\/\/www.em.com.br\/emfoco\/#\/schema\/person\/60eda09c1fedf0d6891f4cef4b60b8b8"},"description":"A jornada de trabalho no Brasil pode mudar radicalmente. Saiba como essa proposta pode impactar trabalhadores e empresas.","breadcrumb":{"@id":"https:\/\/www.em.com.br\/emfoco\/2025\/05\/14\/proposta-de-reducao-da-jornada-de-trabalho-enfrenta-desafios-no-congresso-e-pode-nao-avancar\/#breadcrumb"},"inLanguage":"pt-BR","potentialAction":[{"@type":"ReadAction","target":["https:\/\/www.em.com.br\/emfoco\/2025\/05\/14\/proposta-de-reducao-da-jornada-de-trabalho-enfrenta-desafios-no-congresso-e-pode-nao-avancar\/"]}]},{"@type":"ImageObject","inLanguage":"pt-BR","@id":"https:\/\/www.em.com.br\/emfoco\/2025\/05\/14\/proposta-de-reducao-da-jornada-de-trabalho-enfrenta-desafios-no-congresso-e-pode-nao-avancar\/#primaryimage","url":"https:\/\/www.em.com.br\/emfoco\/wp-content\/uploads\/2025\/05\/congresso-brasil_1747185536425.jpg","contentUrl":"https:\/\/www.em.com.br\/emfoco\/wp-content\/uploads\/2025\/05\/congresso-brasil_1747185536425.jpg","width":1280,"height":720,"caption":"Congresso Brasil - Cr\u00e9ditos: depositphotos.com \/ diegograndi"},{"@type":"BreadcrumbList","@id":"https:\/\/www.em.com.br\/emfoco\/2025\/05\/14\/proposta-de-reducao-da-jornada-de-trabalho-enfrenta-desafios-no-congresso-e-pode-nao-avancar\/#breadcrumb","itemListElement":[{"@type":"ListItem","position":1,"name":"In\u00edcio","item":"https:\/\/www.em.com.br\/emfoco\/"},{"@type":"ListItem","position":2,"name":"Proposta de redu\u00e7\u00e3o da jornada de trabalho enfrenta desafios no Congresso e pode n\u00e3o avan\u00e7ar"}]},{"@type":"WebSite","@id":"https:\/\/www.em.com.br\/emfoco\/#website","url":"https:\/\/www.em.com.br\/emfoco\/","name":"Estado de Minas - Em foco","description":"Acompanhe as \u00faltimas not\u00edcias e fique bem informado sobre tudo o que acontece em Minas Gerais, Brasil e no mundo.","potentialAction":[{"@type":"SearchAction","target":{"@type":"EntryPoint","urlTemplate":"https:\/\/www.em.com.br\/emfoco\/?s={search_term_string}"},"query-input":{"@type":"PropertyValueSpecification","valueRequired":true,"valueName":"search_term_string"}}],"inLanguage":"pt-BR"},{"@type":"Person","@id":"https:\/\/www.em.com.br\/emfoco\/#\/schema\/person\/60eda09c1fedf0d6891f4cef4b60b8b8","name":"Andre\u0301 Rangel\u00a0","image":{"@type":"ImageObject","inLanguage":"pt-BR","@id":"https:\/\/www.em.com.br\/emfoco\/#\/schema\/person\/image\/","url":"https:\/\/secure.gravatar.com\/avatar\/6234dc814c77c8ef6d8bba622c787efc?s=96&d=mm&r=g","contentUrl":"https:\/\/secure.gravatar.com\/avatar\/6234dc814c77c8ef6d8bba622c787efc?s=96&d=mm&r=g","caption":"Andre\u0301 Rangel\u00a0"},"url":"https:\/\/www.em.com.br\/emfoco\/author\/luizmyth\/"}]}},"_links":{"self":[{"href":"https:\/\/www.em.com.br\/emfoco\/wp-json\/wp\/v2\/posts\/46705","targetHints":{"allow":["GET"]}}],"collection":[{"href":"https:\/\/www.em.com.br\/emfoco\/wp-json\/wp\/v2\/posts"}],"about":[{"href":"https:\/\/www.em.com.br\/emfoco\/wp-json\/wp\/v2\/types\/post"}],"author":[{"embeddable":true,"href":"https:\/\/www.em.com.br\/emfoco\/wp-json\/wp\/v2\/users\/11"}],"replies":[{"embeddable":true,"href":"https:\/\/www.em.com.br\/emfoco\/wp-json\/wp\/v2\/comments?post=46705"}],"version-history":[{"count":4,"href":"https:\/\/www.em.com.br\/emfoco\/wp-json\/wp\/v2\/posts\/46705\/revisions"}],"predecessor-version":[{"id":47086,"href":"https:\/\/www.em.com.br\/emfoco\/wp-json\/wp\/v2\/posts\/46705\/revisions\/47086"}],"wp:featuredmedia":[{"embeddable":true,"href":"https:\/\/www.em.com.br\/emfoco\/wp-json\/wp\/v2\/media\/47068"}],"wp:attachment":[{"href":"https:\/\/www.em.com.br\/emfoco\/wp-json\/wp\/v2\/media?parent=46705"}],"wp:term":[{"taxonomy":"category","embeddable":true,"href":"https:\/\/www.em.com.br\/emfoco\/wp-json\/wp\/v2\/categories?post=46705"},{"taxonomy":"post_tag","embeddable":true,"href":"https:\/\/www.em.com.br\/emfoco\/wp-json\/wp\/v2\/tags?post=46705"}],"curies":[{"name":"wp","href":"https:\/\/api.w.org\/{rel}","templated":true}]}}