{"id":46585,"date":"2025-05-13T14:40:00","date_gmt":"2025-05-13T17:40:00","guid":{"rendered":"https:\/\/www.em.com.br\/emfoco\/?p=46585"},"modified":"2025-05-12T21:47:54","modified_gmt":"2025-05-13T00:47:54","slug":"quais-ervas-plantar-em-casa-e-como-cuidar-de-cada-uma","status":"publish","type":"post","link":"https:\/\/www.em.com.br\/emfoco\/2025\/05\/13\/quais-ervas-plantar-em-casa-e-como-cuidar-de-cada-uma\/","title":{"rendered":"Quais ervas plantar em casa e como cuidar de cada uma"},"content":{"rendered":"\n<p>Cultivar <strong>ervas arom\u00e1ticas<\/strong> em casa \u00e9 uma pr\u00e1tica simples, econ\u00f4mica e cheia de benef\u00edcios. Al\u00e9m de deixarem a comida mais saborosa e nutritiva, essas plantas trazem frescor e perfume ao ambiente. Com pouco espa\u00e7o \u2014 at\u00e9 mesmo em apartamentos \u2014 \u00e9 poss\u00edvel ter uma horta viva com esp\u00e9cies como <strong>manjeric\u00e3o<\/strong>, <strong>salsinha<\/strong>, <strong>hortel\u00e3<\/strong>, <strong>alecrim<\/strong> e muitas outras. Descubra agora como plantar, cuidar e colher suas pr\u00f3prias ervas com sucesso.<\/p>\n\n\n\n<h2 class=\"wp-block-heading\">Quais s\u00e3o as melhores ervas arom\u00e1ticas para cultivar em casa?<\/h2>\n\n\n\n<p>As <strong>ervas arom\u00e1ticas<\/strong> mais populares s\u00e3o tamb\u00e9m as mais f\u00e1ceis de <a href=\"https:\/\/www.em.com.br\/emfoco\/2025\/05\/11\/aprenda-a-cultivar-em-casa-flores-que-afastam-energias-negativas\/\" target=\"_blank\" rel=\"noreferrer noopener\">cultivar<\/a>, ideais para quem est\u00e1 come\u00e7ando. Abaixo, veja uma sele\u00e7\u00e3o de esp\u00e9cies que se adaptam bem a vasos, jardineiras ou canteiros:<\/p>\n\n\n\n<ul class=\"wp-block-list\">\n<li><strong>Manjeric\u00e3o<\/strong>: gosta de sol pleno, aroma intenso, ideal para molhos e massas.<\/li>\n\n\n\n<li><strong>Salsinha<\/strong>: cresce bem em meia-sombra, usada em saladas, sopas e carnes.<\/li>\n\n\n\n<li><strong>Cebolinha<\/strong>: vers\u00e1til, resistente e excelente para refogados.<\/li>\n\n\n\n<li><strong>Hortel\u00e3<\/strong>: refrescante, ideal para ch\u00e1s e sucos. Deve ser plantada sozinha, pois se espalha r\u00e1pido.<\/li>\n\n\n\n<li><strong>Alecrim<\/strong>: resistente \u00e0 seca, \u00f3tima para assados e pratos r\u00fasticos.<\/li>\n\n\n\n<li><strong>Tomilho<\/strong>: cresce bem em vasos, aroma amadeirado.<\/li>\n\n\n\n<li><strong>Or\u00e9gano<\/strong>: excelente para pizzas, massas e molhos.<\/li>\n\n\n\n<li><strong>Coentro<\/strong>: sabor marcante, muito usado na culin\u00e1ria nordestina.<\/li>\n<\/ul>\n\n\n\n<h2 class=\"wp-block-heading\">Qual \u00e9 o melhor local e recipiente para cultivar ervas arom\u00e1ticas?<\/h2>\n\n\n\n<p>Essas plantas podem ser cultivadas tanto <strong>em vasos, jardineiras ou canteiros<\/strong>, desde que recebam <strong>luz natural<\/strong> e tenham <strong>boa drenagem<\/strong>. Escolha um local que receba <strong>pelo menos 4 horas de sol por dia<\/strong>, como:<\/p>\n\n\n\n<ul class=\"wp-block-list\">\n<li>Janelas ensolaradas<\/li>\n\n\n\n<li>Varandas<\/li>\n\n\n\n<li>Sacadas<\/li>\n\n\n\n<li>Quintais<\/li>\n<\/ul>\n\n\n\n<p>Vasos de <strong>20 a 30 cm de profundidade<\/strong> s\u00e3o suficientes para a maioria das ervas. Certifique-se de que possuam furos no fundo e, de prefer\u00eancia, utilize <strong>pratinhos ou bandejas<\/strong> para evitar sujeira ao redor.<\/p>\n\n\n\n<h2 class=\"wp-block-heading\">Como preparar o solo ideal para ervas arom\u00e1ticas?<\/h2>\n\n\n\n<p>O solo para <strong>ervas arom\u00e1ticas<\/strong> deve ser:<\/p>\n\n\n\n<ul class=\"wp-block-list\">\n<li><strong>Leve<\/strong><\/li>\n\n\n\n<li><strong>Rico em mat\u00e9ria org\u00e2nica<\/strong><\/li>\n\n\n\n<li><strong>Bem drenado<\/strong><\/li>\n<\/ul>\n\n\n\n<p>Mistura ideal para vasos:<\/p>\n\n\n\n<ul class=\"wp-block-list\">\n<li><strong>1 parte de terra vegetal<\/strong><\/li>\n\n\n\n<li><strong>1 parte de h\u00famus de minhoca<\/strong><\/li>\n\n\n\n<li><strong>1 parte de areia ou perlita<\/strong> (para facilitar a drenagem)<\/li>\n<\/ul>\n\n\n\n<p>Antes do plantio, coloque uma camada de <strong>pedrinhas ou argila expandida<\/strong> no fundo do vaso para ajudar no escoamento da \u00e1gua.<\/p>\n\n\n\n<h2 class=\"wp-block-heading\">Como fazer o plantio de ervas arom\u00e1ticas?<\/h2>\n\n\n\n<p>Voc\u00ea pode plantar suas <strong>ervas arom\u00e1ticas<\/strong> a partir de <strong>sementes<\/strong>, <strong>mudas<\/strong> ou at\u00e9 <strong>estacas<\/strong>. Veja como fazer:<\/p>\n\n\n\n<h3 class=\"wp-block-heading\">A partir de sementes<\/h3>\n\n\n\n<ol class=\"wp-block-list\">\n<li>Fa\u00e7a pequenos sulcos na terra (cerca de 0,5 cm de profundidade).<\/li>\n\n\n\n<li>Distribua as sementes e cubra com uma fina camada de terra.<\/li>\n\n\n\n<li>Mantenha o solo levemente \u00famido at\u00e9 germinar (em m\u00e9dia, 7 a 15 dias).<\/li>\n\n\n\n<li>Ap\u00f3s o surgimento das primeiras folhas verdadeiras, fa\u00e7a o desbaste, deixando as mudas mais fortes.<\/li>\n<\/ol>\n\n\n\n<h3 class=\"wp-block-heading\">A partir de mudas<\/h3>\n\n\n\n<ol class=\"wp-block-list\">\n<li>Fa\u00e7a um buraco no substrato com profundidade suficiente para acomodar o torr\u00e3o.<\/li>\n\n\n\n<li>Posicione a muda e cubra com terra at\u00e9 o n\u00edvel do caule.<\/li>\n\n\n\n<li>Regue bem ap\u00f3s o plantio.<\/li>\n<\/ol>\n\n\n<div class=\"wp-block-image\">\n<figure class=\"aligncenter size-large\"><img loading=\"lazy\" decoding=\"async\" width=\"1024\" height=\"576\" src=\"https:\/\/www.em.com.br\/emfoco\/wp-content\/uploads\/2025\/04\/oregano-_1745618349647-1024x576.jpg\" alt=\"\" class=\"wp-image-41820\" srcset=\"https:\/\/www.em.com.br\/emfoco\/wp-content\/uploads\/2025\/04\/oregano-_1745618349647-1024x576.jpg 1024w, https:\/\/www.em.com.br\/emfoco\/wp-content\/uploads\/2025\/04\/oregano-_1745618349647-300x169.jpg 300w, https:\/\/www.em.com.br\/emfoco\/wp-content\/uploads\/2025\/04\/oregano-_1745618349647-768x432.jpg 768w, https:\/\/www.em.com.br\/emfoco\/wp-content\/uploads\/2025\/04\/oregano-_1745618349647-750x422.jpg 750w, https:\/\/www.em.com.br\/emfoco\/wp-content\/uploads\/2025\/04\/oregano-_1745618349647-1140x641.jpg 1140w, https:\/\/www.em.com.br\/emfoco\/wp-content\/uploads\/2025\/04\/oregano-_1745618349647.jpg 1280w\" sizes=\"auto, (max-width: 1024px) 100vw, 1024px\" \/><figcaption class=\"wp-element-caption\">Or\u00e9gano &#8211; Cr\u00e9ditos: depositphotos.com \/ yasonya<\/figcaption><\/figure><\/div>\n\n\n<h3 class=\"wp-block-heading\">Por estacas<\/h3>\n\n\n\n<p>Algumas ervas, como <strong>alecrim<\/strong>, <strong>hortel\u00e3<\/strong> e <strong>manjeric\u00e3o<\/strong>, enra\u00edzam facilmente na \u00e1gua:<\/p>\n\n\n\n<ol class=\"wp-block-list\">\n<li>Corte um ramo saud\u00e1vel da planta.<\/li>\n\n\n\n<li>Retire as folhas da parte inferior e coloque o caule em um copo com \u00e1gua.<\/li>\n\n\n\n<li>Ap\u00f3s surgir ra\u00edzes (7 a 10 dias), plante em vaso com terra.<\/li>\n<\/ol>\n\n\n\n<h2 class=\"wp-block-heading\">Como cuidar das ervas arom\u00e1ticas depois do plantio?<\/h2>\n\n\n\n<p>As <strong>ervas arom\u00e1ticas<\/strong> s\u00e3o f\u00e1ceis de manter, mas alguns cuidados garantem um crescimento saud\u00e1vel e sabor marcante.<\/p>\n\n\n\n<h3 class=\"wp-block-heading\">Rega<\/h3>\n\n\n\n<ul class=\"wp-block-list\">\n<li>Regue sempre que o solo estiver seco ao toque.<\/li>\n\n\n\n<li>Em vasos, regue de <strong>2 a 3 vezes por semana<\/strong>, dependendo do clima.<\/li>\n<\/ul>\n\n\n\n<h3 class=\"wp-block-heading\">Luminosidade<\/h3>\n\n\n\n<ul class=\"wp-block-list\">\n<li>A maioria das ervas prefere <strong>sol pleno<\/strong>.<\/li>\n\n\n\n<li><strong>Salsinha<\/strong> e <strong>coentro<\/strong> toleram meia-sombra.<\/li>\n<\/ul>\n\n\n\n<h3 class=\"wp-block-heading\">Aduba\u00e7\u00e3o<\/h3>\n\n\n\n<ul class=\"wp-block-list\">\n<li>A cada 30 dias, adube com <a href=\"https:\/\/rehagro.com.br\/blog\/composto-organico-quais-os-beneficios-como-e-feito\/\" target=\"_blank\" rel=\"noreferrer noopener\">composto org\u00e2nico<\/a> ou h\u00famus.<\/li>\n\n\n\n<li>Evite excesso de adubo nitrogenado (muito crescimento, pouco sabor).<\/li>\n<\/ul>\n\n\n\n<h3 class=\"wp-block-heading\">Poda<\/h3>\n\n\n\n<ul class=\"wp-block-list\">\n<li>Colha regularmente as pontas para estimular brota\u00e7\u00e3o lateral.<\/li>\n\n\n\n<li>Retire flores, especialmente no <strong>manjeric\u00e3o<\/strong>, para prolongar o ciclo vegetativo.<\/li>\n<\/ul>\n\n\n\n<h2 class=\"wp-block-heading\">Quais ervas podem ser plantadas juntas?<\/h2>\n\n\n\n<p>\u00c9 poss\u00edvel fazer <strong>hortas combinadas<\/strong> com v\u00e1rias ervas no mesmo vaso ou jardineira, desde que elas tenham <strong>exig\u00eancias semelhantes de \u00e1gua e luz<\/strong>. Veja algumas combina\u00e7\u00f5es:<\/p>\n\n\n\n<ul class=\"wp-block-list\">\n<li><strong>Manjeric\u00e3o, or\u00e9gano e tomilho<\/strong>: todas amam sol e solo seco.<\/li>\n\n\n\n<li><strong>Salsinha, coentro e cebolinha<\/strong>: gostam de umidade moderada e sol parcial.<\/li>\n\n\n\n<li><strong>Alecrim e lavanda<\/strong>: ambos resistem bem ao calor e \u00e0 seca.<\/li>\n<\/ul>\n\n\n\n<p>Evite misturar <strong>hortel\u00e3 com outras ervas<\/strong>, pois ela se espalha demais e pode sufocar as companheiras.<\/p>\n\n\n\n<h2 class=\"wp-block-heading\">Quando e como colher as ervas arom\u00e1ticas?<\/h2>\n\n\n\n<p>A colheita das <strong>ervas arom\u00e1ticas<\/strong> pode come\u00e7ar <strong>30 a 60 dias ap\u00f3s o plantio<\/strong>, dependendo da esp\u00e9cie. Siga estas orienta\u00e7\u00f5es:<\/p>\n\n\n\n<ul class=\"wp-block-list\">\n<li>Colha <strong>pela manh\u00e3<\/strong>, quando os \u00f3leos essenciais est\u00e3o mais concentrados.<\/li>\n\n\n\n<li>Use <strong>tesoura limpa<\/strong> para cortar folhas e ramos, sem danificar a planta.<\/li>\n\n\n\n<li>Evite retirar mais que <strong>1\/3 da planta de cada vez<\/strong>, permitindo que ela se recupere.<\/li>\n<\/ul>\n\n\n\n<h2 class=\"wp-block-heading\">FAQ<\/h2>\n\n\n\n<p><strong>1. Posso plantar ervas arom\u00e1ticas na cozinha?<\/strong><br>Sim, desde que o local tenha <strong>boa ventila\u00e7\u00e3o e entrada de luz solar<\/strong>, especialmente pr\u00f3ximo a janelas.<\/p>\n\n\n\n<p><strong>2. Quanto tempo leva para crescerem?<\/strong><br>A maioria das ervas est\u00e1 pronta para colheita em <strong>30 a 60 dias<\/strong>, mas algumas como <strong>alecrim<\/strong> e <strong>tomilho<\/strong> s\u00e3o mais lentas.<\/p>\n\n\n\n<p><strong>3. Posso usar sementes do supermercado?<\/strong><br>N\u00e3o \u00e9 recomendado. Prefira sementes org\u00e2nicas ou de viveiros confi\u00e1veis para garantir germina\u00e7\u00e3o e qualidade.<\/p>\n\n\n\n<p><strong>4. Preciso replantar todo ano?<\/strong><br>Algumas ervas s\u00e3o <strong>perenes<\/strong> (como <strong>alecrim<\/strong>, <strong>hortel\u00e3<\/strong> e <strong>tomilho<\/strong>) e vivem por anos. Outras, como <strong>salsinha<\/strong> e <strong>coentro<\/strong>, s\u00e3o <strong>anuais<\/strong> e precisam ser replantadas.<\/p>\n\n\n\n<p><strong>5. Como evitar pragas nas ervas?<\/strong><br>Use <strong>calda de alho, \u00f3leo de neem<\/strong> ou <strong>plantas repelentes<\/strong> como manjeric\u00e3o pr\u00f3ximo a outras ervas. Cultivo saud\u00e1vel e ventilado previne infesta\u00e7\u00f5es.<\/p>\n","protected":false},"excerpt":{"rendered":"<p>Cultivar ervas arom\u00e1ticas em casa \u00e9 uma pr\u00e1tica simples, econ\u00f4mica e cheia de benef\u00edcios. Al\u00e9m de deixarem a comida mais saborosa e nutritiva, essas plantas trazem frescor e perfume ao ambiente. Com pouco espa\u00e7o \u2014 at\u00e9 mesmo em apartamentos \u2014 \u00e9 poss\u00edvel ter uma horta viva com esp\u00e9cies como manjeric\u00e3o, salsinha, hortel\u00e3, alecrim e muitas [&hellip;]<\/p>\n","protected":false},"author":9,"featured_media":46599,"comment_status":"open","ping_status":"open","sticky":false,"template":"","format":"standard","meta":{"jnews-multi-image_gallery":[],"jnews_single_post":{"format":"standard"},"jnews_primary_category":[],"jnews_social_meta":[],"jnews_override_counter":[],"footnotes":""},"categories":[29,1],"tags":[8556,6785,3815,8557],"class_list":["post-46585","post","type-post","status-publish","format-standard","has-post-thumbnail","hentry","category-entretenimento","category-noticias","tag-cultivo-de-temperos","tag-ervas-aromaticas","tag-horta-em-casa","tag-plantas-comestiveis"],"yoast_head":"<!-- This site is optimized with the Yoast SEO plugin v23.8 - https:\/\/yoast.com\/wordpress\/plugins\/seo\/ -->\n<title>Quais ervas plantar em casa e como cuidar de cada uma<\/title>\n<meta name=\"description\" content=\"Aprenda como cultivar ervas arom\u00e1ticas em casa com facilidade. Veja quais plantar, como cuidar e colher com sucesso em qualquer espa\u00e7o.\" \/>\n<meta name=\"robots\" content=\"index, follow, max-snippet:-1, max-image-preview:large, max-video-preview:-1\" \/>\n<link rel=\"canonical\" href=\"https:\/\/www.em.com.br\/emfoco\/2025\/05\/13\/quais-ervas-plantar-em-casa-e-como-cuidar-de-cada-uma\/\" \/>\n<meta property=\"og:locale\" content=\"pt_BR\" \/>\n<meta property=\"og:type\" content=\"article\" \/>\n<meta property=\"og:title\" content=\"Quais ervas plantar em casa e como cuidar de cada uma\" \/>\n<meta property=\"og:description\" content=\"Aprenda como cultivar ervas arom\u00e1ticas em casa com facilidade. Veja quais plantar, como cuidar e colher com sucesso em qualquer espa\u00e7o.\" \/>\n<meta property=\"og:url\" content=\"https:\/\/www.em.com.br\/emfoco\/2025\/05\/13\/quais-ervas-plantar-em-casa-e-como-cuidar-de-cada-uma\/\" \/>\n<meta property=\"og:site_name\" content=\"Estado de Minas - Em foco\" \/>\n<meta property=\"article:published_time\" content=\"2025-05-13T17:40:00+00:00\" \/>\n<meta property=\"article:modified_time\" content=\"2025-05-13T00:47:54+00:00\" \/>\n<meta property=\"og:image\" content=\"https:\/\/www.em.com.br\/emfoco\/wp-content\/uploads\/2025\/05\/coentro_1747066995506.jpg\" \/>\n\t<meta property=\"og:image:width\" content=\"1280\" \/>\n\t<meta property=\"og:image:height\" content=\"720\" \/>\n\t<meta property=\"og:image:type\" content=\"image\/jpeg\" \/>\n<meta name=\"author\" content=\"Daniely Cardoso\" \/>\n<meta name=\"twitter:card\" content=\"summary_large_image\" \/>\n<meta name=\"twitter:label1\" content=\"Escrito por\" \/>\n\t<meta name=\"twitter:data1\" content=\"Daniely Cardoso\" \/>\n\t<meta name=\"twitter:label2\" content=\"Est. tempo de leitura\" \/>\n\t<meta name=\"twitter:data2\" content=\"6 minutos\" \/>\n<!-- \/ Yoast SEO plugin. -->","yoast_head_json":{"title":"Quais ervas plantar em casa e como cuidar de cada uma","description":"Aprenda como cultivar ervas arom\u00e1ticas em casa com facilidade. Veja quais plantar, como cuidar e colher com sucesso em qualquer espa\u00e7o.","robots":{"index":"index","follow":"follow","max-snippet":"max-snippet:-1","max-image-preview":"max-image-preview:large","max-video-preview":"max-video-preview:-1"},"canonical":"https:\/\/www.em.com.br\/emfoco\/2025\/05\/13\/quais-ervas-plantar-em-casa-e-como-cuidar-de-cada-uma\/","og_locale":"pt_BR","og_type":"article","og_title":"Quais ervas plantar em casa e como cuidar de cada uma","og_description":"Aprenda como cultivar ervas arom\u00e1ticas em casa com facilidade. Veja quais plantar, como cuidar e colher com sucesso em qualquer espa\u00e7o.","og_url":"https:\/\/www.em.com.br\/emfoco\/2025\/05\/13\/quais-ervas-plantar-em-casa-e-como-cuidar-de-cada-uma\/","og_site_name":"Estado de Minas - Em foco","article_published_time":"2025-05-13T17:40:00+00:00","article_modified_time":"2025-05-13T00:47:54+00:00","og_image":[{"width":1280,"height":720,"url":"https:\/\/www.em.com.br\/emfoco\/wp-content\/uploads\/2025\/05\/coentro_1747066995506.jpg","type":"image\/jpeg"}],"author":"Daniely Cardoso","twitter_card":"summary_large_image","twitter_misc":{"Escrito por":"Daniely Cardoso","Est. tempo de leitura":"6 minutos"},"schema":{"@context":"https:\/\/schema.org","@graph":[{"@type":"WebPage","@id":"https:\/\/www.em.com.br\/emfoco\/2025\/05\/13\/quais-ervas-plantar-em-casa-e-como-cuidar-de-cada-uma\/","url":"https:\/\/www.em.com.br\/emfoco\/2025\/05\/13\/quais-ervas-plantar-em-casa-e-como-cuidar-de-cada-uma\/","name":"Quais ervas plantar em casa e como cuidar de cada uma","isPartOf":{"@id":"https:\/\/www.em.com.br\/emfoco\/#website"},"primaryImageOfPage":{"@id":"https:\/\/www.em.com.br\/emfoco\/2025\/05\/13\/quais-ervas-plantar-em-casa-e-como-cuidar-de-cada-uma\/#primaryimage"},"image":{"@id":"https:\/\/www.em.com.br\/emfoco\/2025\/05\/13\/quais-ervas-plantar-em-casa-e-como-cuidar-de-cada-uma\/#primaryimage"},"thumbnailUrl":"https:\/\/www.em.com.br\/emfoco\/wp-content\/uploads\/2025\/05\/coentro_1747066995506.jpg","datePublished":"2025-05-13T17:40:00+00:00","dateModified":"2025-05-13T00:47:54+00:00","author":{"@id":"https:\/\/www.em.com.br\/emfoco\/#\/schema\/person\/0a8186d72f2c3a5c6276d90b41f271a0"},"description":"Aprenda como cultivar ervas arom\u00e1ticas em casa com facilidade. Veja quais plantar, como cuidar e colher com sucesso em qualquer espa\u00e7o.","breadcrumb":{"@id":"https:\/\/www.em.com.br\/emfoco\/2025\/05\/13\/quais-ervas-plantar-em-casa-e-como-cuidar-de-cada-uma\/#breadcrumb"},"inLanguage":"pt-BR","potentialAction":[{"@type":"ReadAction","target":["https:\/\/www.em.com.br\/emfoco\/2025\/05\/13\/quais-ervas-plantar-em-casa-e-como-cuidar-de-cada-uma\/"]}]},{"@type":"ImageObject","inLanguage":"pt-BR","@id":"https:\/\/www.em.com.br\/emfoco\/2025\/05\/13\/quais-ervas-plantar-em-casa-e-como-cuidar-de-cada-uma\/#primaryimage","url":"https:\/\/www.em.com.br\/emfoco\/wp-content\/uploads\/2025\/05\/coentro_1747066995506.jpg","contentUrl":"https:\/\/www.em.com.br\/emfoco\/wp-content\/uploads\/2025\/05\/coentro_1747066995506.jpg","width":1280,"height":720,"caption":"O coentro \u00e9 reconhecido pela sua capacidade antiespasm\u00f3dica e carminativa - Cr\u00e9ditos: depositphotos.com \/ Tevalux11"},{"@type":"BreadcrumbList","@id":"https:\/\/www.em.com.br\/emfoco\/2025\/05\/13\/quais-ervas-plantar-em-casa-e-como-cuidar-de-cada-uma\/#breadcrumb","itemListElement":[{"@type":"ListItem","position":1,"name":"In\u00edcio","item":"https:\/\/www.em.com.br\/emfoco\/"},{"@type":"ListItem","position":2,"name":"Quais ervas plantar em casa e como cuidar de cada uma"}]},{"@type":"WebSite","@id":"https:\/\/www.em.com.br\/emfoco\/#website","url":"https:\/\/www.em.com.br\/emfoco\/","name":"Estado de Minas - Em foco","description":"Acompanhe as \u00faltimas not\u00edcias e fique bem informado sobre tudo o que acontece em Minas Gerais, Brasil e no mundo.","potentialAction":[{"@type":"SearchAction","target":{"@type":"EntryPoint","urlTemplate":"https:\/\/www.em.com.br\/emfoco\/?s={search_term_string}"},"query-input":{"@type":"PropertyValueSpecification","valueRequired":true,"valueName":"search_term_string"}}],"inLanguage":"pt-BR"},{"@type":"Person","@id":"https:\/\/www.em.com.br\/emfoco\/#\/schema\/person\/0a8186d72f2c3a5c6276d90b41f271a0","name":"Daniely Cardoso","image":{"@type":"ImageObject","inLanguage":"pt-BR","@id":"https:\/\/www.em.com.br\/emfoco\/#\/schema\/person\/image\/","url":"https:\/\/secure.gravatar.com\/avatar\/4b80ddbd124d1f071b626d52d62e5dff?s=96&d=mm&r=g","contentUrl":"https:\/\/secure.gravatar.com\/avatar\/4b80ddbd124d1f071b626d52d62e5dff?s=96&d=mm&r=g","caption":"Daniely Cardoso"},"url":"https:\/\/www.em.com.br\/emfoco\/author\/danielymyth\/"}]}},"_links":{"self":[{"href":"https:\/\/www.em.com.br\/emfoco\/wp-json\/wp\/v2\/posts\/46585","targetHints":{"allow":["GET"]}}],"collection":[{"href":"https:\/\/www.em.com.br\/emfoco\/wp-json\/wp\/v2\/posts"}],"about":[{"href":"https:\/\/www.em.com.br\/emfoco\/wp-json\/wp\/v2\/types\/post"}],"author":[{"embeddable":true,"href":"https:\/\/www.em.com.br\/emfoco\/wp-json\/wp\/v2\/users\/9"}],"replies":[{"embeddable":true,"href":"https:\/\/www.em.com.br\/emfoco\/wp-json\/wp\/v2\/comments?post=46585"}],"version-history":[{"count":2,"href":"https:\/\/www.em.com.br\/emfoco\/wp-json\/wp\/v2\/posts\/46585\/revisions"}],"predecessor-version":[{"id":46609,"href":"https:\/\/www.em.com.br\/emfoco\/wp-json\/wp\/v2\/posts\/46585\/revisions\/46609"}],"wp:featuredmedia":[{"embeddable":true,"href":"https:\/\/www.em.com.br\/emfoco\/wp-json\/wp\/v2\/media\/46599"}],"wp:attachment":[{"href":"https:\/\/www.em.com.br\/emfoco\/wp-json\/wp\/v2\/media?parent=46585"}],"wp:term":[{"taxonomy":"category","embeddable":true,"href":"https:\/\/www.em.com.br\/emfoco\/wp-json\/wp\/v2\/categories?post=46585"},{"taxonomy":"post_tag","embeddable":true,"href":"https:\/\/www.em.com.br\/emfoco\/wp-json\/wp\/v2\/tags?post=46585"}],"curies":[{"name":"wp","href":"https:\/\/api.w.org\/{rel}","templated":true}]}}