{"id":46572,"date":"2025-05-13T12:00:00","date_gmt":"2025-05-13T15:00:00","guid":{"rendered":"https:\/\/www.em.com.br\/emfoco\/?p=46572"},"modified":"2025-05-12T17:37:27","modified_gmt":"2025-05-12T20:37:27","slug":"os-principais-cuidados-para-seu-girassol-florir-mais-rapido","status":"publish","type":"post","link":"https:\/\/www.em.com.br\/emfoco\/2025\/05\/13\/os-principais-cuidados-para-seu-girassol-florir-mais-rapido\/","title":{"rendered":"Os principais cuidados para seu girassol florir mais r\u00e1pido"},"content":{"rendered":"\n<p>O <strong>girassol<\/strong> (<em>Helianthus annuus<\/em>) \u00e9 uma planta de origem <strong>norte-americana<\/strong>, famosa por sua beleza imponente, cores vibrantes e a capacidade de seguir o movimento do sol durante o dia. Al\u00e9m de ornamental, o girassol \u00e9 cultivado para produ\u00e7\u00e3o de sementes, \u00f3leo vegetal e atra\u00e7\u00e3o de polinizadores. Este guia vai te mostrar como <a href=\"https:\/\/www.em.com.br\/emfoco\/2025\/05\/11\/aprenda-a-cultivar-em-casa-flores-que-afastam-energias-negativas\/\" target=\"_blank\" rel=\"noreferrer noopener\">plantar <\/a>girassol com sucesso, tanto em vasos quanto no solo, incluindo os cuidados necess\u00e1rios e o que fazer para obter flores saud\u00e1veis e vistosas.<\/p>\n\n\n\n<h2 class=\"wp-block-heading\">Qual \u00e9 o clima ideal e o solo mais adequado para plantar girassol?<\/h2>\n\n\n\n<p>O <strong>girassol<\/strong> prefere <strong>climas quentes e ensolarados<\/strong>, sendo uma planta de sol pleno. O ideal \u00e9 cultiv\u00e1-lo em locais com <strong>temperaturas entre 18\u00b0C e 30\u00b0C<\/strong>, evitando geadas e regi\u00f5es de sombra prolongada.<\/p>\n\n\n\n<p>O solo precisa ser:<\/p>\n\n\n\n<ul class=\"wp-block-list\">\n<li><strong>Bem drenado<\/strong><\/li>\n\n\n\n<li><strong>F\u00e9rtil<\/strong><\/li>\n\n\n\n<li><strong>Com pH entre 6,0 e 7,5<\/strong><\/li>\n\n\n\n<li>Rico em <strong>mat\u00e9ria org\u00e2nica<\/strong><\/li>\n<\/ul>\n\n\n\n<p>Antes do plantio, recomenda-se revolver o solo a cerca de 30 cm de profundidade e incorporar <a href=\"https:\/\/rehagro.com.br\/blog\/composto-organico-quais-os-beneficios-como-e-feito\/\" target=\"_blank\" rel=\"noreferrer noopener\">composto org\u00e2nico<\/a><strong> ou esterco curtido<\/strong>, o que proporciona um excelente desenvolvimento radicular.<\/p>\n\n\n\n<h2 class=\"wp-block-heading\">Como escolher as sementes de girassol?<\/h2>\n\n\n\n<p>H\u00e1 diferentes tipos de <strong>girass\u00f3is<\/strong>, e a escolha da semente depende do seu objetivo:<\/p>\n\n\n\n<ul class=\"wp-block-list\">\n<li><strong>Ornamentais<\/strong>: possuem menor porte (entre 30 e 90 cm de altura) e s\u00e3o ideais para vasos ou jardins.<\/li>\n\n\n\n<li><strong>Agr\u00edcolas<\/strong>: cultivados para produ\u00e7\u00e3o de sementes e \u00f3leo, podem ultrapassar 2 metros de altura.<\/li>\n\n\n\n<li><strong>Mini girassol<\/strong>: indicado para ambientes internos e vasos pequenos, com cerca de 40 cm de altura.<\/li>\n<\/ul>\n\n\n\n<p>Procure sementes de fornecedores confi\u00e1veis e verifique a <strong>viabilidade e validade<\/strong> na embalagem. As marcas <strong>Isla<\/strong>, <strong>Feltrin<\/strong> e <strong>Topseed<\/strong> s\u00e3o bastante populares no Brasil.<\/p>\n\n\n\n<h2 class=\"wp-block-heading\">Como preparar o solo e fazer a semeadura?<\/h2>\n\n\n\n<p>O <strong>girassol<\/strong> pode ser plantado <strong>direto no solo ou em vasos<\/strong>, com germina\u00e7\u00e3o r\u00e1pida e f\u00e1cil. Siga este passo a passo:<\/p>\n\n\n\n<ol class=\"wp-block-list\">\n<li>Prepare o solo com adubo org\u00e2nico ou composto.<\/li>\n\n\n\n<li>Fa\u00e7a covas de <strong>3 a 5 cm de profundidade<\/strong>.<\/li>\n\n\n\n<li>Coloque de 2 a 3 sementes por cova.<\/li>\n\n\n\n<li>Mantenha espa\u00e7amento de:\n<ul class=\"wp-block-list\">\n<li><strong>30 cm entre plantas<\/strong> para variedades an\u00e3s<\/li>\n\n\n\n<li><strong>50 cm a 1 metro<\/strong> para variedades grandes<\/li>\n<\/ul>\n<\/li>\n\n\n\n<li>Ap\u00f3s a germina\u00e7\u00e3o (5 a 10 dias), <strong>mantenha apenas a muda mais vigorosa<\/strong>.<\/li>\n<\/ol>\n\n\n\n<p>Em vasos, utilize recipientes com <strong>m\u00ednimo de 30 cm de profundidade e boa drenagem<\/strong>. Prefira substrato leve e f\u00e9rtil, pr\u00f3prio para flores.<\/p>\n\n\n<div class=\"wp-block-image\">\n<figure class=\"aligncenter size-large\"><img loading=\"lazy\" decoding=\"async\" width=\"1024\" height=\"576\" src=\"https:\/\/www.em.com.br\/emfoco\/wp-content\/uploads\/2025\/05\/girassol-_1747066789073-1024x576.jpg\" alt=\"Os principais cuidados para seu girassol florir mais r\u00e1pido\" class=\"wp-image-46595\" srcset=\"https:\/\/www.em.com.br\/emfoco\/wp-content\/uploads\/2025\/05\/girassol-_1747066789073-1024x576.jpg 1024w, https:\/\/www.em.com.br\/emfoco\/wp-content\/uploads\/2025\/05\/girassol-_1747066789073-300x169.jpg 300w, https:\/\/www.em.com.br\/emfoco\/wp-content\/uploads\/2025\/05\/girassol-_1747066789073-768x432.jpg 768w, https:\/\/www.em.com.br\/emfoco\/wp-content\/uploads\/2025\/05\/girassol-_1747066789073-750x422.jpg 750w, https:\/\/www.em.com.br\/emfoco\/wp-content\/uploads\/2025\/05\/girassol-_1747066789073-1140x642.jpg 1140w, https:\/\/www.em.com.br\/emfoco\/wp-content\/uploads\/2025\/05\/girassol-_1747066789073.jpg 1279w\" sizes=\"auto, (max-width: 1024px) 100vw, 1024px\" \/><figcaption class=\"wp-element-caption\">Girassol &#8211; Cr\u00e9ditos: depositphotos.com \/ soleg<\/figcaption><\/figure><\/div>\n\n\n<h2 class=\"wp-block-heading\">Quais os cuidados essenciais durante o cultivo do girassol?<\/h2>\n\n\n\n<p>Apesar de ser uma planta r\u00fastica, o <strong>girassol<\/strong> precisa de aten\u00e7\u00e3o para crescer forte e bonito.<\/p>\n\n\n\n<h3 class=\"wp-block-heading\">Rega<\/h3>\n\n\n\n<ul class=\"wp-block-list\">\n<li><strong>Mantenha o solo levemente \u00famido<\/strong>, sem encharcar.<\/li>\n\n\n\n<li>Regue <strong>2 a 3 vezes por semana<\/strong>, aumentando nos dias mais quentes.<\/li>\n<\/ul>\n\n\n\n<h3 class=\"wp-block-heading\">Luz solar<\/h3>\n\n\n\n<ul class=\"wp-block-list\">\n<li>Exige <strong>no m\u00ednimo 6 horas de sol direto por dia<\/strong>.<\/li>\n\n\n\n<li>Quanto mais sol, maior e mais vibrante ser\u00e1 a flor.<\/li>\n<\/ul>\n\n\n\n<h3 class=\"wp-block-heading\">Nutri\u00e7\u00e3o<\/h3>\n\n\n\n<ul class=\"wp-block-list\">\n<li><strong>Adube a cada 20 a 30 dias<\/strong> com NPK 4-14-8 ou adubo org\u00e2nico.<\/li>\n\n\n\n<li>Pode-se usar tamb\u00e9m farinha de osso e torta de mamona para estimular flora\u00e7\u00e3o.<\/li>\n<\/ul>\n\n\n\n<h3 class=\"wp-block-heading\">Tutoramento<\/h3>\n\n\n\n<p>Para variedades maiores, use <strong>estacas de bambu ou madeira<\/strong> para evitar tombamentos causados pelo peso das flores ou vento forte.<\/p>\n\n\n\n<h2 class=\"wp-block-heading\">Como lidar com pragas e doen\u00e7as do girassol?<\/h2>\n\n\n\n<p>O <strong>girassol<\/strong> \u00e9 relativamente resistente, mas pode ser atacado por algumas pragas:<\/p>\n\n\n\n<ul class=\"wp-block-list\">\n<li><strong>Pulg\u00f5es<\/strong>: pequenos insetos que se alimentam da seiva. Controle com calda de fumo ou \u00f3leo de neem.<\/li>\n\n\n\n<li><strong>Lagartas<\/strong>: podem comer folhas e flores. Remova manualmente ou aplique BT (Bacillus thuringiensis).<\/li>\n\n\n\n<li><strong>Ferrugem<\/strong> e <strong>m\u00edldio<\/strong>: doen\u00e7as f\u00fangicas que causam manchas nas folhas. Use fungicidas naturais como calda bordalesa.<\/li>\n<\/ul>\n\n\n\n<p>Evite o excesso de umidade e plante em locais bem ventilados para prevenir doen\u00e7as.<\/p>\n\n\n\n<h2 class=\"wp-block-heading\">Quando e como \u00e9 feita a colheita das sementes de girassol?<\/h2>\n\n\n\n<p>Se o objetivo \u00e9 colher <strong>sementes de girassol<\/strong>, o processo \u00e9 simples:<\/p>\n\n\n\n<ol class=\"wp-block-list\">\n<li>Aguarde a flor murchar e secar naturalmente.<\/li>\n\n\n\n<li>A parte central da flor (cap\u00edtulo) mudar\u00e1 de verde para <strong>marrom<\/strong>.<\/li>\n\n\n\n<li>Corte a flor com uma tesoura e deixe secar de cabe\u00e7a para baixo em local seco e arejado.<\/li>\n\n\n\n<li>Ap\u00f3s 1 a 2 semanas, retire as sementes manualmente com os dedos ou escovando levemente.<\/li>\n<\/ol>\n\n\n\n<p>As sementes podem ser consumidas torradas, utilizadas no plantio ou at\u00e9 como ra\u00e7\u00e3o para p\u00e1ssaros.<\/p>\n\n\n\n<h2 class=\"wp-block-heading\">\u00c9 poss\u00edvel cultivar girassol em vasos?<\/h2>\n\n\n\n<p>Sim! O <strong>girassol<\/strong> se adapta bem a vasos, especialmente as vers\u00f5es an\u00e3s e ornamentais.<\/p>\n\n\n\n<p>Dicas para o cultivo em vaso:<\/p>\n\n\n\n<ul class=\"wp-block-list\">\n<li>Escolha <strong>vasos com pelo menos 30 cm de altura e largura<\/strong>.<\/li>\n\n\n\n<li>Use <strong>substrato leve e rico em mat\u00e9ria org\u00e2nica<\/strong>.<\/li>\n\n\n\n<li>Posicione o vaso em <strong>local com sol direto<\/strong>.<\/li>\n\n\n\n<li>Regue frequentemente, sem encharcar.<\/li>\n<\/ul>\n\n\n\n<p>Variedades como o <strong>Girassol Enano<\/strong>, <strong>Sunspot<\/strong> ou <strong>Pacino<\/strong> s\u00e3o ideais para vasos e t\u00eam excelente valor decorativo.<\/p>\n\n\n\n<h2 class=\"wp-block-heading\">FAQ<\/h2>\n\n\n\n<p><strong>1. O girassol precisa de muito sol?<\/strong><br>Sim. O <strong>girassol<\/strong> \u00e9 uma planta de <strong>sol pleno<\/strong>, necessitando de pelo menos <strong>6 horas di\u00e1rias de luz direta<\/strong>.<\/p>\n\n\n\n<p><strong>2. Posso plantar girassol o ano todo?<\/strong><br>Pode, em regi\u00f5es quentes. Mas o ideal \u00e9 <strong>plantar na primavera ou ver\u00e3o<\/strong>, quando h\u00e1 maior incid\u00eancia solar e temperatura adequada.<\/p>\n\n\n\n<p><strong>3. Em quanto tempo o girassol floresce?<\/strong><br>Em geral, o <strong>girassol floresce entre 60 e 90 dias<\/strong> ap\u00f3s a semeadura, dependendo da variedade.<\/p>\n\n\n\n<p><strong>4. O girassol pode ser plantado em vasos pequenos?<\/strong><br>Somente variedades an\u00e3s. Para as demais, utilize vasos maiores ou cultive direto no solo.<\/p>\n\n\n\n<p><strong>5. As sementes do girassol plantado em casa s\u00e3o comest\u00edveis?<\/strong><br>Sim, se n\u00e3o forem tratadas com produtos qu\u00edmicos. <strong>As sementes podem ser consumidas torradas ou usadas como petisco saud\u00e1vel<\/strong>.<\/p>\n","protected":false},"excerpt":{"rendered":"<p>O girassol (Helianthus annuus) \u00e9 uma planta de origem norte-americana, famosa por sua beleza imponente, cores vibrantes e a capacidade de seguir o movimento do sol durante o dia. Al\u00e9m de ornamental, o girassol \u00e9 cultivado para produ\u00e7\u00e3o de sementes, \u00f3leo vegetal e atra\u00e7\u00e3o de polinizadores. Este guia vai te mostrar como plantar girassol com [&hellip;]<\/p>\n","protected":false},"author":9,"featured_media":46251,"comment_status":"open","ping_status":"open","sticky":false,"template":"","format":"standard","meta":{"jnews-multi-image_gallery":[],"jnews_single_post":{"format":"standard"},"jnews_primary_category":[],"jnews_social_meta":[],"jnews_override_counter":[],"footnotes":""},"categories":[29,1],"tags":[8555,7812,8177,7638],"class_list":["post-46572","post","type-post","status-publish","format-standard","has-post-thumbnail","hentry","category-entretenimento","category-noticias","tag-cultivo-de-girassol","tag-flores-em-vasos","tag-jardinagem-domestica","tag-plantas-ornamentais"],"yoast_head":"<!-- This site is optimized with the Yoast SEO plugin v23.8 - https:\/\/yoast.com\/wordpress\/plugins\/seo\/ -->\n<title>Os principais cuidados para seu girassol florir mais r\u00e1pido<\/title>\n<meta name=\"description\" content=\"Aprenda como plantar girassol em vasos ou no solo, veja os cuidados essenciais e colha flores lindas e saud\u00e1veis em casa.\" \/>\n<meta name=\"robots\" content=\"index, follow, max-snippet:-1, max-image-preview:large, max-video-preview:-1\" \/>\n<link rel=\"canonical\" href=\"https:\/\/www.em.com.br\/emfoco\/2025\/05\/13\/os-principais-cuidados-para-seu-girassol-florir-mais-rapido\/\" \/>\n<meta property=\"og:locale\" content=\"pt_BR\" \/>\n<meta property=\"og:type\" content=\"article\" \/>\n<meta property=\"og:title\" content=\"Os principais cuidados para seu girassol florir mais r\u00e1pido\" \/>\n<meta property=\"og:description\" content=\"Aprenda como plantar girassol em vasos ou no solo, veja os cuidados essenciais e colha flores lindas e saud\u00e1veis em casa.\" \/>\n<meta property=\"og:url\" content=\"https:\/\/www.em.com.br\/emfoco\/2025\/05\/13\/os-principais-cuidados-para-seu-girassol-florir-mais-rapido\/\" \/>\n<meta property=\"og:site_name\" content=\"Estado de Minas - Em foco\" \/>\n<meta property=\"article:published_time\" content=\"2025-05-13T15:00:00+00:00\" \/>\n<meta property=\"article:modified_time\" content=\"2025-05-12T20:37:27+00:00\" \/>\n<meta property=\"og:image\" content=\"https:\/\/www.em.com.br\/emfoco\/wp-content\/uploads\/2025\/05\/Girassol_1746891780391.jpg\" \/>\n\t<meta property=\"og:image:width\" content=\"1280\" \/>\n\t<meta property=\"og:image:height\" content=\"720\" \/>\n\t<meta property=\"og:image:type\" content=\"image\/jpeg\" \/>\n<meta name=\"author\" content=\"Daniely Cardoso\" \/>\n<meta name=\"twitter:card\" content=\"summary_large_image\" \/>\n<meta name=\"twitter:label1\" content=\"Escrito por\" \/>\n\t<meta name=\"twitter:data1\" content=\"Daniely Cardoso\" \/>\n\t<meta name=\"twitter:label2\" content=\"Est. tempo de leitura\" \/>\n\t<meta name=\"twitter:data2\" content=\"6 minutos\" \/>\n<!-- \/ Yoast SEO plugin. -->","yoast_head_json":{"title":"Os principais cuidados para seu girassol florir mais r\u00e1pido","description":"Aprenda como plantar girassol em vasos ou no solo, veja os cuidados essenciais e colha flores lindas e saud\u00e1veis em casa.","robots":{"index":"index","follow":"follow","max-snippet":"max-snippet:-1","max-image-preview":"max-image-preview:large","max-video-preview":"max-video-preview:-1"},"canonical":"https:\/\/www.em.com.br\/emfoco\/2025\/05\/13\/os-principais-cuidados-para-seu-girassol-florir-mais-rapido\/","og_locale":"pt_BR","og_type":"article","og_title":"Os principais cuidados para seu girassol florir mais r\u00e1pido","og_description":"Aprenda como plantar girassol em vasos ou no solo, veja os cuidados essenciais e colha flores lindas e saud\u00e1veis em casa.","og_url":"https:\/\/www.em.com.br\/emfoco\/2025\/05\/13\/os-principais-cuidados-para-seu-girassol-florir-mais-rapido\/","og_site_name":"Estado de Minas - Em foco","article_published_time":"2025-05-13T15:00:00+00:00","article_modified_time":"2025-05-12T20:37:27+00:00","og_image":[{"width":1280,"height":720,"url":"https:\/\/www.em.com.br\/emfoco\/wp-content\/uploads\/2025\/05\/Girassol_1746891780391.jpg","type":"image\/jpeg"}],"author":"Daniely Cardoso","twitter_card":"summary_large_image","twitter_misc":{"Escrito por":"Daniely Cardoso","Est. tempo de leitura":"6 minutos"},"schema":{"@context":"https:\/\/schema.org","@graph":[{"@type":"WebPage","@id":"https:\/\/www.em.com.br\/emfoco\/2025\/05\/13\/os-principais-cuidados-para-seu-girassol-florir-mais-rapido\/","url":"https:\/\/www.em.com.br\/emfoco\/2025\/05\/13\/os-principais-cuidados-para-seu-girassol-florir-mais-rapido\/","name":"Os principais cuidados para seu girassol florir mais r\u00e1pido","isPartOf":{"@id":"https:\/\/www.em.com.br\/emfoco\/#website"},"primaryImageOfPage":{"@id":"https:\/\/www.em.com.br\/emfoco\/2025\/05\/13\/os-principais-cuidados-para-seu-girassol-florir-mais-rapido\/#primaryimage"},"image":{"@id":"https:\/\/www.em.com.br\/emfoco\/2025\/05\/13\/os-principais-cuidados-para-seu-girassol-florir-mais-rapido\/#primaryimage"},"thumbnailUrl":"https:\/\/www.em.com.br\/emfoco\/wp-content\/uploads\/2025\/05\/Girassol_1746891780391.jpg","datePublished":"2025-05-13T15:00:00+00:00","dateModified":"2025-05-12T20:37:27+00:00","author":{"@id":"https:\/\/www.em.com.br\/emfoco\/#\/schema\/person\/0a8186d72f2c3a5c6276d90b41f271a0"},"description":"Aprenda como plantar girassol em vasos ou no solo, veja os cuidados essenciais e colha flores lindas e saud\u00e1veis em casa.","breadcrumb":{"@id":"https:\/\/www.em.com.br\/emfoco\/2025\/05\/13\/os-principais-cuidados-para-seu-girassol-florir-mais-rapido\/#breadcrumb"},"inLanguage":"pt-BR","potentialAction":[{"@type":"ReadAction","target":["https:\/\/www.em.com.br\/emfoco\/2025\/05\/13\/os-principais-cuidados-para-seu-girassol-florir-mais-rapido\/"]}]},{"@type":"ImageObject","inLanguage":"pt-BR","@id":"https:\/\/www.em.com.br\/emfoco\/2025\/05\/13\/os-principais-cuidados-para-seu-girassol-florir-mais-rapido\/#primaryimage","url":"https:\/\/www.em.com.br\/emfoco\/wp-content\/uploads\/2025\/05\/Girassol_1746891780391.jpg","contentUrl":"https:\/\/www.em.com.br\/emfoco\/wp-content\/uploads\/2025\/05\/Girassol_1746891780391.jpg","width":1280,"height":720,"caption":"Girassol - Cr\u00e9ditos: depositphotos.com \/ kavita"},{"@type":"BreadcrumbList","@id":"https:\/\/www.em.com.br\/emfoco\/2025\/05\/13\/os-principais-cuidados-para-seu-girassol-florir-mais-rapido\/#breadcrumb","itemListElement":[{"@type":"ListItem","position":1,"name":"In\u00edcio","item":"https:\/\/www.em.com.br\/emfoco\/"},{"@type":"ListItem","position":2,"name":"Os principais cuidados para seu girassol florir mais r\u00e1pido"}]},{"@type":"WebSite","@id":"https:\/\/www.em.com.br\/emfoco\/#website","url":"https:\/\/www.em.com.br\/emfoco\/","name":"Estado de Minas - Em foco","description":"Acompanhe as \u00faltimas not\u00edcias e fique bem informado sobre tudo o que acontece em Minas Gerais, Brasil e no mundo.","potentialAction":[{"@type":"SearchAction","target":{"@type":"EntryPoint","urlTemplate":"https:\/\/www.em.com.br\/emfoco\/?s={search_term_string}"},"query-input":{"@type":"PropertyValueSpecification","valueRequired":true,"valueName":"search_term_string"}}],"inLanguage":"pt-BR"},{"@type":"Person","@id":"https:\/\/www.em.com.br\/emfoco\/#\/schema\/person\/0a8186d72f2c3a5c6276d90b41f271a0","name":"Daniely Cardoso","image":{"@type":"ImageObject","inLanguage":"pt-BR","@id":"https:\/\/www.em.com.br\/emfoco\/#\/schema\/person\/image\/","url":"https:\/\/secure.gravatar.com\/avatar\/4b80ddbd124d1f071b626d52d62e5dff?s=96&d=mm&r=g","contentUrl":"https:\/\/secure.gravatar.com\/avatar\/4b80ddbd124d1f071b626d52d62e5dff?s=96&d=mm&r=g","caption":"Daniely Cardoso"},"url":"https:\/\/www.em.com.br\/emfoco\/author\/danielymyth\/"}]}},"_links":{"self":[{"href":"https:\/\/www.em.com.br\/emfoco\/wp-json\/wp\/v2\/posts\/46572","targetHints":{"allow":["GET"]}}],"collection":[{"href":"https:\/\/www.em.com.br\/emfoco\/wp-json\/wp\/v2\/posts"}],"about":[{"href":"https:\/\/www.em.com.br\/emfoco\/wp-json\/wp\/v2\/types\/post"}],"author":[{"embeddable":true,"href":"https:\/\/www.em.com.br\/emfoco\/wp-json\/wp\/v2\/users\/9"}],"replies":[{"embeddable":true,"href":"https:\/\/www.em.com.br\/emfoco\/wp-json\/wp\/v2\/comments?post=46572"}],"version-history":[{"count":3,"href":"https:\/\/www.em.com.br\/emfoco\/wp-json\/wp\/v2\/posts\/46572\/revisions"}],"predecessor-version":[{"id":46602,"href":"https:\/\/www.em.com.br\/emfoco\/wp-json\/wp\/v2\/posts\/46572\/revisions\/46602"}],"wp:featuredmedia":[{"embeddable":true,"href":"https:\/\/www.em.com.br\/emfoco\/wp-json\/wp\/v2\/media\/46251"}],"wp:attachment":[{"href":"https:\/\/www.em.com.br\/emfoco\/wp-json\/wp\/v2\/media?parent=46572"}],"wp:term":[{"taxonomy":"category","embeddable":true,"href":"https:\/\/www.em.com.br\/emfoco\/wp-json\/wp\/v2\/categories?post=46572"},{"taxonomy":"post_tag","embeddable":true,"href":"https:\/\/www.em.com.br\/emfoco\/wp-json\/wp\/v2\/tags?post=46572"}],"curies":[{"name":"wp","href":"https:\/\/api.w.org\/{rel}","templated":true}]}}