{"id":4641,"date":"2024-12-13T10:00:00","date_gmt":"2024-12-13T13:00:00","guid":{"rendered":"https:\/\/www.em.com.br\/emfoco\/?p=4641"},"modified":"2024-12-12T19:19:48","modified_gmt":"2024-12-12T22:19:48","slug":"cartao-de-credito-passado-ou-futuro-venha-conferir","status":"publish","type":"post","link":"https:\/\/www.em.com.br\/emfoco\/2024\/12\/13\/cartao-de-credito-passado-ou-futuro-venha-conferir\/","title":{"rendered":"Cart\u00e3o de cr\u00e9dito: passado ou futuro? Venha Conferir"},"content":{"rendered":"\n<p>A inova\u00e7\u00e3o no setor financeiro est\u00e1 prestes a ganhar um novo cap\u00edtulo com a integra\u00e7\u00e3o do cr\u00e9dito ao <a href=\"https:\/\/pt.wikipedia.org\/wiki\/Pix\" target=\"_blank\" rel=\"noreferrer noopener\">PIX<\/a>, prevista pelo Banco Central do Brasil at\u00e9 o final de 2025. Essa transforma\u00e7\u00e3o pode sinalizar uma mudan\u00e7a significativa na forma como os brasileiros realizam transa\u00e7\u00f5es de <a href=\"https:\/\/www.em.com.br\/emfoco\/2024\/12\/08\/o-cartao-de-credito-virou-um-vilao\/\" target=\"_blank\" rel=\"noreferrer noopener\">cr\u00e9dito<\/a>, dispensando o uso do cart\u00e3o f\u00edsico. A introdu\u00e7\u00e3o dessa funcionalidade promete agilidade e menos custos nas transa\u00e7\u00f5es, al\u00e9m de simplificar o processo de compra tanto para consumidores quanto para comerciantes.<\/p>\n\n\n\n<p>O PIX, lan\u00e7ado em outubro de 2020, rapidamente se estabeleceu como uma das ferramentas preferidas dos brasileiros para transa\u00e7\u00f5es financeiras di\u00e1rias. A ideia de integrar o cr\u00e9dito ao PIX pode revolucionar ainda mais o mercado ao permitir que pagamentos parcelados sejam feitos diretamente por dispositivos m\u00f3veis, aproximando-se da praticidade do dinheiro em esp\u00e9cie, mas com a seguran\u00e7a digital.<\/p>\n\n\n\n<h2 class=\"wp-block-heading\">Como Funcionar\u00e1 a Integra\u00e7\u00e3o do Cr\u00e9dito ao PIX?<\/h2>\n\n\n\n<p>A proposta do Banco Central de integrar o cr\u00e9dito ao PIX visa modernizar os m\u00e9todos de pagamento, tornando-os mais c\u00e9leres e reduzindo a depend\u00eancia do pl\u00e1stico dos cart\u00f5es de cr\u00e9dito. Com essa funcionalidade, ser\u00e1 poss\u00edvel realizar pagamentos parcelados de forma direta pelo celular, eliminando a necessidade de cart\u00f5es f\u00edsicos e trazendo mais conveni\u00eancia ao usu\u00e1rio.<\/p>\n\n\n\n<p>Para facilitar esta transi\u00e7\u00e3o, algumas institui\u00e7\u00f5es financeiras j\u00e1 oferecem op\u00e7\u00f5es de parcelamento via PIX em at\u00e9 24 vezes. Essa possibilidade visa rivalizar com as condi\u00e7\u00f5es dos cart\u00f5es convencionais, por\u00e9m, com a tend\u00eancia de oferecer taxas menos onerosas ou at\u00e9 mesmo nulas.<\/p>\n\n\n<div class=\"wp-block-image\">\n<figure class=\"aligncenter size-large\"><img loading=\"lazy\" decoding=\"async\" width=\"1024\" height=\"576\" src=\"https:\/\/www.em.com.br\/emfoco\/wp-content\/uploads\/2024\/12\/Pix_1733327884053-1024x576.jpg\" alt=\"\" class=\"wp-image-3204\" srcset=\"https:\/\/www.em.com.br\/emfoco\/wp-content\/uploads\/2024\/12\/Pix_1733327884053-1024x576.jpg 1024w, https:\/\/www.em.com.br\/emfoco\/wp-content\/uploads\/2024\/12\/Pix_1733327884053-300x169.jpg 300w, https:\/\/www.em.com.br\/emfoco\/wp-content\/uploads\/2024\/12\/Pix_1733327884053-768x432.jpg 768w, https:\/\/www.em.com.br\/emfoco\/wp-content\/uploads\/2024\/12\/Pix_1733327884053-750x422.jpg 750w, https:\/\/www.em.com.br\/emfoco\/wp-content\/uploads\/2024\/12\/Pix_1733327884053-1140x641.jpg 1140w, https:\/\/www.em.com.br\/emfoco\/wp-content\/uploads\/2024\/12\/Pix_1733327884053.jpg 1280w\" sizes=\"auto, (max-width: 1024px) 100vw, 1024px\" \/><figcaption class=\"wp-element-caption\">Aplicativo Pix &#8211; Cr\u00e9ditos: depositphotos.com \/ rafapress<\/figcaption><\/figure><\/div>\n\n\n<h2 class=\"wp-block-heading\">Quais os Benef\u00edcios da Nova Fun\u00e7\u00e3o do PIX?<\/h2>\n\n\n\n<p>A integra\u00e7\u00e3o do cr\u00e9dito ao PIX n\u00e3o s\u00f3 beneficiar\u00e1 os consumidores, mas tamb\u00e9m proporcionar\u00e1 vantagens significativas para os lojistas. Entre os principais benef\u00edcios, destacam-se:<\/p>\n\n\n\n<ul class=\"wp-block-list\">\n<li><strong>Redu\u00e7\u00e3o de Custos:<\/strong> A diminui\u00e7\u00e3o das taxas operacionais pode resultar em pre\u00e7os mais competitivos para os consumidores.<\/li>\n\n\n\n<li><strong>Agilidade nas Transa\u00e7\u00f5es:<\/strong> Pagamentos r\u00e1pidos e instant\u00e2neos, sem a necessidade de intermedi\u00e1rios f\u00edsicos.<\/li>\n\n\n\n<li><strong>Mercado Mais Eficiente:<\/strong> Com menos burocracia, tanto empresas quanto clientes poder\u00e3o gerenciar suas finan\u00e7as de maneira mais eficaz.<\/li>\n<\/ul>\n\n\n\n<h2 class=\"wp-block-heading\">Quais as Novas Regras para Transa\u00e7\u00f5es com PIX Acima de R$ 1.000?<\/h2>\n\n\n\n<p>Al\u00e9m das inova\u00e7\u00f5es esperadas, o Banco Central tamb\u00e9m implementou novas regras para tornar as transa\u00e7\u00f5es mais seguras. Desde novembro deste ano, foram estabelecidos limites di\u00e1rios para transa\u00e7\u00f5es e acessos via PIX realizados por dispositivos n\u00e3o cadastrados. Essas medidas visam evitar fraudes e aumentar a seguran\u00e7a dos usu\u00e1rios.<\/p>\n\n\n\n<p>O limite de forma geral \u00e9 fixado em R$ 1.000 por dia, exceto quando o acesso \u00e9 feito por dispositivos n\u00e3o reconhecidos, onde o limite cai para R$ 200 por opera\u00e7\u00e3o. Assim, o objetivo \u00e9 proteger tanto as contas dos usu\u00e1rios quanto a credibilidade do sistema financeiro nacional.<\/p>\n\n\n\n<h2 class=\"wp-block-heading\">A Nova Era dos Pagamentos: Desafios e Perspectivas<\/h2>\n\n\n\n<p>A transi\u00e7\u00e3o para pagamentos digitais sem cart\u00e3o f\u00edsico representa um avan\u00e7o significativo, refletindo as tend\u00eancias globais de digitaliza\u00e7\u00e3o financeira. Contudo, \u00e9 essencial que o processo aborde desafios como inclus\u00e3o digital e acesso equitativo \u00e0 tecnologia para evitar disparidades no uso da nova funcionalidade.<\/p>\n\n\n\n<p>\u00c0 medida que o mercado se adapta, estas inova\u00e7\u00f5es podem consolidar o PIX como um dos sistemas de pagamento mais eficientes do mundo, promovendo um ambiente econ\u00f4mico mais din\u00e2mico e acess\u00edvel para todos os brasileiros.<\/p>\n","protected":false},"excerpt":{"rendered":"<p>A inova\u00e7\u00e3o no setor financeiro est\u00e1 prestes a ganhar um novo cap\u00edtulo com a integra\u00e7\u00e3o do cr\u00e9dito ao PIX, prevista pelo Banco Central do Brasil at\u00e9 o final de 2025. Essa transforma\u00e7\u00e3o pode sinalizar uma mudan\u00e7a significativa na forma como os brasileiros realizam transa\u00e7\u00f5es de cr\u00e9dito, dispensando o uso do cart\u00e3o f\u00edsico. A introdu\u00e7\u00e3o dessa [&hellip;]<\/p>\n","protected":false},"author":7,"featured_media":3374,"comment_status":"open","ping_status":"open","sticky":false,"template":"","format":"standard","meta":{"jnews-multi-image_gallery":[],"jnews_single_post":{"format":"standard"},"jnews_primary_category":[],"jnews_social_meta":[],"jnews_override_counter":[],"footnotes":""},"categories":[28],"tags":[158,296,1938,1514,1939],"class_list":["post-4641","post","type-post","status-publish","format-standard","has-post-thumbnail","hentry","category-economia","tag-brasil","tag-dinheiro","tag-pagamentos-instantaneos","tag-pix","tag-transferencia"],"yoast_head":"<!-- This site is optimized with the Yoast SEO plugin v23.8 - https:\/\/yoast.com\/wordpress\/plugins\/seo\/ -->\n<title>Cart\u00e3o de cr\u00e9dito: passado ou futuro? Venha Conferir - Estado de Minas - Em foco<\/title>\n<meta name=\"description\" content=\"Brasil pode revolucionar os sistemas de pagamento? Confira como!\" \/>\n<meta name=\"robots\" content=\"index, follow, max-snippet:-1, max-image-preview:large, max-video-preview:-1\" \/>\n<link rel=\"canonical\" href=\"https:\/\/www.em.com.br\/emfoco\/2024\/12\/13\/cartao-de-credito-passado-ou-futuro-venha-conferir\/\" \/>\n<meta property=\"og:locale\" content=\"pt_BR\" \/>\n<meta property=\"og:type\" content=\"article\" \/>\n<meta property=\"og:title\" content=\"Cart\u00e3o de cr\u00e9dito: passado ou futuro? Venha Conferir - Estado de Minas - Em foco\" \/>\n<meta property=\"og:description\" content=\"Brasil pode revolucionar os sistemas de pagamento? Confira como!\" \/>\n<meta property=\"og:url\" content=\"https:\/\/www.em.com.br\/emfoco\/2024\/12\/13\/cartao-de-credito-passado-ou-futuro-venha-conferir\/\" \/>\n<meta property=\"og:site_name\" content=\"Estado de Minas - Em foco\" \/>\n<meta property=\"article:published_time\" content=\"2024-12-13T13:00:00+00:00\" \/>\n<meta property=\"article:modified_time\" content=\"2024-12-12T22:19:48+00:00\" \/>\n<meta property=\"og:image\" content=\"https:\/\/www.em.com.br\/emfoco\/wp-content\/uploads\/2024\/12\/Cartao-de-Credito_1733376754310.jpg\" \/>\n\t<meta property=\"og:image:width\" content=\"1280\" \/>\n\t<meta property=\"og:image:height\" content=\"720\" \/>\n\t<meta property=\"og:image:type\" content=\"image\/jpeg\" \/>\n<meta name=\"author\" content=\"Kelvin\" \/>\n<meta name=\"twitter:card\" content=\"summary_large_image\" \/>\n<meta name=\"twitter:label1\" content=\"Escrito por\" \/>\n\t<meta name=\"twitter:data1\" content=\"Kelvin\" \/>\n\t<meta name=\"twitter:label2\" content=\"Est. tempo de leitura\" \/>\n\t<meta name=\"twitter:data2\" content=\"4 minutos\" \/>\n<!-- \/ Yoast SEO plugin. -->","yoast_head_json":{"title":"Cart\u00e3o de cr\u00e9dito: passado ou futuro? Venha Conferir - Estado de Minas - Em foco","description":"Brasil pode revolucionar os sistemas de pagamento? Confira como!","robots":{"index":"index","follow":"follow","max-snippet":"max-snippet:-1","max-image-preview":"max-image-preview:large","max-video-preview":"max-video-preview:-1"},"canonical":"https:\/\/www.em.com.br\/emfoco\/2024\/12\/13\/cartao-de-credito-passado-ou-futuro-venha-conferir\/","og_locale":"pt_BR","og_type":"article","og_title":"Cart\u00e3o de cr\u00e9dito: passado ou futuro? Venha Conferir - Estado de Minas - Em foco","og_description":"Brasil pode revolucionar os sistemas de pagamento? Confira como!","og_url":"https:\/\/www.em.com.br\/emfoco\/2024\/12\/13\/cartao-de-credito-passado-ou-futuro-venha-conferir\/","og_site_name":"Estado de Minas - Em foco","article_published_time":"2024-12-13T13:00:00+00:00","article_modified_time":"2024-12-12T22:19:48+00:00","og_image":[{"width":1280,"height":720,"url":"https:\/\/www.em.com.br\/emfoco\/wp-content\/uploads\/2024\/12\/Cartao-de-Credito_1733376754310.jpg","type":"image\/jpeg"}],"author":"Kelvin","twitter_card":"summary_large_image","twitter_misc":{"Escrito por":"Kelvin","Est. tempo de leitura":"4 minutos"},"schema":{"@context":"https:\/\/schema.org","@graph":[{"@type":"WebPage","@id":"https:\/\/www.em.com.br\/emfoco\/2024\/12\/13\/cartao-de-credito-passado-ou-futuro-venha-conferir\/","url":"https:\/\/www.em.com.br\/emfoco\/2024\/12\/13\/cartao-de-credito-passado-ou-futuro-venha-conferir\/","name":"Cart\u00e3o de cr\u00e9dito: passado ou futuro? Venha Conferir - Estado de Minas - Em foco","isPartOf":{"@id":"https:\/\/www.em.com.br\/emfoco\/#website"},"primaryImageOfPage":{"@id":"https:\/\/www.em.com.br\/emfoco\/2024\/12\/13\/cartao-de-credito-passado-ou-futuro-venha-conferir\/#primaryimage"},"image":{"@id":"https:\/\/www.em.com.br\/emfoco\/2024\/12\/13\/cartao-de-credito-passado-ou-futuro-venha-conferir\/#primaryimage"},"thumbnailUrl":"https:\/\/www.em.com.br\/emfoco\/wp-content\/uploads\/2024\/12\/Cartao-de-Credito_1733376754310.jpg","datePublished":"2024-12-13T13:00:00+00:00","dateModified":"2024-12-12T22:19:48+00:00","author":{"@id":"https:\/\/www.em.com.br\/emfoco\/#\/schema\/person\/fb0a7f48c6fbb94b83f413a80f61917d"},"description":"Brasil pode revolucionar os sistemas de pagamento? Confira como!","breadcrumb":{"@id":"https:\/\/www.em.com.br\/emfoco\/2024\/12\/13\/cartao-de-credito-passado-ou-futuro-venha-conferir\/#breadcrumb"},"inLanguage":"pt-BR","potentialAction":[{"@type":"ReadAction","target":["https:\/\/www.em.com.br\/emfoco\/2024\/12\/13\/cartao-de-credito-passado-ou-futuro-venha-conferir\/"]}]},{"@type":"ImageObject","inLanguage":"pt-BR","@id":"https:\/\/www.em.com.br\/emfoco\/2024\/12\/13\/cartao-de-credito-passado-ou-futuro-venha-conferir\/#primaryimage","url":"https:\/\/www.em.com.br\/emfoco\/wp-content\/uploads\/2024\/12\/Cartao-de-Credito_1733376754310.jpg","contentUrl":"https:\/\/www.em.com.br\/emfoco\/wp-content\/uploads\/2024\/12\/Cartao-de-Credito_1733376754310.jpg","width":1280,"height":720,"caption":"Cart\u00f5es de Cr\u00e9ditos - Cr\u00e9ditos: depositphotos.com \/ JohanSwanepoel"},{"@type":"BreadcrumbList","@id":"https:\/\/www.em.com.br\/emfoco\/2024\/12\/13\/cartao-de-credito-passado-ou-futuro-venha-conferir\/#breadcrumb","itemListElement":[{"@type":"ListItem","position":1,"name":"In\u00edcio","item":"https:\/\/www.em.com.br\/emfoco\/"},{"@type":"ListItem","position":2,"name":"Cart\u00e3o de cr\u00e9dito: passado ou futuro? Venha Conferir"}]},{"@type":"WebSite","@id":"https:\/\/www.em.com.br\/emfoco\/#website","url":"https:\/\/www.em.com.br\/emfoco\/","name":"Estado de Minas - Em foco","description":"Acompanhe as \u00faltimas not\u00edcias e fique bem informado sobre tudo o que acontece em Minas Gerais, Brasil e no mundo.","potentialAction":[{"@type":"SearchAction","target":{"@type":"EntryPoint","urlTemplate":"https:\/\/www.em.com.br\/emfoco\/?s={search_term_string}"},"query-input":{"@type":"PropertyValueSpecification","valueRequired":true,"valueName":"search_term_string"}}],"inLanguage":"pt-BR"},{"@type":"Person","@id":"https:\/\/www.em.com.br\/emfoco\/#\/schema\/person\/fb0a7f48c6fbb94b83f413a80f61917d","name":"Kelvin","image":{"@type":"ImageObject","inLanguage":"pt-BR","@id":"https:\/\/www.em.com.br\/emfoco\/#\/schema\/person\/image\/","url":"https:\/\/secure.gravatar.com\/avatar\/e74f84337e6bf6c4c5e88fbdffa05270?s=96&d=mm&r=g","contentUrl":"https:\/\/secure.gravatar.com\/avatar\/e74f84337e6bf6c4c5e88fbdffa05270?s=96&d=mm&r=g","caption":"Kelvin"},"sameAs":["https:\/\/www.em.com.br\/emfoco"],"url":"https:\/\/www.em.com.br\/emfoco\/author\/kelvinmyth\/"}]}},"_links":{"self":[{"href":"https:\/\/www.em.com.br\/emfoco\/wp-json\/wp\/v2\/posts\/4641","targetHints":{"allow":["GET"]}}],"collection":[{"href":"https:\/\/www.em.com.br\/emfoco\/wp-json\/wp\/v2\/posts"}],"about":[{"href":"https:\/\/www.em.com.br\/emfoco\/wp-json\/wp\/v2\/types\/post"}],"author":[{"embeddable":true,"href":"https:\/\/www.em.com.br\/emfoco\/wp-json\/wp\/v2\/users\/7"}],"replies":[{"embeddable":true,"href":"https:\/\/www.em.com.br\/emfoco\/wp-json\/wp\/v2\/comments?post=4641"}],"version-history":[{"count":2,"href":"https:\/\/www.em.com.br\/emfoco\/wp-json\/wp\/v2\/posts\/4641\/revisions"}],"predecessor-version":[{"id":4644,"href":"https:\/\/www.em.com.br\/emfoco\/wp-json\/wp\/v2\/posts\/4641\/revisions\/4644"}],"wp:featuredmedia":[{"embeddable":true,"href":"https:\/\/www.em.com.br\/emfoco\/wp-json\/wp\/v2\/media\/3374"}],"wp:attachment":[{"href":"https:\/\/www.em.com.br\/emfoco\/wp-json\/wp\/v2\/media?parent=4641"}],"wp:term":[{"taxonomy":"category","embeddable":true,"href":"https:\/\/www.em.com.br\/emfoco\/wp-json\/wp\/v2\/categories?post=4641"},{"taxonomy":"post_tag","embeddable":true,"href":"https:\/\/www.em.com.br\/emfoco\/wp-json\/wp\/v2\/tags?post=4641"}],"curies":[{"name":"wp","href":"https:\/\/api.w.org\/{rel}","templated":true}]}}