{"id":46397,"date":"2025-05-14T15:20:00","date_gmt":"2025-05-14T18:20:00","guid":{"rendered":"https:\/\/www.em.com.br\/emfoco\/?p=46397"},"modified":"2025-06-17T19:26:57","modified_gmt":"2025-06-17T22:26:57","slug":"confira-os-lancamentos-mais-esperados-da-netflix-para-o-mes-de-maio","status":"publish","type":"post","link":"https:\/\/www.em.com.br\/emfoco\/2025\/05\/14\/confira-os-lancamentos-mais-esperados-da-netflix-para-o-mes-de-maio\/","title":{"rendered":"Confira os lan\u00e7amentos mais esperados da Netflix para o m\u00eas de Maio"},"content":{"rendered":"\n<p>O m\u00eas de maio representa um marco especial para a <strong><a href=\"https:\/\/www.em.com.br\/emfoco\/2025\/02\/05\/filme-emocionante-com-95-de-aprovacao-chega-a-netflix-uma-historia-que-vai-tocar-sua-alma\/\" target=\"_blank\" rel=\"noreferrer noopener\">Netflix<\/a><\/strong>, consolidando-se como um per\u00edodo de renova\u00e7\u00e3o total do cat\u00e1logo. A plataforma preparou uma sele\u00e7\u00e3o estrat\u00e9gica que combina produ\u00e7\u00f5es originais in\u00e9ditas, retornos aguardados de s\u00e9ries consolidadas e a inclus\u00e3o de cl\u00e1ssicos cinematogr\u00e1ficos que prometem agradar diferentes gera\u00e7\u00f5es de espectadores. Maio tamb\u00e9m ser\u00e1 hist\u00f3rico por sediar o <strong>Tudum 2025<\/strong>, evento que pela primeira vez ser\u00e1 transmitido ao vivo globalmente, revelando os pr\u00f3ximos passos da gigante do streaming.<\/p>\n\n\n\n<p>A programa\u00e7\u00e3o reflete uma estrat\u00e9gia bem definida: oferecer diversidade sem abrir m\u00e3o da qualidade. Entre as apostas da plataforma est\u00e3o produ\u00e7\u00f5es brasileiras de peso, document\u00e1rios inspiradores e o retorno de franquias que moldaram o panorama do entretenimento digital nos \u00faltimos anos.<\/p>\n\n\n\n<h2 class=\"wp-block-heading\"><strong>Que s\u00e9ries dominam a programa\u00e7\u00e3o de maio na Netflix?<\/strong><\/h2>\n\n\n\n<p><a href=\"https:\/\/www.netflix.com\/br\/title\/80174608?source=35&amp;fromWatch=true\" target=\"_blank\" rel=\"noreferrer noopener\"><strong>Love, Death &amp; Robots<\/strong> <\/a>retorna com sua quarta temporada em 15 de maio, mantendo-se como refer\u00eancia absoluta em anima\u00e7\u00e3o adulta. A s\u00e9rie antol\u00f3gica, conhecida por explorar os limites da fic\u00e7\u00e3o cient\u00edfica atrav\u00e9s de narrativas visuais impressionantes, promete elevar ainda mais o padr\u00e3o t\u00e9cnico que a consagrou. Cada epis\u00f3dio funciona como um curta-metragem independente, explorando temas como intelig\u00eancia artificial, rob\u00f3tica e futuros dist\u00f3picos com uma abordagem cinematogr\u00e1fica que rival com grandes produ\u00e7\u00f5es de Hollywood.<\/p>\n\n\n\n<p><strong>As Quatro Esta\u00e7\u00f5es do Ano<\/strong> representa uma das principais apostas originais do m\u00eas, reunindo <strong>Tina Fey<\/strong> e <strong>Steve Carell<\/strong> em uma com\u00e9dia que acompanha um grupo de amigos durante quatro viagens de f\u00e9rias. A s\u00e9rie promete explorar relacionamentos de longa dura\u00e7\u00e3o atrav\u00e9s de diferentes contextos sazonais, utilizando o formato epis\u00f3dico para desenvolver personagens complexos e situa\u00e7\u00f5es que combinam humor inteligente com reflex\u00f5es sobre a maturidade.<\/p>\n\n\n\n<figure class=\"wp-block-image size-large\"><img loading=\"lazy\" decoding=\"async\" width=\"1024\" height=\"576\" src=\"https:\/\/www.em.com.br\/emfoco\/wp-content\/uploads\/2025\/05\/Netflix_1746191323346-1024x576.jpg\" alt=\"Hist\u00f3rias reais, romances intensos e tramas sombrias chegam neste m\u00eas na Netflix\" class=\"wp-image-43734\" srcset=\"https:\/\/www.em.com.br\/emfoco\/wp-content\/uploads\/2025\/05\/Netflix_1746191323346-1024x576.jpg 1024w, https:\/\/www.em.com.br\/emfoco\/wp-content\/uploads\/2025\/05\/Netflix_1746191323346-300x169.jpg 300w, https:\/\/www.em.com.br\/emfoco\/wp-content\/uploads\/2025\/05\/Netflix_1746191323346-768x432.jpg 768w, https:\/\/www.em.com.br\/emfoco\/wp-content\/uploads\/2025\/05\/Netflix_1746191323346-750x422.jpg 750w, https:\/\/www.em.com.br\/emfoco\/wp-content\/uploads\/2025\/05\/Netflix_1746191323346-1140x641.jpg 1140w, https:\/\/www.em.com.br\/emfoco\/wp-content\/uploads\/2025\/05\/Netflix_1746191323346.jpg 1280w\" sizes=\"auto, (max-width: 1024px) 100vw, 1024px\" \/><figcaption class=\"wp-element-caption\">Assistindo Netflix &#8211; Cr\u00e9ditos: depositphotos.com \/ Info@vantagedrones.co.uk<\/figcaption><\/figure>\n\n\n\n<h2 class=\"wp-block-heading\"><strong>Quais produ\u00e7\u00f5es cinematogr\u00e1ficas chegam ao cat\u00e1logo este m\u00eas?<\/strong><\/h2>\n\n\n\n<p><strong>Rua do Medo: Rainha do Baile<\/strong> amplia a j\u00e1 consolidada franquia de terror em 23 de maio, transportando a a\u00e7\u00e3o para o contexto de um baile de formatura em 1988. O filme promete manter a identidade visual e narrativa que tornou a s\u00e9rie um fen\u00f4meno, explorando o ambiente escolar como cen\u00e1rio para uma trama de suspense que combina elementos slasher com cr\u00edtica social. A produ\u00e7\u00e3o conta com <strong>Ariana Greenblatt<\/strong> no elenco principal e dire\u00e7\u00e3o de <strong>Matt Palmer<\/strong>.<\/p>\n\n\n\n<p>O cat\u00e1logo tamb\u00e9m recebe produ\u00e7\u00f5es brasileiras significativas como <strong>Meu Nome N\u00e3o \u00c9 Johnny<\/strong>, <strong>Cazuza: O Tempo N\u00e3o Para<\/strong> e <strong>Dois Filhos de Francisco<\/strong>, filmes que representam marcos do cinema nacional e que agora encontram nova audi\u00eancia atrav\u00e9s da plataforma. Esta estrat\u00e9gia demonstra o compromisso da <strong>Netflix<\/strong> em valorizar o conte\u00fado nacional, oferecendo aos assinantes acesso a obras que definiram gera\u00e7\u00f5es.<\/p>\n\n\n\n<h2 class=\"wp-block-heading\"><strong>Por que o document\u00e1rio Baila, Vini merece aten\u00e7\u00e3o especial?<\/strong><\/h2>\n\n\n\n<p><strong>Baila, Vini<\/strong> chega em 15 de maio como uma produ\u00e7\u00e3o documental que transcende o universo esportivo. Dirigido por <strong>Andrucha Waddington<\/strong> e produzido pela <strong>Conspira\u00e7\u00e3o<\/strong>, o filme oferece acesso privilegiado \u00e0 vida de <strong>Vinicius J\u00fanior<\/strong> durante o ano mais desafiador de sua carreira. A produ\u00e7\u00e3o aborda os eventos de 2024, quando o craque brasileiro enfrentou les\u00f5es e tornou-se uma voz ativa contra o racismo nos est\u00e1dios, culminando com a conquista da UEFA Champions League e sua elei\u00e7\u00e3o como melhor jogador do mundo pela FIFA.<\/p>\n\n\n\n<p>O document\u00e1rio conta com depoimentos de figuras centrais do futebol mundial, incluindo <strong>Neymar<\/strong>, <strong>Carlo Ancelotti<\/strong>, <strong>Benzema<\/strong>, <strong>Rodrygo<\/strong> e <strong>Ronaldo<\/strong>. Mais que uma biografia esportiva, <strong>Baila, Vini<\/strong> explora quest\u00f5es sociais complexas, especialmente a luta contra o racismo no futebol europeu, posicionando o atleta como s\u00edmbolo de resist\u00eancia e transforma\u00e7\u00e3o social. A relev\u00e2ncia do document\u00e1rio \u00e9 evidenciada pela pol\u00eamica envolvendo o <strong>Valencia<\/strong>, que estuda processar a <strong>Netflix<\/strong> por supostas distor\u00e7\u00f5es na retrata\u00e7\u00e3o de epis\u00f3dios racistas.<\/p>\n","protected":false},"excerpt":{"rendered":"<p>O m\u00eas de maio representa um marco especial para a Netflix, consolidando-se como um per\u00edodo de renova\u00e7\u00e3o total do cat\u00e1logo. A plataforma preparou uma sele\u00e7\u00e3o estrat\u00e9gica que combina produ\u00e7\u00f5es originais in\u00e9ditas, retornos aguardados de s\u00e9ries consolidadas e a inclus\u00e3o de cl\u00e1ssicos cinematogr\u00e1ficos que prometem agradar diferentes gera\u00e7\u00f5es de espectadores. Maio tamb\u00e9m ser\u00e1 hist\u00f3rico por sediar [&hellip;]<\/p>\n","protected":false},"author":13,"featured_media":43733,"comment_status":"open","ping_status":"open","sticky":false,"template":"","format":"standard","meta":{"jnews-multi-image_gallery":[],"jnews_single_post":{"format":"standard"},"jnews_primary_category":[],"jnews_social_meta":[],"jnews_override_counter":[],"footnotes":""},"categories":[29,137,136],"tags":[727,1117,231,607],"class_list":["post-46397","post","type-post","status-publish","format-standard","has-post-thumbnail","hentry","category-entretenimento","category-filmes","category-series","tag-filmes","tag-lancamentos","tag-netflix","tag-series"],"yoast_head":"<!-- This site is optimized with the Yoast SEO plugin v23.8 - https:\/\/yoast.com\/wordpress\/plugins\/seo\/ -->\n<title>Confira os lan\u00e7amentos mais esperados da Netflix para o m\u00eas de Maio - Estado de Minas - Em foco<\/title>\n<meta name=\"description\" content=\"Em maio, a Netflix traz uma variedade de lan\u00e7amentos, incluindo filmes e s\u00e9ries de todos os g\u00eaneros. Prepare-se para maratonar!\" \/>\n<meta name=\"robots\" content=\"index, follow, max-snippet:-1, max-image-preview:large, max-video-preview:-1\" \/>\n<link rel=\"canonical\" href=\"https:\/\/www.em.com.br\/emfoco\/2025\/05\/14\/confira-os-lancamentos-mais-esperados-da-netflix-para-o-mes-de-maio\/\" \/>\n<meta property=\"og:locale\" content=\"pt_BR\" \/>\n<meta property=\"og:type\" content=\"article\" \/>\n<meta property=\"og:title\" content=\"Confira os lan\u00e7amentos mais esperados da Netflix para o m\u00eas de Maio - Estado de Minas - Em foco\" \/>\n<meta property=\"og:description\" content=\"Em maio, a Netflix traz uma variedade de lan\u00e7amentos, incluindo filmes e s\u00e9ries de todos os g\u00eaneros. Prepare-se para maratonar!\" \/>\n<meta property=\"og:url\" content=\"https:\/\/www.em.com.br\/emfoco\/2025\/05\/14\/confira-os-lancamentos-mais-esperados-da-netflix-para-o-mes-de-maio\/\" \/>\n<meta property=\"og:site_name\" content=\"Estado de Minas - Em foco\" \/>\n<meta property=\"article:published_time\" content=\"2025-05-14T18:20:00+00:00\" \/>\n<meta property=\"article:modified_time\" content=\"2025-06-17T22:26:57+00:00\" \/>\n<meta property=\"og:image\" content=\"https:\/\/www.em.com.br\/emfoco\/wp-content\/uploads\/2025\/05\/Netflix_1746191289621.jpg\" \/>\n\t<meta property=\"og:image:width\" content=\"1280\" \/>\n\t<meta property=\"og:image:height\" content=\"720\" \/>\n\t<meta property=\"og:image:type\" content=\"image\/jpeg\" \/>\n<meta name=\"author\" content=\"Gabriel Martins\" \/>\n<meta name=\"twitter:card\" content=\"summary_large_image\" \/>\n<meta name=\"twitter:label1\" content=\"Escrito por\" \/>\n\t<meta name=\"twitter:data1\" content=\"Gabriel Martins\" \/>\n\t<meta name=\"twitter:label2\" content=\"Est. tempo de leitura\" \/>\n\t<meta name=\"twitter:data2\" content=\"4 minutos\" \/>\n<!-- \/ Yoast SEO plugin. -->","yoast_head_json":{"title":"Confira os lan\u00e7amentos mais esperados da Netflix para o m\u00eas de Maio - Estado de Minas - Em foco","description":"Em maio, a Netflix traz uma variedade de lan\u00e7amentos, incluindo filmes e s\u00e9ries de todos os g\u00eaneros. Prepare-se para maratonar!","robots":{"index":"index","follow":"follow","max-snippet":"max-snippet:-1","max-image-preview":"max-image-preview:large","max-video-preview":"max-video-preview:-1"},"canonical":"https:\/\/www.em.com.br\/emfoco\/2025\/05\/14\/confira-os-lancamentos-mais-esperados-da-netflix-para-o-mes-de-maio\/","og_locale":"pt_BR","og_type":"article","og_title":"Confira os lan\u00e7amentos mais esperados da Netflix para o m\u00eas de Maio - Estado de Minas - Em foco","og_description":"Em maio, a Netflix traz uma variedade de lan\u00e7amentos, incluindo filmes e s\u00e9ries de todos os g\u00eaneros. Prepare-se para maratonar!","og_url":"https:\/\/www.em.com.br\/emfoco\/2025\/05\/14\/confira-os-lancamentos-mais-esperados-da-netflix-para-o-mes-de-maio\/","og_site_name":"Estado de Minas - Em foco","article_published_time":"2025-05-14T18:20:00+00:00","article_modified_time":"2025-06-17T22:26:57+00:00","og_image":[{"width":1280,"height":720,"url":"https:\/\/www.em.com.br\/emfoco\/wp-content\/uploads\/2025\/05\/Netflix_1746191289621.jpg","type":"image\/jpeg"}],"author":"Gabriel Martins","twitter_card":"summary_large_image","twitter_misc":{"Escrito por":"Gabriel Martins","Est. tempo de leitura":"4 minutos"},"schema":{"@context":"https:\/\/schema.org","@graph":[{"@type":"WebPage","@id":"https:\/\/www.em.com.br\/emfoco\/2025\/05\/14\/confira-os-lancamentos-mais-esperados-da-netflix-para-o-mes-de-maio\/","url":"https:\/\/www.em.com.br\/emfoco\/2025\/05\/14\/confira-os-lancamentos-mais-esperados-da-netflix-para-o-mes-de-maio\/","name":"Confira os lan\u00e7amentos mais esperados da Netflix para o m\u00eas de Maio - Estado de Minas - Em foco","isPartOf":{"@id":"https:\/\/www.em.com.br\/emfoco\/#website"},"primaryImageOfPage":{"@id":"https:\/\/www.em.com.br\/emfoco\/2025\/05\/14\/confira-os-lancamentos-mais-esperados-da-netflix-para-o-mes-de-maio\/#primaryimage"},"image":{"@id":"https:\/\/www.em.com.br\/emfoco\/2025\/05\/14\/confira-os-lancamentos-mais-esperados-da-netflix-para-o-mes-de-maio\/#primaryimage"},"thumbnailUrl":"https:\/\/www.em.com.br\/emfoco\/wp-content\/uploads\/2025\/05\/Netflix_1746191289621.jpg","datePublished":"2025-05-14T18:20:00+00:00","dateModified":"2025-06-17T22:26:57+00:00","author":{"@id":"https:\/\/www.em.com.br\/emfoco\/#\/schema\/person\/1c9ddeab18b98abeffef834667bcf08a"},"description":"Em maio, a Netflix traz uma variedade de lan\u00e7amentos, incluindo filmes e s\u00e9ries de todos os g\u00eaneros. Prepare-se para maratonar!","breadcrumb":{"@id":"https:\/\/www.em.com.br\/emfoco\/2025\/05\/14\/confira-os-lancamentos-mais-esperados-da-netflix-para-o-mes-de-maio\/#breadcrumb"},"inLanguage":"pt-BR","potentialAction":[{"@type":"ReadAction","target":["https:\/\/www.em.com.br\/emfoco\/2025\/05\/14\/confira-os-lancamentos-mais-esperados-da-netflix-para-o-mes-de-maio\/"]}]},{"@type":"ImageObject","inLanguage":"pt-BR","@id":"https:\/\/www.em.com.br\/emfoco\/2025\/05\/14\/confira-os-lancamentos-mais-esperados-da-netflix-para-o-mes-de-maio\/#primaryimage","url":"https:\/\/www.em.com.br\/emfoco\/wp-content\/uploads\/2025\/05\/Netflix_1746191289621.jpg","contentUrl":"https:\/\/www.em.com.br\/emfoco\/wp-content\/uploads\/2025\/05\/Netflix_1746191289621.jpg","width":1280,"height":720,"caption":"Netflix - Cr\u00e9ditos: depositphotos.com \/ rootstocks"},{"@type":"BreadcrumbList","@id":"https:\/\/www.em.com.br\/emfoco\/2025\/05\/14\/confira-os-lancamentos-mais-esperados-da-netflix-para-o-mes-de-maio\/#breadcrumb","itemListElement":[{"@type":"ListItem","position":1,"name":"In\u00edcio","item":"https:\/\/www.em.com.br\/emfoco\/"},{"@type":"ListItem","position":2,"name":"Confira os lan\u00e7amentos mais esperados da Netflix para o m\u00eas de Maio"}]},{"@type":"WebSite","@id":"https:\/\/www.em.com.br\/emfoco\/#website","url":"https:\/\/www.em.com.br\/emfoco\/","name":"Estado de Minas - Em foco","description":"Acompanhe as \u00faltimas not\u00edcias e fique bem informado sobre tudo o que acontece em Minas Gerais, Brasil e no mundo.","potentialAction":[{"@type":"SearchAction","target":{"@type":"EntryPoint","urlTemplate":"https:\/\/www.em.com.br\/emfoco\/?s={search_term_string}"},"query-input":{"@type":"PropertyValueSpecification","valueRequired":true,"valueName":"search_term_string"}}],"inLanguage":"pt-BR"},{"@type":"Person","@id":"https:\/\/www.em.com.br\/emfoco\/#\/schema\/person\/1c9ddeab18b98abeffef834667bcf08a","name":"Gabriel Martins","image":{"@type":"ImageObject","inLanguage":"pt-BR","@id":"https:\/\/www.em.com.br\/emfoco\/#\/schema\/person\/image\/","url":"https:\/\/secure.gravatar.com\/avatar\/f0f1e2efdfd88f1ad2cb08c5c2731e50?s=96&d=mm&r=g","contentUrl":"https:\/\/secure.gravatar.com\/avatar\/f0f1e2efdfd88f1ad2cb08c5c2731e50?s=96&d=mm&r=g","caption":"Gabriel Martins"},"sameAs":["https:\/\/www.em.com.br\/emfoco\/"],"url":"https:\/\/www.em.com.br\/emfoco\/author\/gabrielmartinsmyth\/"}]}},"_links":{"self":[{"href":"https:\/\/www.em.com.br\/emfoco\/wp-json\/wp\/v2\/posts\/46397","targetHints":{"allow":["GET"]}}],"collection":[{"href":"https:\/\/www.em.com.br\/emfoco\/wp-json\/wp\/v2\/posts"}],"about":[{"href":"https:\/\/www.em.com.br\/emfoco\/wp-json\/wp\/v2\/types\/post"}],"author":[{"embeddable":true,"href":"https:\/\/www.em.com.br\/emfoco\/wp-json\/wp\/v2\/users\/13"}],"replies":[{"embeddable":true,"href":"https:\/\/www.em.com.br\/emfoco\/wp-json\/wp\/v2\/comments?post=46397"}],"version-history":[{"count":3,"href":"https:\/\/www.em.com.br\/emfoco\/wp-json\/wp\/v2\/posts\/46397\/revisions"}],"predecessor-version":[{"id":62605,"href":"https:\/\/www.em.com.br\/emfoco\/wp-json\/wp\/v2\/posts\/46397\/revisions\/62605"}],"wp:featuredmedia":[{"embeddable":true,"href":"https:\/\/www.em.com.br\/emfoco\/wp-json\/wp\/v2\/media\/43733"}],"wp:attachment":[{"href":"https:\/\/www.em.com.br\/emfoco\/wp-json\/wp\/v2\/media?parent=46397"}],"wp:term":[{"taxonomy":"category","embeddable":true,"href":"https:\/\/www.em.com.br\/emfoco\/wp-json\/wp\/v2\/categories?post=46397"},{"taxonomy":"post_tag","embeddable":true,"href":"https:\/\/www.em.com.br\/emfoco\/wp-json\/wp\/v2\/tags?post=46397"}],"curies":[{"name":"wp","href":"https:\/\/api.w.org\/{rel}","templated":true}]}}