{"id":4631,"date":"2024-12-13T08:00:00","date_gmt":"2024-12-13T11:00:00","guid":{"rendered":"https:\/\/www.em.com.br\/emfoco\/?p=4631"},"modified":"2024-12-12T19:01:01","modified_gmt":"2024-12-12T22:01:01","slug":"o-novo-salario-minimo-e-sustentavel-para-a-economia-brasileira","status":"publish","type":"post","link":"https:\/\/www.em.com.br\/emfoco\/2024\/12\/13\/o-novo-salario-minimo-e-sustentavel-para-a-economia-brasileira\/","title":{"rendered":"O novo sal\u00e1rio m\u00ednimo \u00e9 sustent\u00e1vel para a economia brasileira?"},"content":{"rendered":"\n<p>O valor do <strong>sal\u00e1rio m\u00ednimo<\/strong> \u00e9 um tema central nas discuss\u00f5es econ\u00f4micas do Brasil, influenciando diretamente o or\u00e7amento federal. O ajuste desse valor para 2025 pode apresentar gastos adicionais significativos, estimados em cerca de 20 bilh\u00f5es de reais, de acordo com proje\u00e7\u00f5es do relator do Or\u00e7amento, senador <a href=\"https:\/\/www25.senado.leg.br\/web\/senadores\/senador\/-\/perfil\/5967\" target=\"_blank\" rel=\"noreferrer noopener\">\u00c2ngelo Coronel (PSD-BA)<\/a>. Este impacto se deve \u00e0 diferen\u00e7a entre as previs\u00f5es inflacion\u00e1rias otimistas do governo e os n\u00fameros efetivos divulgados pelo IBGE.<\/p>\n\n\n\n<p>Conforme a legisla\u00e7\u00e3o vigente, o <a href=\"https:\/\/www.em.com.br\/emfoco\/2024\/12\/05\/inss-emite-comunicado-para-aposentados-e-pensionistas-que-recebem-mais-de-um-salario-minimo\/\" target=\"_blank\" rel=\"noreferrer noopener\">sal\u00e1rio m\u00ednimo<\/a> \u00e9 atualizado pela infla\u00e7\u00e3o acumulada nos 12 meses encerrados em novembro, mensurada pelo \u00cdndice Nacional de Pre\u00e7os ao Consumidor (INPC), e adicionando a varia\u00e7\u00e3o real do PIB de dois anos anteriores. Para 2025, portanto, considera-se o crescimento do PIB de 2,91% em 2023. A estimativa inicial de infla\u00e7\u00e3o era de 3,3%, mas o INPC efetivamente acumulado at\u00e9 novembro de 2024 foi de 4,84%, resultando em um aumento no sal\u00e1rio m\u00ednimo que ultrapassa a previs\u00e3o inicial, afetando as contas p\u00fablicas.<\/p>\n\n\n\n<h2 class=\"wp-block-heading\">Como a Diferen\u00e7a Inflacion\u00e1ria Afeta o Sal\u00e1rio M\u00ednimo?<\/h2>\n\n\n\n<p>Com base nos n\u00fameros apresentados, o governo havia calculado que o sal\u00e1rio m\u00ednimo passaria de 1.412 reais para 1.509 reais. No entanto, devido \u00e0 infla\u00e7\u00e3o superior \u00e0 projetada, o novo valor ajustado sobe para 1.528 reais. Essa diferen\u00e7a aparentemente pequena tem um <strong>impacto financeiro significativo<\/strong>: cada real acrescido no sal\u00e1rio m\u00ednimo representa um gasto adicional de aproximadamente 350 milh\u00f5es de reais por ano para os cofres p\u00fablicos.<\/p>\n\n\n\n<h2 class=\"wp-block-heading\">Propostas para o Controle do Reajuste Salarial<\/h2>\n\n\n\n<p>O governo tem proposto mudan\u00e7as nas regras de reajuste do sal\u00e1rio m\u00ednimo como parte de um pacote de cortes de gastos. A ideia \u00e9 que o aumento real do sal\u00e1rio m\u00ednimo observe limites estabelecidos por um novo arcabou\u00e7o fiscal, variando entre 0,6% e 2,5%. Este ajuste pretende garantir a sustentabilidade fiscal, com a expectativa de economizar 2,2 bilh\u00f5es de reais em 2025. No entanto, qualquer altera\u00e7\u00e3o nas regras ainda depende da aprova\u00e7\u00e3o do Congresso Nacional.<\/p>\n\n\n<div class=\"wp-block-image\">\n<figure class=\"aligncenter size-large\"><img loading=\"lazy\" decoding=\"async\" width=\"1024\" height=\"576\" src=\"https:\/\/www.em.com.br\/emfoco\/wp-content\/uploads\/2024\/12\/Brazil-Money_1733866349330-1024x576.jpg\" alt=\"\" class=\"wp-image-4219\" srcset=\"https:\/\/www.em.com.br\/emfoco\/wp-content\/uploads\/2024\/12\/Brazil-Money_1733866349330-1024x576.jpg 1024w, https:\/\/www.em.com.br\/emfoco\/wp-content\/uploads\/2024\/12\/Brazil-Money_1733866349330-300x169.jpg 300w, https:\/\/www.em.com.br\/emfoco\/wp-content\/uploads\/2024\/12\/Brazil-Money_1733866349330-768x432.jpg 768w, https:\/\/www.em.com.br\/emfoco\/wp-content\/uploads\/2024\/12\/Brazil-Money_1733866349330-750x422.jpg 750w, https:\/\/www.em.com.br\/emfoco\/wp-content\/uploads\/2024\/12\/Brazil-Money_1733866349330-1140x641.jpg 1140w, https:\/\/www.em.com.br\/emfoco\/wp-content\/uploads\/2024\/12\/Brazil-Money_1733866349330.jpg 1280w\" sizes=\"auto, (max-width: 1024px) 100vw, 1024px\" \/><figcaption class=\"wp-element-caption\">Salario Minimo &#8211; Cr\u00e9ditos: depositphotos.com \/ rmcarvalhobsb<\/figcaption><\/figure><\/div>\n\n\n<h2 class=\"wp-block-heading\">Quais os Desafios na Implementa\u00e7\u00e3o de Novas Regras?<\/h2>\n\n\n\n<p>A mudan\u00e7a das regras de ajuste do sal\u00e1rio m\u00ednimo enfrenta v\u00e1rios desafios, incluindo a necessidade de negocia\u00e7\u00e3o pol\u00edtica e as poss\u00edveis repercuss\u00f5es sociais. Alterar a forma de c\u00e1lculo pode gerar debates intensos sobre o custo de vida e o poder aquisitivo da popula\u00e7\u00e3o. Al\u00e9m disso, a defini\u00e7\u00e3o de um percentual fixo pode n\u00e3o acompanhar de forma adequada as varia\u00e7\u00f5es econ\u00f4micas reais, gerando insatisfa\u00e7\u00f5es sociais.<\/p>\n\n\n\n<h2 class=\"wp-block-heading\">O Impacto no Or\u00e7amento Nacional<\/h2>\n\n\n\n<p>A atualiza\u00e7\u00e3o do sal\u00e1rio m\u00ednimo n\u00e3o \u00e9 apenas uma quest\u00e3o econ\u00f4mica, mas tamb\u00e9m de <em>planejamento or\u00e7ament\u00e1rio<\/em>. A diferen\u00e7a de 20 reais identificada para o ajuste do pr\u00f3ximo ano pode parecer irris\u00f3ria, mas deve ser vista num contexto mais amplo, envolvendo bilh\u00f5es em despesas adicionais. Com o reajuste do m\u00ednimo, as despesas obrigat\u00f3rias do governo, que incluem benef\u00edcios sociais e pens\u00f5es, ser\u00e3o superiores ao montante inicialmente previsto, tornando inevit\u00e1vel uma revis\u00e3o detalhada do or\u00e7amento para 2025.<\/p>\n\n\n\n<p>Com as negocia\u00e7\u00f5es ainda em andamento e a necessidade de ajustes baseados em dados atualizados, o governo enfrenta o desafio de manter a balan\u00e7a entre a responsabilidade fiscal e o bem-estar social da popula\u00e7\u00e3o dependente do sal\u00e1rio m\u00ednimo.<\/p>\n\n\n\n<p><\/p>\n","protected":false},"excerpt":{"rendered":"<p>O valor do sal\u00e1rio m\u00ednimo \u00e9 um tema central nas discuss\u00f5es econ\u00f4micas do Brasil, influenciando diretamente o or\u00e7amento federal. O ajuste desse valor para 2025 pode apresentar gastos adicionais significativos, estimados em cerca de 20 bilh\u00f5es de reais, de acordo com proje\u00e7\u00f5es do relator do Or\u00e7amento, senador \u00c2ngelo Coronel (PSD-BA). Este impacto se deve \u00e0 [&hellip;]<\/p>\n","protected":false},"author":7,"featured_media":4239,"comment_status":"open","ping_status":"open","sticky":false,"template":"","format":"standard","meta":{"jnews-multi-image_gallery":[],"jnews_single_post":{"format":"standard"},"jnews_primary_category":[],"jnews_social_meta":[],"jnews_override_counter":[],"footnotes":""},"categories":[28],"tags":[160,686,1517,717],"class_list":["post-4631","post","type-post","status-publish","format-standard","has-post-thumbnail","hentry","category-economia","tag-economia","tag-inflacao","tag-orcamento-federal","tag-salario-minimo"],"yoast_head":"<!-- This site is optimized with the Yoast SEO plugin v23.8 - https:\/\/yoast.com\/wordpress\/plugins\/seo\/ -->\n<title>O novo sal\u00e1rio m\u00ednimo \u00e9 sustent\u00e1vel para a economia brasileira? - Estado de Minas - Em foco<\/title>\n<meta name=\"description\" content=\"An\u00e1lise dos impactos do ajuste no sal\u00e1rio m\u00ednimo brasileiro em 2025, discutindo as implica\u00e7\u00f5es econ\u00f4micas e os desafios de planejamento or\u00e7ament\u00e1rio.\" \/>\n<meta name=\"robots\" content=\"index, follow, max-snippet:-1, max-image-preview:large, max-video-preview:-1\" \/>\n<link rel=\"canonical\" href=\"https:\/\/www.em.com.br\/emfoco\/2024\/12\/13\/o-novo-salario-minimo-e-sustentavel-para-a-economia-brasileira\/\" \/>\n<meta property=\"og:locale\" content=\"pt_BR\" \/>\n<meta property=\"og:type\" content=\"article\" \/>\n<meta property=\"og:title\" content=\"O novo sal\u00e1rio m\u00ednimo \u00e9 sustent\u00e1vel para a economia brasileira? - Estado de Minas - Em foco\" \/>\n<meta property=\"og:description\" content=\"An\u00e1lise dos impactos do ajuste no sal\u00e1rio m\u00ednimo brasileiro em 2025, discutindo as implica\u00e7\u00f5es econ\u00f4micas e os desafios de planejamento or\u00e7ament\u00e1rio.\" \/>\n<meta property=\"og:url\" content=\"https:\/\/www.em.com.br\/emfoco\/2024\/12\/13\/o-novo-salario-minimo-e-sustentavel-para-a-economia-brasileira\/\" \/>\n<meta property=\"og:site_name\" content=\"Estado de Minas - Em foco\" \/>\n<meta property=\"article:published_time\" content=\"2024-12-13T11:00:00+00:00\" \/>\n<meta property=\"article:modified_time\" content=\"2024-12-12T22:01:01+00:00\" \/>\n<meta property=\"og:image\" content=\"https:\/\/www.em.com.br\/emfoco\/wp-content\/uploads\/2024\/12\/Brazil-money_1733868333721.jpg\" \/>\n\t<meta property=\"og:image:width\" content=\"1280\" \/>\n\t<meta property=\"og:image:height\" content=\"720\" \/>\n\t<meta property=\"og:image:type\" content=\"image\/jpeg\" \/>\n<meta name=\"author\" content=\"Kelvin\" \/>\n<meta name=\"twitter:card\" content=\"summary_large_image\" \/>\n<meta name=\"twitter:label1\" content=\"Escrito por\" \/>\n\t<meta name=\"twitter:data1\" content=\"Kelvin\" \/>\n\t<meta name=\"twitter:label2\" content=\"Est. tempo de leitura\" \/>\n\t<meta name=\"twitter:data2\" content=\"4 minutos\" \/>\n<!-- \/ Yoast SEO plugin. -->","yoast_head_json":{"title":"O novo sal\u00e1rio m\u00ednimo \u00e9 sustent\u00e1vel para a economia brasileira? - Estado de Minas - Em foco","description":"An\u00e1lise dos impactos do ajuste no sal\u00e1rio m\u00ednimo brasileiro em 2025, discutindo as implica\u00e7\u00f5es econ\u00f4micas e os desafios de planejamento or\u00e7ament\u00e1rio.","robots":{"index":"index","follow":"follow","max-snippet":"max-snippet:-1","max-image-preview":"max-image-preview:large","max-video-preview":"max-video-preview:-1"},"canonical":"https:\/\/www.em.com.br\/emfoco\/2024\/12\/13\/o-novo-salario-minimo-e-sustentavel-para-a-economia-brasileira\/","og_locale":"pt_BR","og_type":"article","og_title":"O novo sal\u00e1rio m\u00ednimo \u00e9 sustent\u00e1vel para a economia brasileira? - Estado de Minas - Em foco","og_description":"An\u00e1lise dos impactos do ajuste no sal\u00e1rio m\u00ednimo brasileiro em 2025, discutindo as implica\u00e7\u00f5es econ\u00f4micas e os desafios de planejamento or\u00e7ament\u00e1rio.","og_url":"https:\/\/www.em.com.br\/emfoco\/2024\/12\/13\/o-novo-salario-minimo-e-sustentavel-para-a-economia-brasileira\/","og_site_name":"Estado de Minas - Em foco","article_published_time":"2024-12-13T11:00:00+00:00","article_modified_time":"2024-12-12T22:01:01+00:00","og_image":[{"width":1280,"height":720,"url":"https:\/\/www.em.com.br\/emfoco\/wp-content\/uploads\/2024\/12\/Brazil-money_1733868333721.jpg","type":"image\/jpeg"}],"author":"Kelvin","twitter_card":"summary_large_image","twitter_misc":{"Escrito por":"Kelvin","Est. tempo de leitura":"4 minutos"},"schema":{"@context":"https:\/\/schema.org","@graph":[{"@type":"WebPage","@id":"https:\/\/www.em.com.br\/emfoco\/2024\/12\/13\/o-novo-salario-minimo-e-sustentavel-para-a-economia-brasileira\/","url":"https:\/\/www.em.com.br\/emfoco\/2024\/12\/13\/o-novo-salario-minimo-e-sustentavel-para-a-economia-brasileira\/","name":"O novo sal\u00e1rio m\u00ednimo \u00e9 sustent\u00e1vel para a economia brasileira? - Estado de Minas - Em foco","isPartOf":{"@id":"https:\/\/www.em.com.br\/emfoco\/#website"},"primaryImageOfPage":{"@id":"https:\/\/www.em.com.br\/emfoco\/2024\/12\/13\/o-novo-salario-minimo-e-sustentavel-para-a-economia-brasileira\/#primaryimage"},"image":{"@id":"https:\/\/www.em.com.br\/emfoco\/2024\/12\/13\/o-novo-salario-minimo-e-sustentavel-para-a-economia-brasileira\/#primaryimage"},"thumbnailUrl":"https:\/\/www.em.com.br\/emfoco\/wp-content\/uploads\/2024\/12\/Brazil-money_1733868333721.jpg","datePublished":"2024-12-13T11:00:00+00:00","dateModified":"2024-12-12T22:01:01+00:00","author":{"@id":"https:\/\/www.em.com.br\/emfoco\/#\/schema\/person\/fb0a7f48c6fbb94b83f413a80f61917d"},"description":"An\u00e1lise dos impactos do ajuste no sal\u00e1rio m\u00ednimo brasileiro em 2025, discutindo as implica\u00e7\u00f5es econ\u00f4micas e os desafios de planejamento or\u00e7ament\u00e1rio.","breadcrumb":{"@id":"https:\/\/www.em.com.br\/emfoco\/2024\/12\/13\/o-novo-salario-minimo-e-sustentavel-para-a-economia-brasileira\/#breadcrumb"},"inLanguage":"pt-BR","potentialAction":[{"@type":"ReadAction","target":["https:\/\/www.em.com.br\/emfoco\/2024\/12\/13\/o-novo-salario-minimo-e-sustentavel-para-a-economia-brasileira\/"]}]},{"@type":"ImageObject","inLanguage":"pt-BR","@id":"https:\/\/www.em.com.br\/emfoco\/2024\/12\/13\/o-novo-salario-minimo-e-sustentavel-para-a-economia-brasileira\/#primaryimage","url":"https:\/\/www.em.com.br\/emfoco\/wp-content\/uploads\/2024\/12\/Brazil-money_1733868333721.jpg","contentUrl":"https:\/\/www.em.com.br\/emfoco\/wp-content\/uploads\/2024\/12\/Brazil-money_1733868333721.jpg","width":1280,"height":720,"caption":"Salario - Cr\u00e9ditos: depositphotos.com \/ rmcarvalhobsb"},{"@type":"BreadcrumbList","@id":"https:\/\/www.em.com.br\/emfoco\/2024\/12\/13\/o-novo-salario-minimo-e-sustentavel-para-a-economia-brasileira\/#breadcrumb","itemListElement":[{"@type":"ListItem","position":1,"name":"In\u00edcio","item":"https:\/\/www.em.com.br\/emfoco\/"},{"@type":"ListItem","position":2,"name":"O novo sal\u00e1rio m\u00ednimo \u00e9 sustent\u00e1vel para a economia brasileira?"}]},{"@type":"WebSite","@id":"https:\/\/www.em.com.br\/emfoco\/#website","url":"https:\/\/www.em.com.br\/emfoco\/","name":"Estado de Minas - Em foco","description":"Acompanhe as \u00faltimas not\u00edcias e fique bem informado sobre tudo o que acontece em Minas Gerais, Brasil e no mundo.","potentialAction":[{"@type":"SearchAction","target":{"@type":"EntryPoint","urlTemplate":"https:\/\/www.em.com.br\/emfoco\/?s={search_term_string}"},"query-input":{"@type":"PropertyValueSpecification","valueRequired":true,"valueName":"search_term_string"}}],"inLanguage":"pt-BR"},{"@type":"Person","@id":"https:\/\/www.em.com.br\/emfoco\/#\/schema\/person\/fb0a7f48c6fbb94b83f413a80f61917d","name":"Kelvin","image":{"@type":"ImageObject","inLanguage":"pt-BR","@id":"https:\/\/www.em.com.br\/emfoco\/#\/schema\/person\/image\/","url":"https:\/\/secure.gravatar.com\/avatar\/e74f84337e6bf6c4c5e88fbdffa05270?s=96&d=mm&r=g","contentUrl":"https:\/\/secure.gravatar.com\/avatar\/e74f84337e6bf6c4c5e88fbdffa05270?s=96&d=mm&r=g","caption":"Kelvin"},"sameAs":["https:\/\/www.em.com.br\/emfoco"],"url":"https:\/\/www.em.com.br\/emfoco\/author\/kelvinmyth\/"}]}},"_links":{"self":[{"href":"https:\/\/www.em.com.br\/emfoco\/wp-json\/wp\/v2\/posts\/4631","targetHints":{"allow":["GET"]}}],"collection":[{"href":"https:\/\/www.em.com.br\/emfoco\/wp-json\/wp\/v2\/posts"}],"about":[{"href":"https:\/\/www.em.com.br\/emfoco\/wp-json\/wp\/v2\/types\/post"}],"author":[{"embeddable":true,"href":"https:\/\/www.em.com.br\/emfoco\/wp-json\/wp\/v2\/users\/7"}],"replies":[{"embeddable":true,"href":"https:\/\/www.em.com.br\/emfoco\/wp-json\/wp\/v2\/comments?post=4631"}],"version-history":[{"count":2,"href":"https:\/\/www.em.com.br\/emfoco\/wp-json\/wp\/v2\/posts\/4631\/revisions"}],"predecessor-version":[{"id":4634,"href":"https:\/\/www.em.com.br\/emfoco\/wp-json\/wp\/v2\/posts\/4631\/revisions\/4634"}],"wp:featuredmedia":[{"embeddable":true,"href":"https:\/\/www.em.com.br\/emfoco\/wp-json\/wp\/v2\/media\/4239"}],"wp:attachment":[{"href":"https:\/\/www.em.com.br\/emfoco\/wp-json\/wp\/v2\/media?parent=4631"}],"wp:term":[{"taxonomy":"category","embeddable":true,"href":"https:\/\/www.em.com.br\/emfoco\/wp-json\/wp\/v2\/categories?post=4631"},{"taxonomy":"post_tag","embeddable":true,"href":"https:\/\/www.em.com.br\/emfoco\/wp-json\/wp\/v2\/tags?post=4631"}],"curies":[{"name":"wp","href":"https:\/\/api.w.org\/{rel}","templated":true}]}}