{"id":46230,"date":"2025-05-11T15:00:07","date_gmt":"2025-05-11T18:00:07","guid":{"rendered":"https:\/\/www.em.com.br\/emfoco\/?p=46230"},"modified":"2025-05-11T14:26:32","modified_gmt":"2025-05-11T17:26:32","slug":"conhecas-as-receitas-caseira-de-cabelo-que-esta-viralizando-no-tiktok","status":"publish","type":"post","link":"https:\/\/www.em.com.br\/emfoco\/2025\/05\/11\/conhecas-as-receitas-caseira-de-cabelo-que-esta-viralizando-no-tiktok\/","title":{"rendered":"Conhe\u00e7as as receitas caseiras de cabelo que esta viralizando no TikTok"},"content":{"rendered":"\n<p>O <strong>TikTok<\/strong> tem se destacado como uma plataforma influente para a dissemina\u00e7\u00e3o de tend\u00eancias de <a href=\"https:\/\/www.em.com.br\/emfoco\/2025\/05\/03\/truques-de-beleza-para-deixar-a-pele-do-pescoco-mais-firme\/\" target=\"_blank\" rel=\"noopener\">beleza,<\/a> especialmente no que diz respeito a cuidados capilares feitos em casa. Com v\u00eddeos que rapidamente se tornam virais, usu\u00e1rios compartilham dicas utilizando ingredientes simples encontrados na cozinha, como cebolas vermelhas e \u00e1gua de arroz. Essa tend\u00eancia reflete uma busca por alternativas mais econ\u00f4micas e naturais, especialmente em tempos de incerteza econ\u00f4mica.<\/p>\n\n\n\n<p>Essas receitas caseiras oferecem uma abordagem acess\u00edvel e pr\u00e1tica para o <strong>cuidado dos cabelos,<\/strong> atraindo a aten\u00e7\u00e3o de milh\u00f5es de pessoas. A popularidade dessas pr\u00e1ticas n\u00e3o apenas destaca a criatividade dos usu\u00e1rios, mas tamb\u00e9m um desejo crescente por solu\u00e7\u00f5es de beleza que sejam sustent\u00e1veis e f\u00e1ceis de implementar.<\/p>\n\n\n\n<h2 class=\"wp-block-heading\">Por que cebolas vermelhas e \u00e1gua de arroz s\u00e3o populares?<\/h2>\n\n\n\n<p>As cebolas vermelhas e a \u00e1gua de arroz t\u00eam ganhado destaque como ingredientes chave em receitas de cuidados capilares. A cebola \u00e9 conhecida por suas propriedades que podem ajudar a estimular o crescimento dos fios, enquanto a \u00e1gua de arroz \u00e9 rica em nutrientes que fortalecem o cabelo. Essas pr\u00e1ticas, que t\u00eam ra\u00edzes em tradi\u00e7\u00f5es antigas, est\u00e3o sendo redescobertas e adaptadas por uma nova gera\u00e7\u00e3o de usu\u00e1rios do <strong>TikTok.<\/strong><\/p>\n\n\n\n<p>A simplicidade e o baixo custo dessas receitas s\u00e3o fatores que contribuem para sua popularidade. Em tempos de dificuldades econ\u00f4micas, muitos buscam maneiras de manter suas rotinas de beleza sem gastar muito. A <strong>viraliza\u00e7\u00e3o<\/strong> desses v\u00eddeos demonstra uma mudan\u00e7a no consumo de conte\u00fado de beleza, com uma valoriza\u00e7\u00e3o crescente de pr\u00e1ticas tradicionais e sustent\u00e1veis.<\/p>\n\n\n\n<h2 class=\"wp-block-heading\">Como a economia influencia o interesse por beleza DIY?<\/h2>\n\n\n\n<p>Em tempos de instabilidade econ\u00f4mica, o interesse por solu\u00e7\u00f5es de <strong>beleza DIY<\/strong> tende a aumentar. Historicamente, crises econ\u00f4micas incentivam a busca por alternativas que priorizam a economia e a criatividade. Atualmente, o foco est\u00e1 nos cuidados capilares, com um aumento significativo nas buscas por receitas caseiras que utilizam ingredientes simples e acess\u00edveis.<\/p>\n\n\n\n<p>Essa tend\u00eancia reflete n\u00e3o apenas uma preocupa\u00e7\u00e3o com os gastos, mas tamb\u00e9m um desejo por maior autonomia e controle sobre as pr\u00e1ticas de beleza. A capacidade de criar produtos eficazes em casa oferece uma sensa\u00e7\u00e3o de empoderamento e autossufici\u00eancia, tornando-se uma op\u00e7\u00e3o atraente para muitos.<\/p>\n\n\n\n<blockquote class=\"tiktok-embed\" cite=\"https:\/\/www.tiktok.com\/@patytorresrj\/video\/7414638228864535814\" data-video-id=\"7414638228864535814\" style=\"max-width: 605px;min-width: 325px;\" > <section> <a target=\"_blank\" title=\"@patytorresrj\" href=\"https:\/\/www.tiktok.com\/@patytorresrj?refer=embed\">@patytorresrj<\/a> <p>\u2724 Arroz + a\u00e7\u00facar = cabelos brilhantes e sedoso! \ud83e\udd29 &#8211; 4 colheres de arroz &#8211; 2 colheres de a\u00e7\u00facar  &#8211; 6 colheres de \u00e1gua  Deixe de molho por pelo menos 4 horas e aplique no cabelo. Deixe agir por 3 minutos, enx\u00e1gue e complete com o condicionador de sua prefer\u00eancia! Use 1 ou 2 vezes por semana \ud83d\udc4c\ud83c\udffc<\/p> <a target=\"_blank\" title=\"\u266c som original - MUSIC4STTS\" href=\"https:\/\/www.tiktok.com\/music\/som-original-7340082762789653254?refer=embed\">\u266c som original &#8211; MUSIC4STTS<\/a> <\/section> <\/blockquote> <script async src=\"https:\/\/www.tiktok.com\/embed.js\"><\/script>\n\n\n\n<h2 class=\"wp-block-heading\">Quais s\u00e3o os benef\u00edcios e desafios das receitas caseiras de beleza?<\/h2>\n\n\n\n<p>As receitas caseiras de beleza oferecem v\u00e1rios benef\u00edcios, como custo reduzido, personaliza\u00e7\u00e3o e o uso de ingredientes naturais. Elas tamb\u00e9m promovem uma conex\u00e3o com pr\u00e1ticas culturais e tradi\u00e7\u00f5es familiares. No entanto, \u00e9 importante estar ciente dos desafios, como a falta de padroniza\u00e7\u00e3o e a possibilidade de rea\u00e7\u00f5es al\u00e9rgicas.<\/p>\n\n\n\n<p>Para garantir a seguran\u00e7a e efic\u00e1cia, \u00e9 essencial que os usu\u00e1rios realizem testes de alergia e pesquisem adequadamente os ingredientes antes de aplic\u00e1-los. Embora as receitas DIY possam ser uma alternativa vi\u00e1vel, elas n\u00e3o substituem completamente os produtos comerciais, que passam por rigorosos testes de qualidade e seguran\u00e7a.<\/p>\n\n\n\n<h2 class=\"wp-block-heading\">O futuro das tend\u00eancias de beleza DIY<\/h2>\n\n\n\n<p>O sucesso das receitas de cuidados capilares<a href=\"https:\/\/www.tiktok.com\/@patytorresrj\/video\/7455840967837469957?referer_url=revistaanamaria.com.br%2Fdicas-de-beleza%2Fcabelos-mais-fortes-com-cebola-e-arroz-receita-viral-do-tiktok-conquista-milhoes%2F&amp;refer=embed&amp;embed_source=121374463%2C121468991%2C121439635%2C121433650%2C121404359%2C121497414%2C121477481%2C121351166%2C121487028%2C73347566%2C121331973%2C120811592%2C120810756%2C121503376%3Bnull%3Bembed_blank&amp;referer_video_id=7455840967837469957\" target=\"_blank\" rel=\"noreferrer noopener\"> DIY no TikTok<\/a> sugere uma mudan\u00e7a no comportamento dos consumidores, que est\u00e3o cada vez mais abertos a explorar alternativas naturais e acess\u00edveis. Essa tend\u00eancia pode continuar a crescer, especialmente se as condi\u00e7\u00f5es econ\u00f4micas permanecerem incertas.<\/p>\n\n\n\n<p>\u00c0 medida que mais pessoas adotam essas pr\u00e1ticas, \u00e9 prov\u00e1vel que vejamos uma maior integra\u00e7\u00e3o de ingredientes naturais em produtos comerciais, bem como um aumento na valoriza\u00e7\u00e3o do conhecimento tradicional. Em \u00faltima an\u00e1lise, o movimento DIY representa uma oportunidade para repensar a forma como consumimos e valorizamos a beleza, promovendo uma abordagem mais consciente e sustent\u00e1vel.<\/p>\n","protected":false},"excerpt":{"rendered":"<p>O TikTok tem se destacado como uma plataforma influente para a dissemina\u00e7\u00e3o de tend\u00eancias de beleza, especialmente no que diz respeito a cuidados capilares feitos em casa. Com v\u00eddeos que rapidamente se tornam virais, usu\u00e1rios compartilham dicas utilizando ingredientes simples encontrados na cozinha, como cebolas vermelhas e \u00e1gua de arroz. Essa tend\u00eancia reflete uma busca [&hellip;]<\/p>\n","protected":false},"author":9,"featured_media":46234,"comment_status":"open","ping_status":"open","sticky":false,"template":"","format":"standard","meta":{"jnews-multi-image_gallery":[],"jnews_single_post":{"format":"standard"},"jnews_primary_category":[],"jnews_social_meta":[],"jnews_override_counter":[],"footnotes":""},"categories":[29,1],"tags":[2616,5143,5931,525],"class_list":["post-46230","post","type-post","status-publish","format-standard","has-post-thumbnail","hentry","category-entretenimento","category-noticias","tag-beleza","tag-cabelos","tag-cuidados-capilares","tag-tiktok"],"yoast_head":"<!-- This site is optimized with the Yoast SEO plugin v23.8 - https:\/\/yoast.com\/wordpress\/plugins\/seo\/ -->\n<title>Conhe\u00e7as as receitas caseiras de cabelo que esta viralizando no TikTok<\/title>\n<meta name=\"description\" content=\"Cebola e arroz viram aliados da beleza no TikTok com receitas virais que prometem cabelos fortes sem gastar muito.\" \/>\n<meta name=\"robots\" content=\"index, follow, max-snippet:-1, max-image-preview:large, max-video-preview:-1\" \/>\n<link rel=\"canonical\" href=\"https:\/\/www.em.com.br\/emfoco\/2025\/05\/11\/conhecas-as-receitas-caseira-de-cabelo-que-esta-viralizando-no-tiktok\/\" \/>\n<meta property=\"og:locale\" content=\"pt_BR\" \/>\n<meta property=\"og:type\" content=\"article\" \/>\n<meta property=\"og:title\" content=\"Conhe\u00e7as as receitas caseiras de cabelo que esta viralizando no TikTok\" \/>\n<meta property=\"og:description\" content=\"Cebola e arroz viram aliados da beleza no TikTok com receitas virais que prometem cabelos fortes sem gastar muito.\" \/>\n<meta property=\"og:url\" content=\"https:\/\/www.em.com.br\/emfoco\/2025\/05\/11\/conhecas-as-receitas-caseira-de-cabelo-que-esta-viralizando-no-tiktok\/\" \/>\n<meta property=\"og:site_name\" content=\"Estado de Minas - Em foco\" \/>\n<meta property=\"article:published_time\" content=\"2025-05-11T18:00:07+00:00\" \/>\n<meta property=\"article:modified_time\" content=\"2025-05-11T17:26:32+00:00\" \/>\n<meta property=\"og:image\" content=\"https:\/\/www.em.com.br\/emfoco\/wp-content\/uploads\/2025\/05\/DIY_1746889505391.jpg\" \/>\n\t<meta property=\"og:image:width\" content=\"1280\" \/>\n\t<meta property=\"og:image:height\" content=\"720\" \/>\n\t<meta property=\"og:image:type\" content=\"image\/jpeg\" \/>\n<meta name=\"author\" content=\"Daniely Cardoso\" \/>\n<meta name=\"twitter:card\" content=\"summary_large_image\" \/>\n<meta name=\"twitter:label1\" content=\"Escrito por\" \/>\n\t<meta name=\"twitter:data1\" content=\"Daniely Cardoso\" \/>\n\t<meta name=\"twitter:label2\" content=\"Est. tempo de leitura\" \/>\n\t<meta name=\"twitter:data2\" content=\"4 minutos\" \/>\n<!-- \/ Yoast SEO plugin. -->","yoast_head_json":{"title":"Conhe\u00e7as as receitas caseiras de cabelo que esta viralizando no TikTok","description":"Cebola e arroz viram aliados da beleza no TikTok com receitas virais que prometem cabelos fortes sem gastar muito.","robots":{"index":"index","follow":"follow","max-snippet":"max-snippet:-1","max-image-preview":"max-image-preview:large","max-video-preview":"max-video-preview:-1"},"canonical":"https:\/\/www.em.com.br\/emfoco\/2025\/05\/11\/conhecas-as-receitas-caseira-de-cabelo-que-esta-viralizando-no-tiktok\/","og_locale":"pt_BR","og_type":"article","og_title":"Conhe\u00e7as as receitas caseiras de cabelo que esta viralizando no TikTok","og_description":"Cebola e arroz viram aliados da beleza no TikTok com receitas virais que prometem cabelos fortes sem gastar muito.","og_url":"https:\/\/www.em.com.br\/emfoco\/2025\/05\/11\/conhecas-as-receitas-caseira-de-cabelo-que-esta-viralizando-no-tiktok\/","og_site_name":"Estado de Minas - Em foco","article_published_time":"2025-05-11T18:00:07+00:00","article_modified_time":"2025-05-11T17:26:32+00:00","og_image":[{"width":1280,"height":720,"url":"https:\/\/www.em.com.br\/emfoco\/wp-content\/uploads\/2025\/05\/DIY_1746889505391.jpg","type":"image\/jpeg"}],"author":"Daniely Cardoso","twitter_card":"summary_large_image","twitter_misc":{"Escrito por":"Daniely Cardoso","Est. tempo de leitura":"4 minutos"},"schema":{"@context":"https:\/\/schema.org","@graph":[{"@type":"WebPage","@id":"https:\/\/www.em.com.br\/emfoco\/2025\/05\/11\/conhecas-as-receitas-caseira-de-cabelo-que-esta-viralizando-no-tiktok\/","url":"https:\/\/www.em.com.br\/emfoco\/2025\/05\/11\/conhecas-as-receitas-caseira-de-cabelo-que-esta-viralizando-no-tiktok\/","name":"Conhe\u00e7as as receitas caseiras de cabelo que esta viralizando no TikTok","isPartOf":{"@id":"https:\/\/www.em.com.br\/emfoco\/#website"},"primaryImageOfPage":{"@id":"https:\/\/www.em.com.br\/emfoco\/2025\/05\/11\/conhecas-as-receitas-caseira-de-cabelo-que-esta-viralizando-no-tiktok\/#primaryimage"},"image":{"@id":"https:\/\/www.em.com.br\/emfoco\/2025\/05\/11\/conhecas-as-receitas-caseira-de-cabelo-que-esta-viralizando-no-tiktok\/#primaryimage"},"thumbnailUrl":"https:\/\/www.em.com.br\/emfoco\/wp-content\/uploads\/2025\/05\/DIY_1746889505391.jpg","datePublished":"2025-05-11T18:00:07+00:00","dateModified":"2025-05-11T17:26:32+00:00","author":{"@id":"https:\/\/www.em.com.br\/emfoco\/#\/schema\/person\/0a8186d72f2c3a5c6276d90b41f271a0"},"description":"Cebola e arroz viram aliados da beleza no TikTok com receitas virais que prometem cabelos fortes sem gastar muito.","breadcrumb":{"@id":"https:\/\/www.em.com.br\/emfoco\/2025\/05\/11\/conhecas-as-receitas-caseira-de-cabelo-que-esta-viralizando-no-tiktok\/#breadcrumb"},"inLanguage":"pt-BR","potentialAction":[{"@type":"ReadAction","target":["https:\/\/www.em.com.br\/emfoco\/2025\/05\/11\/conhecas-as-receitas-caseira-de-cabelo-que-esta-viralizando-no-tiktok\/"]}]},{"@type":"ImageObject","inLanguage":"pt-BR","@id":"https:\/\/www.em.com.br\/emfoco\/2025\/05\/11\/conhecas-as-receitas-caseira-de-cabelo-que-esta-viralizando-no-tiktok\/#primaryimage","url":"https:\/\/www.em.com.br\/emfoco\/wp-content\/uploads\/2025\/05\/DIY_1746889505391.jpg","contentUrl":"https:\/\/www.em.com.br\/emfoco\/wp-content\/uploads\/2025\/05\/DIY_1746889505391.jpg","width":1280,"height":720,"caption":"DIY - Cr\u00e9ditos: depositphotos.com \/ EdZbarzhyvetsky"},{"@type":"BreadcrumbList","@id":"https:\/\/www.em.com.br\/emfoco\/2025\/05\/11\/conhecas-as-receitas-caseira-de-cabelo-que-esta-viralizando-no-tiktok\/#breadcrumb","itemListElement":[{"@type":"ListItem","position":1,"name":"In\u00edcio","item":"https:\/\/www.em.com.br\/emfoco\/"},{"@type":"ListItem","position":2,"name":"Conhe\u00e7as as receitas caseiras de cabelo que esta viralizando no TikTok"}]},{"@type":"WebSite","@id":"https:\/\/www.em.com.br\/emfoco\/#website","url":"https:\/\/www.em.com.br\/emfoco\/","name":"Estado de Minas - Em foco","description":"Acompanhe as \u00faltimas not\u00edcias e fique bem informado sobre tudo o que acontece em Minas Gerais, Brasil e no mundo.","potentialAction":[{"@type":"SearchAction","target":{"@type":"EntryPoint","urlTemplate":"https:\/\/www.em.com.br\/emfoco\/?s={search_term_string}"},"query-input":{"@type":"PropertyValueSpecification","valueRequired":true,"valueName":"search_term_string"}}],"inLanguage":"pt-BR"},{"@type":"Person","@id":"https:\/\/www.em.com.br\/emfoco\/#\/schema\/person\/0a8186d72f2c3a5c6276d90b41f271a0","name":"Daniely Cardoso","image":{"@type":"ImageObject","inLanguage":"pt-BR","@id":"https:\/\/www.em.com.br\/emfoco\/#\/schema\/person\/image\/","url":"https:\/\/secure.gravatar.com\/avatar\/4b80ddbd124d1f071b626d52d62e5dff?s=96&d=mm&r=g","contentUrl":"https:\/\/secure.gravatar.com\/avatar\/4b80ddbd124d1f071b626d52d62e5dff?s=96&d=mm&r=g","caption":"Daniely Cardoso"},"url":"https:\/\/www.em.com.br\/emfoco\/author\/danielymyth\/"}]}},"_links":{"self":[{"href":"https:\/\/www.em.com.br\/emfoco\/wp-json\/wp\/v2\/posts\/46230","targetHints":{"allow":["GET"]}}],"collection":[{"href":"https:\/\/www.em.com.br\/emfoco\/wp-json\/wp\/v2\/posts"}],"about":[{"href":"https:\/\/www.em.com.br\/emfoco\/wp-json\/wp\/v2\/types\/post"}],"author":[{"embeddable":true,"href":"https:\/\/www.em.com.br\/emfoco\/wp-json\/wp\/v2\/users\/9"}],"replies":[{"embeddable":true,"href":"https:\/\/www.em.com.br\/emfoco\/wp-json\/wp\/v2\/comments?post=46230"}],"version-history":[{"count":3,"href":"https:\/\/www.em.com.br\/emfoco\/wp-json\/wp\/v2\/posts\/46230\/revisions"}],"predecessor-version":[{"id":46336,"href":"https:\/\/www.em.com.br\/emfoco\/wp-json\/wp\/v2\/posts\/46230\/revisions\/46336"}],"wp:featuredmedia":[{"embeddable":true,"href":"https:\/\/www.em.com.br\/emfoco\/wp-json\/wp\/v2\/media\/46234"}],"wp:attachment":[{"href":"https:\/\/www.em.com.br\/emfoco\/wp-json\/wp\/v2\/media?parent=46230"}],"wp:term":[{"taxonomy":"category","embeddable":true,"href":"https:\/\/www.em.com.br\/emfoco\/wp-json\/wp\/v2\/categories?post=46230"},{"taxonomy":"post_tag","embeddable":true,"href":"https:\/\/www.em.com.br\/emfoco\/wp-json\/wp\/v2\/tags?post=46230"}],"curies":[{"name":"wp","href":"https:\/\/api.w.org\/{rel}","templated":true}]}}