{"id":46220,"date":"2025-05-12T21:30:36","date_gmt":"2025-05-13T00:30:36","guid":{"rendered":"https:\/\/www.em.com.br\/emfoco\/?p=46220"},"modified":"2025-05-13T20:19:22","modified_gmt":"2025-05-13T23:19:22","slug":"a-nova-moda-contra-a-insonia-verdade-ou-mito-veja-se-esse-cha-pode-resolver-seu-problema","status":"publish","type":"post","link":"https:\/\/www.em.com.br\/emfoco\/2025\/05\/12\/a-nova-moda-contra-a-insonia-verdade-ou-mito-veja-se-esse-cha-pode-resolver-seu-problema\/","title":{"rendered":"A nova moda contra a ins\u00f4nia, verdade ou mito? Veja se esse ch\u00e1 pode resolver seu problema"},"content":{"rendered":"\n<p>Nas redes sociais, o <strong>ch\u00e1 de casca de banana<\/strong> virou uma febre entre os que lutam contra a <strong>ins\u00f4nia<\/strong>. Prometendo noites tranquilas e sono profundo, essa bebida natural ganhou espa\u00e7o como alternativa aos rem\u00e9dios tradicionais. Mas ser\u00e1 que essa promessa tem base cient\u00edfica ou \u00e9 mais um mito da internet?<\/p>\n\n\n\n<p>Apesar da fama crescente, especialistas alertam para a falta de provas sobre a efic\u00e1cia do ch\u00e1 no combate \u00e0 ins\u00f4nia. Entenda o que realmente est\u00e1 por tr\u00e1s dessa tend\u00eancia e o que, de fato, pode ajudar voc\u00ea a dormir melhor.<\/p>\n\n\n\n<h2 class=\"wp-block-heading\">Banana e sono: existe mesmo uma rela\u00e7\u00e3o?<\/h2>\n\n\n\n<p>A banana \u00e9 frequentemente associada ao sono por conter <strong>triptofano, magn\u00e9sio e pot\u00e1ssio<\/strong>, tr\u00eas nutrientes que participam da produ\u00e7\u00e3o de serotonina e melatonina \u2014 os horm\u00f4nios do relaxamento e do sono. Um estudo de 2024, publicado no <em>Asia Pacific Journal of Clinical Nutrition<\/em>, revelou que consumir banana ou leite antes de dormir <strong>melhorou a qualidade do sono<\/strong> dos volunt\u00e1rios.<\/p>\n\n\n\n<p>Al\u00e9m disso, os <strong>carboidratos da banana<\/strong> ajudam o triptofano a chegar ao c\u00e9rebro com mais facilidade, favorecendo o efeito son\u00edfero.<\/p>\n\n\n\n<h2 class=\"wp-block-heading\">Casca de banana tem os mesmos efeitos?<\/h2>\n\n\n\n<p>Apesar da banana ser comprovadamente ben\u00e9fica para o sono, a <strong>casca da fruta ainda \u00e9 uma inc\u00f3gnita cient\u00edfica<\/strong>. A nutricionista Camile Perella, doutora pela USP, afirma que <strong>n\u00e3o h\u00e1 evid\u00eancias s\u00f3lidas de que a casca contenha a mesma concentra\u00e7\u00e3o de triptofano<\/strong> encontrada na polpa.<\/p>\n\n\n\n<p>Ou seja, o ch\u00e1 pode at\u00e9 ser nutritivo, mas ainda n\u00e3o \u00e9 um aliado confi\u00e1vel contra a ins\u00f4nia.<\/p>\n\n\n\n<figure class=\"wp-block-image size-large\"><img loading=\"lazy\" decoding=\"async\" width=\"1024\" height=\"576\" src=\"https:\/\/www.em.com.br\/emfoco\/wp-content\/uploads\/2025\/05\/casca-de-banana_1747099685155-1024x576.jpg\" alt=\"\" class=\"wp-image-46733\" srcset=\"https:\/\/www.em.com.br\/emfoco\/wp-content\/uploads\/2025\/05\/casca-de-banana_1747099685155-1024x576.jpg 1024w, https:\/\/www.em.com.br\/emfoco\/wp-content\/uploads\/2025\/05\/casca-de-banana_1747099685155-300x169.jpg 300w, https:\/\/www.em.com.br\/emfoco\/wp-content\/uploads\/2025\/05\/casca-de-banana_1747099685155-768x432.jpg 768w, https:\/\/www.em.com.br\/emfoco\/wp-content\/uploads\/2025\/05\/casca-de-banana_1747099685155-750x422.jpg 750w, https:\/\/www.em.com.br\/emfoco\/wp-content\/uploads\/2025\/05\/casca-de-banana_1747099685155-1140x641.jpg 1140w, https:\/\/www.em.com.br\/emfoco\/wp-content\/uploads\/2025\/05\/casca-de-banana_1747099685155.jpg 1280w\" sizes=\"auto, (max-width: 1024px) 100vw, 1024px\" \/><figcaption class=\"wp-element-caption\">casca de banana &#8211; Cr\u00e9ditos: depositphotos.com \/ ChiccoDodiFC<\/figcaption><\/figure>\n\n\n\n<h2 class=\"wp-block-heading\">Benef\u00edcios reais da casca da banana<\/h2>\n\n\n\n<p>Mesmo sem comprova\u00e7\u00e3o para o sono, a casca de banana <strong>tem potencial nutricional<\/strong>. \u00c9 rica em <strong>fibras, antioxidantes e minerais<\/strong>, al\u00e9m de apresentar efeito <strong>prebi\u00f3tico<\/strong>, que favorece a sa\u00fade intestinal, segundo a nutricionista Amanda Vasconcelos.<\/p>\n\n\n\n<p>No entanto, os estudos existentes geralmente envolvem misturas com outras plantas medicinais, dificultando a atribui\u00e7\u00e3o de benef\u00edcios exclusivamente \u00e0 casca da banana.<\/p>\n\n\n\n<h2 class=\"wp-block-heading\">O que comer para dormir melhor de verdade<\/h2>\n\n\n\n<p>Para quem busca melhorar a qualidade do sono de forma natural, alguns alimentos s\u00e3o comprovadamente eficazes:<\/p>\n\n\n\n<ul class=\"wp-block-list\">\n<li><strong>Leite e derivados<\/strong>: fontes confi\u00e1veis de triptofano.<\/li>\n\n\n\n<li><strong>Nozes, castanhas e am\u00eandoas<\/strong>: ricas em magn\u00e9sio.<\/li>\n\n\n\n<li><strong>Kiwi<\/strong>: cont\u00e9m melatonina natural.<\/li>\n\n\n\n<li><strong>Aveia, ovos e cogumelos<\/strong>: fornecem nutrientes para a s\u00edntese hormonal.<\/li>\n<\/ul>\n\n\n\n<p>Ch\u00e1s como <strong>camomila, melissa e passiflora<\/strong> tamb\u00e9m s\u00e3o grandes aliados do sono por suas propriedades calmantes.<\/p>\n\n\n\n<h2 class=\"wp-block-heading\">Cochilo de tarde: vil\u00e3o ou solu\u00e7\u00e3o?<\/h2>\n\n\n\n<p>Cochilar \u00e0 tarde pode ser um al\u00edvio ou um sabotador do sono noturno. <strong>Pequenos cochilos de at\u00e9 30 minutos<\/strong> costumam ser ben\u00e9ficos, mas dormidas longas podem atrapalhar o ciclo noturno. O ideal \u00e9 <strong>observar o pr\u00f3prio corpo<\/strong> e ajustar a rotina de acordo com as necessidades individuais.<\/p>\n\n\n\n<p><\/p>\n","protected":false},"excerpt":{"rendered":"<p>Nas redes sociais, o ch\u00e1 de casca de banana virou uma febre entre os que lutam contra a ins\u00f4nia. Prometendo noites tranquilas e sono profundo, essa bebida natural ganhou espa\u00e7o como alternativa aos rem\u00e9dios tradicionais. Mas ser\u00e1 que essa promessa tem base cient\u00edfica ou \u00e9 mais um mito da internet? Apesar da fama crescente, especialistas [&hellip;]<\/p>\n","protected":false},"author":11,"featured_media":46732,"comment_status":"open","ping_status":"open","sticky":false,"template":"","format":"standard","meta":{"jnews-multi-image_gallery":[],"jnews_single_post":{"format":"standard"},"jnews_primary_category":[],"jnews_social_meta":[],"jnews_override_counter":[],"footnotes":""},"categories":[138,1],"tags":[1914,5178,5800,1924],"class_list":["post-46220","post","type-post","status-publish","format-standard","has-post-thumbnail","hentry","category-mundo","category-noticias","tag-banana","tag-banana-beneficios","tag-casca-de-banana","tag-cha"],"yoast_head":"<!-- This site is optimized with the Yoast SEO plugin v23.8 - https:\/\/yoast.com\/wordpress\/plugins\/seo\/ -->\n<title>A nova moda contra a ins\u00f4nia, verdade ou mito? Veja se esse ch\u00e1 pode resolver seu problema - Estado de Minas - Em foco<\/title>\n<meta name=\"description\" content=\"Ser\u00e1 que o ch\u00e1 ajuda a dormir? Confira o que especialistas revelam e conhe\u00e7a alimentos que realmente combatem a ins\u00f4nia.\" \/>\n<meta name=\"robots\" content=\"index, follow, max-snippet:-1, max-image-preview:large, max-video-preview:-1\" \/>\n<link rel=\"canonical\" href=\"https:\/\/www.em.com.br\/emfoco\/2025\/05\/12\/a-nova-moda-contra-a-insonia-verdade-ou-mito-veja-se-esse-cha-pode-resolver-seu-problema\/\" \/>\n<meta property=\"og:locale\" content=\"pt_BR\" \/>\n<meta property=\"og:type\" content=\"article\" \/>\n<meta property=\"og:title\" content=\"A nova moda contra a ins\u00f4nia, verdade ou mito? Veja se esse ch\u00e1 pode resolver seu problema - Estado de Minas - Em foco\" \/>\n<meta property=\"og:description\" content=\"Ser\u00e1 que o ch\u00e1 ajuda a dormir? Confira o que especialistas revelam e conhe\u00e7a alimentos que realmente combatem a ins\u00f4nia.\" \/>\n<meta property=\"og:url\" content=\"https:\/\/www.em.com.br\/emfoco\/2025\/05\/12\/a-nova-moda-contra-a-insonia-verdade-ou-mito-veja-se-esse-cha-pode-resolver-seu-problema\/\" \/>\n<meta property=\"og:site_name\" content=\"Estado de Minas - Em foco\" \/>\n<meta property=\"article:published_time\" content=\"2025-05-13T00:30:36+00:00\" \/>\n<meta property=\"article:modified_time\" content=\"2025-05-13T23:19:22+00:00\" \/>\n<meta property=\"og:image\" content=\"https:\/\/www.em.com.br\/emfoco\/wp-content\/uploads\/2025\/05\/insonia_1747099623061.jpg\" \/>\n\t<meta property=\"og:image:width\" content=\"1280\" \/>\n\t<meta property=\"og:image:height\" content=\"720\" \/>\n\t<meta property=\"og:image:type\" content=\"image\/jpeg\" \/>\n<meta name=\"author\" content=\"Andre\u0301 Rangel\u00a0\" \/>\n<meta name=\"twitter:card\" content=\"summary_large_image\" \/>\n<meta name=\"twitter:label1\" content=\"Escrito por\" \/>\n\t<meta name=\"twitter:data1\" content=\"Andre\u0301 Rangel\u00a0\" \/>\n\t<meta name=\"twitter:label2\" content=\"Est. tempo de leitura\" \/>\n\t<meta name=\"twitter:data2\" content=\"3 minutos\" \/>\n<!-- \/ Yoast SEO plugin. -->","yoast_head_json":{"title":"A nova moda contra a ins\u00f4nia, verdade ou mito? Veja se esse ch\u00e1 pode resolver seu problema - Estado de Minas - Em foco","description":"Ser\u00e1 que o ch\u00e1 ajuda a dormir? Confira o que especialistas revelam e conhe\u00e7a alimentos que realmente combatem a ins\u00f4nia.","robots":{"index":"index","follow":"follow","max-snippet":"max-snippet:-1","max-image-preview":"max-image-preview:large","max-video-preview":"max-video-preview:-1"},"canonical":"https:\/\/www.em.com.br\/emfoco\/2025\/05\/12\/a-nova-moda-contra-a-insonia-verdade-ou-mito-veja-se-esse-cha-pode-resolver-seu-problema\/","og_locale":"pt_BR","og_type":"article","og_title":"A nova moda contra a ins\u00f4nia, verdade ou mito? Veja se esse ch\u00e1 pode resolver seu problema - Estado de Minas - Em foco","og_description":"Ser\u00e1 que o ch\u00e1 ajuda a dormir? Confira o que especialistas revelam e conhe\u00e7a alimentos que realmente combatem a ins\u00f4nia.","og_url":"https:\/\/www.em.com.br\/emfoco\/2025\/05\/12\/a-nova-moda-contra-a-insonia-verdade-ou-mito-veja-se-esse-cha-pode-resolver-seu-problema\/","og_site_name":"Estado de Minas - Em foco","article_published_time":"2025-05-13T00:30:36+00:00","article_modified_time":"2025-05-13T23:19:22+00:00","og_image":[{"width":1280,"height":720,"url":"https:\/\/www.em.com.br\/emfoco\/wp-content\/uploads\/2025\/05\/insonia_1747099623061.jpg","type":"image\/jpeg"}],"author":"Andre\u0301 Rangel\u00a0","twitter_card":"summary_large_image","twitter_misc":{"Escrito por":"Andre\u0301 Rangel\u00a0","Est. tempo de leitura":"3 minutos"},"schema":{"@context":"https:\/\/schema.org","@graph":[{"@type":"WebPage","@id":"https:\/\/www.em.com.br\/emfoco\/2025\/05\/12\/a-nova-moda-contra-a-insonia-verdade-ou-mito-veja-se-esse-cha-pode-resolver-seu-problema\/","url":"https:\/\/www.em.com.br\/emfoco\/2025\/05\/12\/a-nova-moda-contra-a-insonia-verdade-ou-mito-veja-se-esse-cha-pode-resolver-seu-problema\/","name":"A nova moda contra a ins\u00f4nia, verdade ou mito? Veja se esse ch\u00e1 pode resolver seu problema - Estado de Minas - Em foco","isPartOf":{"@id":"https:\/\/www.em.com.br\/emfoco\/#website"},"primaryImageOfPage":{"@id":"https:\/\/www.em.com.br\/emfoco\/2025\/05\/12\/a-nova-moda-contra-a-insonia-verdade-ou-mito-veja-se-esse-cha-pode-resolver-seu-problema\/#primaryimage"},"image":{"@id":"https:\/\/www.em.com.br\/emfoco\/2025\/05\/12\/a-nova-moda-contra-a-insonia-verdade-ou-mito-veja-se-esse-cha-pode-resolver-seu-problema\/#primaryimage"},"thumbnailUrl":"https:\/\/www.em.com.br\/emfoco\/wp-content\/uploads\/2025\/05\/insonia_1747099623061.jpg","datePublished":"2025-05-13T00:30:36+00:00","dateModified":"2025-05-13T23:19:22+00:00","author":{"@id":"https:\/\/www.em.com.br\/emfoco\/#\/schema\/person\/60eda09c1fedf0d6891f4cef4b60b8b8"},"description":"Ser\u00e1 que o ch\u00e1 ajuda a dormir? Confira o que especialistas revelam e conhe\u00e7a alimentos que realmente combatem a ins\u00f4nia.","breadcrumb":{"@id":"https:\/\/www.em.com.br\/emfoco\/2025\/05\/12\/a-nova-moda-contra-a-insonia-verdade-ou-mito-veja-se-esse-cha-pode-resolver-seu-problema\/#breadcrumb"},"inLanguage":"pt-BR","potentialAction":[{"@type":"ReadAction","target":["https:\/\/www.em.com.br\/emfoco\/2025\/05\/12\/a-nova-moda-contra-a-insonia-verdade-ou-mito-veja-se-esse-cha-pode-resolver-seu-problema\/"]}]},{"@type":"ImageObject","inLanguage":"pt-BR","@id":"https:\/\/www.em.com.br\/emfoco\/2025\/05\/12\/a-nova-moda-contra-a-insonia-verdade-ou-mito-veja-se-esse-cha-pode-resolver-seu-problema\/#primaryimage","url":"https:\/\/www.em.com.br\/emfoco\/wp-content\/uploads\/2025\/05\/insonia_1747099623061.jpg","contentUrl":"https:\/\/www.em.com.br\/emfoco\/wp-content\/uploads\/2025\/05\/insonia_1747099623061.jpg","width":1280,"height":720,"caption":"ins\u00f4nia - Cr\u00e9ditos: depositphotos.com \/ RostyslavOleksin"},{"@type":"BreadcrumbList","@id":"https:\/\/www.em.com.br\/emfoco\/2025\/05\/12\/a-nova-moda-contra-a-insonia-verdade-ou-mito-veja-se-esse-cha-pode-resolver-seu-problema\/#breadcrumb","itemListElement":[{"@type":"ListItem","position":1,"name":"In\u00edcio","item":"https:\/\/www.em.com.br\/emfoco\/"},{"@type":"ListItem","position":2,"name":"A nova moda contra a ins\u00f4nia, verdade ou mito? Veja se esse ch\u00e1 pode resolver seu problema"}]},{"@type":"WebSite","@id":"https:\/\/www.em.com.br\/emfoco\/#website","url":"https:\/\/www.em.com.br\/emfoco\/","name":"Estado de Minas - Em foco","description":"Acompanhe as \u00faltimas not\u00edcias e fique bem informado sobre tudo o que acontece em Minas Gerais, Brasil e no mundo.","potentialAction":[{"@type":"SearchAction","target":{"@type":"EntryPoint","urlTemplate":"https:\/\/www.em.com.br\/emfoco\/?s={search_term_string}"},"query-input":{"@type":"PropertyValueSpecification","valueRequired":true,"valueName":"search_term_string"}}],"inLanguage":"pt-BR"},{"@type":"Person","@id":"https:\/\/www.em.com.br\/emfoco\/#\/schema\/person\/60eda09c1fedf0d6891f4cef4b60b8b8","name":"Andre\u0301 Rangel\u00a0","image":{"@type":"ImageObject","inLanguage":"pt-BR","@id":"https:\/\/www.em.com.br\/emfoco\/#\/schema\/person\/image\/","url":"https:\/\/secure.gravatar.com\/avatar\/6234dc814c77c8ef6d8bba622c787efc?s=96&d=mm&r=g","contentUrl":"https:\/\/secure.gravatar.com\/avatar\/6234dc814c77c8ef6d8bba622c787efc?s=96&d=mm&r=g","caption":"Andre\u0301 Rangel\u00a0"},"url":"https:\/\/www.em.com.br\/emfoco\/author\/luizmyth\/"}]}},"_links":{"self":[{"href":"https:\/\/www.em.com.br\/emfoco\/wp-json\/wp\/v2\/posts\/46220","targetHints":{"allow":["GET"]}}],"collection":[{"href":"https:\/\/www.em.com.br\/emfoco\/wp-json\/wp\/v2\/posts"}],"about":[{"href":"https:\/\/www.em.com.br\/emfoco\/wp-json\/wp\/v2\/types\/post"}],"author":[{"embeddable":true,"href":"https:\/\/www.em.com.br\/emfoco\/wp-json\/wp\/v2\/users\/11"}],"replies":[{"embeddable":true,"href":"https:\/\/www.em.com.br\/emfoco\/wp-json\/wp\/v2\/comments?post=46220"}],"version-history":[{"count":7,"href":"https:\/\/www.em.com.br\/emfoco\/wp-json\/wp\/v2\/posts\/46220\/revisions"}],"predecessor-version":[{"id":47058,"href":"https:\/\/www.em.com.br\/emfoco\/wp-json\/wp\/v2\/posts\/46220\/revisions\/47058"}],"wp:featuredmedia":[{"embeddable":true,"href":"https:\/\/www.em.com.br\/emfoco\/wp-json\/wp\/v2\/media\/46732"}],"wp:attachment":[{"href":"https:\/\/www.em.com.br\/emfoco\/wp-json\/wp\/v2\/media?parent=46220"}],"wp:term":[{"taxonomy":"category","embeddable":true,"href":"https:\/\/www.em.com.br\/emfoco\/wp-json\/wp\/v2\/categories?post=46220"},{"taxonomy":"post_tag","embeddable":true,"href":"https:\/\/www.em.com.br\/emfoco\/wp-json\/wp\/v2\/tags?post=46220"}],"curies":[{"name":"wp","href":"https:\/\/api.w.org\/{rel}","templated":true}]}}