{"id":4618,"date":"2024-12-13T09:40:00","date_gmt":"2024-12-13T12:40:00","guid":{"rendered":"https:\/\/www.em.com.br\/emfoco\/?p=4618"},"modified":"2024-12-12T18:42:25","modified_gmt":"2024-12-12T21:42:25","slug":"a-fuga-mais-epica-da-tv-esta-de-volta-descubra","status":"publish","type":"post","link":"https:\/\/www.em.com.br\/emfoco\/2024\/12\/13\/a-fuga-mais-epica-da-tv-esta-de-volta-descubra\/","title":{"rendered":"A fuga mais \u00e9pica da TV est\u00e1 de volta? Descubra!"},"content":{"rendered":"\n<p>&#8216;<a href=\"https:\/\/pt.wikipedia.org\/wiki\/Prison_Break\" target=\"_blank\" rel=\"noreferrer noopener\">Prison Break<\/a>&#8216;, uma das<a href=\"https:\/\/www.em.com.br\/emfoco\/2024\/12\/02\/watson-sera-que-a-serie-conseguira-superar-as-expectativas-dos-fas-de-sherlock-holmes\/\" target=\"_blank\" rel=\"noreferrer noopener\"> s\u00e9ries<\/a> mais ic\u00f4nicas dos anos 2000, est\u00e1 prestes a ganhar uma nova vida. Ap\u00f3s anos de especula\u00e7\u00e3o, o Hulu confirmou o desenvolvimento de um novo projeto, trazendo \u00e0 tona debates sobre seu potencial impacto e as mudan\u00e7as que est\u00e3o por vir. Este an\u00fancio surge como uma surpresa para muitos, especialmente porque o foco promete se afastar dos protagonistas cl\u00e1ssicos, Michael Scofield e Lincoln Burrows.<\/p>\n\n\n\n<p>Com Elgin James no comando desse projeto, espera-se que a s\u00e9rie assuma uma abordagem inovadora. James, conhecido por seu trabalho em &#8216;Mayans M.C.&#8217; e &#8216;The Outlaws&#8217;, traz uma nova perspectiva que pode revitalizar o universo de &#8216;Prison Break&#8217; para uma nova gera\u00e7\u00e3o de espectadores. Este movimento estrat\u00e9gico poderia atrair tanto os f\u00e3s antigos quanto novos entusiastas da s\u00e9rie.<\/p>\n\n\n\n<h2 class=\"wp-block-heading\">O Que Muda Neste Reboot de &#8216;Prison Break&#8217;?<\/h2>\n\n\n\n<p>A maior novidade sobre o retorno de &#8216;Prison Break&#8217; \u00e9 sua mudan\u00e7a de foco. Segundo fontes, o enredo explorar\u00e1 novos personagens, oferecendo uma narrativa fresca e imprevis\u00edvel. Essa abordagem, ao deixar de lado os protagonistas originais, busca expandir o universo da s\u00e9rie, introduzindo novos elementos e tramas.<\/p>\n\n\n\n<p>A decis\u00e3o de explorar novos arcos narrativos pode proporcionar uma renova\u00e7\u00e3o significativa na din\u00e2mica da s\u00e9rie. Para muitos f\u00e3s, a possibilidade de explorar diferentes hist\u00f3rias de fuga e intrigas institucionais abre portas para um enredo t\u00e3o cativante quanto original, prometendo manter a mesma tens\u00e3o que fez a s\u00e9rie famosa no passado.<\/p>\n\n\n\n<h2 class=\"wp-block-heading\">Quem Est\u00e1 Por Tr\u00e1s do Novo Projeto?<\/h2>\n\n\n\n<p>O comando de Elgin James \u00e9 acompanhado por uma equipe de peso. Quatro executivos que j\u00e1 trabalharam na s\u00e9rie original, incluindo Dawn Olmstead e Paul Scheuring, oferecer\u00e3o suporte ao desenvolvimento deste reboot. Essa colabora\u00e7\u00e3o visa garantir que o novo projeto se mantenha fiel \u00e0s ra\u00edzes que fizeram de &#8216;Prison Break&#8217; um fen\u00f4meno global, ao mesmo tempo em que introduz inova\u00e7\u00f5es necess\u00e1rias para seu renascimento.<\/p>\n\n\n<div class=\"wp-block-image\">\n<figure class=\"aligncenter size-large\"><img loading=\"lazy\" decoding=\"async\" width=\"1024\" height=\"576\" src=\"https:\/\/www.em.com.br\/emfoco\/wp-content\/uploads\/2024\/12\/Prision-Break_1734039713371-1024x576.jpg\" alt=\"\" class=\"wp-image-4622\" srcset=\"https:\/\/www.em.com.br\/emfoco\/wp-content\/uploads\/2024\/12\/Prision-Break_1734039713371-1024x576.jpg 1024w, https:\/\/www.em.com.br\/emfoco\/wp-content\/uploads\/2024\/12\/Prision-Break_1734039713371-300x169.jpg 300w, https:\/\/www.em.com.br\/emfoco\/wp-content\/uploads\/2024\/12\/Prision-Break_1734039713371-768x432.jpg 768w, https:\/\/www.em.com.br\/emfoco\/wp-content\/uploads\/2024\/12\/Prision-Break_1734039713371-750x422.jpg 750w, https:\/\/www.em.com.br\/emfoco\/wp-content\/uploads\/2024\/12\/Prision-Break_1734039713371-1140x642.jpg 1140w, https:\/\/www.em.com.br\/emfoco\/wp-content\/uploads\/2024\/12\/Prision-Break_1734039713371.jpg 1279w\" sizes=\"auto, (max-width: 1024px) 100vw, 1024px\" \/><figcaption class=\"wp-element-caption\">V\u00e3o mudar o elenco de Prision break? Cr\u00e9ditos: depositphotos.com \/ mwissmann<\/figcaption><\/figure><\/div>\n\n\n<p>O envolvimento dessa equipe experiente assegura que os elementos que comp\u00f5em a ess\u00eancia da s\u00e9rie sejam respeitados, enquanto a criatividade de James promete trazer um frescor necess\u00e1rio para uma nova era de fuga e suspense.<\/p>\n\n\n\n<h2 class=\"wp-block-heading\">Quando Ser\u00e1 Lan\u00e7ado o Reboot da S\u00e9rie &#8216;Prison Break&#8217;?<\/h2>\n\n\n\n<p>At\u00e9 o momento, n\u00e3o h\u00e1 uma data oficial de lan\u00e7amento para o reboot de &#8216;Prison Break&#8217;. O projeto ainda est\u00e1 em fases iniciais de desenvolvimento, o que significa que os f\u00e3s precisar\u00e3o de um pouco mais de paci\u00eancia para saber quando poder\u00e3o assistir a essa nova fase da hist\u00f3ria.<\/p>\n\n\n\n<p>Enquanto isso, especula\u00e7\u00f5es e rumores continuar\u00e3o a crescer, alimentados pela expectativa de um retorno triunfante. O tempo dir\u00e1 se este novo projeto ser\u00e1 capaz de capturar o mesmo fasc\u00ednio que o original despertou no p\u00fablico ao longo dos anos.<\/p>\n\n\n\n<h2 class=\"wp-block-heading\">Qual o Potencial Desta Nova Abordagem?<\/h2>\n\n\n\n<p>A prospectiva deste reboot \u00e9 intrigante, pois tem o potencial de reinterpretar a estrutura narrativa de &#8216;Prison Break&#8217;. Essa nova abordagem pode n\u00e3o apenas atrair aten\u00e7\u00e3o, como tamb\u00e9m definir novos padr\u00f5es dentro do g\u00eanero. Ao se aventurar por narrativas ainda n\u00e3o exploradas, o reboot tem a chance de se destacar n\u00e3o como uma mera continua\u00e7\u00e3o, mas como uma renova\u00e7\u00e3o eficaz e emocionante da s\u00e9rie.<\/p>\n\n\n\n<p>Se bem-sucedido, o retorno de &#8216;Prison Break&#8217; poderia pavimentar o caminho para mais explora\u00e7\u00f5es futuras dentro do universo da s\u00e9rie, mantendo o legado vivo, de forma relevante, para uma audi\u00eancia contempor\u00e2nea.<\/p>\n","protected":false},"excerpt":{"rendered":"<p>&#8216;Prison Break&#8216;, uma das s\u00e9ries mais ic\u00f4nicas dos anos 2000, est\u00e1 prestes a ganhar uma nova vida. Ap\u00f3s anos de especula\u00e7\u00e3o, o Hulu confirmou o desenvolvimento de um novo projeto, trazendo \u00e0 tona debates sobre seu potencial impacto e as mudan\u00e7as que est\u00e3o por vir. Este an\u00fancio surge como uma surpresa para muitos, especialmente porque [&hellip;]<\/p>\n","protected":false},"author":7,"featured_media":4621,"comment_status":"open","ping_status":"open","sticky":false,"template":"","format":"standard","meta":{"jnews-multi-image_gallery":[],"jnews_single_post":{"format":"standard"},"jnews_primary_category":[],"jnews_social_meta":[],"jnews_override_counter":[],"footnotes":""},"categories":[29,136],"tags":[1935,1933,1936,607,1934],"class_list":["post-4618","post","type-post","status-publish","format-standard","has-post-thumbnail","hentry","category-entretenimento","category-series","tag-hulu","tag-prison-break","tag-reboot","tag-series","tag-tv-show"],"yoast_head":"<!-- This site is optimized with the Yoast SEO plugin v23.8 - https:\/\/yoast.com\/wordpress\/plugins\/seo\/ -->\n<title>A fuga mais \u00e9pica da TV est\u00e1 de volta? Descubra! - Estado de Minas - Em foco<\/title>\n<meta name=\"description\" content=\"Detalhes sobre o reboot de Prison Break, incluindo sua trama potencial, elenco e atualiza\u00e7\u00f5es de produ\u00e7\u00e3o, bem como as rea\u00e7\u00f5es dos f\u00e3s \u00e0 perspectiva de uma nova s\u00e9rie.\" \/>\n<meta name=\"robots\" content=\"index, follow, max-snippet:-1, max-image-preview:large, max-video-preview:-1\" \/>\n<link rel=\"canonical\" href=\"https:\/\/www.em.com.br\/emfoco\/2024\/12\/13\/a-fuga-mais-epica-da-tv-esta-de-volta-descubra\/\" \/>\n<meta property=\"og:locale\" content=\"pt_BR\" \/>\n<meta property=\"og:type\" content=\"article\" \/>\n<meta property=\"og:title\" content=\"A fuga mais \u00e9pica da TV est\u00e1 de volta? Descubra! - Estado de Minas - Em foco\" \/>\n<meta property=\"og:description\" content=\"Detalhes sobre o reboot de Prison Break, incluindo sua trama potencial, elenco e atualiza\u00e7\u00f5es de produ\u00e7\u00e3o, bem como as rea\u00e7\u00f5es dos f\u00e3s \u00e0 perspectiva de uma nova s\u00e9rie.\" \/>\n<meta property=\"og:url\" content=\"https:\/\/www.em.com.br\/emfoco\/2024\/12\/13\/a-fuga-mais-epica-da-tv-esta-de-volta-descubra\/\" \/>\n<meta property=\"og:site_name\" content=\"Estado de Minas - Em foco\" \/>\n<meta property=\"article:published_time\" content=\"2024-12-13T12:40:00+00:00\" \/>\n<meta property=\"article:modified_time\" content=\"2024-12-12T21:42:25+00:00\" \/>\n<meta property=\"og:image\" content=\"https:\/\/www.em.com.br\/emfoco\/wp-content\/uploads\/2024\/12\/Prision-Break_1734039569491.jpg\" \/>\n\t<meta property=\"og:image:width\" content=\"1280\" \/>\n\t<meta property=\"og:image:height\" content=\"720\" \/>\n\t<meta property=\"og:image:type\" content=\"image\/jpeg\" \/>\n<meta name=\"author\" content=\"Kelvin\" \/>\n<meta name=\"twitter:card\" content=\"summary_large_image\" \/>\n<meta name=\"twitter:label1\" content=\"Escrito por\" \/>\n\t<meta name=\"twitter:data1\" content=\"Kelvin\" \/>\n\t<meta name=\"twitter:label2\" content=\"Est. tempo de leitura\" \/>\n\t<meta name=\"twitter:data2\" content=\"4 minutos\" \/>\n<!-- \/ Yoast SEO plugin. -->","yoast_head_json":{"title":"A fuga mais \u00e9pica da TV est\u00e1 de volta? Descubra! - Estado de Minas - Em foco","description":"Detalhes sobre o reboot de Prison Break, incluindo sua trama potencial, elenco e atualiza\u00e7\u00f5es de produ\u00e7\u00e3o, bem como as rea\u00e7\u00f5es dos f\u00e3s \u00e0 perspectiva de uma nova s\u00e9rie.","robots":{"index":"index","follow":"follow","max-snippet":"max-snippet:-1","max-image-preview":"max-image-preview:large","max-video-preview":"max-video-preview:-1"},"canonical":"https:\/\/www.em.com.br\/emfoco\/2024\/12\/13\/a-fuga-mais-epica-da-tv-esta-de-volta-descubra\/","og_locale":"pt_BR","og_type":"article","og_title":"A fuga mais \u00e9pica da TV est\u00e1 de volta? Descubra! - Estado de Minas - Em foco","og_description":"Detalhes sobre o reboot de Prison Break, incluindo sua trama potencial, elenco e atualiza\u00e7\u00f5es de produ\u00e7\u00e3o, bem como as rea\u00e7\u00f5es dos f\u00e3s \u00e0 perspectiva de uma nova s\u00e9rie.","og_url":"https:\/\/www.em.com.br\/emfoco\/2024\/12\/13\/a-fuga-mais-epica-da-tv-esta-de-volta-descubra\/","og_site_name":"Estado de Minas - Em foco","article_published_time":"2024-12-13T12:40:00+00:00","article_modified_time":"2024-12-12T21:42:25+00:00","og_image":[{"width":1280,"height":720,"url":"https:\/\/www.em.com.br\/emfoco\/wp-content\/uploads\/2024\/12\/Prision-Break_1734039569491.jpg","type":"image\/jpeg"}],"author":"Kelvin","twitter_card":"summary_large_image","twitter_misc":{"Escrito por":"Kelvin","Est. tempo de leitura":"4 minutos"},"schema":{"@context":"https:\/\/schema.org","@graph":[{"@type":"WebPage","@id":"https:\/\/www.em.com.br\/emfoco\/2024\/12\/13\/a-fuga-mais-epica-da-tv-esta-de-volta-descubra\/","url":"https:\/\/www.em.com.br\/emfoco\/2024\/12\/13\/a-fuga-mais-epica-da-tv-esta-de-volta-descubra\/","name":"A fuga mais \u00e9pica da TV est\u00e1 de volta? Descubra! - Estado de Minas - Em foco","isPartOf":{"@id":"https:\/\/www.em.com.br\/emfoco\/#website"},"primaryImageOfPage":{"@id":"https:\/\/www.em.com.br\/emfoco\/2024\/12\/13\/a-fuga-mais-epica-da-tv-esta-de-volta-descubra\/#primaryimage"},"image":{"@id":"https:\/\/www.em.com.br\/emfoco\/2024\/12\/13\/a-fuga-mais-epica-da-tv-esta-de-volta-descubra\/#primaryimage"},"thumbnailUrl":"https:\/\/www.em.com.br\/emfoco\/wp-content\/uploads\/2024\/12\/Prision-Break_1734039569491.jpg","datePublished":"2024-12-13T12:40:00+00:00","dateModified":"2024-12-12T21:42:25+00:00","author":{"@id":"https:\/\/www.em.com.br\/emfoco\/#\/schema\/person\/fb0a7f48c6fbb94b83f413a80f61917d"},"description":"Detalhes sobre o reboot de Prison Break, incluindo sua trama potencial, elenco e atualiza\u00e7\u00f5es de produ\u00e7\u00e3o, bem como as rea\u00e7\u00f5es dos f\u00e3s \u00e0 perspectiva de uma nova s\u00e9rie.","breadcrumb":{"@id":"https:\/\/www.em.com.br\/emfoco\/2024\/12\/13\/a-fuga-mais-epica-da-tv-esta-de-volta-descubra\/#breadcrumb"},"inLanguage":"pt-BR","potentialAction":[{"@type":"ReadAction","target":["https:\/\/www.em.com.br\/emfoco\/2024\/12\/13\/a-fuga-mais-epica-da-tv-esta-de-volta-descubra\/"]}]},{"@type":"ImageObject","inLanguage":"pt-BR","@id":"https:\/\/www.em.com.br\/emfoco\/2024\/12\/13\/a-fuga-mais-epica-da-tv-esta-de-volta-descubra\/#primaryimage","url":"https:\/\/www.em.com.br\/emfoco\/wp-content\/uploads\/2024\/12\/Prision-Break_1734039569491.jpg","contentUrl":"https:\/\/www.em.com.br\/emfoco\/wp-content\/uploads\/2024\/12\/Prision-Break_1734039569491.jpg","width":1280,"height":720,"caption":"Elento Prision break - Cr\u00e9ditos: depositphotos.com \/ Jean_Nelson"},{"@type":"BreadcrumbList","@id":"https:\/\/www.em.com.br\/emfoco\/2024\/12\/13\/a-fuga-mais-epica-da-tv-esta-de-volta-descubra\/#breadcrumb","itemListElement":[{"@type":"ListItem","position":1,"name":"In\u00edcio","item":"https:\/\/www.em.com.br\/emfoco\/"},{"@type":"ListItem","position":2,"name":"A fuga mais \u00e9pica da TV est\u00e1 de volta? Descubra!"}]},{"@type":"WebSite","@id":"https:\/\/www.em.com.br\/emfoco\/#website","url":"https:\/\/www.em.com.br\/emfoco\/","name":"Estado de Minas - Em foco","description":"Acompanhe as \u00faltimas not\u00edcias e fique bem informado sobre tudo o que acontece em Minas Gerais, Brasil e no mundo.","potentialAction":[{"@type":"SearchAction","target":{"@type":"EntryPoint","urlTemplate":"https:\/\/www.em.com.br\/emfoco\/?s={search_term_string}"},"query-input":{"@type":"PropertyValueSpecification","valueRequired":true,"valueName":"search_term_string"}}],"inLanguage":"pt-BR"},{"@type":"Person","@id":"https:\/\/www.em.com.br\/emfoco\/#\/schema\/person\/fb0a7f48c6fbb94b83f413a80f61917d","name":"Kelvin","image":{"@type":"ImageObject","inLanguage":"pt-BR","@id":"https:\/\/www.em.com.br\/emfoco\/#\/schema\/person\/image\/","url":"https:\/\/secure.gravatar.com\/avatar\/e74f84337e6bf6c4c5e88fbdffa05270?s=96&d=mm&r=g","contentUrl":"https:\/\/secure.gravatar.com\/avatar\/e74f84337e6bf6c4c5e88fbdffa05270?s=96&d=mm&r=g","caption":"Kelvin"},"sameAs":["https:\/\/www.em.com.br\/emfoco"],"url":"https:\/\/www.em.com.br\/emfoco\/author\/kelvinmyth\/"}]}},"_links":{"self":[{"href":"https:\/\/www.em.com.br\/emfoco\/wp-json\/wp\/v2\/posts\/4618","targetHints":{"allow":["GET"]}}],"collection":[{"href":"https:\/\/www.em.com.br\/emfoco\/wp-json\/wp\/v2\/posts"}],"about":[{"href":"https:\/\/www.em.com.br\/emfoco\/wp-json\/wp\/v2\/types\/post"}],"author":[{"embeddable":true,"href":"https:\/\/www.em.com.br\/emfoco\/wp-json\/wp\/v2\/users\/7"}],"replies":[{"embeddable":true,"href":"https:\/\/www.em.com.br\/emfoco\/wp-json\/wp\/v2\/comments?post=4618"}],"version-history":[{"count":3,"href":"https:\/\/www.em.com.br\/emfoco\/wp-json\/wp\/v2\/posts\/4618\/revisions"}],"predecessor-version":[{"id":4625,"href":"https:\/\/www.em.com.br\/emfoco\/wp-json\/wp\/v2\/posts\/4618\/revisions\/4625"}],"wp:featuredmedia":[{"embeddable":true,"href":"https:\/\/www.em.com.br\/emfoco\/wp-json\/wp\/v2\/media\/4621"}],"wp:attachment":[{"href":"https:\/\/www.em.com.br\/emfoco\/wp-json\/wp\/v2\/media?parent=4618"}],"wp:term":[{"taxonomy":"category","embeddable":true,"href":"https:\/\/www.em.com.br\/emfoco\/wp-json\/wp\/v2\/categories?post=4618"},{"taxonomy":"post_tag","embeddable":true,"href":"https:\/\/www.em.com.br\/emfoco\/wp-json\/wp\/v2\/tags?post=4618"}],"curies":[{"name":"wp","href":"https:\/\/api.w.org\/{rel}","templated":true}]}}