{"id":46127,"date":"2025-05-11T17:00:00","date_gmt":"2025-05-11T20:00:00","guid":{"rendered":"https:\/\/www.em.com.br\/emfoco\/?p=46127"},"modified":"2025-05-10T20:43:47","modified_gmt":"2025-05-10T23:43:47","slug":"inss-libera-bpc-em-maio-veja-quem-recebe-e-como-consultar","status":"publish","type":"post","link":"https:\/\/www.em.com.br\/emfoco\/2025\/05\/11\/inss-libera-bpc-em-maio-veja-quem-recebe-e-como-consultar\/","title":{"rendered":"INSS libera BPC em maio; veja quem recebe e como consultar"},"content":{"rendered":"\n<p>Em tempos de crise e desigualdade, o <a href=\"https:\/\/www.em.com.br\/emfoco\/2025\/05\/09\/como-garantir-o-pagamento-do-bpc-em-2025-sem-erros-comuns-na-solicitacao\/\" target=\"_blank\" rel=\"noreferrer noopener\"><strong>Benef\u00edcio de Presta\u00e7\u00e3o Continuada (BPC)<\/strong> <\/a>surge como um al\u00edvio vital na vida de milh\u00f5es de brasileiros. Pago mensalmente pelo <strong><a href=\"https:\/\/www1.folha.uol.com.br\/mercado\/2025\/05\/inss-vai-devolver-descontos-de-associacoes-desde-marco-de-2020-veja-como-pedir-o-reembolso.shtml\" target=\"_blank\" rel=\"noreferrer noopener\">INSS<\/a><\/strong>, o programa oferece um <strong>sal\u00e1rio m\u00ednimo<\/strong> (R$ 1.518 em 2025) a idosos e pessoas com defici\u00eancia em situa\u00e7\u00e3o de vulnerabilidade social. Apesar de muitas vezes confundido com aposentadoria, o BPC \u00e9 um benef\u00edcio assistencial, sem necessidade de contribui\u00e7\u00e3o ao INSS.<\/p>\n\n\n\n<p>Mais do que uma simples ajuda financeira, o BPC representa dignidade, seguran\u00e7a e acesso a direitos fundamentais para quem vive com quase nada. Mas aten\u00e7\u00e3o: o benef\u00edcio exige regras claras e o cumprimento de crit\u00e9rios rigorosos.<\/p>\n\n\n\n<h2 class=\"wp-block-heading\">Quem pode receber o BPC em 2025?<\/h2>\n\n\n\n<p>Dois grupos podem ser contemplados com o BPC: idosos com 65 anos ou mais e pessoas com defici\u00eancia de qualquer idade. Em ambos os casos, a renda familiar per capita precisa ser inferior a \u00bc do sal\u00e1rio m\u00ednimo, o que equivale a R$ 379,50 por pessoa em 2025.<\/p>\n\n\n\n<p>Al\u00e9m disso, \u00e9 obrigat\u00f3rio estar inscrito no <strong>Cadastro \u00danico (Cad\u00danico)<\/strong> \u2014 principal base de dados do governo para identificar fam\u00edlias de baixa renda. A inscri\u00e7\u00e3o deve estar sempre atualizada, sob risco de bloqueio ou cancelamento do benef\u00edcio.<\/p>\n\n\n\n<h2 class=\"wp-block-heading\">Veja como funciona o calend\u00e1rio de pagamentos<\/h2>\n\n\n\n<p>O pagamento do BPC \u00e9 feito conforme o <strong>pen\u00faltimo d\u00edgito do N\u00famero de Benef\u00edcio (NB)<\/strong>. Para o m\u00eas de maio de 2025, os dep\u00f3sitos ocorrem entre os dias 26 de maio e 6 de junho, respeitando esse n\u00famero.<\/p>\n\n\n\n<figure class=\"wp-block-image size-large\"><img loading=\"lazy\" decoding=\"async\" width=\"1024\" height=\"576\" src=\"https:\/\/www.em.com.br\/emfoco\/wp-content\/uploads\/2025\/05\/calendario-bpc-2025-1024x576.jpg\" alt=\"\" class=\"wp-image-46173\" srcset=\"https:\/\/www.em.com.br\/emfoco\/wp-content\/uploads\/2025\/05\/calendario-bpc-2025-1024x576.jpg 1024w, https:\/\/www.em.com.br\/emfoco\/wp-content\/uploads\/2025\/05\/calendario-bpc-2025-300x169.jpg 300w, https:\/\/www.em.com.br\/emfoco\/wp-content\/uploads\/2025\/05\/calendario-bpc-2025-768x432.jpg 768w, https:\/\/www.em.com.br\/emfoco\/wp-content\/uploads\/2025\/05\/calendario-bpc-2025-750x422.jpg 750w, https:\/\/www.em.com.br\/emfoco\/wp-content\/uploads\/2025\/05\/calendario-bpc-2025-1140x641.jpg 1140w, https:\/\/www.em.com.br\/emfoco\/wp-content\/uploads\/2025\/05\/calendario-bpc-2025.jpg 1280w\" sizes=\"auto, (max-width: 1024px) 100vw, 1024px\" \/><figcaption class=\"wp-element-caption\">BPC calend\u00e1rio &#8211; Cr\u00e9ditos: Divulga\u00e7\u00e3o\/INSS<\/figcaption><\/figure>\n\n\n\n<p>A consulta ao calend\u00e1rio \u00e9 simples: basta acessar o <strong>aplicativo Meu INSS<\/strong> ou o site <strong>Gov.br<\/strong>, utilizando CPF e senha. Quem preferir pode procurar uma ag\u00eancia do INSS ou ligar para o n\u00famero <strong>135<\/strong> para mais informa\u00e7\u00f5es.<\/p>\n\n\n\n<h2 class=\"wp-block-heading\">Qual a diferen\u00e7a entre BPC e aposentadoria?<\/h2>\n\n\n\n<p>Muita gente ainda confunde o BPC com aposentadoria, mas eles t\u00eam diferen\u00e7as fundamentais. O BPC n\u00e3o exige contribui\u00e7\u00e3o ao INSS, n\u00e3o d\u00e1 direito ao 13\u00ba sal\u00e1rio e n\u00e3o \u00e9 vital\u00edcio. Ele tamb\u00e9m n\u00e3o pode ser transferido para outra pessoa, mesmo em caso de falecimento do benefici\u00e1rio.<\/p>\n\n\n\n<p>J\u00e1 a aposentadoria \u00e9 um benef\u00edcio <strong>previdenci\u00e1rio<\/strong>, ou seja, \u00e9 concedida a quem contribuiu ao longo da vida de trabalho. O BPC \u00e9 uma pol\u00edtica de <strong>assist\u00eancia social<\/strong>, voltada para quem n\u00e3o tem meios de sustento.<\/p>\n\n\n\n<h2 class=\"wp-block-heading\">Como manter o benef\u00edcio ativo e evitar bloqueios<\/h2>\n\n\n\n<p>Para continuar recebendo o BPC sem interrup\u00e7\u00f5es, \u00e9 essencial manter o Cad\u00danico atualizado a cada 2 anos. Se houver mudan\u00e7a de endere\u00e7o, renda ou composi\u00e7\u00e3o familiar, o benefici\u00e1rio deve procurar o <strong>CRAS <\/strong>mais pr\u00f3ximo para atualizar os dados.<\/p>\n\n\n\n<p>Documentos pessoais, comprovante de resid\u00eancia e laudos m\u00e9dicos (no caso de pessoas com defici\u00eancia) devem estar sempre em dia. O descuido com essas exig\u00eancias pode levar ao cancelamento autom\u00e1tico do benef\u00edcio.<\/p>\n","protected":false},"excerpt":{"rendered":"<p>Em tempos de crise e desigualdade, o Benef\u00edcio de Presta\u00e7\u00e3o Continuada (BPC) surge como um al\u00edvio vital na vida de milh\u00f5es de brasileiros. Pago mensalmente pelo INSS, o programa oferece um sal\u00e1rio m\u00ednimo (R$ 1.518 em 2025) a idosos e pessoas com defici\u00eancia em situa\u00e7\u00e3o de vulnerabilidade social. Apesar de muitas vezes confundido com aposentadoria, [&hellip;]<\/p>\n","protected":false},"author":11,"featured_media":41696,"comment_status":"open","ping_status":"open","sticky":false,"template":"","format":"standard","meta":{"jnews-multi-image_gallery":[],"jnews_single_post":{"format":"standard"},"jnews_primary_category":[],"jnews_social_meta":[],"jnews_override_counter":[],"footnotes":""},"categories":[28,1],"tags":[7392,7086,174],"class_list":["post-46127","post","type-post","status-publish","format-standard","has-post-thumbnail","hentry","category-economia","category-noticias","tag-bpc-2025","tag-como-solicitar-bpc","tag-inss"],"yoast_head":"<!-- This site is optimized with the Yoast SEO plugin v23.8 - https:\/\/yoast.com\/wordpress\/plugins\/seo\/ -->\n<title>INSS libera BPC em maio; veja quem recebe e como consultar - Estado de Minas - Em foco<\/title>\n<meta name=\"description\" content=\"BPC paga R$ 1.518 por m\u00eas a idosos e pessoas com defici\u00eancia em situa\u00e7\u00e3o de pobreza. Veja quem tem direito.\" \/>\n<meta name=\"robots\" content=\"index, follow, max-snippet:-1, max-image-preview:large, max-video-preview:-1\" \/>\n<link rel=\"canonical\" href=\"https:\/\/www.em.com.br\/emfoco\/2025\/05\/11\/inss-libera-bpc-em-maio-veja-quem-recebe-e-como-consultar\/\" \/>\n<meta property=\"og:locale\" content=\"pt_BR\" \/>\n<meta property=\"og:type\" content=\"article\" \/>\n<meta property=\"og:title\" content=\"INSS libera BPC em maio; veja quem recebe e como consultar - Estado de Minas - Em foco\" \/>\n<meta property=\"og:description\" content=\"BPC paga R$ 1.518 por m\u00eas a idosos e pessoas com defici\u00eancia em situa\u00e7\u00e3o de pobreza. Veja quem tem direito.\" \/>\n<meta property=\"og:url\" content=\"https:\/\/www.em.com.br\/emfoco\/2025\/05\/11\/inss-libera-bpc-em-maio-veja-quem-recebe-e-como-consultar\/\" \/>\n<meta property=\"og:site_name\" content=\"Estado de Minas - Em foco\" \/>\n<meta property=\"article:published_time\" content=\"2025-05-11T20:00:00+00:00\" \/>\n<meta property=\"article:modified_time\" content=\"2025-05-10T23:43:47+00:00\" \/>\n<meta property=\"og:image\" content=\"https:\/\/www.em.com.br\/emfoco\/wp-content\/uploads\/2025\/04\/52631472045_540ac51166_b.jpg\" \/>\n\t<meta property=\"og:image:width\" content=\"1280\" \/>\n\t<meta property=\"og:image:height\" content=\"720\" \/>\n\t<meta property=\"og:image:type\" content=\"image\/jpeg\" \/>\n<meta name=\"author\" content=\"Andre\u0301 Rangel\u00a0\" \/>\n<meta name=\"twitter:card\" content=\"summary_large_image\" \/>\n<meta name=\"twitter:label1\" content=\"Escrito por\" \/>\n\t<meta name=\"twitter:data1\" content=\"Andre\u0301 Rangel\u00a0\" \/>\n\t<meta name=\"twitter:label2\" content=\"Est. tempo de leitura\" \/>\n\t<meta name=\"twitter:data2\" content=\"3 minutos\" \/>\n<!-- \/ Yoast SEO plugin. -->","yoast_head_json":{"title":"INSS libera BPC em maio; veja quem recebe e como consultar - Estado de Minas - Em foco","description":"BPC paga R$ 1.518 por m\u00eas a idosos e pessoas com defici\u00eancia em situa\u00e7\u00e3o de pobreza. Veja quem tem direito.","robots":{"index":"index","follow":"follow","max-snippet":"max-snippet:-1","max-image-preview":"max-image-preview:large","max-video-preview":"max-video-preview:-1"},"canonical":"https:\/\/www.em.com.br\/emfoco\/2025\/05\/11\/inss-libera-bpc-em-maio-veja-quem-recebe-e-como-consultar\/","og_locale":"pt_BR","og_type":"article","og_title":"INSS libera BPC em maio; veja quem recebe e como consultar - Estado de Minas - Em foco","og_description":"BPC paga R$ 1.518 por m\u00eas a idosos e pessoas com defici\u00eancia em situa\u00e7\u00e3o de pobreza. Veja quem tem direito.","og_url":"https:\/\/www.em.com.br\/emfoco\/2025\/05\/11\/inss-libera-bpc-em-maio-veja-quem-recebe-e-como-consultar\/","og_site_name":"Estado de Minas - Em foco","article_published_time":"2025-05-11T20:00:00+00:00","article_modified_time":"2025-05-10T23:43:47+00:00","og_image":[{"width":1280,"height":720,"url":"https:\/\/www.em.com.br\/emfoco\/wp-content\/uploads\/2025\/04\/52631472045_540ac51166_b.jpg","type":"image\/jpeg"}],"author":"Andre\u0301 Rangel\u00a0","twitter_card":"summary_large_image","twitter_misc":{"Escrito por":"Andre\u0301 Rangel\u00a0","Est. tempo de leitura":"3 minutos"},"schema":{"@context":"https:\/\/schema.org","@graph":[{"@type":"WebPage","@id":"https:\/\/www.em.com.br\/emfoco\/2025\/05\/11\/inss-libera-bpc-em-maio-veja-quem-recebe-e-como-consultar\/","url":"https:\/\/www.em.com.br\/emfoco\/2025\/05\/11\/inss-libera-bpc-em-maio-veja-quem-recebe-e-como-consultar\/","name":"INSS libera BPC em maio; veja quem recebe e como consultar - Estado de Minas - Em foco","isPartOf":{"@id":"https:\/\/www.em.com.br\/emfoco\/#website"},"primaryImageOfPage":{"@id":"https:\/\/www.em.com.br\/emfoco\/2025\/05\/11\/inss-libera-bpc-em-maio-veja-quem-recebe-e-como-consultar\/#primaryimage"},"image":{"@id":"https:\/\/www.em.com.br\/emfoco\/2025\/05\/11\/inss-libera-bpc-em-maio-veja-quem-recebe-e-como-consultar\/#primaryimage"},"thumbnailUrl":"https:\/\/www.em.com.br\/emfoco\/wp-content\/uploads\/2025\/04\/52631472045_540ac51166_b.jpg","datePublished":"2025-05-11T20:00:00+00:00","dateModified":"2025-05-10T23:43:47+00:00","author":{"@id":"https:\/\/www.em.com.br\/emfoco\/#\/schema\/person\/60eda09c1fedf0d6891f4cef4b60b8b8"},"description":"BPC paga R$ 1.518 por m\u00eas a idosos e pessoas com defici\u00eancia em situa\u00e7\u00e3o de pobreza. Veja quem tem direito.","breadcrumb":{"@id":"https:\/\/www.em.com.br\/emfoco\/2025\/05\/11\/inss-libera-bpc-em-maio-veja-quem-recebe-e-como-consultar\/#breadcrumb"},"inLanguage":"pt-BR","potentialAction":[{"@type":"ReadAction","target":["https:\/\/www.em.com.br\/emfoco\/2025\/05\/11\/inss-libera-bpc-em-maio-veja-quem-recebe-e-como-consultar\/"]}]},{"@type":"ImageObject","inLanguage":"pt-BR","@id":"https:\/\/www.em.com.br\/emfoco\/2025\/05\/11\/inss-libera-bpc-em-maio-veja-quem-recebe-e-como-consultar\/#primaryimage","url":"https:\/\/www.em.com.br\/emfoco\/wp-content\/uploads\/2025\/04\/52631472045_540ac51166_b.jpg","contentUrl":"https:\/\/www.em.com.br\/emfoco\/wp-content\/uploads\/2025\/04\/52631472045_540ac51166_b.jpg","width":1280,"height":720,"caption":"Nova regra do INSS muda comprova\u00e7\u00e3o de vida para milh\u00f5es - Cr\u00e9ditos: Divulga\u00e7\u00e3o\/Flickr"},{"@type":"BreadcrumbList","@id":"https:\/\/www.em.com.br\/emfoco\/2025\/05\/11\/inss-libera-bpc-em-maio-veja-quem-recebe-e-como-consultar\/#breadcrumb","itemListElement":[{"@type":"ListItem","position":1,"name":"In\u00edcio","item":"https:\/\/www.em.com.br\/emfoco\/"},{"@type":"ListItem","position":2,"name":"INSS libera BPC em maio; veja quem recebe e como consultar"}]},{"@type":"WebSite","@id":"https:\/\/www.em.com.br\/emfoco\/#website","url":"https:\/\/www.em.com.br\/emfoco\/","name":"Estado de Minas - Em foco","description":"Acompanhe as \u00faltimas not\u00edcias e fique bem informado sobre tudo o que acontece em Minas Gerais, Brasil e no mundo.","potentialAction":[{"@type":"SearchAction","target":{"@type":"EntryPoint","urlTemplate":"https:\/\/www.em.com.br\/emfoco\/?s={search_term_string}"},"query-input":{"@type":"PropertyValueSpecification","valueRequired":true,"valueName":"search_term_string"}}],"inLanguage":"pt-BR"},{"@type":"Person","@id":"https:\/\/www.em.com.br\/emfoco\/#\/schema\/person\/60eda09c1fedf0d6891f4cef4b60b8b8","name":"Andre\u0301 Rangel\u00a0","image":{"@type":"ImageObject","inLanguage":"pt-BR","@id":"https:\/\/www.em.com.br\/emfoco\/#\/schema\/person\/image\/","url":"https:\/\/secure.gravatar.com\/avatar\/6234dc814c77c8ef6d8bba622c787efc?s=96&d=mm&r=g","contentUrl":"https:\/\/secure.gravatar.com\/avatar\/6234dc814c77c8ef6d8bba622c787efc?s=96&d=mm&r=g","caption":"Andre\u0301 Rangel\u00a0"},"url":"https:\/\/www.em.com.br\/emfoco\/author\/luizmyth\/"}]}},"_links":{"self":[{"href":"https:\/\/www.em.com.br\/emfoco\/wp-json\/wp\/v2\/posts\/46127","targetHints":{"allow":["GET"]}}],"collection":[{"href":"https:\/\/www.em.com.br\/emfoco\/wp-json\/wp\/v2\/posts"}],"about":[{"href":"https:\/\/www.em.com.br\/emfoco\/wp-json\/wp\/v2\/types\/post"}],"author":[{"embeddable":true,"href":"https:\/\/www.em.com.br\/emfoco\/wp-json\/wp\/v2\/users\/11"}],"replies":[{"embeddable":true,"href":"https:\/\/www.em.com.br\/emfoco\/wp-json\/wp\/v2\/comments?post=46127"}],"version-history":[{"count":5,"href":"https:\/\/www.em.com.br\/emfoco\/wp-json\/wp\/v2\/posts\/46127\/revisions"}],"predecessor-version":[{"id":46308,"href":"https:\/\/www.em.com.br\/emfoco\/wp-json\/wp\/v2\/posts\/46127\/revisions\/46308"}],"wp:featuredmedia":[{"embeddable":true,"href":"https:\/\/www.em.com.br\/emfoco\/wp-json\/wp\/v2\/media\/41696"}],"wp:attachment":[{"href":"https:\/\/www.em.com.br\/emfoco\/wp-json\/wp\/v2\/media?parent=46127"}],"wp:term":[{"taxonomy":"category","embeddable":true,"href":"https:\/\/www.em.com.br\/emfoco\/wp-json\/wp\/v2\/categories?post=46127"},{"taxonomy":"post_tag","embeddable":true,"href":"https:\/\/www.em.com.br\/emfoco\/wp-json\/wp\/v2\/tags?post=46127"}],"curies":[{"name":"wp","href":"https:\/\/api.w.org\/{rel}","templated":true}]}}