{"id":46071,"date":"2025-05-09T21:30:00","date_gmt":"2025-05-10T00:30:00","guid":{"rendered":"https:\/\/www.em.com.br\/emfoco\/?p=46071"},"modified":"2025-05-09T18:36:46","modified_gmt":"2025-05-09T21:36:46","slug":"essa-cidade-na-fronteira-do-brasil-esta-surpreendendo-turistas-do-mundo-inteiro","status":"publish","type":"post","link":"https:\/\/www.em.com.br\/emfoco\/2025\/05\/09\/essa-cidade-na-fronteira-do-brasil-esta-surpreendendo-turistas-do-mundo-inteiro\/","title":{"rendered":"Essa cidade na fronteira do Brasil est\u00e1 surpreendendo turistas do mundo inteiro"},"content":{"rendered":"\n<p>Localizada no oeste do <strong>Paran\u00e1<\/strong>, <strong>Foz do Igua\u00e7u<\/strong> \u00e9 uma cidade que atrai visitantes de todo o mundo. Conhecida principalmente pelas majestosas Cataratas do Igua\u00e7u, a cidade oferece uma combina\u00e7\u00e3o \u00fanica de belezas naturais, diversidade cultural e uma infraestrutura tur\u00edstica de alta qualidade. Em 2025, com uma popula\u00e7\u00e3o estimada em 260 mil habitantes, Foz do Igua\u00e7u exemplifica a conviv\u00eancia harmoniosa entre a natureza e o desenvolvimento urbano, conforme dados da <a href=\"https:\/\/revistaanamaria.com.br\/cidades\/este-destino-brasileiro-esta-chamando-atencao-internacionalmente\/\" target=\"_blank\" rel=\"noreferrer noopener\">Revista Ana Maria.<\/a><\/p>\n\n\n\n<p>Al\u00e9m das cataratas, Foz do Igua\u00e7u \u00e9 um destino repleto de atra\u00e7\u00f5es que refletem sua rica diversidade cultural. A cidade \u00e9 um ponto de encontro de diferentes culturas, evidenciado em sua gastronomia variada e em eventos culturais vibrantes. Este artigo explora as m\u00faltiplas facetas de Foz do Igua\u00e7u, desde a qualidade de vida at\u00e9 as oportunidades educacionais e o potencial tur\u00edstico.<\/p>\n\n\n\n<h2 class=\"wp-block-heading\">Como \u00e9 a qualidade de vida em Foz do Igua\u00e7u?<\/h2>\n\n\n\n<p>Foz do Igua\u00e7u \u00e9 conhecida por oferecer uma excelente qualidade de vida. O custo de vida \u00e9 relativamente acess\u00edvel, e a cidade conta com uma infraestrutura de sa\u00fade eficiente. O sistema de transporte p\u00fablico \u00e9 bem desenvolvido, garantindo f\u00e1cil mobilidade para seus habitantes. Al\u00e9m disso, a seguran\u00e7a \u00e9 uma prioridade, com pol\u00edticas p\u00fablicas e iniciativas comunit\u00e1rias focadas na prote\u00e7\u00e3o dos cidad\u00e3os.<\/p>\n\n\n\n<p>A cidade tamb\u00e9m se destaca pela oferta de espa\u00e7os verdes e \u00e1reas de lazer, proporcionando aos moradores um ambiente saud\u00e1vel e agrad\u00e1vel. Parques e pra\u00e7as s\u00e3o comuns, incentivando atividades ao ar livre e a conviv\u00eancia social.<\/p>\n\n\n\n<h2 class=\"wp-block-heading\">Como \u00e9 a educa\u00e7\u00e3o e quais s\u00e3o as oportunidades acad\u00eamicas na cidade?<\/h2>\n\n\n\n<p>Foz do Igua\u00e7u se destaca na \u00e1rea educacional, com uma ampla gama de institui\u00e7\u00f5es de ensino que v\u00e3o desde escolas p\u00fablicas at\u00e9 universidades de renome. A Universidade Federal da Integra\u00e7\u00e3o Latino-Americana (UNILA) \u00e9 um exemplo, promovendo a integra\u00e7\u00e3o cultural e acad\u00eamica entre os pa\u00edses da Am\u00e9rica Latina. Al\u00e9m disso, Foz do Igua\u00e7u oferece diversas escolas t\u00e9cnicas e programas de capacita\u00e7\u00e3o profissional, preparando os jovens para o mercado de trabalho.<\/p>\n\n\n\n<p>Essas institui\u00e7\u00f5es n\u00e3o apenas contribuem para a forma\u00e7\u00e3o acad\u00eamica, mas tamb\u00e9m para o enriquecimento cultural da cidade, atraindo estudantes de diversas partes do mundo e promovendo um ambiente multicultural.<\/p>\n\n\n<div class=\"wp-block-image\">\n<figure class=\"aligncenter size-large\"><img loading=\"lazy\" decoding=\"async\" width=\"1024\" height=\"576\" src=\"https:\/\/www.em.com.br\/emfoco\/wp-content\/uploads\/2025\/05\/foz-do-iguacu-cidade_1746826298968-1024x576.jpg\" alt=\"Essa cidade na fronteira do Brasil est\u00e1 surpreendendo turistas do mundo inteiro\" class=\"wp-image-46074\" srcset=\"https:\/\/www.em.com.br\/emfoco\/wp-content\/uploads\/2025\/05\/foz-do-iguacu-cidade_1746826298968-1024x576.jpg 1024w, https:\/\/www.em.com.br\/emfoco\/wp-content\/uploads\/2025\/05\/foz-do-iguacu-cidade_1746826298968-300x169.jpg 300w, https:\/\/www.em.com.br\/emfoco\/wp-content\/uploads\/2025\/05\/foz-do-iguacu-cidade_1746826298968-768x432.jpg 768w, https:\/\/www.em.com.br\/emfoco\/wp-content\/uploads\/2025\/05\/foz-do-iguacu-cidade_1746826298968-750x422.jpg 750w, https:\/\/www.em.com.br\/emfoco\/wp-content\/uploads\/2025\/05\/foz-do-iguacu-cidade_1746826298968-1140x641.jpg 1140w, https:\/\/www.em.com.br\/emfoco\/wp-content\/uploads\/2025\/05\/foz-do-iguacu-cidade_1746826298968.jpg 1280w\" sizes=\"auto, (max-width: 1024px) 100vw, 1024px\" \/><figcaption class=\"wp-element-caption\">Foz do Igua\u00e7u (Cr\u00e9ditos: depositphotos.com \/ tifonimages)<\/figcaption><\/figure><\/div>\n\n\n<h2 class=\"wp-block-heading\">O que fazer em Foz do Igua\u00e7u al\u00e9m das Cataratas?<\/h2>\n\n\n\n<p>Embora as Cataratas do Igua\u00e7u sejam a atra\u00e7\u00e3o mais <a href=\"https:\/\/www.em.com.br\/emfoco\/2025\/05\/08\/cidade-brasileira-faz-historia-com-novo-projeto-ferroviario-que-muda-tudo\/\" target=\"_blank\" rel=\"noreferrer noopener\">famosa<\/a>, a cidade oferece muito mais. O Parque das Aves \u00e9 um santu\u00e1rio para aves tropicais, permitindo que os visitantes interajam com a fauna local. A Usina Hidrel\u00e9trica de Itaipu, uma das maiores do mundo, oferece visitas guiadas que destacam a grandiosidade da engenharia humana. Esses locais, entre outros, fazem de Foz do Igua\u00e7u um destino tur\u00edstico diversificado.<\/p>\n\n\n\n<p>Outras atra\u00e7\u00f5es incluem o Marco das Tr\u00eas Fronteiras, onde Brasil, Argentina e Paraguai se encontram, e o Templo Budista, que oferece um espa\u00e7o de tranquilidade e reflex\u00e3o. A cidade tamb\u00e9m \u00e9 conhecida por seus eventos culturais e festivais, que celebram a diversidade de sua popula\u00e7\u00e3o.<\/p>\n\n\n\n<h2 class=\"wp-block-heading\">Como ser\u00e1 o futuro promissor da cidade?<\/h2>\n\n\n\n<p>O futuro de Foz do Igua\u00e7u \u00e9 promissor, com planos de expans\u00e3o no setor tur\u00edstico e investimentos em tecnologia e inova\u00e7\u00e3o. A cidade continua a atrair investimentos estrangeiros, especialmente no setor de energia renov\u00e1vel, devido \u00e0 presen\u00e7a da Usina de Itaipu. Com uma combina\u00e7\u00e3o de belezas naturais, diversidade cultural e infraestrutura robusta, Foz do Igua\u00e7u est\u00e1 bem posicionada para continuar crescendo e se destacando como um dos principais destinos tur\u00edsticos do Brasil.<\/p>\n\n\n\n<p>Al\u00e9m disso, a cidade est\u00e1 investindo em projetos de sustentabilidade e preserva\u00e7\u00e3o ambiental, garantindo que suas belezas naturais sejam protegidas para as futuras gera\u00e7\u00f5es. Com um compromisso cont\u00ednuo com o desenvolvimento sustent\u00e1vel, Foz do Igua\u00e7u est\u00e1 preparada para enfrentar os desafios do futuro enquanto continua a encantar visitantes de todo o mundo.<\/p>\n","protected":false},"excerpt":{"rendered":"<p>Localizada no oeste do Paran\u00e1, Foz do Igua\u00e7u \u00e9 uma cidade que atrai visitantes de todo o mundo. Conhecida principalmente pelas majestosas Cataratas do Igua\u00e7u, a cidade oferece uma combina\u00e7\u00e3o \u00fanica de belezas naturais, diversidade cultural e uma infraestrutura tur\u00edstica de alta qualidade. Em 2025, com uma popula\u00e7\u00e3o estimada em 260 mil habitantes, Foz do [&hellip;]<\/p>\n","protected":false},"author":10,"featured_media":46073,"comment_status":"open","ping_status":"open","sticky":false,"template":"","format":"standard","meta":{"jnews-multi-image_gallery":[],"jnews_single_post":{"format":"standard"},"jnews_primary_category":[],"jnews_social_meta":[],"jnews_override_counter":[],"footnotes":""},"categories":[26,1],"tags":[158,310,8505],"class_list":["post-46071","post","type-post","status-publish","format-standard","has-post-thumbnail","hentry","category-cidades","category-noticias","tag-brasil","tag-cidade","tag-fronteira"],"yoast_head":"<!-- This site is optimized with the Yoast SEO plugin v23.8 - https:\/\/yoast.com\/wordpress\/plugins\/seo\/ -->\n<title>Essa cidade na fronteira do Brasil est\u00e1 surpreendendo turistas do mundo inteiro - Estado de Minas - Em foco<\/title>\n<meta name=\"description\" content=\"Essa cidade \u00e9 o xod\u00f3 do turismo na tr\u00edplice fronteira com atra\u00e7\u00f5es surpreendentes, qualidade de vida e experi\u00eancias \u00fanicas.\" \/>\n<meta name=\"robots\" content=\"index, follow, max-snippet:-1, max-image-preview:large, max-video-preview:-1\" \/>\n<link rel=\"canonical\" href=\"https:\/\/www.em.com.br\/emfoco\/2025\/05\/09\/essa-cidade-na-fronteira-do-brasil-esta-surpreendendo-turistas-do-mundo-inteiro\/\" \/>\n<meta property=\"og:locale\" content=\"pt_BR\" \/>\n<meta property=\"og:type\" content=\"article\" \/>\n<meta property=\"og:title\" content=\"Essa cidade na fronteira do Brasil est\u00e1 surpreendendo turistas do mundo inteiro - Estado de Minas - Em foco\" \/>\n<meta property=\"og:description\" content=\"Essa cidade \u00e9 o xod\u00f3 do turismo na tr\u00edplice fronteira com atra\u00e7\u00f5es surpreendentes, qualidade de vida e experi\u00eancias \u00fanicas.\" \/>\n<meta property=\"og:url\" content=\"https:\/\/www.em.com.br\/emfoco\/2025\/05\/09\/essa-cidade-na-fronteira-do-brasil-esta-surpreendendo-turistas-do-mundo-inteiro\/\" \/>\n<meta property=\"og:site_name\" content=\"Estado de Minas - Em foco\" \/>\n<meta property=\"article:published_time\" content=\"2025-05-10T00:30:00+00:00\" \/>\n<meta property=\"article:modified_time\" content=\"2025-05-09T21:36:46+00:00\" \/>\n<meta property=\"og:image\" content=\"https:\/\/www.em.com.br\/emfoco\/wp-content\/uploads\/2025\/05\/foz-do-iguacu-cidade_1746826142799.jpg\" \/>\n\t<meta property=\"og:image:width\" content=\"1280\" \/>\n\t<meta property=\"og:image:height\" content=\"720\" \/>\n\t<meta property=\"og:image:type\" content=\"image\/jpeg\" \/>\n<meta name=\"author\" content=\"Patryck Reinehr\" \/>\n<meta name=\"twitter:card\" content=\"summary_large_image\" \/>\n<meta name=\"twitter:label1\" content=\"Escrito por\" \/>\n\t<meta name=\"twitter:data1\" content=\"Patryck Reinehr\" \/>\n\t<meta name=\"twitter:label2\" content=\"Est. tempo de leitura\" \/>\n\t<meta name=\"twitter:data2\" content=\"4 minutos\" \/>\n<!-- \/ Yoast SEO plugin. -->","yoast_head_json":{"title":"Essa cidade na fronteira do Brasil est\u00e1 surpreendendo turistas do mundo inteiro - Estado de Minas - Em foco","description":"Essa cidade \u00e9 o xod\u00f3 do turismo na tr\u00edplice fronteira com atra\u00e7\u00f5es surpreendentes, qualidade de vida e experi\u00eancias \u00fanicas.","robots":{"index":"index","follow":"follow","max-snippet":"max-snippet:-1","max-image-preview":"max-image-preview:large","max-video-preview":"max-video-preview:-1"},"canonical":"https:\/\/www.em.com.br\/emfoco\/2025\/05\/09\/essa-cidade-na-fronteira-do-brasil-esta-surpreendendo-turistas-do-mundo-inteiro\/","og_locale":"pt_BR","og_type":"article","og_title":"Essa cidade na fronteira do Brasil est\u00e1 surpreendendo turistas do mundo inteiro - Estado de Minas - Em foco","og_description":"Essa cidade \u00e9 o xod\u00f3 do turismo na tr\u00edplice fronteira com atra\u00e7\u00f5es surpreendentes, qualidade de vida e experi\u00eancias \u00fanicas.","og_url":"https:\/\/www.em.com.br\/emfoco\/2025\/05\/09\/essa-cidade-na-fronteira-do-brasil-esta-surpreendendo-turistas-do-mundo-inteiro\/","og_site_name":"Estado de Minas - Em foco","article_published_time":"2025-05-10T00:30:00+00:00","article_modified_time":"2025-05-09T21:36:46+00:00","og_image":[{"width":1280,"height":720,"url":"https:\/\/www.em.com.br\/emfoco\/wp-content\/uploads\/2025\/05\/foz-do-iguacu-cidade_1746826142799.jpg","type":"image\/jpeg"}],"author":"Patryck Reinehr","twitter_card":"summary_large_image","twitter_misc":{"Escrito por":"Patryck Reinehr","Est. tempo de leitura":"4 minutos"},"schema":{"@context":"https:\/\/schema.org","@graph":[{"@type":"WebPage","@id":"https:\/\/www.em.com.br\/emfoco\/2025\/05\/09\/essa-cidade-na-fronteira-do-brasil-esta-surpreendendo-turistas-do-mundo-inteiro\/","url":"https:\/\/www.em.com.br\/emfoco\/2025\/05\/09\/essa-cidade-na-fronteira-do-brasil-esta-surpreendendo-turistas-do-mundo-inteiro\/","name":"Essa cidade na fronteira do Brasil est\u00e1 surpreendendo turistas do mundo inteiro - Estado de Minas - Em foco","isPartOf":{"@id":"https:\/\/www.em.com.br\/emfoco\/#website"},"primaryImageOfPage":{"@id":"https:\/\/www.em.com.br\/emfoco\/2025\/05\/09\/essa-cidade-na-fronteira-do-brasil-esta-surpreendendo-turistas-do-mundo-inteiro\/#primaryimage"},"image":{"@id":"https:\/\/www.em.com.br\/emfoco\/2025\/05\/09\/essa-cidade-na-fronteira-do-brasil-esta-surpreendendo-turistas-do-mundo-inteiro\/#primaryimage"},"thumbnailUrl":"https:\/\/www.em.com.br\/emfoco\/wp-content\/uploads\/2025\/05\/foz-do-iguacu-cidade_1746826142799.jpg","datePublished":"2025-05-10T00:30:00+00:00","dateModified":"2025-05-09T21:36:46+00:00","author":{"@id":"https:\/\/www.em.com.br\/emfoco\/#\/schema\/person\/43407752bebcbbb4d0ec79deedc0d7ce"},"description":"Essa cidade \u00e9 o xod\u00f3 do turismo na tr\u00edplice fronteira com atra\u00e7\u00f5es surpreendentes, qualidade de vida e experi\u00eancias \u00fanicas.","breadcrumb":{"@id":"https:\/\/www.em.com.br\/emfoco\/2025\/05\/09\/essa-cidade-na-fronteira-do-brasil-esta-surpreendendo-turistas-do-mundo-inteiro\/#breadcrumb"},"inLanguage":"pt-BR","potentialAction":[{"@type":"ReadAction","target":["https:\/\/www.em.com.br\/emfoco\/2025\/05\/09\/essa-cidade-na-fronteira-do-brasil-esta-surpreendendo-turistas-do-mundo-inteiro\/"]}]},{"@type":"ImageObject","inLanguage":"pt-BR","@id":"https:\/\/www.em.com.br\/emfoco\/2025\/05\/09\/essa-cidade-na-fronteira-do-brasil-esta-surpreendendo-turistas-do-mundo-inteiro\/#primaryimage","url":"https:\/\/www.em.com.br\/emfoco\/wp-content\/uploads\/2025\/05\/foz-do-iguacu-cidade_1746826142799.jpg","contentUrl":"https:\/\/www.em.com.br\/emfoco\/wp-content\/uploads\/2025\/05\/foz-do-iguacu-cidade_1746826142799.jpg","width":1280,"height":720,"caption":"Ponte na fronteira do Brasil (Cr\u00e9ditos: depositphotos.com \/ michelfoz2022)"},{"@type":"BreadcrumbList","@id":"https:\/\/www.em.com.br\/emfoco\/2025\/05\/09\/essa-cidade-na-fronteira-do-brasil-esta-surpreendendo-turistas-do-mundo-inteiro\/#breadcrumb","itemListElement":[{"@type":"ListItem","position":1,"name":"In\u00edcio","item":"https:\/\/www.em.com.br\/emfoco\/"},{"@type":"ListItem","position":2,"name":"Essa cidade na fronteira do Brasil est\u00e1 surpreendendo turistas do mundo inteiro"}]},{"@type":"WebSite","@id":"https:\/\/www.em.com.br\/emfoco\/#website","url":"https:\/\/www.em.com.br\/emfoco\/","name":"Estado de Minas - Em foco","description":"Acompanhe as \u00faltimas not\u00edcias e fique bem informado sobre tudo o que acontece em Minas Gerais, Brasil e no mundo.","potentialAction":[{"@type":"SearchAction","target":{"@type":"EntryPoint","urlTemplate":"https:\/\/www.em.com.br\/emfoco\/?s={search_term_string}"},"query-input":{"@type":"PropertyValueSpecification","valueRequired":true,"valueName":"search_term_string"}}],"inLanguage":"pt-BR"},{"@type":"Person","@id":"https:\/\/www.em.com.br\/emfoco\/#\/schema\/person\/43407752bebcbbb4d0ec79deedc0d7ce","name":"Patryck Reinehr","image":{"@type":"ImageObject","inLanguage":"pt-BR","@id":"https:\/\/www.em.com.br\/emfoco\/#\/schema\/person\/image\/","url":"https:\/\/secure.gravatar.com\/avatar\/570c7fb2898c0e2df0823196891bea88?s=96&d=mm&r=g","contentUrl":"https:\/\/secure.gravatar.com\/avatar\/570c7fb2898c0e2df0823196891bea88?s=96&d=mm&r=g","caption":"Patryck Reinehr"},"url":"https:\/\/www.em.com.br\/emfoco\/author\/patryckmyth\/"}]}},"_links":{"self":[{"href":"https:\/\/www.em.com.br\/emfoco\/wp-json\/wp\/v2\/posts\/46071","targetHints":{"allow":["GET"]}}],"collection":[{"href":"https:\/\/www.em.com.br\/emfoco\/wp-json\/wp\/v2\/posts"}],"about":[{"href":"https:\/\/www.em.com.br\/emfoco\/wp-json\/wp\/v2\/types\/post"}],"author":[{"embeddable":true,"href":"https:\/\/www.em.com.br\/emfoco\/wp-json\/wp\/v2\/users\/10"}],"replies":[{"embeddable":true,"href":"https:\/\/www.em.com.br\/emfoco\/wp-json\/wp\/v2\/comments?post=46071"}],"version-history":[{"count":1,"href":"https:\/\/www.em.com.br\/emfoco\/wp-json\/wp\/v2\/posts\/46071\/revisions"}],"predecessor-version":[{"id":46075,"href":"https:\/\/www.em.com.br\/emfoco\/wp-json\/wp\/v2\/posts\/46071\/revisions\/46075"}],"wp:featuredmedia":[{"embeddable":true,"href":"https:\/\/www.em.com.br\/emfoco\/wp-json\/wp\/v2\/media\/46073"}],"wp:attachment":[{"href":"https:\/\/www.em.com.br\/emfoco\/wp-json\/wp\/v2\/media?parent=46071"}],"wp:term":[{"taxonomy":"category","embeddable":true,"href":"https:\/\/www.em.com.br\/emfoco\/wp-json\/wp\/v2\/categories?post=46071"},{"taxonomy":"post_tag","embeddable":true,"href":"https:\/\/www.em.com.br\/emfoco\/wp-json\/wp\/v2\/tags?post=46071"}],"curies":[{"name":"wp","href":"https:\/\/api.w.org\/{rel}","templated":true}]}}