{"id":45762,"date":"2025-05-08T21:30:00","date_gmt":"2025-05-09T00:30:00","guid":{"rendered":"https:\/\/www.em.com.br\/emfoco\/?p=45762"},"modified":"2025-05-08T16:56:35","modified_gmt":"2025-05-08T19:56:35","slug":"cidade-brasileira-faz-historia-com-novo-projeto-ferroviario-que-muda-tudo","status":"publish","type":"post","link":"https:\/\/www.em.com.br\/emfoco\/2025\/05\/08\/cidade-brasileira-faz-historia-com-novo-projeto-ferroviario-que-muda-tudo\/","title":{"rendered":"Cidade brasileira faz hist\u00f3ria com novo projeto ferrovi\u00e1rio que muda tudo"},"content":{"rendered":"\n<p><strong>Curitiba<\/strong>, conhecida por sua rica heran\u00e7a cultural, est\u00e1 em vias de se tornar um importante polo de turismo ferrovi\u00e1rio no <strong>Brasil<\/strong>. Um projeto de lei, liderado pelo vereador <strong>Tico Kuzma<\/strong>, est\u00e1 em discuss\u00e3o para oficializar a cidade como a Capital do Turismo Ferrovi\u00e1rio do pa\u00eds. Este movimento visa n\u00e3o apenas preservar a hist\u00f3ria ferrovi\u00e1ria local, mas tamb\u00e9m dinamizar a economia atrav\u00e9s do aumento do turismo, como explica a <a href=\"https:\/\/revistaanamaria.com.br\/cidades\/o-segredo-por-tras-da-nova-capital-do-turismo-ferroviario\/\" target=\"_blank\" rel=\"noreferrer noopener\">Revista Ana Maria.<\/a><\/p>\n\n\n\n<p>A cidade j\u00e1 \u00e9 famosa por abrigar o Trem da Serra do Mar Paranaense, uma das rotas ferrovi\u00e1rias mais pitorescas do Brasil. A inten\u00e7\u00e3o \u00e9 ampliar essa fama, oferecendo novas experi\u00eancias e destacando a import\u00e2ncia hist\u00f3rica das ferrovias na regi\u00e3o.<\/p>\n\n\n\n<h2 class=\"wp-block-heading\">Por que o patrim\u00f4nio ferrovi\u00e1rio \u00e9 importante para a cidade?<\/h2>\n\n\n\n<p>O patrim\u00f4nio ferrovi\u00e1rio de Curitiba \u00e9 uma parte essencial de sua identidade hist\u00f3rica. As antigas esta\u00e7\u00f5es e trilhos s\u00e3o mais do que meros vest\u00edgios do passado; eles s\u00e3o uma ponte para o futuro. A conserva\u00e7\u00e3o dessas estruturas \u00e9 vital para manter viva a mem\u00f3ria cultural da cidade e oferecer aos visitantes uma experi\u00eancia rica e educativa.<\/p>\n\n\n\n<p>O reconhecimento de Curitiba como um centro de turismo ferrovi\u00e1rio n\u00e3o s\u00f3 refor\u00e7a essa identidade, mas tamb\u00e9m incentiva o desenvolvimento de projetos inovadores. Isso pode incluir a restaura\u00e7\u00e3o de esta\u00e7\u00f5es antigas, a cria\u00e7\u00e3o de museus dedicados \u00e0 hist\u00f3ria ferrovi\u00e1ria e a organiza\u00e7\u00e3o de eventos que celebrem essa heran\u00e7a.<\/p>\n\n\n\n<h2 class=\"wp-block-heading\">De que forma o turismo ferrovi\u00e1rio pode beneficiar a economia local?<\/h2>\n\n\n\n<p>O turismo ferrovi\u00e1rio tem o potencial de ser um motor econ\u00f4mico significativo para Curitiba. Ao atrair visitantes interessados em experi\u00eancias \u00fanicas e hist\u00f3ricas, a cidade pode ver um aumento no fluxo de turistas. Isso pode resultar em receitas adicionais para o com\u00e9rcio local, hot\u00e9is e restaurantes, al\u00e9m de criar novas oportunidades de emprego.<\/p>\n\n\n<div class=\"wp-block-image\">\n<figure class=\"aligncenter size-large\"><img loading=\"lazy\" decoding=\"async\" width=\"1024\" height=\"576\" src=\"https:\/\/www.em.com.br\/emfoco\/wp-content\/uploads\/2025\/05\/ferrovia_1746730886945-1024x576.jpg\" alt=\"Cidade brasileira faz hist\u00f3ria com novo projeto ferrovi\u00e1rio que muda tudo\" class=\"wp-image-45764\" srcset=\"https:\/\/www.em.com.br\/emfoco\/wp-content\/uploads\/2025\/05\/ferrovia_1746730886945-1024x576.jpg 1024w, https:\/\/www.em.com.br\/emfoco\/wp-content\/uploads\/2025\/05\/ferrovia_1746730886945-300x169.jpg 300w, https:\/\/www.em.com.br\/emfoco\/wp-content\/uploads\/2025\/05\/ferrovia_1746730886945-768x432.jpg 768w, https:\/\/www.em.com.br\/emfoco\/wp-content\/uploads\/2025\/05\/ferrovia_1746730886945-750x422.jpg 750w, https:\/\/www.em.com.br\/emfoco\/wp-content\/uploads\/2025\/05\/ferrovia_1746730886945-1140x641.jpg 1140w, https:\/\/www.em.com.br\/emfoco\/wp-content\/uploads\/2025\/05\/ferrovia_1746730886945.jpg 1280w\" sizes=\"auto, (max-width: 1024px) 100vw, 1024px\" \/><figcaption class=\"wp-element-caption\">Ferrovia (Cr\u00e9ditos: depositphotos.com \/ ViktoriaSapataBO)<\/figcaption><\/figure><\/div>\n\n\n<p>O desenvolvimento de infraestrutura tur\u00edstica relacionada ao tema ferrovi\u00e1rio pode tamb\u00e9m atrair investimentos e parcerias p\u00fablico-privadas. Isso pode incluir a moderniza\u00e7\u00e3o de trilhos e esta\u00e7\u00f5es, bem como a introdu\u00e7\u00e3o de novas rotas e servi\u00e7os que ampliem as op\u00e7\u00f5es de <a href=\"https:\/\/www.em.com.br\/emfoco\/2025\/05\/07\/4-cidades-da-serra-da-mantiqueira-para-se-apaixonar-de-vez\/\" target=\"_blank\" rel=\"noreferrer noopener\">turismo<\/a> ferrovi\u00e1rio na regi\u00e3o.<\/p>\n\n\n\n<h2 class=\"wp-block-heading\">Quais s\u00e3o os pr\u00f3ximos passos para a cidade?<\/h2>\n\n\n\n<p>Com o projeto de lei em andamento, os pr\u00f3ximos passos incluem a aprova\u00e7\u00e3o e implementa\u00e7\u00e3o das medidas propostas. Isso exigir\u00e1 uma colabora\u00e7\u00e3o entre o governo local, empresas privadas e a comunidade para garantir que o potencial do turismo ferrovi\u00e1rio seja plenamente explorado. A coopera\u00e7\u00e3o entre esses grupos \u00e9 essencial para desenvolver uma oferta tur\u00edstica que seja sustent\u00e1vel e atraente para visitantes de todo o mundo.<\/p>\n\n\n\n<p>O sucesso desta iniciativa depender\u00e1 da capacidade de Curitiba de se estabelecer como um destino de turismo ferrovi\u00e1rio de destaque. Isso exigir\u00e1 n\u00e3o apenas a preserva\u00e7\u00e3o do patrim\u00f4nio existente, mas tamb\u00e9m a inova\u00e7\u00e3o na cria\u00e7\u00e3o de novas experi\u00eancias que atraiam e inspirem os visitantes.<\/p>\n","protected":false},"excerpt":{"rendered":"<p>Curitiba, conhecida por sua rica heran\u00e7a cultural, est\u00e1 em vias de se tornar um importante polo de turismo ferrovi\u00e1rio no Brasil. Um projeto de lei, liderado pelo vereador Tico Kuzma, est\u00e1 em discuss\u00e3o para oficializar a cidade como a Capital do Turismo Ferrovi\u00e1rio do pa\u00eds. Este movimento visa n\u00e3o apenas preservar a hist\u00f3ria ferrovi\u00e1ria local, [&hellip;]<\/p>\n","protected":false},"author":10,"featured_media":45763,"comment_status":"open","ping_status":"open","sticky":false,"template":"","format":"standard","meta":{"jnews-multi-image_gallery":[],"jnews_single_post":{"format":"standard"},"jnews_primary_category":[],"jnews_social_meta":[],"jnews_override_counter":[],"footnotes":""},"categories":[26,1],"tags":[310,8461,157],"class_list":["post-45762","post","type-post","status-publish","format-standard","has-post-thumbnail","hentry","category-cidades","category-noticias","tag-cidade","tag-ferrovias","tag-turismo"],"yoast_head":"<!-- This site is optimized with the Yoast SEO plugin v23.8 - https:\/\/yoast.com\/wordpress\/plugins\/seo\/ -->\n<title>Cidade brasileira faz hist\u00f3ria com novo projeto ferrovi\u00e1rio que muda tudo - Estado de Minas - Em foco<\/title>\n<meta name=\"description\" content=\"Tradi\u00e7\u00e3o e inova\u00e7\u00e3o se encontram nessa cidade, que busca ser a Capital do Turismo Ferrovi\u00e1rio e atrair visitantes de todo o mundo.\" \/>\n<meta name=\"robots\" content=\"index, follow, max-snippet:-1, max-image-preview:large, max-video-preview:-1\" \/>\n<link rel=\"canonical\" href=\"https:\/\/www.em.com.br\/emfoco\/2025\/05\/08\/cidade-brasileira-faz-historia-com-novo-projeto-ferroviario-que-muda-tudo\/\" \/>\n<meta property=\"og:locale\" content=\"pt_BR\" \/>\n<meta property=\"og:type\" content=\"article\" \/>\n<meta property=\"og:title\" content=\"Cidade brasileira faz hist\u00f3ria com novo projeto ferrovi\u00e1rio que muda tudo - Estado de Minas - Em foco\" \/>\n<meta property=\"og:description\" content=\"Tradi\u00e7\u00e3o e inova\u00e7\u00e3o se encontram nessa cidade, que busca ser a Capital do Turismo Ferrovi\u00e1rio e atrair visitantes de todo o mundo.\" \/>\n<meta property=\"og:url\" content=\"https:\/\/www.em.com.br\/emfoco\/2025\/05\/08\/cidade-brasileira-faz-historia-com-novo-projeto-ferroviario-que-muda-tudo\/\" \/>\n<meta property=\"og:site_name\" content=\"Estado de Minas - Em foco\" \/>\n<meta property=\"article:published_time\" content=\"2025-05-09T00:30:00+00:00\" \/>\n<meta property=\"article:modified_time\" content=\"2025-05-08T19:56:35+00:00\" \/>\n<meta property=\"og:image\" content=\"https:\/\/www.em.com.br\/emfoco\/wp-content\/uploads\/2025\/05\/Curitiba_1746730712916.jpg\" \/>\n\t<meta property=\"og:image:width\" content=\"1280\" \/>\n\t<meta property=\"og:image:height\" content=\"720\" \/>\n\t<meta property=\"og:image:type\" content=\"image\/jpeg\" \/>\n<meta name=\"author\" content=\"Patryck Reinehr\" \/>\n<meta name=\"twitter:card\" content=\"summary_large_image\" \/>\n<meta name=\"twitter:label1\" content=\"Escrito por\" \/>\n\t<meta name=\"twitter:data1\" content=\"Patryck Reinehr\" \/>\n\t<meta name=\"twitter:label2\" content=\"Est. tempo de leitura\" \/>\n\t<meta name=\"twitter:data2\" content=\"3 minutos\" \/>\n<!-- \/ Yoast SEO plugin. -->","yoast_head_json":{"title":"Cidade brasileira faz hist\u00f3ria com novo projeto ferrovi\u00e1rio que muda tudo - Estado de Minas - Em foco","description":"Tradi\u00e7\u00e3o e inova\u00e7\u00e3o se encontram nessa cidade, que busca ser a Capital do Turismo Ferrovi\u00e1rio e atrair visitantes de todo o mundo.","robots":{"index":"index","follow":"follow","max-snippet":"max-snippet:-1","max-image-preview":"max-image-preview:large","max-video-preview":"max-video-preview:-1"},"canonical":"https:\/\/www.em.com.br\/emfoco\/2025\/05\/08\/cidade-brasileira-faz-historia-com-novo-projeto-ferroviario-que-muda-tudo\/","og_locale":"pt_BR","og_type":"article","og_title":"Cidade brasileira faz hist\u00f3ria com novo projeto ferrovi\u00e1rio que muda tudo - Estado de Minas - Em foco","og_description":"Tradi\u00e7\u00e3o e inova\u00e7\u00e3o se encontram nessa cidade, que busca ser a Capital do Turismo Ferrovi\u00e1rio e atrair visitantes de todo o mundo.","og_url":"https:\/\/www.em.com.br\/emfoco\/2025\/05\/08\/cidade-brasileira-faz-historia-com-novo-projeto-ferroviario-que-muda-tudo\/","og_site_name":"Estado de Minas - Em foco","article_published_time":"2025-05-09T00:30:00+00:00","article_modified_time":"2025-05-08T19:56:35+00:00","og_image":[{"width":1280,"height":720,"url":"https:\/\/www.em.com.br\/emfoco\/wp-content\/uploads\/2025\/05\/Curitiba_1746730712916.jpg","type":"image\/jpeg"}],"author":"Patryck Reinehr","twitter_card":"summary_large_image","twitter_misc":{"Escrito por":"Patryck Reinehr","Est. tempo de leitura":"3 minutos"},"schema":{"@context":"https:\/\/schema.org","@graph":[{"@type":"WebPage","@id":"https:\/\/www.em.com.br\/emfoco\/2025\/05\/08\/cidade-brasileira-faz-historia-com-novo-projeto-ferroviario-que-muda-tudo\/","url":"https:\/\/www.em.com.br\/emfoco\/2025\/05\/08\/cidade-brasileira-faz-historia-com-novo-projeto-ferroviario-que-muda-tudo\/","name":"Cidade brasileira faz hist\u00f3ria com novo projeto ferrovi\u00e1rio que muda tudo - Estado de Minas - Em foco","isPartOf":{"@id":"https:\/\/www.em.com.br\/emfoco\/#website"},"primaryImageOfPage":{"@id":"https:\/\/www.em.com.br\/emfoco\/2025\/05\/08\/cidade-brasileira-faz-historia-com-novo-projeto-ferroviario-que-muda-tudo\/#primaryimage"},"image":{"@id":"https:\/\/www.em.com.br\/emfoco\/2025\/05\/08\/cidade-brasileira-faz-historia-com-novo-projeto-ferroviario-que-muda-tudo\/#primaryimage"},"thumbnailUrl":"https:\/\/www.em.com.br\/emfoco\/wp-content\/uploads\/2025\/05\/Curitiba_1746730712916.jpg","datePublished":"2025-05-09T00:30:00+00:00","dateModified":"2025-05-08T19:56:35+00:00","author":{"@id":"https:\/\/www.em.com.br\/emfoco\/#\/schema\/person\/43407752bebcbbb4d0ec79deedc0d7ce"},"description":"Tradi\u00e7\u00e3o e inova\u00e7\u00e3o se encontram nessa cidade, que busca ser a Capital do Turismo Ferrovi\u00e1rio e atrair visitantes de todo o mundo.","breadcrumb":{"@id":"https:\/\/www.em.com.br\/emfoco\/2025\/05\/08\/cidade-brasileira-faz-historia-com-novo-projeto-ferroviario-que-muda-tudo\/#breadcrumb"},"inLanguage":"pt-BR","potentialAction":[{"@type":"ReadAction","target":["https:\/\/www.em.com.br\/emfoco\/2025\/05\/08\/cidade-brasileira-faz-historia-com-novo-projeto-ferroviario-que-muda-tudo\/"]}]},{"@type":"ImageObject","inLanguage":"pt-BR","@id":"https:\/\/www.em.com.br\/emfoco\/2025\/05\/08\/cidade-brasileira-faz-historia-com-novo-projeto-ferroviario-que-muda-tudo\/#primaryimage","url":"https:\/\/www.em.com.br\/emfoco\/wp-content\/uploads\/2025\/05\/Curitiba_1746730712916.jpg","contentUrl":"https:\/\/www.em.com.br\/emfoco\/wp-content\/uploads\/2025\/05\/Curitiba_1746730712916.jpg","width":1280,"height":720,"caption":"Curitiba (Cr\u00e9ditos: depositphotos.com \/ diegograndi)"},{"@type":"BreadcrumbList","@id":"https:\/\/www.em.com.br\/emfoco\/2025\/05\/08\/cidade-brasileira-faz-historia-com-novo-projeto-ferroviario-que-muda-tudo\/#breadcrumb","itemListElement":[{"@type":"ListItem","position":1,"name":"In\u00edcio","item":"https:\/\/www.em.com.br\/emfoco\/"},{"@type":"ListItem","position":2,"name":"Cidade brasileira faz hist\u00f3ria com novo projeto ferrovi\u00e1rio que muda tudo"}]},{"@type":"WebSite","@id":"https:\/\/www.em.com.br\/emfoco\/#website","url":"https:\/\/www.em.com.br\/emfoco\/","name":"Estado de Minas - Em foco","description":"Acompanhe as \u00faltimas not\u00edcias e fique bem informado sobre tudo o que acontece em Minas Gerais, Brasil e no mundo.","potentialAction":[{"@type":"SearchAction","target":{"@type":"EntryPoint","urlTemplate":"https:\/\/www.em.com.br\/emfoco\/?s={search_term_string}"},"query-input":{"@type":"PropertyValueSpecification","valueRequired":true,"valueName":"search_term_string"}}],"inLanguage":"pt-BR"},{"@type":"Person","@id":"https:\/\/www.em.com.br\/emfoco\/#\/schema\/person\/43407752bebcbbb4d0ec79deedc0d7ce","name":"Patryck Reinehr","image":{"@type":"ImageObject","inLanguage":"pt-BR","@id":"https:\/\/www.em.com.br\/emfoco\/#\/schema\/person\/image\/","url":"https:\/\/secure.gravatar.com\/avatar\/570c7fb2898c0e2df0823196891bea88?s=96&d=mm&r=g","contentUrl":"https:\/\/secure.gravatar.com\/avatar\/570c7fb2898c0e2df0823196891bea88?s=96&d=mm&r=g","caption":"Patryck Reinehr"},"url":"https:\/\/www.em.com.br\/emfoco\/author\/patryckmyth\/"}]}},"_links":{"self":[{"href":"https:\/\/www.em.com.br\/emfoco\/wp-json\/wp\/v2\/posts\/45762","targetHints":{"allow":["GET"]}}],"collection":[{"href":"https:\/\/www.em.com.br\/emfoco\/wp-json\/wp\/v2\/posts"}],"about":[{"href":"https:\/\/www.em.com.br\/emfoco\/wp-json\/wp\/v2\/types\/post"}],"author":[{"embeddable":true,"href":"https:\/\/www.em.com.br\/emfoco\/wp-json\/wp\/v2\/users\/10"}],"replies":[{"embeddable":true,"href":"https:\/\/www.em.com.br\/emfoco\/wp-json\/wp\/v2\/comments?post=45762"}],"version-history":[{"count":1,"href":"https:\/\/www.em.com.br\/emfoco\/wp-json\/wp\/v2\/posts\/45762\/revisions"}],"predecessor-version":[{"id":45765,"href":"https:\/\/www.em.com.br\/emfoco\/wp-json\/wp\/v2\/posts\/45762\/revisions\/45765"}],"wp:featuredmedia":[{"embeddable":true,"href":"https:\/\/www.em.com.br\/emfoco\/wp-json\/wp\/v2\/media\/45763"}],"wp:attachment":[{"href":"https:\/\/www.em.com.br\/emfoco\/wp-json\/wp\/v2\/media?parent=45762"}],"wp:term":[{"taxonomy":"category","embeddable":true,"href":"https:\/\/www.em.com.br\/emfoco\/wp-json\/wp\/v2\/categories?post=45762"},{"taxonomy":"post_tag","embeddable":true,"href":"https:\/\/www.em.com.br\/emfoco\/wp-json\/wp\/v2\/tags?post=45762"}],"curies":[{"name":"wp","href":"https:\/\/api.w.org\/{rel}","templated":true}]}}