{"id":45700,"date":"2025-05-09T17:20:00","date_gmt":"2025-05-09T20:20:00","guid":{"rendered":"https:\/\/www.em.com.br\/emfoco\/?p=45700"},"modified":"2025-05-09T08:52:16","modified_gmt":"2025-05-09T11:52:16","slug":"aprenda-a-plantar-melancia-em-casa-e-colher-frutas-gigantes","status":"publish","type":"post","link":"https:\/\/www.em.com.br\/emfoco\/2025\/05\/09\/aprenda-a-plantar-melancia-em-casa-e-colher-frutas-gigantes\/","title":{"rendered":"Aprenda a plantar melancia em casa e colher frutas gigantes"},"content":{"rendered":"\n<p>A <strong>melancia (Citrullus lanatus)<\/strong> \u00e9 uma fruta tropical refrescante, hidratante e rica em nutrientes. Seu alto teor de \u00e1gua, vitaminas e compostos antioxidantes fazem dela uma excelente aliada da sa\u00fade, especialmente em \u00e9pocas de calor. Cultivar melancia em casa \u00e9 poss\u00edvel e recompensador, mesmo com espa\u00e7o limitado, desde que sejam seguidas as orienta\u00e7\u00f5es corretas para o <a href=\"https:\/\/www.em.com.br\/emfoco\/2025\/05\/07\/como-plantar-berinjela-e-evitar-pragas-na-horta-caseira\/\" target=\"_blank\" rel=\"noreferrer noopener\">plantio <\/a>e manejo.<\/p>\n\n\n\n<h2 class=\"wp-block-heading\">Quais s\u00e3o os benef\u00edcios da melancia para a sa\u00fade?<\/h2>\n\n\n\n<p>Al\u00e9m de deliciosa e refrescante, a <strong>melancia<\/strong> \u00e9 um verdadeiro alimento funcional. Seus principais benef\u00edcios incluem:<\/p>\n\n\n\n<ul class=\"wp-block-list\">\n<li><strong>Hidrata\u00e7\u00e3o intensa<\/strong>: composta por cerca de 92% de \u00e1gua, ajuda a manter o corpo hidratado.<\/li>\n\n\n\n<li><strong>Rica em licopeno<\/strong>: antioxidante poderoso que auxilia na preven\u00e7\u00e3o de doen\u00e7as cardiovasculares e c\u00e2ncer.<\/li>\n\n\n\n<li><strong>Melhora a circula\u00e7\u00e3o<\/strong>: cont\u00e9m <strong>citrulina<\/strong>, um amino\u00e1cido que ajuda a dilatar os vasos sangu\u00edneos.<\/li>\n\n\n\n<li><strong>Fortalece a imunidade<\/strong>: fonte de vitamina C e A, que atuam diretamente na prote\u00e7\u00e3o do organismo.<\/li>\n\n\n\n<li><strong>Desintoxica o corpo<\/strong>: tem efeito diur\u00e9tico, ajudando na elimina\u00e7\u00e3o de toxinas.<\/li>\n\n\n\n<li><strong>Melhora o desempenho f\u00edsico<\/strong>: excelente para repor sais minerais ap\u00f3s atividades f\u00edsicas.<\/li>\n\n\n\n<li><strong>Auxilia no controle de peso<\/strong>: pouco cal\u00f3rica e rica em fibras, promove saciedade.<\/li>\n<\/ul>\n\n\n\n<p>Incluir a melancia na alimenta\u00e7\u00e3o \u00e9 uma forma saborosa de cuidar da sa\u00fade de forma natural.<\/p>\n\n\n\n<h2 class=\"wp-block-heading\">Qual o melhor clima e \u00e9poca para plantar melancia?<\/h2>\n\n\n\n<p>A <strong>melancia<\/strong> se desenvolve melhor em regi\u00f5es de clima quente ou tropical, com temperaturas entre <strong>25\u00b0C e 35\u00b0C<\/strong>. A \u00e9poca ideal para o plantio \u00e9 no <strong>final da primavera e durante o ver\u00e3o<\/strong>, quando as condi\u00e7\u00f5es clim\u00e1ticas favorecem a germina\u00e7\u00e3o e frutifica\u00e7\u00e3o.<\/p>\n\n\n\n<p>Evite o plantio em per\u00edodos de frio intenso ou chuvas excessivas, pois a planta \u00e9 sens\u00edvel \u00e0 umidade e ao frio.<\/p>\n\n\n\n<h2 class=\"wp-block-heading\">Como preparar o solo para plantar melancia?<\/h2>\n\n\n\n<p>A prepara\u00e7\u00e3o do solo \u00e9 essencial para garantir frutos grandes e saud\u00e1veis. Veja como fazer:<\/p>\n\n\n\n<ul class=\"wp-block-list\">\n<li><strong>Local<\/strong>: escolha um espa\u00e7o ensolarado e bem ventilado.<\/li>\n\n\n\n<li><strong>Solo<\/strong>: deve ser <strong>leve, arenoso e bem drenado<\/strong>, com pH entre 5,5 e 6,8.<\/li>\n\n\n\n<li><strong>Aduba\u00e7\u00e3o<\/strong>: incorpore <a href=\"https:\/\/rehagro.com.br\/blog\/composto-organico-quais-os-beneficios-como-e-feito\/\" target=\"_blank\" rel=\"noreferrer noopener\">composto org\u00e2nico<\/a>, esterco curtido ou h\u00famus de minhoca.<\/li>\n\n\n\n<li><strong>Canteiros ou covas<\/strong>: fa\u00e7a covas de 30x30x30 cm e mantenha uma dist\u00e2ncia de 1,5 a 2 metros entre as plantas.<\/li>\n\n\n\n<li><strong>Drenagem<\/strong>: fundamental para evitar o apodrecimento das ra\u00edzes.<\/li>\n<\/ul>\n\n\n\n<h2 class=\"wp-block-heading\">Como plantar melancia passo a passo?<\/h2>\n\n\n\n<p>Voc\u00ea pode plantar <strong>melancia por sementes<\/strong> ou por mudas j\u00e1 desenvolvidas. Veja o passo a passo:<\/p>\n\n\n\n<ol class=\"wp-block-list\">\n<li><strong>Semeadura direta<\/strong>:\n<ul class=\"wp-block-list\">\n<li>Plante 2 a 3 sementes por cova, com profundidade de 2 a 3 cm.<\/li>\n\n\n\n<li>Ap\u00f3s a germina\u00e7\u00e3o (7 a 10 dias), mantenha apenas a muda mais vigorosa.<\/li>\n<\/ul>\n<\/li>\n\n\n\n<li><strong>Rega<\/strong>:\n<ul class=\"wp-block-list\">\n<li>Mantenha o solo \u00famido at\u00e9 o florescimento.<\/li>\n\n\n\n<li>Ap\u00f3s a forma\u00e7\u00e3o dos frutos, reduza a irriga\u00e7\u00e3o para concentrar o sabor.<\/li>\n<\/ul>\n<\/li>\n\n\n\n<li><strong>Tutoramento<\/strong> (opcional):\n<ul class=\"wp-block-list\">\n<li>Em cultivos verticais ou com espa\u00e7o limitado, use suportes para elevar os frutos.<\/li>\n<\/ul>\n<\/li>\n\n\n\n<li><strong>Cobertura morta<\/strong>:\n<ul class=\"wp-block-list\">\n<li>Utilize palha, folhas secas ou casca de arroz para manter a umidade e evitar pragas.<\/li>\n<\/ul>\n<\/li>\n<\/ol>\n\n\n\n<h2 class=\"wp-block-heading\">Quanto tempo leva para colher melancia?<\/h2>\n\n\n\n<p>O <strong>ciclo da melancia<\/strong> varia de <strong>80 a 100 dias<\/strong> ap\u00f3s o plantio, dependendo da variedade e do clima.<\/p>\n\n\n\n<p><strong>Sinais de que est\u00e1 pronta para a colheita<\/strong>:<\/p>\n\n\n\n<ul class=\"wp-block-list\">\n<li>A <strong>casca muda de brilho<\/strong> para uma apar\u00eancia mais opaca.<\/li>\n\n\n\n<li>O \u201ctalo\u201d que liga o fruto \u00e0 planta come\u00e7a a <strong>secar<\/strong>.<\/li>\n\n\n\n<li>A parte que fica em contato com o solo apresenta <strong>cor amarelada<\/strong>.<\/li>\n\n\n\n<li>Ao bater no fruto, o som \u00e9 <strong>oco<\/strong> e profundo.<\/li>\n<\/ul>\n\n\n\n<p>Colher no ponto certo garante o m\u00e1ximo de sabor e sucul\u00eancia.<\/p>\n\n\n\n<h2 class=\"wp-block-heading\">Posso plantar melancia em vasos ou pequenos espa\u00e7os?<\/h2>\n\n\n\n<p>Sim, embora a <strong>melancia<\/strong> seja uma planta de crescimento rasteiro e espa\u00e7oso, \u00e9 poss\u00edvel cultiv\u00e1-la em <strong>vasos grandes ou jardineiras<\/strong>:<\/p>\n\n\n\n<ul class=\"wp-block-list\">\n<li><strong>Tamanho m\u00ednimo do vaso<\/strong>: 50 litros.<\/li>\n\n\n\n<li><strong>Substrato<\/strong>: leve, adubado e com boa drenagem.<\/li>\n\n\n\n<li><strong>Apoio para os frutos<\/strong>: use redes ou suportes caso os frutos fiquem suspensos.<\/li>\n\n\n\n<li><strong>Espa\u00e7o vertical<\/strong>: conduza os ramos com estacas ou telas.<\/li>\n<\/ul>\n\n\n\n<p>Essa t\u00e9cnica \u00e9 ideal para varandas, quintais pequenos ou hortas urbanas.<\/p>\n\n\n<div class=\"wp-block-image\">\n<figure class=\"aligncenter size-large\"><img loading=\"lazy\" decoding=\"async\" width=\"1024\" height=\"576\" src=\"https:\/\/www.em.com.br\/emfoco\/wp-content\/uploads\/2025\/05\/melancia-plantacao_1746018269650-1024x576.jpg\" alt=\"\" class=\"wp-image-42943\" srcset=\"https:\/\/www.em.com.br\/emfoco\/wp-content\/uploads\/2025\/05\/melancia-plantacao_1746018269650-1024x576.jpg 1024w, https:\/\/www.em.com.br\/emfoco\/wp-content\/uploads\/2025\/05\/melancia-plantacao_1746018269650-300x169.jpg 300w, https:\/\/www.em.com.br\/emfoco\/wp-content\/uploads\/2025\/05\/melancia-plantacao_1746018269650-768x432.jpg 768w, https:\/\/www.em.com.br\/emfoco\/wp-content\/uploads\/2025\/05\/melancia-plantacao_1746018269650-750x422.jpg 750w, https:\/\/www.em.com.br\/emfoco\/wp-content\/uploads\/2025\/05\/melancia-plantacao_1746018269650-1140x641.jpg 1140w, https:\/\/www.em.com.br\/emfoco\/wp-content\/uploads\/2025\/05\/melancia-plantacao_1746018269650.jpg 1280w\" sizes=\"auto, (max-width: 1024px) 100vw, 1024px\" \/><figcaption class=\"wp-element-caption\">Melancia &#8211; Cr\u00e9ditos: depositphotos.com \/ jack520429@gmail.com<\/figcaption><\/figure><\/div>\n\n\n<h2 class=\"wp-block-heading\">Como evitar pragas e doen\u00e7as no cultivo de melancia?<\/h2>\n\n\n\n<p>As principais pragas e doen\u00e7as da <strong>melancia<\/strong> incluem:<\/p>\n\n\n\n<ul class=\"wp-block-list\">\n<li><strong>Pulg\u00f5es e \u00e1caros<\/strong>: controle com calda de sab\u00e3o de coco ou \u00f3leo de neem.<\/li>\n\n\n\n<li><strong>O\u00eddio (fungo)<\/strong>: comum em tempo \u00famido; aplique leite dilu\u00eddo em \u00e1gua ou bicarbonato de s\u00f3dio.<\/li>\n\n\n\n<li><strong>Mosca-das-frutas<\/strong>: evite o ac\u00famulo de frutos ca\u00eddos e mantenha o local limpo.<\/li>\n<\/ul>\n\n\n\n<p>Dicas para preven\u00e7\u00e3o:<\/p>\n\n\n\n<ul class=\"wp-block-list\">\n<li><strong>Rota\u00e7\u00e3o de culturas<\/strong>: evite plantar melancia no mesmo local por mais de dois anos consecutivos.<\/li>\n\n\n\n<li><strong>Evite solo encharcado<\/strong>.<\/li>\n\n\n\n<li><strong>Mantenha a planta arejada<\/strong> e sem excesso de ramos.<\/li>\n<\/ul>\n\n\n\n<h2 class=\"wp-block-heading\">Como incluir a melancia na alimenta\u00e7\u00e3o do dia a dia?<\/h2>\n\n\n\n<p>A <strong>melancia<\/strong> \u00e9 vers\u00e1til e pode ser consumida de v\u00e1rias formas:<\/p>\n\n\n\n<ul class=\"wp-block-list\">\n<li><strong>In natura<\/strong>: como lanche, sobremesa ou caf\u00e9 da manh\u00e3.<\/li>\n\n\n\n<li><strong>Suco natural<\/strong>: excelente hidratante e desintoxicante.<\/li>\n\n\n\n<li><strong>Salada com hortel\u00e3 e lim\u00e3o<\/strong>: leve e funcional.<\/li>\n\n\n\n<li><strong>Picol\u00e9 ou smoothie<\/strong>: ideal para crian\u00e7as e dias quentes.<\/li>\n\n\n\n<li><strong>Sementes tostadas<\/strong>: ricas em ferro, zinco e prote\u00ednas.<\/li>\n<\/ul>\n\n\n\n<p>A casca da melancia tamb\u00e9m pode ser aproveitada em <strong>refogados e doces<\/strong>, sendo rica em fibras.<\/p>\n\n\n\n<h2 class=\"wp-block-heading\">FAQ<\/h2>\n\n\n\n<p><strong>1. Quanto tempo demora para a melancia crescer?<\/strong><br>Entre <strong>80 e 100 dias<\/strong>, dependendo da variedade e das condi\u00e7\u00f5es clim\u00e1ticas.<\/p>\n\n\n\n<p><strong>2. Precisa de muito espa\u00e7o para plantar melancia?<\/strong><br>Idealmente sim, mas \u00e9 poss\u00edvel cultivar em vasos grandes e com tutoramento vertical.<\/p>\n\n\n\n<p><strong>3. \u00c9 poss\u00edvel plantar melancia com outras hortali\u00e7as?<\/strong><br>Sim, mas evite cultivar com plantas que consomem muitos nutrientes, como ab\u00f3bora e milho.<\/p>\n\n\n\n<p><strong>4. Posso aproveitar a casca da melancia?<\/strong><br>Sim. Ela \u00e9 comest\u00edvel e pode ser usada em receitas doces, salgadas e sucos com alto teor de fibras.<\/p>\n\n\n\n<p><strong>5. A melancia precisa de muito sol?<\/strong><br>Sim. A planta precisa de pelo menos <strong>6 a 8 horas de sol direto<\/strong> por dia para crescer saud\u00e1vel.<\/p>\n\n\n\n<p><\/p>\n","protected":false},"excerpt":{"rendered":"<p>A melancia (Citrullus lanatus) \u00e9 uma fruta tropical refrescante, hidratante e rica em nutrientes. Seu alto teor de \u00e1gua, vitaminas e compostos antioxidantes fazem dela uma excelente aliada da sa\u00fade, especialmente em \u00e9pocas de calor. Cultivar melancia em casa \u00e9 poss\u00edvel e recompensador, mesmo com espa\u00e7o limitado, desde que sejam seguidas as orienta\u00e7\u00f5es corretas para [&hellip;]<\/p>\n","protected":false},"author":9,"featured_media":42942,"comment_status":"open","ping_status":"open","sticky":false,"template":"","format":"standard","meta":{"jnews-multi-image_gallery":[],"jnews_single_post":{"format":"standard"},"jnews_primary_category":[],"jnews_social_meta":[],"jnews_override_counter":[],"footnotes":""},"categories":[29,1],"tags":[8453,8451,6437,8452],"class_list":["post-45700","post","type-post","status-publish","format-standard","has-post-thumbnail","hentry","category-entretenimento","category-noticias","tag-beneficios-da-melancia","tag-como-plantar-melancia","tag-cultivo-de-frutas","tag-melancia-em-vasos"],"yoast_head":"<!-- This site is optimized with the Yoast SEO plugin v23.8 - https:\/\/yoast.com\/wordpress\/plugins\/seo\/ -->\n<title>Aprenda a plantar melancia em casa e colher frutas gigantes<\/title>\n<meta name=\"description\" content=\"Aprenda como plantar melancia em casa, mesmo em vasos, e aproveite seus benef\u00edcios para hidratar, desintoxicar e melhorar a sa\u00fade.\" \/>\n<meta name=\"robots\" content=\"index, follow, max-snippet:-1, max-image-preview:large, max-video-preview:-1\" \/>\n<link rel=\"canonical\" href=\"https:\/\/www.em.com.br\/emfoco\/2025\/05\/09\/aprenda-a-plantar-melancia-em-casa-e-colher-frutas-gigantes\/\" \/>\n<meta property=\"og:locale\" content=\"pt_BR\" \/>\n<meta property=\"og:type\" content=\"article\" \/>\n<meta property=\"og:title\" content=\"Aprenda a plantar melancia em casa e colher frutas gigantes\" \/>\n<meta property=\"og:description\" content=\"Aprenda como plantar melancia em casa, mesmo em vasos, e aproveite seus benef\u00edcios para hidratar, desintoxicar e melhorar a sa\u00fade.\" \/>\n<meta property=\"og:url\" content=\"https:\/\/www.em.com.br\/emfoco\/2025\/05\/09\/aprenda-a-plantar-melancia-em-casa-e-colher-frutas-gigantes\/\" \/>\n<meta property=\"og:site_name\" content=\"Estado de Minas - Em foco\" \/>\n<meta property=\"article:published_time\" content=\"2025-05-09T20:20:00+00:00\" \/>\n<meta property=\"article:modified_time\" content=\"2025-05-09T11:52:16+00:00\" \/>\n<meta property=\"og:image\" content=\"https:\/\/www.em.com.br\/emfoco\/wp-content\/uploads\/2025\/05\/melancia_1746018205941.jpg\" \/>\n\t<meta property=\"og:image:width\" content=\"1280\" \/>\n\t<meta property=\"og:image:height\" content=\"720\" \/>\n\t<meta property=\"og:image:type\" content=\"image\/jpeg\" \/>\n<meta name=\"author\" content=\"Daniely Cardoso\" \/>\n<meta name=\"twitter:card\" content=\"summary_large_image\" \/>\n<meta name=\"twitter:label1\" content=\"Escrito por\" \/>\n\t<meta name=\"twitter:data1\" content=\"Daniely Cardoso\" \/>\n\t<meta name=\"twitter:label2\" content=\"Est. tempo de leitura\" \/>\n\t<meta name=\"twitter:data2\" content=\"6 minutos\" \/>\n<!-- \/ Yoast SEO plugin. -->","yoast_head_json":{"title":"Aprenda a plantar melancia em casa e colher frutas gigantes","description":"Aprenda como plantar melancia em casa, mesmo em vasos, e aproveite seus benef\u00edcios para hidratar, desintoxicar e melhorar a sa\u00fade.","robots":{"index":"index","follow":"follow","max-snippet":"max-snippet:-1","max-image-preview":"max-image-preview:large","max-video-preview":"max-video-preview:-1"},"canonical":"https:\/\/www.em.com.br\/emfoco\/2025\/05\/09\/aprenda-a-plantar-melancia-em-casa-e-colher-frutas-gigantes\/","og_locale":"pt_BR","og_type":"article","og_title":"Aprenda a plantar melancia em casa e colher frutas gigantes","og_description":"Aprenda como plantar melancia em casa, mesmo em vasos, e aproveite seus benef\u00edcios para hidratar, desintoxicar e melhorar a sa\u00fade.","og_url":"https:\/\/www.em.com.br\/emfoco\/2025\/05\/09\/aprenda-a-plantar-melancia-em-casa-e-colher-frutas-gigantes\/","og_site_name":"Estado de Minas - Em foco","article_published_time":"2025-05-09T20:20:00+00:00","article_modified_time":"2025-05-09T11:52:16+00:00","og_image":[{"width":1280,"height":720,"url":"https:\/\/www.em.com.br\/emfoco\/wp-content\/uploads\/2025\/05\/melancia_1746018205941.jpg","type":"image\/jpeg"}],"author":"Daniely Cardoso","twitter_card":"summary_large_image","twitter_misc":{"Escrito por":"Daniely Cardoso","Est. tempo de leitura":"6 minutos"},"schema":{"@context":"https:\/\/schema.org","@graph":[{"@type":"WebPage","@id":"https:\/\/www.em.com.br\/emfoco\/2025\/05\/09\/aprenda-a-plantar-melancia-em-casa-e-colher-frutas-gigantes\/","url":"https:\/\/www.em.com.br\/emfoco\/2025\/05\/09\/aprenda-a-plantar-melancia-em-casa-e-colher-frutas-gigantes\/","name":"Aprenda a plantar melancia em casa e colher frutas gigantes","isPartOf":{"@id":"https:\/\/www.em.com.br\/emfoco\/#website"},"primaryImageOfPage":{"@id":"https:\/\/www.em.com.br\/emfoco\/2025\/05\/09\/aprenda-a-plantar-melancia-em-casa-e-colher-frutas-gigantes\/#primaryimage"},"image":{"@id":"https:\/\/www.em.com.br\/emfoco\/2025\/05\/09\/aprenda-a-plantar-melancia-em-casa-e-colher-frutas-gigantes\/#primaryimage"},"thumbnailUrl":"https:\/\/www.em.com.br\/emfoco\/wp-content\/uploads\/2025\/05\/melancia_1746018205941.jpg","datePublished":"2025-05-09T20:20:00+00:00","dateModified":"2025-05-09T11:52:16+00:00","author":{"@id":"https:\/\/www.em.com.br\/emfoco\/#\/schema\/person\/0a8186d72f2c3a5c6276d90b41f271a0"},"description":"Aprenda como plantar melancia em casa, mesmo em vasos, e aproveite seus benef\u00edcios para hidratar, desintoxicar e melhorar a sa\u00fade.","breadcrumb":{"@id":"https:\/\/www.em.com.br\/emfoco\/2025\/05\/09\/aprenda-a-plantar-melancia-em-casa-e-colher-frutas-gigantes\/#breadcrumb"},"inLanguage":"pt-BR","potentialAction":[{"@type":"ReadAction","target":["https:\/\/www.em.com.br\/emfoco\/2025\/05\/09\/aprenda-a-plantar-melancia-em-casa-e-colher-frutas-gigantes\/"]}]},{"@type":"ImageObject","inLanguage":"pt-BR","@id":"https:\/\/www.em.com.br\/emfoco\/2025\/05\/09\/aprenda-a-plantar-melancia-em-casa-e-colher-frutas-gigantes\/#primaryimage","url":"https:\/\/www.em.com.br\/emfoco\/wp-content\/uploads\/2025\/05\/melancia_1746018205941.jpg","contentUrl":"https:\/\/www.em.com.br\/emfoco\/wp-content\/uploads\/2025\/05\/melancia_1746018205941.jpg","width":1280,"height":720,"caption":"Melancia - Cr\u00e9ditos: depositphotos.com \/ ArturVerkhovetskiy"},{"@type":"BreadcrumbList","@id":"https:\/\/www.em.com.br\/emfoco\/2025\/05\/09\/aprenda-a-plantar-melancia-em-casa-e-colher-frutas-gigantes\/#breadcrumb","itemListElement":[{"@type":"ListItem","position":1,"name":"In\u00edcio","item":"https:\/\/www.em.com.br\/emfoco\/"},{"@type":"ListItem","position":2,"name":"Aprenda a plantar melancia em casa e colher frutas gigantes"}]},{"@type":"WebSite","@id":"https:\/\/www.em.com.br\/emfoco\/#website","url":"https:\/\/www.em.com.br\/emfoco\/","name":"Estado de Minas - Em foco","description":"Acompanhe as \u00faltimas not\u00edcias e fique bem informado sobre tudo o que acontece em Minas Gerais, Brasil e no mundo.","potentialAction":[{"@type":"SearchAction","target":{"@type":"EntryPoint","urlTemplate":"https:\/\/www.em.com.br\/emfoco\/?s={search_term_string}"},"query-input":{"@type":"PropertyValueSpecification","valueRequired":true,"valueName":"search_term_string"}}],"inLanguage":"pt-BR"},{"@type":"Person","@id":"https:\/\/www.em.com.br\/emfoco\/#\/schema\/person\/0a8186d72f2c3a5c6276d90b41f271a0","name":"Daniely Cardoso","image":{"@type":"ImageObject","inLanguage":"pt-BR","@id":"https:\/\/www.em.com.br\/emfoco\/#\/schema\/person\/image\/","url":"https:\/\/secure.gravatar.com\/avatar\/4b80ddbd124d1f071b626d52d62e5dff?s=96&d=mm&r=g","contentUrl":"https:\/\/secure.gravatar.com\/avatar\/4b80ddbd124d1f071b626d52d62e5dff?s=96&d=mm&r=g","caption":"Daniely Cardoso"},"url":"https:\/\/www.em.com.br\/emfoco\/author\/danielymyth\/"}]}},"_links":{"self":[{"href":"https:\/\/www.em.com.br\/emfoco\/wp-json\/wp\/v2\/posts\/45700","targetHints":{"allow":["GET"]}}],"collection":[{"href":"https:\/\/www.em.com.br\/emfoco\/wp-json\/wp\/v2\/posts"}],"about":[{"href":"https:\/\/www.em.com.br\/emfoco\/wp-json\/wp\/v2\/types\/post"}],"author":[{"embeddable":true,"href":"https:\/\/www.em.com.br\/emfoco\/wp-json\/wp\/v2\/users\/9"}],"replies":[{"embeddable":true,"href":"https:\/\/www.em.com.br\/emfoco\/wp-json\/wp\/v2\/comments?post=45700"}],"version-history":[{"count":2,"href":"https:\/\/www.em.com.br\/emfoco\/wp-json\/wp\/v2\/posts\/45700\/revisions"}],"predecessor-version":[{"id":45709,"href":"https:\/\/www.em.com.br\/emfoco\/wp-json\/wp\/v2\/posts\/45700\/revisions\/45709"}],"wp:featuredmedia":[{"embeddable":true,"href":"https:\/\/www.em.com.br\/emfoco\/wp-json\/wp\/v2\/media\/42942"}],"wp:attachment":[{"href":"https:\/\/www.em.com.br\/emfoco\/wp-json\/wp\/v2\/media?parent=45700"}],"wp:term":[{"taxonomy":"category","embeddable":true,"href":"https:\/\/www.em.com.br\/emfoco\/wp-json\/wp\/v2\/categories?post=45700"},{"taxonomy":"post_tag","embeddable":true,"href":"https:\/\/www.em.com.br\/emfoco\/wp-json\/wp\/v2\/tags?post=45700"}],"curies":[{"name":"wp","href":"https:\/\/api.w.org\/{rel}","templated":true}]}}