{"id":45660,"date":"2025-05-09T11:00:00","date_gmt":"2025-05-09T14:00:00","guid":{"rendered":"https:\/\/www.em.com.br\/emfoco\/?p=45660"},"modified":"2025-05-08T17:27:36","modified_gmt":"2025-05-08T20:27:36","slug":"cultive-em-casa-plantas-que-ajudam-a-reduzir-o-estresse-e-melhorar-o-foco","status":"publish","type":"post","link":"https:\/\/www.em.com.br\/emfoco\/2025\/05\/09\/cultive-em-casa-plantas-que-ajudam-a-reduzir-o-estresse-e-melhorar-o-foco\/","title":{"rendered":"Cultive em casa plantas que ajudam a reduzir o estresse e melhorar o foco"},"content":{"rendered":"\n<p>Ter plantas em casa ou no ambiente de trabalho n\u00e3o \u00e9 apenas uma quest\u00e3o de decora\u00e7\u00e3o: elas podem ser grandes aliadas no combate ao estresse e no aumento da concentra\u00e7\u00e3o. Algumas <a href=\"https:\/\/www.em.com.br\/emfoco\/2025\/05\/04\/passo-a-passo-para-ter-roseiras-sempre-floridas-em-casa\/\" target=\"_blank\" rel=\"noreferrer noopener\">esp\u00e9cies <\/a>espec\u00edficas possuem compostos naturais que estimulam o foco mental, acalmam os sentidos e favorecem um estado emocional equilibrado. Cultivar essas plantas \u00e9 uma maneira pr\u00e1tica, acess\u00edvel e saud\u00e1vel de melhorar a produtividade e a qualidade de vida.<\/p>\n\n\n\n<h2 class=\"wp-block-heading\">Quais plantas ajudam a reduzir o estresse e aumentar o foco?<\/h2>\n\n\n\n<p>Diversas plantas possuem propriedades terap\u00eauticas, seja pelo aroma, pela presen\u00e7a verde ou pelas subst\u00e2ncias que liberam no ar. Entre as mais eficazes para combater o estresse e estimular a concentra\u00e7\u00e3o, destacam-se:<\/p>\n\n\n\n<ul class=\"wp-block-list\">\n<li><strong>Alecrim (Rosmarinus officinalis)<\/strong>: conhecido por melhorar a mem\u00f3ria e o desempenho cognitivo, al\u00e9m de ser estimulante e revigorante.<\/li>\n\n\n\n<li><strong>Hortel\u00e3 (Mentha piperita)<\/strong>: seu aroma refrescante tem a\u00e7\u00e3o energizante, afastando o cansa\u00e7o mental.<\/li>\n\n\n\n<li><strong>Manjeric\u00e3o (Ocimum basilicum)<\/strong>: reduz a ansiedade e melhora a clareza mental, ideal para ambientes de estudo ou trabalho.<\/li>\n\n\n\n<li><strong>Erva-cidreira (Melissa officinalis)<\/strong>: ajuda a aliviar a tens\u00e3o e promove equil\u00edbrio emocional.<\/li>\n\n\n\n<li><strong>Lavanda (Lavandula angustifolia)<\/strong>: muito \u00fatil para acalmar a mente e equilibrar as emo\u00e7\u00f5es, sem causar sonol\u00eancia durante o dia.<\/li>\n\n\n\n<li><strong>Babosa (Aloe vera)<\/strong>: embora n\u00e3o arom\u00e1tica, purifica o ar e melhora a qualidade do ambiente, beneficiando o foco.<\/li>\n\n\n\n<li><strong>Espada-de-S\u00e3o-Jorge (Sansevieria trifasciata)<\/strong>: excelente purificadora de ar, ideal para escrit\u00f3rios.<\/li>\n<\/ul>\n\n\n\n<p>Essas plantas podem ser distribu\u00eddas por toda a casa ou local de trabalho, oferecendo um ambiente mais saud\u00e1vel, calmo e produtivo.<\/p>\n\n\n\n<h2 class=\"wp-block-heading\">Como plantar alecrim para aumentar o foco e a mem\u00f3ria?<\/h2>\n\n\n\n<p>O <strong>alecrim<\/strong> \u00e9 uma planta vers\u00e1til que pode ser usada tanto na culin\u00e1ria quanto como estimulante natural do c\u00e9rebro. Para cultiv\u00e1-lo corretamente:<\/p>\n\n\n\n<ul class=\"wp-block-list\">\n<li><strong>Luz<\/strong>: precisa de luz solar direta por pelo menos 4 a 6 horas por dia.<\/li>\n\n\n\n<li><strong>Solo<\/strong>: bem drenado, com boa quantidade de areia e pH neutro.<\/li>\n\n\n\n<li><strong>Rega<\/strong>: moderada; espere o solo secar antes de regar novamente.<\/li>\n\n\n\n<li><strong>Poda<\/strong>: regular, para estimular novos brotos e controlar o tamanho.<\/li>\n\n\n\n<li><strong>Colheita<\/strong>: pode ser feita conforme a necessidade, cortando pequenos ramos.<\/li>\n<\/ul>\n\n\n\n<p>O simples aroma do alecrim melhora o desempenho mental, sendo ideal para locais onde se precisa de foco.<\/p>\n\n\n\n<h2 class=\"wp-block-heading\">Como cultivar hortel\u00e3 e aproveitar seus efeitos energizantes?<\/h2>\n\n\n\n<p>A <strong>hortel\u00e3<\/strong> \u00e9 f\u00e1cil de plantar e tem um efeito refrescante e revigorante. Veja como cultivar:<\/p>\n\n\n\n<ul class=\"wp-block-list\">\n<li><strong>Luz<\/strong>: prefere meia-sombra, mas tamb\u00e9m cresce em sol pleno.<\/li>\n\n\n\n<li><strong>Solo<\/strong>: f\u00e9rtil e \u00famido, mas com boa drenagem.<\/li>\n\n\n\n<li><strong>Rega<\/strong>: frequente, sem deixar o solo encharcado.<\/li>\n\n\n\n<li><strong>Poda<\/strong>: retire folhas e galhos secos para estimular o crescimento.<\/li>\n\n\n\n<li><strong>Uso<\/strong>: al\u00e9m de ch\u00e1s, as folhas podem ser esmagadas e usadas como aromatizador natural.<\/li>\n<\/ul>\n\n\n\n<p>Ter um vasinho de hortel\u00e3 sobre a mesa melhora o humor, afasta o cansa\u00e7o e estimula o racioc\u00ednio.<\/p>\n\n\n\n<h2 class=\"wp-block-heading\">O manjeric\u00e3o ajuda no equil\u00edbrio emocional? Como plantar?<\/h2>\n\n\n\n<p>Sim, o <strong>manjeric\u00e3o<\/strong> tem propriedades ansiol\u00edticas e \u00e9 \u00f3timo para estimular a mente. Ele ajuda a manter a calma sem perder a aten\u00e7\u00e3o. Veja como cultiv\u00e1-lo:<\/p>\n\n\n\n<ul class=\"wp-block-list\">\n<li><strong>Luz<\/strong>: precisa de bastante luz solar, pelo menos 5 horas por dia.<\/li>\n\n\n\n<li><strong>Solo<\/strong>: rico em<a href=\"https:\/\/rehagro.com.br\/blog\/materia-organica-no-solo\/\" target=\"_blank\" rel=\"noreferrer noopener\"> mat\u00e9ria org\u00e2nica<\/a> e bem drenado.<\/li>\n\n\n\n<li><strong>Rega<\/strong>: frequente, sem encharcar.<\/li>\n\n\n\n<li><strong>Colheita<\/strong>: pode-se colher as folhas com frequ\u00eancia, sempre deixando alguns galhos para regenera\u00e7\u00e3o.<\/li>\n<\/ul>\n\n\n\n<p>Seu aroma suave reduz o estresse mental e contribui para a sensa\u00e7\u00e3o de bem-estar.<\/p>\n\n\n\n<h2 class=\"wp-block-heading\">Como a lavanda pode ajudar no foco e na redu\u00e7\u00e3o do estresse?<\/h2>\n\n\n\n<p>A <strong>lavanda<\/strong>, conhecida por suas propriedades calmantes, tamb\u00e9m \u00e9 excelente para manter o foco em ambientes de trabalho ou estudo. Seu efeito relaxante n\u00e3o induz ao sono quando usada durante o dia, mas reduz a ansiedade e equilibra as emo\u00e7\u00f5es.<\/p>\n\n\n\n<ul class=\"wp-block-list\">\n<li><strong>Clima e luz<\/strong>: sol pleno e locais bem ventilados.<\/li>\n\n\n\n<li><strong>Solo<\/strong>: arenoso, leve e com boa drenagem.<\/li>\n\n\n\n<li><strong>Rega<\/strong>: espa\u00e7ada; a lavanda \u00e9 resistente \u00e0 seca.<\/li>\n\n\n\n<li><strong>Uso<\/strong>: o aroma das flores ajuda a criar uma atmosfera tranquila.<\/li>\n<\/ul>\n\n\n\n<p>Voc\u00ea pode ter vasos de lavanda perto de sua mesa, ou usar sach\u00eas secos em gavetas e estantes.<\/p>\n\n\n<div class=\"wp-block-image\">\n<figure class=\"aligncenter size-large\"><img loading=\"lazy\" decoding=\"async\" width=\"1024\" height=\"576\" src=\"https:\/\/www.em.com.br\/emfoco\/wp-content\/uploads\/2025\/03\/lavanda_1741963475926-1024x576.jpg\" alt=\"O truque para criar um jardim bonito sem gastar litros de \u00e1gua\" class=\"wp-image-28747\" srcset=\"https:\/\/www.em.com.br\/emfoco\/wp-content\/uploads\/2025\/03\/lavanda_1741963475926-1024x576.jpg 1024w, https:\/\/www.em.com.br\/emfoco\/wp-content\/uploads\/2025\/03\/lavanda_1741963475926-300x169.jpg 300w, https:\/\/www.em.com.br\/emfoco\/wp-content\/uploads\/2025\/03\/lavanda_1741963475926-768x432.jpg 768w, https:\/\/www.em.com.br\/emfoco\/wp-content\/uploads\/2025\/03\/lavanda_1741963475926-750x422.jpg 750w, https:\/\/www.em.com.br\/emfoco\/wp-content\/uploads\/2025\/03\/lavanda_1741963475926-1140x641.jpg 1140w, https:\/\/www.em.com.br\/emfoco\/wp-content\/uploads\/2025\/03\/lavanda_1741963475926.jpg 1280w\" sizes=\"auto, (max-width: 1024px) 100vw, 1024px\" \/><figcaption class=\"wp-element-caption\">Lavanda &#8211; Cr\u00e9ditos: depositphotos.com \/ AlexGukBO<\/figcaption><\/figure><\/div>\n\n\n<h2 class=\"wp-block-heading\">Qual o papel das plantas purificadoras na concentra\u00e7\u00e3o?<\/h2>\n\n\n\n<p>Plantas como <strong>babosa<\/strong> e <strong>espada-de-s\u00e3o-jorge<\/strong> s\u00e3o excelentes purificadoras de ar. Elas ajudam a remover toxinas e aumentam os n\u00edveis de oxig\u00eanio, o que impacta diretamente na clareza mental e no bem-estar.<\/p>\n\n\n\n<h3 class=\"wp-block-heading\">Babosa:<\/h3>\n\n\n\n<ul class=\"wp-block-list\">\n<li><strong>Luz<\/strong>: sol direto ou luz indireta intensa.<\/li>\n\n\n\n<li><strong>Solo<\/strong>: bem drenado e arenoso.<\/li>\n\n\n\n<li><strong>Rega<\/strong>: apenas quando o solo estiver seco.<\/li>\n\n\n\n<li><strong>Cuidado<\/strong>: evite deixar \u00e1gua acumulada.<\/li>\n<\/ul>\n\n\n\n<h3 class=\"wp-block-heading\">Espada-de-s\u00e3o-jorge:<\/h3>\n\n\n\n<ul class=\"wp-block-list\">\n<li><strong>Resistente<\/strong>: ideal para iniciantes.<\/li>\n\n\n\n<li><strong>Luz<\/strong>: sol direto ou sombra parcial.<\/li>\n\n\n\n<li><strong>Rega<\/strong>: espa\u00e7ada; \u00e9 uma planta que tolera seca.<\/li>\n\n\n\n<li><strong>Benef\u00edcios<\/strong>: melhora a qualidade do ar e reduz a fadiga mental.<\/li>\n<\/ul>\n\n\n\n<p>Essas plantas n\u00e3o exigem muitos cuidados e s\u00e3o perfeitas para ambientes internos.<\/p>\n\n\n\n<h2 class=\"wp-block-heading\">Como criar um espa\u00e7o verde que favore\u00e7a o foco?<\/h2>\n\n\n\n<p>Montar um ambiente com plantas espec\u00edficas pode transformar completamente sua produtividade. Siga estas dicas:<\/p>\n\n\n\n<ul class=\"wp-block-list\">\n<li><strong>Escolha plantas com aromas leves<\/strong> e propriedades estimulantes, como <strong>alecrim<\/strong>, <strong>hortel\u00e3<\/strong> e <strong>manjeric\u00e3o<\/strong>.<\/li>\n\n\n\n<li><strong>Posicione as plantas perto da mesa de trabalho<\/strong> ou estudo.<\/li>\n\n\n\n<li><strong>Use vasos decorativos<\/strong>, que contribuam para um ambiente harmonioso.<\/li>\n\n\n\n<li><strong>Evite plantas com aromas muito fortes<\/strong>, que podem distrair.<\/li>\n\n\n\n<li><strong>Combine plantas arom\u00e1ticas com purificadoras<\/strong>, criando um ambiente limpo e energizante.<\/li>\n<\/ul>\n\n\n\n<p>Al\u00e9m de melhorar o desempenho cognitivo, o simples contato visual com o verde j\u00e1 reduz os n\u00edveis de estresse.<\/p>\n\n\n\n<h2 class=\"wp-block-heading\">FAQ<\/h2>\n\n\n\n<p><strong>1. Quais plantas ajudam a melhorar a concentra\u00e7\u00e3o?<\/strong><br><strong>Alecrim<\/strong>, <strong>hortel\u00e3<\/strong>, <strong>manjeric\u00e3o<\/strong> e <strong>lavanda<\/strong> s\u00e3o eficazes para estimular o foco e a produtividade mental.<\/p>\n\n\n\n<p><strong>2. Posso ter plantas no escrit\u00f3rio para reduzir o estresse?<\/strong><br>Sim. Plantas como <strong>espada-de-s\u00e3o-jorge<\/strong> e <strong>babosa<\/strong> melhoram a qualidade do ar e ajudam a manter o ambiente mais leve e calmo.<\/p>\n\n\n\n<p><strong>3. \u00c9 dif\u00edcil cuidar de plantas como o alecrim ou a lavanda?<\/strong><br>N\u00e3o. Ambas exigem pouca manuten\u00e7\u00e3o e s\u00e3o resistentes quando plantadas em ambientes adequados com boa drenagem e ilumina\u00e7\u00e3o.<\/p>\n\n\n\n<p><strong>4. O cheiro das plantas realmente ajuda no foco?<\/strong><br>Sim. Aromas como os do <strong>alecrim<\/strong> e da <strong>hortel\u00e3<\/strong> ativam regi\u00f5es do c\u00e9rebro associadas \u00e0 mem\u00f3ria e \u00e0 aten\u00e7\u00e3o.<\/p>\n\n\n\n<p><strong>5. Como combinar v\u00e1rias plantas para criar um espa\u00e7o de foco?<\/strong><br>Voc\u00ea pode montar um pequeno jardim com <strong>alecrim<\/strong>, <strong>manjeric\u00e3o<\/strong> e <strong>lavanda<\/strong>, e complementar com <strong>espada-de-s\u00e3o-jorge<\/strong> para purifica\u00e7\u00e3o do ar.<\/p>\n\n\n\n<p><\/p>\n","protected":false},"excerpt":{"rendered":"<p>Ter plantas em casa ou no ambiente de trabalho n\u00e3o \u00e9 apenas uma quest\u00e3o de decora\u00e7\u00e3o: elas podem ser grandes aliadas no combate ao estresse e no aumento da concentra\u00e7\u00e3o. Algumas esp\u00e9cies espec\u00edficas possuem compostos naturais que estimulam o foco mental, acalmam os sentidos e favorecem um estado emocional equilibrado. Cultivar essas plantas \u00e9 uma [&hellip;]<\/p>\n","protected":false},"author":9,"featured_media":41895,"comment_status":"open","ping_status":"open","sticky":false,"template":"","format":"standard","meta":{"jnews-multi-image_gallery":[],"jnews_single_post":{"format":"standard"},"jnews_primary_category":[],"jnews_social_meta":[],"jnews_override_counter":[],"footnotes":""},"categories":[29,1],"tags":[8443,8442,8440,8441],"class_list":["post-45660","post","type-post","status-publish","format-standard","has-post-thumbnail","hentry","category-entretenimento","category-noticias","tag-como-cultivar-alecrim","tag-ervas-para-concentracao","tag-foco-natural","tag-plantas-contra-estresse"],"yoast_head":"<!-- This site is optimized with the Yoast SEO plugin v23.8 - https:\/\/yoast.com\/wordpress\/plugins\/seo\/ -->\n<title>Cultive em casa plantas que ajudam a reduzir o estresse e melhorar o foco<\/title>\n<meta name=\"description\" content=\"Use o poder das plantas para reduzir a ansiedade, purificar o ar e melhorar seu desempenho mental de forma natural.\" \/>\n<meta name=\"robots\" content=\"index, follow, max-snippet:-1, max-image-preview:large, max-video-preview:-1\" \/>\n<link rel=\"canonical\" href=\"https:\/\/www.em.com.br\/emfoco\/2025\/05\/09\/cultive-em-casa-plantas-que-ajudam-a-reduzir-o-estresse-e-melhorar-o-foco\/\" \/>\n<meta property=\"og:locale\" content=\"pt_BR\" \/>\n<meta property=\"og:type\" content=\"article\" \/>\n<meta property=\"og:title\" content=\"Cultive em casa plantas que ajudam a reduzir o estresse e melhorar o foco\" \/>\n<meta property=\"og:description\" content=\"Use o poder das plantas para reduzir a ansiedade, purificar o ar e melhorar seu desempenho mental de forma natural.\" \/>\n<meta property=\"og:url\" content=\"https:\/\/www.em.com.br\/emfoco\/2025\/05\/09\/cultive-em-casa-plantas-que-ajudam-a-reduzir-o-estresse-e-melhorar-o-foco\/\" \/>\n<meta property=\"og:site_name\" content=\"Estado de Minas - Em foco\" \/>\n<meta property=\"article:published_time\" content=\"2025-05-09T14:00:00+00:00\" \/>\n<meta property=\"article:modified_time\" content=\"2025-05-08T20:27:36+00:00\" \/>\n<meta property=\"og:image\" content=\"https:\/\/www.em.com.br\/emfoco\/wp-content\/uploads\/2025\/04\/babosa_1745668165385.jpg\" \/>\n\t<meta property=\"og:image:width\" content=\"1280\" \/>\n\t<meta property=\"og:image:height\" content=\"720\" \/>\n\t<meta property=\"og:image:type\" content=\"image\/jpeg\" \/>\n<meta name=\"author\" content=\"Daniely Cardoso\" \/>\n<meta name=\"twitter:card\" content=\"summary_large_image\" \/>\n<meta name=\"twitter:label1\" content=\"Escrito por\" \/>\n\t<meta name=\"twitter:data1\" content=\"Daniely Cardoso\" \/>\n\t<meta name=\"twitter:label2\" content=\"Est. tempo de leitura\" \/>\n\t<meta name=\"twitter:data2\" content=\"6 minutos\" \/>\n<!-- \/ Yoast SEO plugin. -->","yoast_head_json":{"title":"Cultive em casa plantas que ajudam a reduzir o estresse e melhorar o foco","description":"Use o poder das plantas para reduzir a ansiedade, purificar o ar e melhorar seu desempenho mental de forma natural.","robots":{"index":"index","follow":"follow","max-snippet":"max-snippet:-1","max-image-preview":"max-image-preview:large","max-video-preview":"max-video-preview:-1"},"canonical":"https:\/\/www.em.com.br\/emfoco\/2025\/05\/09\/cultive-em-casa-plantas-que-ajudam-a-reduzir-o-estresse-e-melhorar-o-foco\/","og_locale":"pt_BR","og_type":"article","og_title":"Cultive em casa plantas que ajudam a reduzir o estresse e melhorar o foco","og_description":"Use o poder das plantas para reduzir a ansiedade, purificar o ar e melhorar seu desempenho mental de forma natural.","og_url":"https:\/\/www.em.com.br\/emfoco\/2025\/05\/09\/cultive-em-casa-plantas-que-ajudam-a-reduzir-o-estresse-e-melhorar-o-foco\/","og_site_name":"Estado de Minas - Em foco","article_published_time":"2025-05-09T14:00:00+00:00","article_modified_time":"2025-05-08T20:27:36+00:00","og_image":[{"width":1280,"height":720,"url":"https:\/\/www.em.com.br\/emfoco\/wp-content\/uploads\/2025\/04\/babosa_1745668165385.jpg","type":"image\/jpeg"}],"author":"Daniely Cardoso","twitter_card":"summary_large_image","twitter_misc":{"Escrito por":"Daniely Cardoso","Est. tempo de leitura":"6 minutos"},"schema":{"@context":"https:\/\/schema.org","@graph":[{"@type":"WebPage","@id":"https:\/\/www.em.com.br\/emfoco\/2025\/05\/09\/cultive-em-casa-plantas-que-ajudam-a-reduzir-o-estresse-e-melhorar-o-foco\/","url":"https:\/\/www.em.com.br\/emfoco\/2025\/05\/09\/cultive-em-casa-plantas-que-ajudam-a-reduzir-o-estresse-e-melhorar-o-foco\/","name":"Cultive em casa plantas que ajudam a reduzir o estresse e melhorar o foco","isPartOf":{"@id":"https:\/\/www.em.com.br\/emfoco\/#website"},"primaryImageOfPage":{"@id":"https:\/\/www.em.com.br\/emfoco\/2025\/05\/09\/cultive-em-casa-plantas-que-ajudam-a-reduzir-o-estresse-e-melhorar-o-foco\/#primaryimage"},"image":{"@id":"https:\/\/www.em.com.br\/emfoco\/2025\/05\/09\/cultive-em-casa-plantas-que-ajudam-a-reduzir-o-estresse-e-melhorar-o-foco\/#primaryimage"},"thumbnailUrl":"https:\/\/www.em.com.br\/emfoco\/wp-content\/uploads\/2025\/04\/babosa_1745668165385.jpg","datePublished":"2025-05-09T14:00:00+00:00","dateModified":"2025-05-08T20:27:36+00:00","author":{"@id":"https:\/\/www.em.com.br\/emfoco\/#\/schema\/person\/0a8186d72f2c3a5c6276d90b41f271a0"},"description":"Use o poder das plantas para reduzir a ansiedade, purificar o ar e melhorar seu desempenho mental de forma natural.","breadcrumb":{"@id":"https:\/\/www.em.com.br\/emfoco\/2025\/05\/09\/cultive-em-casa-plantas-que-ajudam-a-reduzir-o-estresse-e-melhorar-o-foco\/#breadcrumb"},"inLanguage":"pt-BR","potentialAction":[{"@type":"ReadAction","target":["https:\/\/www.em.com.br\/emfoco\/2025\/05\/09\/cultive-em-casa-plantas-que-ajudam-a-reduzir-o-estresse-e-melhorar-o-foco\/"]}]},{"@type":"ImageObject","inLanguage":"pt-BR","@id":"https:\/\/www.em.com.br\/emfoco\/2025\/05\/09\/cultive-em-casa-plantas-que-ajudam-a-reduzir-o-estresse-e-melhorar-o-foco\/#primaryimage","url":"https:\/\/www.em.com.br\/emfoco\/wp-content\/uploads\/2025\/04\/babosa_1745668165385.jpg","contentUrl":"https:\/\/www.em.com.br\/emfoco\/wp-content\/uploads\/2025\/04\/babosa_1745668165385.jpg","width":1280,"height":720,"caption":"Babosa - Cr\u00e9ditos: depositphotos.com \/ microgen"},{"@type":"BreadcrumbList","@id":"https:\/\/www.em.com.br\/emfoco\/2025\/05\/09\/cultive-em-casa-plantas-que-ajudam-a-reduzir-o-estresse-e-melhorar-o-foco\/#breadcrumb","itemListElement":[{"@type":"ListItem","position":1,"name":"In\u00edcio","item":"https:\/\/www.em.com.br\/emfoco\/"},{"@type":"ListItem","position":2,"name":"Cultive em casa plantas que ajudam a reduzir o estresse e melhorar o foco"}]},{"@type":"WebSite","@id":"https:\/\/www.em.com.br\/emfoco\/#website","url":"https:\/\/www.em.com.br\/emfoco\/","name":"Estado de Minas - Em foco","description":"Acompanhe as \u00faltimas not\u00edcias e fique bem informado sobre tudo o que acontece em Minas Gerais, Brasil e no mundo.","potentialAction":[{"@type":"SearchAction","target":{"@type":"EntryPoint","urlTemplate":"https:\/\/www.em.com.br\/emfoco\/?s={search_term_string}"},"query-input":{"@type":"PropertyValueSpecification","valueRequired":true,"valueName":"search_term_string"}}],"inLanguage":"pt-BR"},{"@type":"Person","@id":"https:\/\/www.em.com.br\/emfoco\/#\/schema\/person\/0a8186d72f2c3a5c6276d90b41f271a0","name":"Daniely Cardoso","image":{"@type":"ImageObject","inLanguage":"pt-BR","@id":"https:\/\/www.em.com.br\/emfoco\/#\/schema\/person\/image\/","url":"https:\/\/secure.gravatar.com\/avatar\/4b80ddbd124d1f071b626d52d62e5dff?s=96&d=mm&r=g","contentUrl":"https:\/\/secure.gravatar.com\/avatar\/4b80ddbd124d1f071b626d52d62e5dff?s=96&d=mm&r=g","caption":"Daniely Cardoso"},"url":"https:\/\/www.em.com.br\/emfoco\/author\/danielymyth\/"}]}},"_links":{"self":[{"href":"https:\/\/www.em.com.br\/emfoco\/wp-json\/wp\/v2\/posts\/45660","targetHints":{"allow":["GET"]}}],"collection":[{"href":"https:\/\/www.em.com.br\/emfoco\/wp-json\/wp\/v2\/posts"}],"about":[{"href":"https:\/\/www.em.com.br\/emfoco\/wp-json\/wp\/v2\/types\/post"}],"author":[{"embeddable":true,"href":"https:\/\/www.em.com.br\/emfoco\/wp-json\/wp\/v2\/users\/9"}],"replies":[{"embeddable":true,"href":"https:\/\/www.em.com.br\/emfoco\/wp-json\/wp\/v2\/comments?post=45660"}],"version-history":[{"count":3,"href":"https:\/\/www.em.com.br\/emfoco\/wp-json\/wp\/v2\/posts\/45660\/revisions"}],"predecessor-version":[{"id":45729,"href":"https:\/\/www.em.com.br\/emfoco\/wp-json\/wp\/v2\/posts\/45660\/revisions\/45729"}],"wp:featuredmedia":[{"embeddable":true,"href":"https:\/\/www.em.com.br\/emfoco\/wp-json\/wp\/v2\/media\/41895"}],"wp:attachment":[{"href":"https:\/\/www.em.com.br\/emfoco\/wp-json\/wp\/v2\/media?parent=45660"}],"wp:term":[{"taxonomy":"category","embeddable":true,"href":"https:\/\/www.em.com.br\/emfoco\/wp-json\/wp\/v2\/categories?post=45660"},{"taxonomy":"post_tag","embeddable":true,"href":"https:\/\/www.em.com.br\/emfoco\/wp-json\/wp\/v2\/tags?post=45660"}],"curies":[{"name":"wp","href":"https:\/\/api.w.org\/{rel}","templated":true}]}}