{"id":4566,"date":"2024-12-20T12:20:00","date_gmt":"2024-12-20T15:20:00","guid":{"rendered":"https:\/\/www.em.com.br\/emfoco\/?p=4566"},"modified":"2024-12-18T09:33:58","modified_gmt":"2024-12-18T12:33:58","slug":"descubra-por-que-curitiba-e-a-cidade-ideal-para-morar-no-brasil","status":"publish","type":"post","link":"https:\/\/www.em.com.br\/emfoco\/2024\/12\/20\/descubra-por-que-curitiba-e-a-cidade-ideal-para-morar-no-brasil\/","title":{"rendered":"Veja por que Curitiba \u00e9 a Cidade Ideal para Morar no Brasil"},"content":{"rendered":"\n<p>Conhecida por sua organiza\u00e7\u00e3o e planejamento eficientes, Curitiba se destaca como uma cidade que oferece grande qualidade de vida. A capital do Paran\u00e1 integra uma s\u00e9rie de servi\u00e7os p\u00fablicos e infraestrutura bem desenhada, promovendo o bem-estar de seus habitantes. Com uma malha de parques, ciclovias e pra\u00e7as, Curitiba \u00e9 um exemplo de urbanismo que atrai cada vez mais pessoas em busca de um ambiente estruturado e agrad\u00e1vel.<\/p>\n\n\n\n<p>O desenvolvimento humano \u00e9 uma prioridade para Curitiba, que det\u00e9m um <strong><a href=\"https:\/\/www.undp.org\/pt\/brazil\/desenvolvimento-humano\/painel-idhm#:~:text=%C3%8Dndice%20de%20Desenvolvimento%20Humano%20Municipal,-O%20IDHM%20%C3%A9&amp;text=O%20valor%20do%20IDHM%20do,varia%C3%A7%C3%A3o%20de%202%2C7%25.\" target=\"_blank\" rel=\"noreferrer noopener\">\u00cdndice de Desenvolvimento Humano dos Munic\u00edpios<\/a><\/strong> (IDHM) de 0,823. Este \u00edndice reflete avan\u00e7os em \u00e1reas como educa\u00e7\u00e3o e sa\u00fade, sustentando a posi\u00e7\u00e3o de destaque da cidade no cen\u00e1rio nacional. A popula\u00e7\u00e3o, que ultrapassa um milh\u00e3o e meio de pessoas, valoriza as diversas qualidades que coloca Curitiba entre as cidades mais admiradas do Brasil.<\/p>\n\n\n\n<h2 class=\"wp-block-heading\">Como Curitiba Implementou uma Infraestrutura Eficiente?<\/h2>\n\n\n\n<p>A infraestrutura bem planejada \u00e9 um dos diferenciais de Curitiba. Seu sistema de transporte p\u00fablico \u00e9 frequentemente citado como exemplar, unindo efici\u00eancia e acessibilidade. A cidade continua a investir em solu\u00e7\u00f5es de mobilidade, incluindo uma rede de ciclovias que promove o uso de transporte alternativo e sustent\u00e1vel.<\/p>\n\n\n\n<p>Al\u00e9m disso, Curitiba \u00e9 rica em \u00e1reas verdes, proporcionando amplos espa\u00e7os de lazer ao ar livre. A presen\u00e7a de grandes parques e \u00e1reas arborizadas est\u00e1 bem acima dos padr\u00f5es internacionais recomendados, refletindo um compromisso constante com a sustentabilidade e a qualidade ambiental para seus moradores.<\/p>\n\n\n\n<figure class=\"wp-block-image size-large\"><img loading=\"lazy\" decoding=\"async\" width=\"1024\" height=\"575\" src=\"https:\/\/www.em.com.br\/emfoco\/wp-content\/uploads\/2024\/12\/pexels-photo-17081895-scaled-e1733410926683-1024x575.jpeg\" alt=\"Descubra o Ref\u00fagio Verde que Encanta Visitantes e Preserva a Natureza!\" class=\"wp-image-3490\" srcset=\"https:\/\/www.em.com.br\/emfoco\/wp-content\/uploads\/2024\/12\/pexels-photo-17081895-scaled-e1733410926683-1024x575.jpeg 1024w, https:\/\/www.em.com.br\/emfoco\/wp-content\/uploads\/2024\/12\/pexels-photo-17081895-scaled-e1733410926683-300x169.jpeg 300w, https:\/\/www.em.com.br\/emfoco\/wp-content\/uploads\/2024\/12\/pexels-photo-17081895-scaled-e1733410926683-768x431.jpeg 768w, https:\/\/www.em.com.br\/emfoco\/wp-content\/uploads\/2024\/12\/pexels-photo-17081895-scaled-e1733410926683-1536x863.jpeg 1536w, https:\/\/www.em.com.br\/emfoco\/wp-content\/uploads\/2024\/12\/pexels-photo-17081895-scaled-e1733410926683-2048x1150.jpeg 2048w, https:\/\/www.em.com.br\/emfoco\/wp-content\/uploads\/2024\/12\/pexels-photo-17081895-scaled-e1733410926683-750x421.jpeg 750w, https:\/\/www.em.com.br\/emfoco\/wp-content\/uploads\/2024\/12\/pexels-photo-17081895-scaled-e1733410926683-1140x640.jpeg 1140w\" sizes=\"auto, (max-width: 1024px) 100vw, 1024px\" \/><figcaption class=\"wp-element-caption\">Jardim Bot\u00e2nico em Curitiba &#8211; Cr\u00e9ditos: Pexels<\/figcaption><\/figure>\n\n\n\n<h2 class=\"wp-block-heading\">Por que Curitiba \u00e9 Sin\u00f4nimo de Sustentabilidade?<\/h2>\n\n\n\n<p>Curitiba tem avan\u00e7ado a passos largos em dire\u00e7\u00e3o a um futuro sustent\u00e1vel, ganhando reconhecimento em toda a Am\u00e9rica Latina. A cidade investe em pr\u00e1ticas de conserva\u00e7\u00e3o ambiental e no gerenciamento respons\u00e1vel dos recursos naturais, em linha com os Objetivos de Desenvolvimento Sustent\u00e1vel (ODS). Esses esfor\u00e7os s\u00e3o parte de uma pol\u00edtica que visa proteger as \u00e1reas naturais enquanto busca solu\u00e7\u00f5es inovadoras para os desafios urbanos.<\/p>\n\n\n\n<p>A vibrante agenda cultural de <strong><a href=\"https:\/\/www.em.com.br\/emfoco\/2024\/12\/02\/proteja-se-da-covid-19-vacinacao-disponivel-para-todos-a-partir-de-hoje\/\" target=\"_blank\" rel=\"noreferrer noopener\">Curitiba<\/a><\/strong>, que inclui eventos como festivais e exposi\u00e7\u00f5es, estimula a economia local e promove a diversidade cultural, contribuindo ainda mais para a qualidade de vida e o dinamismo social urbano.<\/p>\n\n\n\n<h2 class=\"wp-block-heading\">Impacto Econ\u00f4mico de Curitiba: O Que Sustenta seu Crescimento?<\/h2>\n\n\n\n<p>Curitiba est\u00e1 entre os principais centros econ\u00f4micos do Brasil, destacando-se pela gera\u00e7\u00e3o de empregos e atra\u00e7\u00e3o de investimentos. A cidade possui um dos maiores PIBs do pa\u00eds, refor\u00e7ando sua import\u00e2ncia econ\u00f4mica. Este dinamismo est\u00e1 estreitamente ligado \u00e0 qualidade de vida que a cidade oferece, criando uma base s\u00f3lida para um crescimento sustentado.<\/p>\n\n\n\n<p>Os projetos urban\u00edsticos em Curitiba n\u00e3o apenas seguem princ\u00edpios de modernidade e efici\u00eancia, mas tamb\u00e9m visam atender \u00e0s necessidades dos residentes, elevando o padr\u00e3o de bem-estar e consolidando a cidade como um modelo para o desenvolvimento urbano inteligente.<\/p>\n","protected":false},"excerpt":{"rendered":"<p>Conhecida por sua organiza\u00e7\u00e3o e planejamento eficientes, Curitiba se destaca como uma cidade que oferece grande qualidade de vida. A capital do Paran\u00e1 integra uma s\u00e9rie de servi\u00e7os p\u00fablicos e infraestrutura bem desenhada, promovendo o bem-estar de seus habitantes. Com uma malha de parques, ciclovias e pra\u00e7as, Curitiba \u00e9 um exemplo de urbanismo que atrai [&hellip;]<\/p>\n","protected":false},"author":5,"featured_media":2256,"comment_status":"open","ping_status":"open","sticky":false,"template":"","format":"standard","meta":{"jnews-multi-image_gallery":[],"jnews_single_post":{"format":"standard"},"jnews_primary_category":[],"jnews_social_meta":[],"jnews_override_counter":[],"footnotes":""},"categories":[26,1],"tags":[158,242,1180,157],"class_list":["post-4566","post","type-post","status-publish","format-standard","has-post-thumbnail","hentry","category-cidades","category-noticias","tag-brasil","tag-curitiba","tag-sul","tag-turismo"],"yoast_head":"<!-- This site is optimized with the Yoast SEO plugin v23.8 - https:\/\/yoast.com\/wordpress\/plugins\/seo\/ -->\n<title>Veja por que Curitiba \u00e9 a Cidade Ideal para Morar no Brasil - Estado de Minas - Em foco<\/title>\n<meta name=\"description\" content=\"Descubra a magia de Curitiba! Uma cidade planejada com cuidado, oferecendo qualidade de vida, seguran\u00e7a e um futuro sustent\u00e1vel.\" \/>\n<meta name=\"robots\" content=\"index, follow, max-snippet:-1, max-image-preview:large, max-video-preview:-1\" \/>\n<link rel=\"canonical\" href=\"https:\/\/www.em.com.br\/emfoco\/2024\/12\/20\/descubra-por-que-curitiba-e-a-cidade-ideal-para-morar-no-brasil\/\" \/>\n<meta property=\"og:locale\" content=\"pt_BR\" \/>\n<meta property=\"og:type\" content=\"article\" \/>\n<meta property=\"og:title\" content=\"Veja por que Curitiba \u00e9 a Cidade Ideal para Morar no Brasil - Estado de Minas - Em foco\" \/>\n<meta property=\"og:description\" content=\"Descubra a magia de Curitiba! Uma cidade planejada com cuidado, oferecendo qualidade de vida, seguran\u00e7a e um futuro sustent\u00e1vel.\" \/>\n<meta property=\"og:url\" content=\"https:\/\/www.em.com.br\/emfoco\/2024\/12\/20\/descubra-por-que-curitiba-e-a-cidade-ideal-para-morar-no-brasil\/\" \/>\n<meta property=\"og:site_name\" content=\"Estado de Minas - Em foco\" \/>\n<meta property=\"article:published_time\" content=\"2024-12-20T15:20:00+00:00\" \/>\n<meta property=\"article:modified_time\" content=\"2024-12-18T12:33:58+00:00\" \/>\n<meta property=\"og:image\" content=\"https:\/\/www.em.com.br\/emfoco\/wp-content\/uploads\/2024\/11\/image-83-e1732889529967.png\" \/>\n\t<meta property=\"og:image:width\" content=\"1075\" \/>\n\t<meta property=\"og:image:height\" content=\"605\" \/>\n\t<meta property=\"og:image:type\" content=\"image\/png\" \/>\n<meta name=\"author\" content=\"N\u00fabia Rangel\" \/>\n<meta name=\"twitter:card\" content=\"summary_large_image\" \/>\n<meta name=\"twitter:label1\" content=\"Escrito por\" \/>\n\t<meta name=\"twitter:data1\" content=\"N\u00fabia Rangel\" \/>\n\t<meta name=\"twitter:label2\" content=\"Est. tempo de leitura\" \/>\n\t<meta name=\"twitter:data2\" content=\"3 minutos\" \/>\n<!-- \/ Yoast SEO plugin. -->","yoast_head_json":{"title":"Veja por que Curitiba \u00e9 a Cidade Ideal para Morar no Brasil - Estado de Minas - Em foco","description":"Descubra a magia de Curitiba! Uma cidade planejada com cuidado, oferecendo qualidade de vida, seguran\u00e7a e um futuro sustent\u00e1vel.","robots":{"index":"index","follow":"follow","max-snippet":"max-snippet:-1","max-image-preview":"max-image-preview:large","max-video-preview":"max-video-preview:-1"},"canonical":"https:\/\/www.em.com.br\/emfoco\/2024\/12\/20\/descubra-por-que-curitiba-e-a-cidade-ideal-para-morar-no-brasil\/","og_locale":"pt_BR","og_type":"article","og_title":"Veja por que Curitiba \u00e9 a Cidade Ideal para Morar no Brasil - Estado de Minas - Em foco","og_description":"Descubra a magia de Curitiba! Uma cidade planejada com cuidado, oferecendo qualidade de vida, seguran\u00e7a e um futuro sustent\u00e1vel.","og_url":"https:\/\/www.em.com.br\/emfoco\/2024\/12\/20\/descubra-por-que-curitiba-e-a-cidade-ideal-para-morar-no-brasil\/","og_site_name":"Estado de Minas - Em foco","article_published_time":"2024-12-20T15:20:00+00:00","article_modified_time":"2024-12-18T12:33:58+00:00","og_image":[{"width":1075,"height":605,"url":"https:\/\/www.em.com.br\/emfoco\/wp-content\/uploads\/2024\/11\/image-83-e1732889529967.png","type":"image\/png"}],"author":"N\u00fabia Rangel","twitter_card":"summary_large_image","twitter_misc":{"Escrito por":"N\u00fabia Rangel","Est. tempo de leitura":"3 minutos"},"schema":{"@context":"https:\/\/schema.org","@graph":[{"@type":"WebPage","@id":"https:\/\/www.em.com.br\/emfoco\/2024\/12\/20\/descubra-por-que-curitiba-e-a-cidade-ideal-para-morar-no-brasil\/","url":"https:\/\/www.em.com.br\/emfoco\/2024\/12\/20\/descubra-por-que-curitiba-e-a-cidade-ideal-para-morar-no-brasil\/","name":"Veja por que Curitiba \u00e9 a Cidade Ideal para Morar no Brasil - Estado de Minas - Em foco","isPartOf":{"@id":"https:\/\/www.em.com.br\/emfoco\/#website"},"primaryImageOfPage":{"@id":"https:\/\/www.em.com.br\/emfoco\/2024\/12\/20\/descubra-por-que-curitiba-e-a-cidade-ideal-para-morar-no-brasil\/#primaryimage"},"image":{"@id":"https:\/\/www.em.com.br\/emfoco\/2024\/12\/20\/descubra-por-que-curitiba-e-a-cidade-ideal-para-morar-no-brasil\/#primaryimage"},"thumbnailUrl":"https:\/\/www.em.com.br\/emfoco\/wp-content\/uploads\/2024\/11\/image-83-e1732889529967.png","datePublished":"2024-12-20T15:20:00+00:00","dateModified":"2024-12-18T12:33:58+00:00","author":{"@id":"https:\/\/www.em.com.br\/emfoco\/#\/schema\/person\/524437ef54f8a5d32591b143307f2e20"},"description":"Descubra a magia de Curitiba! Uma cidade planejada com cuidado, oferecendo qualidade de vida, seguran\u00e7a e um futuro sustent\u00e1vel.","breadcrumb":{"@id":"https:\/\/www.em.com.br\/emfoco\/2024\/12\/20\/descubra-por-que-curitiba-e-a-cidade-ideal-para-morar-no-brasil\/#breadcrumb"},"inLanguage":"pt-BR","potentialAction":[{"@type":"ReadAction","target":["https:\/\/www.em.com.br\/emfoco\/2024\/12\/20\/descubra-por-que-curitiba-e-a-cidade-ideal-para-morar-no-brasil\/"]}]},{"@type":"ImageObject","inLanguage":"pt-BR","@id":"https:\/\/www.em.com.br\/emfoco\/2024\/12\/20\/descubra-por-que-curitiba-e-a-cidade-ideal-para-morar-no-brasil\/#primaryimage","url":"https:\/\/www.em.com.br\/emfoco\/wp-content\/uploads\/2024\/11\/image-83-e1732889529967.png","contentUrl":"https:\/\/www.em.com.br\/emfoco\/wp-content\/uploads\/2024\/11\/image-83-e1732889529967.png","width":1075,"height":605,"caption":"Curitiba - Cr\u00e9ditos: Wikimedia Commons"},{"@type":"BreadcrumbList","@id":"https:\/\/www.em.com.br\/emfoco\/2024\/12\/20\/descubra-por-que-curitiba-e-a-cidade-ideal-para-morar-no-brasil\/#breadcrumb","itemListElement":[{"@type":"ListItem","position":1,"name":"In\u00edcio","item":"https:\/\/www.em.com.br\/emfoco\/"},{"@type":"ListItem","position":2,"name":"Veja por que Curitiba \u00e9 a Cidade Ideal para Morar no Brasil"}]},{"@type":"WebSite","@id":"https:\/\/www.em.com.br\/emfoco\/#website","url":"https:\/\/www.em.com.br\/emfoco\/","name":"Estado de Minas - Em foco","description":"Acompanhe as \u00faltimas not\u00edcias e fique bem informado sobre tudo o que acontece em Minas Gerais, Brasil e no mundo.","potentialAction":[{"@type":"SearchAction","target":{"@type":"EntryPoint","urlTemplate":"https:\/\/www.em.com.br\/emfoco\/?s={search_term_string}"},"query-input":{"@type":"PropertyValueSpecification","valueRequired":true,"valueName":"search_term_string"}}],"inLanguage":"pt-BR"},{"@type":"Person","@id":"https:\/\/www.em.com.br\/emfoco\/#\/schema\/person\/524437ef54f8a5d32591b143307f2e20","name":"N\u00fabia Rangel","image":{"@type":"ImageObject","inLanguage":"pt-BR","@id":"https:\/\/www.em.com.br\/emfoco\/#\/schema\/person\/image\/","url":"https:\/\/secure.gravatar.com\/avatar\/47cff2827a5ba23c37e8068c86817ea4?s=96&d=mm&r=g","contentUrl":"https:\/\/secure.gravatar.com\/avatar\/47cff2827a5ba23c37e8068c86817ea4?s=96&d=mm&r=g","caption":"N\u00fabia Rangel"},"sameAs":["https:\/\/www.em.com.br\/emfoco\/"],"url":"https:\/\/www.em.com.br\/emfoco\/author\/nubiamyth\/"}]}},"_links":{"self":[{"href":"https:\/\/www.em.com.br\/emfoco\/wp-json\/wp\/v2\/posts\/4566","targetHints":{"allow":["GET"]}}],"collection":[{"href":"https:\/\/www.em.com.br\/emfoco\/wp-json\/wp\/v2\/posts"}],"about":[{"href":"https:\/\/www.em.com.br\/emfoco\/wp-json\/wp\/v2\/types\/post"}],"author":[{"embeddable":true,"href":"https:\/\/www.em.com.br\/emfoco\/wp-json\/wp\/v2\/users\/5"}],"replies":[{"embeddable":true,"href":"https:\/\/www.em.com.br\/emfoco\/wp-json\/wp\/v2\/comments?post=4566"}],"version-history":[{"count":3,"href":"https:\/\/www.em.com.br\/emfoco\/wp-json\/wp\/v2\/posts\/4566\/revisions"}],"predecessor-version":[{"id":5575,"href":"https:\/\/www.em.com.br\/emfoco\/wp-json\/wp\/v2\/posts\/4566\/revisions\/5575"}],"wp:featuredmedia":[{"embeddable":true,"href":"https:\/\/www.em.com.br\/emfoco\/wp-json\/wp\/v2\/media\/2256"}],"wp:attachment":[{"href":"https:\/\/www.em.com.br\/emfoco\/wp-json\/wp\/v2\/media?parent=4566"}],"wp:term":[{"taxonomy":"category","embeddable":true,"href":"https:\/\/www.em.com.br\/emfoco\/wp-json\/wp\/v2\/categories?post=4566"},{"taxonomy":"post_tag","embeddable":true,"href":"https:\/\/www.em.com.br\/emfoco\/wp-json\/wp\/v2\/tags?post=4566"}],"curies":[{"name":"wp","href":"https:\/\/api.w.org\/{rel}","templated":true}]}}