{"id":45593,"date":"2025-05-09T18:37:45","date_gmt":"2025-05-09T21:37:45","guid":{"rendered":"https:\/\/www.em.com.br\/emfoco\/?p=45593"},"modified":"2025-05-09T18:40:38","modified_gmt":"2025-05-09T21:40:38","slug":"aprenda-a-plantar-a-flor-de-maio-e-um-truque-para-ela-florescer-fora-de-epoca","status":"publish","type":"post","link":"https:\/\/www.em.com.br\/emfoco\/2025\/05\/09\/aprenda-a-plantar-a-flor-de-maio-e-um-truque-para-ela-florescer-fora-de-epoca\/","title":{"rendered":"Aprenda a plantar a flor-de-maio e um truque para ela florescer fora de \u00e9poca"},"content":{"rendered":"\n<p>Voc\u00ea j\u00e1 viu uma planta que dorme o ano inteiro e, de repente, vira um show de cores? Essa \u00e9 a<strong> flor-de-maio (Schlumbergera truncata),<\/strong> tamb\u00e9m conhecida como cacto-de-natal. Apesar do nome, ela n\u00e3o gosta de desertos: \u00e9 brasileira da gema, nativa das florestas \u00famidas do <strong>Sudeste <\/strong>e <strong>Nordeste<\/strong>. E embora pare\u00e7a fr\u00e1gil, esconde truques surpreendentes para florescer com vigor.<\/p>\n\n\n\n<p>Descubra agora como cuidar da flor-de-maio e transformar qualquer cantinho da sua casa em um espet\u00e1culo tropical.<\/p>\n\n\n\n<h2 class=\"wp-block-heading\">Regar demais pode matar sua flor-de-maio<\/h2>\n\n\n\n<p>Ao contr\u00e1rio do que muitos pensam, essa planta <em>n\u00e3o gosta de solo encharcado<\/em>. Ela at\u00e9 parece um cacto, mas precisa de umidade controlada. O truque \u00e9 simples: enfie o dedo na terra. Se sair limpo, \u00e9 hora de regar.<\/p>\n\n\n\n<p>A flor-de-maio exige um solo bem drenado. A mistura ideal inclui <strong>areia, pedras e h\u00famus de minhoca<\/strong>. E aten\u00e7\u00e3o: nunca esque\u00e7a da camada de drenagem no fundo do vaso. Argila expandida funciona muito bem para evitar que as ra\u00edzes apodre\u00e7am.<\/p>\n\n\n\n<h2 class=\"wp-block-heading\">Luz indireta \u00e9 a chave para um crescimento saud\u00e1vel<\/h2>\n\n\n\n<p>Quer ver sua flor-de-maio crescer forte? Ent\u00e3o esque\u00e7a o sol direto! O ideal \u00e9 deix\u00e1-la em locais com <strong>luz difusa ou meia-sombra<\/strong>, como perto de janelas com cortinas leves.<\/p>\n\n\n\n<figure class=\"wp-block-image size-large\"><img loading=\"lazy\" decoding=\"async\" width=\"1024\" height=\"576\" src=\"https:\/\/www.em.com.br\/emfoco\/wp-content\/uploads\/2025\/05\/Schlumbergera_flower_BR-1024x576.jpg\" alt=\"\" class=\"wp-image-46077\" srcset=\"https:\/\/www.em.com.br\/emfoco\/wp-content\/uploads\/2025\/05\/Schlumbergera_flower_BR-1024x576.jpg 1024w, https:\/\/www.em.com.br\/emfoco\/wp-content\/uploads\/2025\/05\/Schlumbergera_flower_BR-300x169.jpg 300w, https:\/\/www.em.com.br\/emfoco\/wp-content\/uploads\/2025\/05\/Schlumbergera_flower_BR-768x432.jpg 768w, https:\/\/www.em.com.br\/emfoco\/wp-content\/uploads\/2025\/05\/Schlumbergera_flower_BR-750x422.jpg 750w, https:\/\/www.em.com.br\/emfoco\/wp-content\/uploads\/2025\/05\/Schlumbergera_flower_BR-1140x641.jpg 1140w, https:\/\/www.em.com.br\/emfoco\/wp-content\/uploads\/2025\/05\/Schlumbergera_flower_BR.jpg 1280w\" sizes=\"auto, (max-width: 1024px) 100vw, 1024px\" \/><figcaption class=\"wp-element-caption\">Flor-de-maio &#8211; Cr\u00e9ditos: Divulga\u00e7\u00e3o\/Wikimedia Commons<\/figcaption><\/figure>\n\n\n\n<p>Essa planta adora ambientes bem iluminados, mas protegidos. Na natureza, ela vive sob as copas das \u00e1rvores, onde recebe luz filtrada. Reproduzir esse cen\u00e1rio dentro de casa \u00e9 o segredo para mant\u00ea-la feliz.<\/p>\n\n\n\n<h2 class=\"wp-block-heading\">O truque pouco conhecido para fazer sua flor-de-maio florescer<\/h2>\n\n\n\n<p>A m\u00e1gica acontece entre abril e setembro, com o frio e as noites longas. \u00c9 nesse per\u00edodo que a flor-de-maio explode em tons de vermelho, rosa, branco e at\u00e9 alaranjado.<\/p>\n\n\n\n<p>Mas voc\u00ea pode estimular a flora\u00e7\u00e3o fora de \u00e9poca! Basta simular as condi\u00e7\u00f5es ideais: <strong>temperaturas amenas, pouca luz \u00e0 noite e aus\u00eancia de estresse t\u00e9rmico<\/strong>. Evite ventos fortes e mudan\u00e7as bruscas de ambiente. E, se poss\u00edvel, mova o vaso para um local mais fresco nas semanas que antecedem o outono.<\/p>\n\n\n\n<h2 class=\"wp-block-heading\">O que fazer quando as folhas amarelam ou murcham?<\/h2>\n\n\n\n<p>Se sua flor-de-maio estiver com folhas ca\u00eddas, amareladas ou sem vida, \u00e9 sinal de que algo est\u00e1 errado. Os principais vil\u00f5es s\u00e3o: <strong>excesso de \u00e1gua, solo compacto, luz direta ou falta de nutrientes<\/strong>.<\/p>\n\n\n\n<p>A solu\u00e7\u00e3o? Ajuste a frequ\u00eancia da rega, troque o substrato se necess\u00e1rio e reposicione a planta para um ambiente mais adequado. Com pequenas mudan\u00e7as, ela pode se recuperar rapidamente.<\/p>\n","protected":false},"excerpt":{"rendered":"<p>Voc\u00ea j\u00e1 viu uma planta que dorme o ano inteiro e, de repente, vira um show de cores? Essa \u00e9 a flor-de-maio (Schlumbergera truncata), tamb\u00e9m conhecida como cacto-de-natal. Apesar do nome, ela n\u00e3o gosta de desertos: \u00e9 brasileira da gema, nativa das florestas \u00famidas do Sudeste e Nordeste. E embora pare\u00e7a fr\u00e1gil, esconde truques surpreendentes [&hellip;]<\/p>\n","protected":false},"author":11,"featured_media":46078,"comment_status":"open","ping_status":"open","sticky":false,"template":"","format":"standard","meta":{"jnews-multi-image_gallery":[],"jnews_single_post":{"format":"standard"},"jnews_primary_category":[],"jnews_social_meta":[],"jnews_override_counter":[],"footnotes":""},"categories":[138,1],"tags":[5466,5606,4323,7687],"class_list":["post-45593","post","type-post","status-publish","format-standard","has-post-thumbnail","hentry","category-mundo","category-noticias","tag-cuidados-com-flores","tag-cultivo-de-flores","tag-flor","tag-flor-de-maio"],"yoast_head":"<!-- This site is optimized with the Yoast SEO plugin v23.8 - https:\/\/yoast.com\/wordpress\/plugins\/seo\/ -->\n<title>Aprenda a plantar a flor-de-maio e um truque para ela florescer fora de \u00e9poca - Estado de Minas - Em foco<\/title>\n<meta name=\"description\" content=\"Transforme sua flor-de-maio em um espet\u00e1culo de cores! Veja o que voc\u00ea precisa saber para garantir uma flora\u00e7\u00e3o surpreendente.\" \/>\n<meta name=\"robots\" content=\"index, follow, max-snippet:-1, max-image-preview:large, max-video-preview:-1\" \/>\n<link rel=\"canonical\" href=\"https:\/\/www.em.com.br\/emfoco\/2025\/05\/09\/aprenda-a-plantar-a-flor-de-maio-e-um-truque-para-ela-florescer-fora-de-epoca\/\" \/>\n<meta property=\"og:locale\" content=\"pt_BR\" \/>\n<meta property=\"og:type\" content=\"article\" \/>\n<meta property=\"og:title\" content=\"Aprenda a plantar a flor-de-maio e um truque para ela florescer fora de \u00e9poca - Estado de Minas - Em foco\" \/>\n<meta property=\"og:description\" content=\"Transforme sua flor-de-maio em um espet\u00e1culo de cores! Veja o que voc\u00ea precisa saber para garantir uma flora\u00e7\u00e3o surpreendente.\" \/>\n<meta property=\"og:url\" content=\"https:\/\/www.em.com.br\/emfoco\/2025\/05\/09\/aprenda-a-plantar-a-flor-de-maio-e-um-truque-para-ela-florescer-fora-de-epoca\/\" \/>\n<meta property=\"og:site_name\" content=\"Estado de Minas - Em foco\" \/>\n<meta property=\"article:published_time\" content=\"2025-05-09T21:37:45+00:00\" \/>\n<meta property=\"article:modified_time\" content=\"2025-05-09T21:40:38+00:00\" \/>\n<meta property=\"og:image\" content=\"https:\/\/www.em.com.br\/emfoco\/wp-content\/uploads\/2025\/05\/Flor_de_maio_2_3579277720-1.jpg\" \/>\n\t<meta property=\"og:image:width\" content=\"1280\" \/>\n\t<meta property=\"og:image:height\" content=\"720\" \/>\n\t<meta property=\"og:image:type\" content=\"image\/jpeg\" \/>\n<meta name=\"author\" content=\"Andre\u0301 Rangel\u00a0\" \/>\n<meta name=\"twitter:card\" content=\"summary_large_image\" \/>\n<meta name=\"twitter:label1\" content=\"Escrito por\" \/>\n\t<meta name=\"twitter:data1\" content=\"Andre\u0301 Rangel\u00a0\" \/>\n\t<meta name=\"twitter:label2\" content=\"Est. tempo de leitura\" \/>\n\t<meta name=\"twitter:data2\" content=\"3 minutos\" \/>\n<!-- \/ Yoast SEO plugin. -->","yoast_head_json":{"title":"Aprenda a plantar a flor-de-maio e um truque para ela florescer fora de \u00e9poca - Estado de Minas - Em foco","description":"Transforme sua flor-de-maio em um espet\u00e1culo de cores! Veja o que voc\u00ea precisa saber para garantir uma flora\u00e7\u00e3o surpreendente.","robots":{"index":"index","follow":"follow","max-snippet":"max-snippet:-1","max-image-preview":"max-image-preview:large","max-video-preview":"max-video-preview:-1"},"canonical":"https:\/\/www.em.com.br\/emfoco\/2025\/05\/09\/aprenda-a-plantar-a-flor-de-maio-e-um-truque-para-ela-florescer-fora-de-epoca\/","og_locale":"pt_BR","og_type":"article","og_title":"Aprenda a plantar a flor-de-maio e um truque para ela florescer fora de \u00e9poca - Estado de Minas - Em foco","og_description":"Transforme sua flor-de-maio em um espet\u00e1culo de cores! Veja o que voc\u00ea precisa saber para garantir uma flora\u00e7\u00e3o surpreendente.","og_url":"https:\/\/www.em.com.br\/emfoco\/2025\/05\/09\/aprenda-a-plantar-a-flor-de-maio-e-um-truque-para-ela-florescer-fora-de-epoca\/","og_site_name":"Estado de Minas - Em foco","article_published_time":"2025-05-09T21:37:45+00:00","article_modified_time":"2025-05-09T21:40:38+00:00","og_image":[{"width":1280,"height":720,"url":"https:\/\/www.em.com.br\/emfoco\/wp-content\/uploads\/2025\/05\/Flor_de_maio_2_3579277720-1.jpg","type":"image\/jpeg"}],"author":"Andre\u0301 Rangel\u00a0","twitter_card":"summary_large_image","twitter_misc":{"Escrito por":"Andre\u0301 Rangel\u00a0","Est. tempo de leitura":"3 minutos"},"schema":{"@context":"https:\/\/schema.org","@graph":[{"@type":"WebPage","@id":"https:\/\/www.em.com.br\/emfoco\/2025\/05\/09\/aprenda-a-plantar-a-flor-de-maio-e-um-truque-para-ela-florescer-fora-de-epoca\/","url":"https:\/\/www.em.com.br\/emfoco\/2025\/05\/09\/aprenda-a-plantar-a-flor-de-maio-e-um-truque-para-ela-florescer-fora-de-epoca\/","name":"Aprenda a plantar a flor-de-maio e um truque para ela florescer fora de \u00e9poca - Estado de Minas - Em foco","isPartOf":{"@id":"https:\/\/www.em.com.br\/emfoco\/#website"},"primaryImageOfPage":{"@id":"https:\/\/www.em.com.br\/emfoco\/2025\/05\/09\/aprenda-a-plantar-a-flor-de-maio-e-um-truque-para-ela-florescer-fora-de-epoca\/#primaryimage"},"image":{"@id":"https:\/\/www.em.com.br\/emfoco\/2025\/05\/09\/aprenda-a-plantar-a-flor-de-maio-e-um-truque-para-ela-florescer-fora-de-epoca\/#primaryimage"},"thumbnailUrl":"https:\/\/www.em.com.br\/emfoco\/wp-content\/uploads\/2025\/05\/Flor_de_maio_2_3579277720-1.jpg","datePublished":"2025-05-09T21:37:45+00:00","dateModified":"2025-05-09T21:40:38+00:00","author":{"@id":"https:\/\/www.em.com.br\/emfoco\/#\/schema\/person\/60eda09c1fedf0d6891f4cef4b60b8b8"},"description":"Transforme sua flor-de-maio em um espet\u00e1culo de cores! Veja o que voc\u00ea precisa saber para garantir uma flora\u00e7\u00e3o surpreendente.","breadcrumb":{"@id":"https:\/\/www.em.com.br\/emfoco\/2025\/05\/09\/aprenda-a-plantar-a-flor-de-maio-e-um-truque-para-ela-florescer-fora-de-epoca\/#breadcrumb"},"inLanguage":"pt-BR","potentialAction":[{"@type":"ReadAction","target":["https:\/\/www.em.com.br\/emfoco\/2025\/05\/09\/aprenda-a-plantar-a-flor-de-maio-e-um-truque-para-ela-florescer-fora-de-epoca\/"]}]},{"@type":"ImageObject","inLanguage":"pt-BR","@id":"https:\/\/www.em.com.br\/emfoco\/2025\/05\/09\/aprenda-a-plantar-a-flor-de-maio-e-um-truque-para-ela-florescer-fora-de-epoca\/#primaryimage","url":"https:\/\/www.em.com.br\/emfoco\/wp-content\/uploads\/2025\/05\/Flor_de_maio_2_3579277720-1.jpg","contentUrl":"https:\/\/www.em.com.br\/emfoco\/wp-content\/uploads\/2025\/05\/Flor_de_maio_2_3579277720-1.jpg","width":1280,"height":720,"caption":"Flor-de-maio - Cr\u00e9ditos: Divulga\u00e7\u00e3o\/Wikimedia Commons"},{"@type":"BreadcrumbList","@id":"https:\/\/www.em.com.br\/emfoco\/2025\/05\/09\/aprenda-a-plantar-a-flor-de-maio-e-um-truque-para-ela-florescer-fora-de-epoca\/#breadcrumb","itemListElement":[{"@type":"ListItem","position":1,"name":"In\u00edcio","item":"https:\/\/www.em.com.br\/emfoco\/"},{"@type":"ListItem","position":2,"name":"Aprenda a plantar a flor-de-maio e um truque para ela florescer fora de \u00e9poca"}]},{"@type":"WebSite","@id":"https:\/\/www.em.com.br\/emfoco\/#website","url":"https:\/\/www.em.com.br\/emfoco\/","name":"Estado de Minas - Em foco","description":"Acompanhe as \u00faltimas not\u00edcias e fique bem informado sobre tudo o que acontece em Minas Gerais, Brasil e no mundo.","potentialAction":[{"@type":"SearchAction","target":{"@type":"EntryPoint","urlTemplate":"https:\/\/www.em.com.br\/emfoco\/?s={search_term_string}"},"query-input":{"@type":"PropertyValueSpecification","valueRequired":true,"valueName":"search_term_string"}}],"inLanguage":"pt-BR"},{"@type":"Person","@id":"https:\/\/www.em.com.br\/emfoco\/#\/schema\/person\/60eda09c1fedf0d6891f4cef4b60b8b8","name":"Andre\u0301 Rangel\u00a0","image":{"@type":"ImageObject","inLanguage":"pt-BR","@id":"https:\/\/www.em.com.br\/emfoco\/#\/schema\/person\/image\/","url":"https:\/\/secure.gravatar.com\/avatar\/6234dc814c77c8ef6d8bba622c787efc?s=96&d=mm&r=g","contentUrl":"https:\/\/secure.gravatar.com\/avatar\/6234dc814c77c8ef6d8bba622c787efc?s=96&d=mm&r=g","caption":"Andre\u0301 Rangel\u00a0"},"url":"https:\/\/www.em.com.br\/emfoco\/author\/luizmyth\/"}]}},"_links":{"self":[{"href":"https:\/\/www.em.com.br\/emfoco\/wp-json\/wp\/v2\/posts\/45593","targetHints":{"allow":["GET"]}}],"collection":[{"href":"https:\/\/www.em.com.br\/emfoco\/wp-json\/wp\/v2\/posts"}],"about":[{"href":"https:\/\/www.em.com.br\/emfoco\/wp-json\/wp\/v2\/types\/post"}],"author":[{"embeddable":true,"href":"https:\/\/www.em.com.br\/emfoco\/wp-json\/wp\/v2\/users\/11"}],"replies":[{"embeddable":true,"href":"https:\/\/www.em.com.br\/emfoco\/wp-json\/wp\/v2\/comments?post=45593"}],"version-history":[{"count":3,"href":"https:\/\/www.em.com.br\/emfoco\/wp-json\/wp\/v2\/posts\/45593\/revisions"}],"predecessor-version":[{"id":46079,"href":"https:\/\/www.em.com.br\/emfoco\/wp-json\/wp\/v2\/posts\/45593\/revisions\/46079"}],"wp:featuredmedia":[{"embeddable":true,"href":"https:\/\/www.em.com.br\/emfoco\/wp-json\/wp\/v2\/media\/46078"}],"wp:attachment":[{"href":"https:\/\/www.em.com.br\/emfoco\/wp-json\/wp\/v2\/media?parent=45593"}],"wp:term":[{"taxonomy":"category","embeddable":true,"href":"https:\/\/www.em.com.br\/emfoco\/wp-json\/wp\/v2\/categories?post=45593"},{"taxonomy":"post_tag","embeddable":true,"href":"https:\/\/www.em.com.br\/emfoco\/wp-json\/wp\/v2\/tags?post=45593"}],"curies":[{"name":"wp","href":"https:\/\/api.w.org\/{rel}","templated":true}]}}