{"id":45592,"date":"2025-05-09T08:08:30","date_gmt":"2025-05-09T11:08:30","guid":{"rendered":"https:\/\/www.em.com.br\/emfoco\/?p=45592"},"modified":"2025-05-09T08:20:25","modified_gmt":"2025-05-09T11:20:25","slug":"stf-aprova-nova-cobranca-no-imposto-de-renda-e-pode-custar-caro-para-os-brasileiros","status":"publish","type":"post","link":"https:\/\/www.em.com.br\/emfoco\/2025\/05\/09\/stf-aprova-nova-cobranca-no-imposto-de-renda-e-pode-custar-caro-para-os-brasileiros\/","title":{"rendered":"STF aprova nova cobran\u00e7a no Imposto de Renda e pode custar caro para os brasileiros"},"content":{"rendered":"\n<p>Uma decis\u00e3o recente do<strong> Supremo Tribunal Federal (STF) <\/strong>est\u00e1 agitando o universo jur\u00eddico e tribut\u00e1rio brasileiro. O tribunal aprovou a cobran\u00e7a de<strong> Imposto de Renda (IR) sobre a doa\u00e7\u00e3o de im\u00f3veis com valoriza\u00e7\u00e3o de mercado<\/strong>, quando feita como antecipa\u00e7\u00e3o de heran\u00e7a. A medida provocou um verdadeiro terremoto entre advogados tributaristas e contribuintes, reacendendo o debate sobre o que realmente pode ser considerado \u201crenda\u201d no Brasil.<\/p>\n\n\n\n<p>A decis\u00e3o unifica o entendimento sobre o tema e pode impactar diretamente quem planeja antecipar bens a herdeiros, especialmente im\u00f3veis que se valorizaram ao longo dos anos. O foco agora est\u00e1 nas implica\u00e7\u00f5es dessa nova interpreta\u00e7\u00e3o.<\/p>\n\n\n\n<h2 class=\"wp-block-heading\">Doa\u00e7\u00e3o \u00e9 renda? Entenda o ponto central da discuss\u00e3o<\/h2>\n\n\n\n<p>O cerne da pol\u00eamica est\u00e1 na defini\u00e7\u00e3o de renda para fins de tributa\u00e7\u00e3o. Para muitos especialistas, doar um im\u00f3vel significa simplesmente <strong>reduzir o patrim\u00f4nio de quem doa<\/strong>, e n\u00e3o gerar renda para quem recebe. A<strong> Procuradoria-Geral da Fazenda Nacional (PGFN)<\/strong>, no entanto, discorda.<\/p>\n\n\n\n<p>Segundo a PGFN, <strong>a valoriza\u00e7\u00e3o do im\u00f3vel<\/strong> configura um ganho patrimonial real. Assim, quando o bem \u00e9 transferido, o valor de mercado atualizado representaria, sim, um acr\u00e9scimo econ\u00f4mico pass\u00edvel de tributa\u00e7\u00e3o \u2014 mesmo que o benefici\u00e1rio n\u00e3o tenha vendido nada ainda.<\/p>\n\n\n\n<h2 class=\"wp-block-heading\">O que muda com a decis\u00e3o do STF?<\/h2>\n\n\n\n<p>A decis\u00e3o do STF unifica a jurisprud\u00eancia sobre o tema, pondo fim a decis\u00f5es contradit\u00f3rias que circulavam entre as turmas do tribunal. Agora, fica autorizado que a Receita Federal cobre IR <strong>sobre o ganho de capital impl\u00edcito<\/strong> em doa\u00e7\u00f5es de im\u00f3veis valorizados.<\/p>\n\n\n\n<p>Para os tributaristas, a mudan\u00e7a exige novas estrat\u00e9gias de atua\u00e7\u00e3o e reavalia\u00e7\u00f5es de planejamentos sucess\u00f3rios. J\u00e1 para os contribuintes, acende o alerta: <strong>antecipar heran\u00e7a pode sair caro<\/strong>.<\/p>\n\n\n\n<p>Al\u00e9m disso, a decis\u00e3o pode abrir caminho para a expans\u00e3o do conceito de renda tribut\u00e1vel, afetando futuras interpreta\u00e7\u00f5es em outros tipos de transfer\u00eancias patrimoniais.<\/p>\n\n\n\n<figure class=\"wp-block-image\"><img decoding=\"async\" src=\"https:\/\/www.em.com.br\/emfoco\/wp-content\/uploads\/2025\/05\/receita-brasil_1746659879543-1024x576.jpg\" alt=\"\"\/><figcaption class=\"wp-element-caption\">Receita Federal &#8211; Cr\u00e9ditos: depositphotos.com \/ Mehaniq<\/figcaption><\/figure>\n\n\n\n<h2 class=\"wp-block-heading\">Por que a valoriza\u00e7\u00e3o do im\u00f3vel \u00e9 decisiva?<\/h2>\n\n\n\n<p>O ponto-chave da cobran\u00e7a est\u00e1 no valor de mercado atual do im\u00f3vel. Se um im\u00f3vel foi adquirido h\u00e1 muitos anos e se valorizou significativamente, o novo entendimento considera que essa valoriza\u00e7\u00e3o representa um ganho real para quem recebe o bem \u2014 mesmo que ele ainda n\u00e3o o tenha vendido.<\/p>\n\n\n\n<p>Isso significa que um herdeiro pode ser obrigado a pagar imposto sobre algo que ainda n\u00e3o gerou nenhum retorno financeiro direto, o que muitos juristas consideram um contrassenso legal e \u00e9tico.<\/p>\n\n\n\n<h2 class=\"wp-block-heading\">Como se proteger da nova interpreta\u00e7\u00e3o?<\/h2>\n\n\n\n<p>Diante desse novo cen\u00e1rio, especialistas recomendam cautela e planejamento sucess\u00f3rio detalhado, com apoio jur\u00eddico especializado. Algumas estrat\u00e9gias podem mitigar os impactos da tributa\u00e7\u00e3o:<\/p>\n\n\n\n<ul class=\"wp-block-list\">\n<li><strong>Avaliar o momento ideal para a doa\u00e7\u00e3o<\/strong><\/li>\n\n\n\n<li><strong>Considerar o valor de aquisi\u00e7\u00e3o original do im\u00f3vel<\/strong><\/li>\n\n\n\n<li><strong>Simular a poss\u00edvel incid\u00eancia de IR<\/strong><\/li>\n\n\n\n<li><strong>Explorar outras formas de planejamento patrimonial<\/strong><\/li>\n<\/ul>\n\n\n\n<p>A decis\u00e3o do STF marca um divisor de \u00e1guas na tributa\u00e7\u00e3o de heran\u00e7as e doa\u00e7\u00f5es no Brasil. Para quem pretende transferir bens, especialmente im\u00f3veis, entender as novas regras \u00e9 essencial para evitar preju\u00edzos financeiros e surpresas no futuro.<\/p>\n","protected":false},"excerpt":{"rendered":"<p>Uma decis\u00e3o recente do Supremo Tribunal Federal (STF) est\u00e1 agitando o universo jur\u00eddico e tribut\u00e1rio brasileiro. O tribunal aprovou a cobran\u00e7a de Imposto de Renda (IR) sobre a doa\u00e7\u00e3o de im\u00f3veis com valoriza\u00e7\u00e3o de mercado, quando feita como antecipa\u00e7\u00e3o de heran\u00e7a. A medida provocou um verdadeiro terremoto entre advogados tributaristas e contribuintes, reacendendo o debate [&hellip;]<\/p>\n","protected":false},"author":11,"featured_media":45915,"comment_status":"open","ping_status":"open","sticky":false,"template":"","format":"standard","meta":{"jnews-multi-image_gallery":[],"jnews_single_post":{"format":"standard"},"jnews_primary_category":[],"jnews_social_meta":[],"jnews_override_counter":[],"footnotes":""},"categories":[28,1],"tags":[5315,941,713,173],"class_list":["post-45592","post","type-post","status-publish","format-standard","has-post-thumbnail","hentry","category-economia","category-noticias","tag-declaracao-de-imposto","tag-imposto","tag-imposto-de-renda","tag-stf"],"yoast_head":"<!-- This site is optimized with the Yoast SEO plugin v23.8 - https:\/\/yoast.com\/wordpress\/plugins\/seo\/ -->\n<title>STF aprova nova cobran\u00e7a no Imposto de Renda e pode custar caro para os brasileiros - Estado de Minas - Em foco<\/title>\n<meta name=\"description\" content=\"A nova decis\u00e3o do STF deixou todo o Brasil em alerta. Voc\u00ea sabe como ela pode impactar suas finan\u00e7as? Clique para saber mais.\" \/>\n<meta name=\"robots\" content=\"index, follow, max-snippet:-1, max-image-preview:large, max-video-preview:-1\" \/>\n<link rel=\"canonical\" href=\"https:\/\/www.em.com.br\/emfoco\/2025\/05\/09\/stf-aprova-nova-cobranca-no-imposto-de-renda-e-pode-custar-caro-para-os-brasileiros\/\" \/>\n<meta property=\"og:locale\" content=\"pt_BR\" \/>\n<meta property=\"og:type\" content=\"article\" \/>\n<meta property=\"og:title\" content=\"STF aprova nova cobran\u00e7a no Imposto de Renda e pode custar caro para os brasileiros - Estado de Minas - Em foco\" \/>\n<meta property=\"og:description\" content=\"A nova decis\u00e3o do STF deixou todo o Brasil em alerta. Voc\u00ea sabe como ela pode impactar suas finan\u00e7as? Clique para saber mais.\" \/>\n<meta property=\"og:url\" content=\"https:\/\/www.em.com.br\/emfoco\/2025\/05\/09\/stf-aprova-nova-cobranca-no-imposto-de-renda-e-pode-custar-caro-para-os-brasileiros\/\" \/>\n<meta property=\"og:site_name\" content=\"Estado de Minas - Em foco\" \/>\n<meta property=\"article:published_time\" content=\"2025-05-09T11:08:30+00:00\" \/>\n<meta property=\"article:modified_time\" content=\"2025-05-09T11:20:25+00:00\" \/>\n<meta property=\"og:image\" content=\"https:\/\/www.em.com.br\/emfoco\/wp-content\/uploads\/2025\/05\/48636697307_8be1b00da6_b.jpg\" \/>\n\t<meta property=\"og:image:width\" content=\"1280\" \/>\n\t<meta property=\"og:image:height\" content=\"720\" \/>\n\t<meta property=\"og:image:type\" content=\"image\/jpeg\" \/>\n<meta name=\"author\" content=\"Andre\u0301 Rangel\u00a0\" \/>\n<meta name=\"twitter:card\" content=\"summary_large_image\" \/>\n<meta name=\"twitter:label1\" content=\"Escrito por\" \/>\n\t<meta name=\"twitter:data1\" content=\"Andre\u0301 Rangel\u00a0\" \/>\n\t<meta name=\"twitter:label2\" content=\"Est. tempo de leitura\" \/>\n\t<meta name=\"twitter:data2\" content=\"4 minutos\" \/>\n<!-- \/ Yoast SEO plugin. -->","yoast_head_json":{"title":"STF aprova nova cobran\u00e7a no Imposto de Renda e pode custar caro para os brasileiros - Estado de Minas - Em foco","description":"A nova decis\u00e3o do STF deixou todo o Brasil em alerta. Voc\u00ea sabe como ela pode impactar suas finan\u00e7as? Clique para saber mais.","robots":{"index":"index","follow":"follow","max-snippet":"max-snippet:-1","max-image-preview":"max-image-preview:large","max-video-preview":"max-video-preview:-1"},"canonical":"https:\/\/www.em.com.br\/emfoco\/2025\/05\/09\/stf-aprova-nova-cobranca-no-imposto-de-renda-e-pode-custar-caro-para-os-brasileiros\/","og_locale":"pt_BR","og_type":"article","og_title":"STF aprova nova cobran\u00e7a no Imposto de Renda e pode custar caro para os brasileiros - Estado de Minas - Em foco","og_description":"A nova decis\u00e3o do STF deixou todo o Brasil em alerta. Voc\u00ea sabe como ela pode impactar suas finan\u00e7as? Clique para saber mais.","og_url":"https:\/\/www.em.com.br\/emfoco\/2025\/05\/09\/stf-aprova-nova-cobranca-no-imposto-de-renda-e-pode-custar-caro-para-os-brasileiros\/","og_site_name":"Estado de Minas - Em foco","article_published_time":"2025-05-09T11:08:30+00:00","article_modified_time":"2025-05-09T11:20:25+00:00","og_image":[{"width":1280,"height":720,"url":"https:\/\/www.em.com.br\/emfoco\/wp-content\/uploads\/2025\/05\/48636697307_8be1b00da6_b.jpg","type":"image\/jpeg"}],"author":"Andre\u0301 Rangel\u00a0","twitter_card":"summary_large_image","twitter_misc":{"Escrito por":"Andre\u0301 Rangel\u00a0","Est. tempo de leitura":"4 minutos"},"schema":{"@context":"https:\/\/schema.org","@graph":[{"@type":"WebPage","@id":"https:\/\/www.em.com.br\/emfoco\/2025\/05\/09\/stf-aprova-nova-cobranca-no-imposto-de-renda-e-pode-custar-caro-para-os-brasileiros\/","url":"https:\/\/www.em.com.br\/emfoco\/2025\/05\/09\/stf-aprova-nova-cobranca-no-imposto-de-renda-e-pode-custar-caro-para-os-brasileiros\/","name":"STF aprova nova cobran\u00e7a no Imposto de Renda e pode custar caro para os brasileiros - Estado de Minas - Em foco","isPartOf":{"@id":"https:\/\/www.em.com.br\/emfoco\/#website"},"primaryImageOfPage":{"@id":"https:\/\/www.em.com.br\/emfoco\/2025\/05\/09\/stf-aprova-nova-cobranca-no-imposto-de-renda-e-pode-custar-caro-para-os-brasileiros\/#primaryimage"},"image":{"@id":"https:\/\/www.em.com.br\/emfoco\/2025\/05\/09\/stf-aprova-nova-cobranca-no-imposto-de-renda-e-pode-custar-caro-para-os-brasileiros\/#primaryimage"},"thumbnailUrl":"https:\/\/www.em.com.br\/emfoco\/wp-content\/uploads\/2025\/05\/48636697307_8be1b00da6_b.jpg","datePublished":"2025-05-09T11:08:30+00:00","dateModified":"2025-05-09T11:20:25+00:00","author":{"@id":"https:\/\/www.em.com.br\/emfoco\/#\/schema\/person\/60eda09c1fedf0d6891f4cef4b60b8b8"},"description":"A nova decis\u00e3o do STF deixou todo o Brasil em alerta. Voc\u00ea sabe como ela pode impactar suas finan\u00e7as? Clique para saber mais.","breadcrumb":{"@id":"https:\/\/www.em.com.br\/emfoco\/2025\/05\/09\/stf-aprova-nova-cobranca-no-imposto-de-renda-e-pode-custar-caro-para-os-brasileiros\/#breadcrumb"},"inLanguage":"pt-BR","potentialAction":[{"@type":"ReadAction","target":["https:\/\/www.em.com.br\/emfoco\/2025\/05\/09\/stf-aprova-nova-cobranca-no-imposto-de-renda-e-pode-custar-caro-para-os-brasileiros\/"]}]},{"@type":"ImageObject","inLanguage":"pt-BR","@id":"https:\/\/www.em.com.br\/emfoco\/2025\/05\/09\/stf-aprova-nova-cobranca-no-imposto-de-renda-e-pode-custar-caro-para-os-brasileiros\/#primaryimage","url":"https:\/\/www.em.com.br\/emfoco\/wp-content\/uploads\/2025\/05\/48636697307_8be1b00da6_b.jpg","contentUrl":"https:\/\/www.em.com.br\/emfoco\/wp-content\/uploads\/2025\/05\/48636697307_8be1b00da6_b.jpg","width":1280,"height":720,"caption":"STF - Cr\u00e9ditos: Divulga\u00e7\u00e3o\/Flickr"},{"@type":"BreadcrumbList","@id":"https:\/\/www.em.com.br\/emfoco\/2025\/05\/09\/stf-aprova-nova-cobranca-no-imposto-de-renda-e-pode-custar-caro-para-os-brasileiros\/#breadcrumb","itemListElement":[{"@type":"ListItem","position":1,"name":"In\u00edcio","item":"https:\/\/www.em.com.br\/emfoco\/"},{"@type":"ListItem","position":2,"name":"STF aprova nova cobran\u00e7a no Imposto de Renda e pode custar caro para os brasileiros"}]},{"@type":"WebSite","@id":"https:\/\/www.em.com.br\/emfoco\/#website","url":"https:\/\/www.em.com.br\/emfoco\/","name":"Estado de Minas - Em foco","description":"Acompanhe as \u00faltimas not\u00edcias e fique bem informado sobre tudo o que acontece em Minas Gerais, Brasil e no mundo.","potentialAction":[{"@type":"SearchAction","target":{"@type":"EntryPoint","urlTemplate":"https:\/\/www.em.com.br\/emfoco\/?s={search_term_string}"},"query-input":{"@type":"PropertyValueSpecification","valueRequired":true,"valueName":"search_term_string"}}],"inLanguage":"pt-BR"},{"@type":"Person","@id":"https:\/\/www.em.com.br\/emfoco\/#\/schema\/person\/60eda09c1fedf0d6891f4cef4b60b8b8","name":"Andre\u0301 Rangel\u00a0","image":{"@type":"ImageObject","inLanguage":"pt-BR","@id":"https:\/\/www.em.com.br\/emfoco\/#\/schema\/person\/image\/","url":"https:\/\/secure.gravatar.com\/avatar\/6234dc814c77c8ef6d8bba622c787efc?s=96&d=mm&r=g","contentUrl":"https:\/\/secure.gravatar.com\/avatar\/6234dc814c77c8ef6d8bba622c787efc?s=96&d=mm&r=g","caption":"Andre\u0301 Rangel\u00a0"},"url":"https:\/\/www.em.com.br\/emfoco\/author\/luizmyth\/"}]}},"_links":{"self":[{"href":"https:\/\/www.em.com.br\/emfoco\/wp-json\/wp\/v2\/posts\/45592","targetHints":{"allow":["GET"]}}],"collection":[{"href":"https:\/\/www.em.com.br\/emfoco\/wp-json\/wp\/v2\/posts"}],"about":[{"href":"https:\/\/www.em.com.br\/emfoco\/wp-json\/wp\/v2\/types\/post"}],"author":[{"embeddable":true,"href":"https:\/\/www.em.com.br\/emfoco\/wp-json\/wp\/v2\/users\/11"}],"replies":[{"embeddable":true,"href":"https:\/\/www.em.com.br\/emfoco\/wp-json\/wp\/v2\/comments?post=45592"}],"version-history":[{"count":4,"href":"https:\/\/www.em.com.br\/emfoco\/wp-json\/wp\/v2\/posts\/45592\/revisions"}],"predecessor-version":[{"id":45917,"href":"https:\/\/www.em.com.br\/emfoco\/wp-json\/wp\/v2\/posts\/45592\/revisions\/45917"}],"wp:featuredmedia":[{"embeddable":true,"href":"https:\/\/www.em.com.br\/emfoco\/wp-json\/wp\/v2\/media\/45915"}],"wp:attachment":[{"href":"https:\/\/www.em.com.br\/emfoco\/wp-json\/wp\/v2\/media?parent=45592"}],"wp:term":[{"taxonomy":"category","embeddable":true,"href":"https:\/\/www.em.com.br\/emfoco\/wp-json\/wp\/v2\/categories?post=45592"},{"taxonomy":"post_tag","embeddable":true,"href":"https:\/\/www.em.com.br\/emfoco\/wp-json\/wp\/v2\/tags?post=45592"}],"curies":[{"name":"wp","href":"https:\/\/api.w.org\/{rel}","templated":true}]}}