{"id":45553,"date":"2025-05-11T13:20:00","date_gmt":"2025-05-11T16:20:00","guid":{"rendered":"https:\/\/www.em.com.br\/emfoco\/?p=45553"},"modified":"2025-06-17T20:42:47","modified_gmt":"2025-06-17T23:42:47","slug":"conheca-os-suvs-mais-rapidos-do-mundo-que-deixam-esportivos-no-chinelo","status":"publish","type":"post","link":"https:\/\/www.em.com.br\/emfoco\/2025\/05\/11\/conheca-os-suvs-mais-rapidos-do-mundo-que-deixam-esportivos-no-chinelo\/","title":{"rendered":"Conhe\u00e7a os SUVs mais r\u00e1pidos do mundo que deixam esportivos no chinelo"},"content":{"rendered":"\n<p>Quem disse que SUV \u00e9 s\u00f3 para andar devagar no tr\u00e2nsito? O mercado de 2025 est\u00e1 provando exatamente o contr\u00e1rio. Os SUVs de hoje fazem qualquer carro esportivo ficar com inveja, e n\u00e3o \u00e9 brincadeira. Estamos falando de m\u00e1quinas que aceleram de 0 a 100 km\/h em menos de 3 segundos, combinando o espa\u00e7o que a fam\u00edlia precisa com a emo\u00e7\u00e3o que qualquer um quer sentir.<\/p>\n\n\n\n<p>A revolu\u00e7\u00e3o chegou de vez, e os n\u00fameros n\u00e3o mentem. Se antes um SUV que fazia de 0 a 100 km\/h em 5 segundos j\u00e1 impressionava, hoje esse tempo caiu para a casa dos 2 segundos. \u00c9 velocidade de <strong>F\u00f3rmula 1<\/strong> numa carroceria que cabe a fam\u00edlia inteira, as compras do mercado e ainda sobra espa\u00e7o para mais alguma coisa.<\/p>\n\n\n\n<h2 class=\"wp-block-heading\">Qual SUV est\u00e1 mandando em velocidade em 2025?<\/h2>\n\n\n<div class=\"wp-block-image\">\n<figure class=\"aligncenter size-large\"><img loading=\"lazy\" decoding=\"async\" width=\"1024\" height=\"576\" src=\"https:\/\/www.em.com.br\/emfoco\/wp-content\/uploads\/2025\/05\/Design-sem-nome-7-1024x576.jpg\" alt=\"Conhe\u00e7a os SUVs mais r\u00e1pidos do mundo que deixam esportivos no chinelo\" class=\"wp-image-45563\" srcset=\"https:\/\/www.em.com.br\/emfoco\/wp-content\/uploads\/2025\/05\/Design-sem-nome-7-1024x576.jpg 1024w, https:\/\/www.em.com.br\/emfoco\/wp-content\/uploads\/2025\/05\/Design-sem-nome-7-300x169.jpg 300w, https:\/\/www.em.com.br\/emfoco\/wp-content\/uploads\/2025\/05\/Design-sem-nome-7-768x432.jpg 768w, https:\/\/www.em.com.br\/emfoco\/wp-content\/uploads\/2025\/05\/Design-sem-nome-7-750x422.jpg 750w, https:\/\/www.em.com.br\/emfoco\/wp-content\/uploads\/2025\/05\/Design-sem-nome-7-1140x641.jpg 1140w, https:\/\/www.em.com.br\/emfoco\/wp-content\/uploads\/2025\/05\/Design-sem-nome-7.jpg 1280w\" sizes=\"auto, (max-width: 1024px) 100vw, 1024px\" \/><figcaption class=\"wp-element-caption\">Dodge Durango SRT Hellcat &#8211; Cr\u00e9ditos: Dodge\/Divulga\u00e7\u00e3o<\/figcaption><\/figure><\/div>\n\n\n<p>O <strong><a href=\"https:\/\/www.tesla.com\/\" target=\"_blank\" rel=\"noreferrer noopener\">Tesla <\/a>Model X Plaid<\/strong> continua sendo o rei absoluto da velocidade no mundo dos SUVs. Com seus tr\u00eas motores el\u00e9tricos gerando mais de 1.020 cavalos de pot\u00eancia, ele faz de 0 a 100 km\/h em impressionantes 2,5 segundos. Para ter uma ideia do que isso significa, \u00e9 mais r\u00e1pido que a maioria dos carros de corrida que vemos na <strong>F\u00f3rmula 1<\/strong>.<\/p>\n\n\n\n<p>O Model X n\u00e3o \u00e9 s\u00f3 sobre velocidade bruta. Ele consegue levar at\u00e9 7 pessoas, tem aquelas portas que abrem para cima que todo mundo para para fotografar, e ainda por cima roda mais de 300 quil\u00f4metros com uma \u00fanica carga. \u00c9 o tipo de <a href=\"https:\/\/www.em.com.br\/emfoco\/2024\/11\/22\/onix-2025-chega-chutando-a-porta-com-motor-turbinado-e-preco-top\/\" target=\"_blank\" rel=\"noreferrer noopener\">carro <\/a>que faz voc\u00ea pensar: &#8220;Como isso \u00e9 poss\u00edvel?&#8221; A resposta est\u00e1 nos motores el\u00e9tricos, que entregam toda a for\u00e7a na hora, sem demora.<\/p>\n\n\n\n<h2 class=\"wp-block-heading\">Como os SUVs el\u00e9tricos est\u00e3o mudando o jogo da velocidade?<\/h2>\n\n\n\n<p>O <strong>Lotus Eletre R<\/strong> chegou para mostrar que a <strong>Tesla<\/strong> tem concorr\u00eancia s\u00e9ria. Com 905 cavalos de pot\u00eancia e um tempo de 0 a 100 km\/h em menos de 3 segundos, o SUV brit\u00e2nico traz a tradi\u00e7\u00e3o da <strong>Lotus<\/strong> em fazer carros que grudam no asfalto. \u00c9 o primeiro SUV da marca, e eles n\u00e3o fizeram feio.<\/p>\n\n\n\n<p>A grande diferen\u00e7a do <strong>Eletre<\/strong> est\u00e1 no jeito de dirigir. Enquanto o <strong>Tesla<\/strong> \u00e9 mais direto, o <strong>Lotus<\/strong> tem aquele tempero especial da marca, com dire\u00e7\u00e3o mais precisa e uma sensa\u00e7\u00e3o de dirigir um carro esportivo disfar\u00e7ado de SUV. \u00c9 como se eles tivessem pego toda a experi\u00eancia de d\u00e9cadas fazendo carros de corrida e colocado numa carroceria maior.<\/p>\n\n\n\n<h2 class=\"wp-block-heading\">Por que os motores el\u00e9tricos dominam a lista dos mais r\u00e1pidos?<\/h2>\n\n\n\n<p>A explica\u00e7\u00e3o \u00e9 simples: motores el\u00e9tricos entregam toda a for\u00e7a na hora. N\u00e3o precisa esperar o turbo &#8220;encher&#8221;, n\u00e3o tem que trocar marcha, n\u00e3o tem complica\u00e7\u00e3o. \u00c9 s\u00f3 pisar no acelerador e sentir aquele empurr\u00e3o que cola voc\u00ea no banco. \u00c9 por isso que carros como o <strong>GMC Hummer EV<\/strong> e o <strong>Hyundai Ioniq 5 N<\/strong> conseguem tempos de acelera\u00e7\u00e3o que deixam muito carro esportivo no chinelo.<\/p>\n\n\n\n<p>O <strong>Ferrari Purosangue<\/strong> \u00e9 uma exce\u00e7\u00e3o interessante na lista. Mesmo sendo movido por um motor V12 tradicional, ele consegue fazer de 0 a 100 km\/h em 3,3 segundos. Mas aqui estamos falando de uma <strong>Ferrari<\/strong>, uma marca que sabe fazer motor como ningu\u00e9m. \u00c9 praticamente um supercarro que decidiu virar SUV, e o pre\u00e7o comprova isso.<\/p>\n\n\n\n<h2 class=\"wp-block-heading\">Qual \u00e9 o futuro dos SUVs velozes no Brasil?<\/h2>\n\n\n<div class=\"wp-block-image\">\n<figure class=\"aligncenter size-large\"><img loading=\"lazy\" decoding=\"async\" width=\"1024\" height=\"576\" src=\"https:\/\/www.em.com.br\/emfoco\/wp-content\/uploads\/2025\/05\/Design-sem-nome-2-3-1024x576.jpg\" alt=\"Conhe\u00e7a os SUVs mais r\u00e1pidos do mundo que deixam esportivos no chinelo\" class=\"wp-image-45561\" srcset=\"https:\/\/www.em.com.br\/emfoco\/wp-content\/uploads\/2025\/05\/Design-sem-nome-2-3-1024x576.jpg 1024w, https:\/\/www.em.com.br\/emfoco\/wp-content\/uploads\/2025\/05\/Design-sem-nome-2-3-300x169.jpg 300w, https:\/\/www.em.com.br\/emfoco\/wp-content\/uploads\/2025\/05\/Design-sem-nome-2-3-768x432.jpg 768w, https:\/\/www.em.com.br\/emfoco\/wp-content\/uploads\/2025\/05\/Design-sem-nome-2-3-750x422.jpg 750w, https:\/\/www.em.com.br\/emfoco\/wp-content\/uploads\/2025\/05\/Design-sem-nome-2-3-1140x641.jpg 1140w, https:\/\/www.em.com.br\/emfoco\/wp-content\/uploads\/2025\/05\/Design-sem-nome-2-3.jpg 1280w\" sizes=\"auto, (max-width: 1024px) 100vw, 1024px\" \/><figcaption class=\"wp-element-caption\">Porsche Cayenne Turbo E-Hybrid &#8211; Cr\u00e9ditos: Porsche\/Divulga\u00e7\u00e3o<\/figcaption><\/figure><\/div>\n\n\n<p>No Brasil, a coisa ainda est\u00e1 engatinhando, mas j\u00e1 d\u00e1 para ver alguns modelos chegando por aqui. O <strong>BYD Sealion 7<\/strong>, por exemplo, promete fazer de 0 a 100 km\/h em 4,5 segundos e deve chegar ao pa\u00eds ainda em 2025. N\u00e3o \u00e9 t\u00e3o explosivo quanto os l\u00edderes mundiais, mas j\u00e1 \u00e9 bem mais r\u00e1pido que qualquer SUV que temos hoje nas ruas brasileiras.<\/p>\n\n\n\n<p>A tend\u00eancia \u00e9 clara: os SUVs el\u00e9tricos v\u00e3o dominar o futuro, e eles v\u00e3o ser cada vez mais r\u00e1pidos. Com a tecnologia evoluindo rapidamente e os pre\u00e7os das baterias caindo, \u00e9 quest\u00e3o de tempo at\u00e9 vermos SUVs que fazem de 0 a 100 km\/h em menos de 2 segundos. Pode parecer loucura hoje, mas \u00e9 exatamente para onde estamos caminhando.<\/p>\n\n\n\n<h2 class=\"wp-block-heading\">O que esperar dos pr\u00f3ximos lan\u00e7amentos?<\/h2>\n\n\n\n<p>O ano de 2025 promete mais surpresas. A <strong>Rivian<\/strong> est\u00e1 trabalhando em vers\u00f5es ainda mais potentes do <strong>R1S<\/strong>, enquanto a <strong>Porsche<\/strong> continua aperfei\u00e7oando o <strong>Cayenne Turbo GT<\/strong>. At\u00e9 marcas que nunca fizeram SUVs, como a <strong>Lotus<\/strong>, est\u00e3o entrando no jogo com tudo.<\/p>\n\n\n\n<p>O mais impressionante \u00e9 que esses SUVs n\u00e3o s\u00e3o s\u00f3 r\u00e1pidos em linha reta. Eles conseguem fazer curvas, frear bem e ainda por cima s\u00e3o confort\u00e1veis para o uso do dia a dia. \u00c9 como se os engenheiros tivessem conseguido quebrar todas as regras da f\u00edsica e criar carros que s\u00e3o bons em tudo. Para quem gosta de velocidade mas precisa de praticidade, 2025 est\u00e1 sendo o ano perfeito.<\/p>\n","protected":false},"excerpt":{"rendered":"<p>Quem disse que SUV \u00e9 s\u00f3 para andar devagar no tr\u00e2nsito? O mercado de 2025 est\u00e1 provando exatamente o contr\u00e1rio. Os SUVs de hoje fazem qualquer carro esportivo ficar com inveja, e n\u00e3o \u00e9 brincadeira. Estamos falando de m\u00e1quinas que aceleram de 0 a 100 km\/h em menos de 3 segundos, combinando o espa\u00e7o que [&hellip;]<\/p>\n","protected":false},"author":13,"featured_media":45562,"comment_status":"open","ping_status":"open","sticky":false,"template":"","format":"standard","meta":{"jnews-multi-image_gallery":[],"jnews_single_post":{"format":"standard"},"jnews_primary_category":[],"jnews_social_meta":[],"jnews_override_counter":[],"footnotes":""},"categories":[27],"tags":[1159,8428,2423,2490],"class_list":["post-45553","post","type-post","status-publish","format-standard","has-post-thumbnail","hentry","category-carros","tag-carros-eletricos","tag-desempenho-automotivo","tag-inovacao-tecnologica","tag-suvs"],"yoast_head":"<!-- This site is optimized with the Yoast SEO plugin v23.8 - https:\/\/yoast.com\/wordpress\/plugins\/seo\/ -->\n<title>Conhe\u00e7a os SUVs mais r\u00e1pidos do mundo que deixam esportivos no chinelo - Estado de Minas - Em foco<\/title>\n<meta name=\"description\" content=\"Acelera\u00e7\u00e3o absurda e design imponente fazem dos SUVs de 2025 uma nova refer\u00eancia de desempenho e inova\u00e7\u00e3o automotiva.\" \/>\n<meta name=\"robots\" content=\"index, follow, max-snippet:-1, max-image-preview:large, max-video-preview:-1\" \/>\n<link rel=\"canonical\" href=\"https:\/\/www.em.com.br\/emfoco\/2025\/05\/11\/conheca-os-suvs-mais-rapidos-do-mundo-que-deixam-esportivos-no-chinelo\/\" \/>\n<meta property=\"og:locale\" content=\"pt_BR\" \/>\n<meta property=\"og:type\" content=\"article\" \/>\n<meta property=\"og:title\" content=\"Conhe\u00e7a os SUVs mais r\u00e1pidos do mundo que deixam esportivos no chinelo - Estado de Minas - Em foco\" \/>\n<meta property=\"og:description\" content=\"Acelera\u00e7\u00e3o absurda e design imponente fazem dos SUVs de 2025 uma nova refer\u00eancia de desempenho e inova\u00e7\u00e3o automotiva.\" \/>\n<meta property=\"og:url\" content=\"https:\/\/www.em.com.br\/emfoco\/2025\/05\/11\/conheca-os-suvs-mais-rapidos-do-mundo-que-deixam-esportivos-no-chinelo\/\" \/>\n<meta property=\"og:site_name\" content=\"Estado de Minas - Em foco\" \/>\n<meta property=\"article:published_time\" content=\"2025-05-11T16:20:00+00:00\" \/>\n<meta property=\"article:modified_time\" content=\"2025-06-17T23:42:47+00:00\" \/>\n<meta property=\"og:image\" content=\"https:\/\/www.em.com.br\/emfoco\/wp-content\/uploads\/2025\/05\/Design-sem-nome-1-3.jpg\" \/>\n\t<meta property=\"og:image:width\" content=\"1280\" \/>\n\t<meta property=\"og:image:height\" content=\"720\" \/>\n\t<meta property=\"og:image:type\" content=\"image\/jpeg\" \/>\n<meta name=\"author\" content=\"Gabriel Martins\" \/>\n<meta name=\"twitter:card\" content=\"summary_large_image\" \/>\n<meta name=\"twitter:label1\" content=\"Escrito por\" \/>\n\t<meta name=\"twitter:data1\" content=\"Gabriel Martins\" \/>\n\t<meta name=\"twitter:label2\" content=\"Est. tempo de leitura\" \/>\n\t<meta name=\"twitter:data2\" content=\"5 minutos\" \/>\n<!-- \/ Yoast SEO plugin. -->","yoast_head_json":{"title":"Conhe\u00e7a os SUVs mais r\u00e1pidos do mundo que deixam esportivos no chinelo - Estado de Minas - Em foco","description":"Acelera\u00e7\u00e3o absurda e design imponente fazem dos SUVs de 2025 uma nova refer\u00eancia de desempenho e inova\u00e7\u00e3o automotiva.","robots":{"index":"index","follow":"follow","max-snippet":"max-snippet:-1","max-image-preview":"max-image-preview:large","max-video-preview":"max-video-preview:-1"},"canonical":"https:\/\/www.em.com.br\/emfoco\/2025\/05\/11\/conheca-os-suvs-mais-rapidos-do-mundo-que-deixam-esportivos-no-chinelo\/","og_locale":"pt_BR","og_type":"article","og_title":"Conhe\u00e7a os SUVs mais r\u00e1pidos do mundo que deixam esportivos no chinelo - Estado de Minas - Em foco","og_description":"Acelera\u00e7\u00e3o absurda e design imponente fazem dos SUVs de 2025 uma nova refer\u00eancia de desempenho e inova\u00e7\u00e3o automotiva.","og_url":"https:\/\/www.em.com.br\/emfoco\/2025\/05\/11\/conheca-os-suvs-mais-rapidos-do-mundo-que-deixam-esportivos-no-chinelo\/","og_site_name":"Estado de Minas - Em foco","article_published_time":"2025-05-11T16:20:00+00:00","article_modified_time":"2025-06-17T23:42:47+00:00","og_image":[{"width":1280,"height":720,"url":"https:\/\/www.em.com.br\/emfoco\/wp-content\/uploads\/2025\/05\/Design-sem-nome-1-3.jpg","type":"image\/jpeg"}],"author":"Gabriel Martins","twitter_card":"summary_large_image","twitter_misc":{"Escrito por":"Gabriel Martins","Est. tempo de leitura":"5 minutos"},"schema":{"@context":"https:\/\/schema.org","@graph":[{"@type":"WebPage","@id":"https:\/\/www.em.com.br\/emfoco\/2025\/05\/11\/conheca-os-suvs-mais-rapidos-do-mundo-que-deixam-esportivos-no-chinelo\/","url":"https:\/\/www.em.com.br\/emfoco\/2025\/05\/11\/conheca-os-suvs-mais-rapidos-do-mundo-que-deixam-esportivos-no-chinelo\/","name":"Conhe\u00e7a os SUVs mais r\u00e1pidos do mundo que deixam esportivos no chinelo - Estado de Minas - Em foco","isPartOf":{"@id":"https:\/\/www.em.com.br\/emfoco\/#website"},"primaryImageOfPage":{"@id":"https:\/\/www.em.com.br\/emfoco\/2025\/05\/11\/conheca-os-suvs-mais-rapidos-do-mundo-que-deixam-esportivos-no-chinelo\/#primaryimage"},"image":{"@id":"https:\/\/www.em.com.br\/emfoco\/2025\/05\/11\/conheca-os-suvs-mais-rapidos-do-mundo-que-deixam-esportivos-no-chinelo\/#primaryimage"},"thumbnailUrl":"https:\/\/www.em.com.br\/emfoco\/wp-content\/uploads\/2025\/05\/Design-sem-nome-1-3.jpg","datePublished":"2025-05-11T16:20:00+00:00","dateModified":"2025-06-17T23:42:47+00:00","author":{"@id":"https:\/\/www.em.com.br\/emfoco\/#\/schema\/person\/1c9ddeab18b98abeffef834667bcf08a"},"description":"Acelera\u00e7\u00e3o absurda e design imponente fazem dos SUVs de 2025 uma nova refer\u00eancia de desempenho e inova\u00e7\u00e3o automotiva.","breadcrumb":{"@id":"https:\/\/www.em.com.br\/emfoco\/2025\/05\/11\/conheca-os-suvs-mais-rapidos-do-mundo-que-deixam-esportivos-no-chinelo\/#breadcrumb"},"inLanguage":"pt-BR","potentialAction":[{"@type":"ReadAction","target":["https:\/\/www.em.com.br\/emfoco\/2025\/05\/11\/conheca-os-suvs-mais-rapidos-do-mundo-que-deixam-esportivos-no-chinelo\/"]}]},{"@type":"ImageObject","inLanguage":"pt-BR","@id":"https:\/\/www.em.com.br\/emfoco\/2025\/05\/11\/conheca-os-suvs-mais-rapidos-do-mundo-que-deixam-esportivos-no-chinelo\/#primaryimage","url":"https:\/\/www.em.com.br\/emfoco\/wp-content\/uploads\/2025\/05\/Design-sem-nome-1-3.jpg","contentUrl":"https:\/\/www.em.com.br\/emfoco\/wp-content\/uploads\/2025\/05\/Design-sem-nome-1-3.jpg","width":1280,"height":720,"caption":"GMC Hummer EV SUV 2025 - Cr\u00e9ditos: GMC\/Divulga\u00e7\u00e3o"},{"@type":"BreadcrumbList","@id":"https:\/\/www.em.com.br\/emfoco\/2025\/05\/11\/conheca-os-suvs-mais-rapidos-do-mundo-que-deixam-esportivos-no-chinelo\/#breadcrumb","itemListElement":[{"@type":"ListItem","position":1,"name":"In\u00edcio","item":"https:\/\/www.em.com.br\/emfoco\/"},{"@type":"ListItem","position":2,"name":"Conhe\u00e7a os SUVs mais r\u00e1pidos do mundo que deixam esportivos no chinelo"}]},{"@type":"WebSite","@id":"https:\/\/www.em.com.br\/emfoco\/#website","url":"https:\/\/www.em.com.br\/emfoco\/","name":"Estado de Minas - Em foco","description":"Acompanhe as \u00faltimas not\u00edcias e fique bem informado sobre tudo o que acontece em Minas Gerais, Brasil e no mundo.","potentialAction":[{"@type":"SearchAction","target":{"@type":"EntryPoint","urlTemplate":"https:\/\/www.em.com.br\/emfoco\/?s={search_term_string}"},"query-input":{"@type":"PropertyValueSpecification","valueRequired":true,"valueName":"search_term_string"}}],"inLanguage":"pt-BR"},{"@type":"Person","@id":"https:\/\/www.em.com.br\/emfoco\/#\/schema\/person\/1c9ddeab18b98abeffef834667bcf08a","name":"Gabriel Martins","image":{"@type":"ImageObject","inLanguage":"pt-BR","@id":"https:\/\/www.em.com.br\/emfoco\/#\/schema\/person\/image\/","url":"https:\/\/secure.gravatar.com\/avatar\/f0f1e2efdfd88f1ad2cb08c5c2731e50?s=96&d=mm&r=g","contentUrl":"https:\/\/secure.gravatar.com\/avatar\/f0f1e2efdfd88f1ad2cb08c5c2731e50?s=96&d=mm&r=g","caption":"Gabriel Martins"},"sameAs":["https:\/\/www.em.com.br\/emfoco\/"],"url":"https:\/\/www.em.com.br\/emfoco\/author\/gabrielmartinsmyth\/"}]}},"_links":{"self":[{"href":"https:\/\/www.em.com.br\/emfoco\/wp-json\/wp\/v2\/posts\/45553","targetHints":{"allow":["GET"]}}],"collection":[{"href":"https:\/\/www.em.com.br\/emfoco\/wp-json\/wp\/v2\/posts"}],"about":[{"href":"https:\/\/www.em.com.br\/emfoco\/wp-json\/wp\/v2\/types\/post"}],"author":[{"embeddable":true,"href":"https:\/\/www.em.com.br\/emfoco\/wp-json\/wp\/v2\/users\/13"}],"replies":[{"embeddable":true,"href":"https:\/\/www.em.com.br\/emfoco\/wp-json\/wp\/v2\/comments?post=45553"}],"version-history":[{"count":4,"href":"https:\/\/www.em.com.br\/emfoco\/wp-json\/wp\/v2\/posts\/45553\/revisions"}],"predecessor-version":[{"id":62681,"href":"https:\/\/www.em.com.br\/emfoco\/wp-json\/wp\/v2\/posts\/45553\/revisions\/62681"}],"wp:featuredmedia":[{"embeddable":true,"href":"https:\/\/www.em.com.br\/emfoco\/wp-json\/wp\/v2\/media\/45562"}],"wp:attachment":[{"href":"https:\/\/www.em.com.br\/emfoco\/wp-json\/wp\/v2\/media?parent=45553"}],"wp:term":[{"taxonomy":"category","embeddable":true,"href":"https:\/\/www.em.com.br\/emfoco\/wp-json\/wp\/v2\/categories?post=45553"},{"taxonomy":"post_tag","embeddable":true,"href":"https:\/\/www.em.com.br\/emfoco\/wp-json\/wp\/v2\/tags?post=45553"}],"curies":[{"name":"wp","href":"https:\/\/api.w.org\/{rel}","templated":true}]}}