{"id":45492,"date":"2025-05-09T19:40:00","date_gmt":"2025-05-09T22:40:00","guid":{"rendered":"https:\/\/www.em.com.br\/emfoco\/?p=45492"},"modified":"2025-05-09T08:33:28","modified_gmt":"2025-05-09T11:33:28","slug":"lago-de-furnas-ganha-reforco-historico-para-proteger-sua-agua","status":"publish","type":"post","link":"https:\/\/www.em.com.br\/emfoco\/2025\/05\/09\/lago-de-furnas-ganha-reforco-historico-para-proteger-sua-agua\/","title":{"rendered":"Lago de Furnas ganha refor\u00e7o hist\u00f3rico para proteger sua \u00e1gua"},"content":{"rendered":"\n<p>O ic\u00f4nico <strong><a href=\"https:\/\/g1.globo.com\/mg\/sul-de-minas\/noticia\/2025\/05\/07\/lago-de-furnas-tera-a-qualidade-da-agua-analisada-por-laboratorio-da-universidade-federal-de-alfenas.ghtml\" target=\"_blank\" rel=\"noreferrer noopener\">Lago de Furnas<\/a><\/strong>, conhecido como o<a href=\"https:\/\/www.em.com.br\/emfoco\/2024\/12\/01\/cidade-que-fica-entre-belo-horizonte-e-ribeirao-preto-e-considerada-o-mar-de-minas-gerais\/\" target=\"_blank\" rel=\"noreferrer noopener\"> <strong>&#8220;Mar de Minas&#8221;<\/strong><\/a>, est\u00e1 prestes a receber um refor\u00e7o hist\u00f3rico para a preserva\u00e7\u00e3o de sua \u00e1gua: um laborat\u00f3rio moderno para an\u00e1lise de contaminantes, financiado por um investimento de R$ 6,2 milh\u00f5es da <strong>Eletrobras<\/strong>. A iniciativa ser\u00e1 liderada pela <strong>Universidade Federal de Alfenas (Unifal)<\/strong> e promete transformar o monitoramento da qualidade h\u00eddrica em toda a regi\u00e3o.<\/p>\n\n\n\n<p>Os equipamentos devem ser adquiridos at\u00e9 o fim de 2025, e as an\u00e1lises ter\u00e3o in\u00edcio j\u00e1 em 2026.<\/p>\n\n\n\n<h2 class=\"wp-block-heading\">Contaminantes invis\u00edveis, riscos alarmantes<\/h2>\n\n\n\n<p>Segundo o professor e coordenador do projeto, <strong>Eduardo Figueiredo<\/strong>, o foco do laborat\u00f3rio ser\u00e1 a identifica\u00e7\u00e3o de contaminantes emergentes. Estes compostos, presentes em n\u00edveis m\u00ednimos, t\u00eam sido associados a doen\u00e7as neurodegenerativas, como <strong>Alzheimer <\/strong>e <strong>Parkinson<\/strong>.<\/p>\n\n\n\n<p>Entre os vil\u00f5es invis\u00edveis est\u00e3o f\u00e1rmacos descartados de forma incorreta, al\u00e9m de agrot\u00f3xicos infiltrados nos len\u00e7\u00f3is fre\u00e1ticos. O grande perigo? A exposi\u00e7\u00e3o cont\u00ednua, mesmo em pequenas doses, pode ser prejudicial \u00e0 sa\u00fade humana e ao equil\u00edbrio ecol\u00f3gico do lago.<\/p>\n\n\n\n<h2 class=\"wp-block-heading\">Monitoramento in\u00e9dito no bra\u00e7o do Rio Sapuca\u00ed<\/h2>\n\n\n\n<p>O primeiro ciclo de an\u00e1lises ocorrer\u00e1 no <strong>bra\u00e7o do Rio Sapuca\u00ed<\/strong>, um dos principais afluentes do lago. Durante um ano, amostras ser\u00e3o coletadas em diferentes \u00e9pocas para mapear varia\u00e7\u00f5es sazonais e identificar como per\u00edodos de seca influenciam na concentra\u00e7\u00e3o e toxicidade dos contaminantes.<\/p>\n\n\n\n<p>A fase seguinte pretende expandir os estudos para o bra\u00e7o do <strong>Rio Grande<\/strong>, ampliando o alcance da pesquisa e fornecendo dados essenciais para pol\u00edticas de sa\u00fade e meio ambiente.<\/p>\n\n\n\n<figure class=\"wp-block-image size-large\"><img loading=\"lazy\" decoding=\"async\" width=\"1024\" height=\"576\" src=\"https:\/\/www.em.com.br\/emfoco\/wp-content\/uploads\/2025\/05\/Lago_Furnas-1024x576.jpg\" alt=\"\" class=\"wp-image-45533\" srcset=\"https:\/\/www.em.com.br\/emfoco\/wp-content\/uploads\/2025\/05\/Lago_Furnas-1024x576.jpg 1024w, https:\/\/www.em.com.br\/emfoco\/wp-content\/uploads\/2025\/05\/Lago_Furnas-300x169.jpg 300w, https:\/\/www.em.com.br\/emfoco\/wp-content\/uploads\/2025\/05\/Lago_Furnas-768x432.jpg 768w, https:\/\/www.em.com.br\/emfoco\/wp-content\/uploads\/2025\/05\/Lago_Furnas-750x422.jpg 750w, https:\/\/www.em.com.br\/emfoco\/wp-content\/uploads\/2025\/05\/Lago_Furnas-1140x641.jpg 1140w, https:\/\/www.em.com.br\/emfoco\/wp-content\/uploads\/2025\/05\/Lago_Furnas.jpg 1280w\" sizes=\"auto, (max-width: 1024px) 100vw, 1024px\" \/><figcaption class=\"wp-element-caption\">Lago de Furnas &#8211; Cr\u00e9ditos: Divulga\u00e7\u00e3o\/Wikimedia Commons<\/figcaption><\/figure>\n\n\n\n<h2 class=\"wp-block-heading\">Projeto tem apoio milion\u00e1rio de duas institui\u00e7\u00f5es<\/h2>\n\n\n\n<p>O financiamento do projeto ser\u00e1 dividido entre o <strong>Minist\u00e9rio de Minas e Energia<\/strong>, com R$ 4,2 milh\u00f5es, e a <strong>Funda\u00e7\u00e3o de Amparo \u00e0 Pesquisa de Minas Gerais (Fapemig)<\/strong>, que destinar\u00e1 R$ 2 milh\u00f5es. Parte do valor j\u00e1 foi liberada, viabilizando a importa\u00e7\u00e3o dos equipamentos de ponta que ser\u00e3o utilizados nos testes.<\/p>\n\n\n\n<p>Com essa estrutura, o laborat\u00f3rio permitir\u00e1 que o Brasil esteja \u00e0 frente no monitoramento de \u00e1guas doces e na identifica\u00e7\u00e3o precoce de riscos sanit\u00e1rios.<\/p>\n\n\n\n<h2 class=\"wp-block-heading\">O \u201cMar de Minas\u201d e sua import\u00e2ncia para o pa\u00eds<\/h2>\n\n\n\n<p>Criado nos anos 1960 com a constru\u00e7\u00e3o da <strong>Usina de Furna<\/strong>s, o lago ocupa mais de 1.450 km\u00b2 e banha 34 munic\u00edpios mineiros, como Capit\u00f3lio, Formiga e Varginha. Al\u00e9m de abastecer cidades e movimentar o setor el\u00e9trico, Furnas \u00e9 pilar do turismo, lazer e piscicultura regional.<\/p>\n\n\n\n<p>A cria\u00e7\u00e3o do novo laborat\u00f3rio n\u00e3o apenas fortalece a defesa da \u00e1gua como bem p\u00fablico, mas tamb\u00e9m assegura a sustentabilidade econ\u00f4mica e ambiental da regi\u00e3o para as pr\u00f3ximas gera\u00e7\u00f5es.<\/p>\n","protected":false},"excerpt":{"rendered":"<p>O ic\u00f4nico Lago de Furnas, conhecido como o &#8220;Mar de Minas&#8221;, est\u00e1 prestes a receber um refor\u00e7o hist\u00f3rico para a preserva\u00e7\u00e3o de sua \u00e1gua: um laborat\u00f3rio moderno para an\u00e1lise de contaminantes, financiado por um investimento de R$ 6,2 milh\u00f5es da Eletrobras. A iniciativa ser\u00e1 liderada pela Universidade Federal de Alfenas (Unifal) e promete transformar o [&hellip;]<\/p>\n","protected":false},"author":11,"featured_media":45534,"comment_status":"open","ping_status":"open","sticky":false,"template":"","format":"standard","meta":{"jnews-multi-image_gallery":[],"jnews_single_post":{"format":"standard"},"jnews_primary_category":[],"jnews_social_meta":[],"jnews_override_counter":[],"footnotes":""},"categories":[138,1],"tags":[1384,1243,8464],"class_list":["post-45492","post","type-post","status-publish","format-standard","has-post-thumbnail","hentry","category-mundo","category-noticias","tag-agua","tag-curiosidade","tag-lago-de-furnas"],"yoast_head":"<!-- This site is optimized with the Yoast SEO plugin v23.8 - https:\/\/yoast.com\/wordpress\/plugins\/seo\/ -->\n<title>Lago de Furnas ganha refor\u00e7o hist\u00f3rico para proteger sua \u00e1gua - Estado de Minas - Em foco<\/title>\n<meta name=\"description\" content=\"O Lago de Furnas, um dos maiores patrim\u00f4nios de Minas, receber\u00e1 um laborat\u00f3rio moderno para monitorar contaminantes perigosos.\" \/>\n<meta name=\"robots\" content=\"index, follow, max-snippet:-1, max-image-preview:large, max-video-preview:-1\" \/>\n<link rel=\"canonical\" href=\"https:\/\/www.em.com.br\/emfoco\/2025\/05\/09\/lago-de-furnas-ganha-reforco-historico-para-proteger-sua-agua\/\" \/>\n<meta property=\"og:locale\" content=\"pt_BR\" \/>\n<meta property=\"og:type\" content=\"article\" \/>\n<meta property=\"og:title\" content=\"Lago de Furnas ganha refor\u00e7o hist\u00f3rico para proteger sua \u00e1gua - Estado de Minas - Em foco\" \/>\n<meta property=\"og:description\" content=\"O Lago de Furnas, um dos maiores patrim\u00f4nios de Minas, receber\u00e1 um laborat\u00f3rio moderno para monitorar contaminantes perigosos.\" \/>\n<meta property=\"og:url\" content=\"https:\/\/www.em.com.br\/emfoco\/2025\/05\/09\/lago-de-furnas-ganha-reforco-historico-para-proteger-sua-agua\/\" \/>\n<meta property=\"og:site_name\" content=\"Estado de Minas - Em foco\" \/>\n<meta property=\"article:published_time\" content=\"2025-05-09T22:40:00+00:00\" \/>\n<meta property=\"article:modified_time\" content=\"2025-05-09T11:33:28+00:00\" \/>\n<meta property=\"og:image\" content=\"https:\/\/www.em.com.br\/emfoco\/wp-content\/uploads\/2025\/05\/Grande_lago_de_Furnas_02.jpg\" \/>\n\t<meta property=\"og:image:width\" content=\"1280\" \/>\n\t<meta property=\"og:image:height\" content=\"720\" \/>\n\t<meta property=\"og:image:type\" content=\"image\/jpeg\" \/>\n<meta name=\"author\" content=\"Andre\u0301 Rangel\u00a0\" \/>\n<meta name=\"twitter:card\" content=\"summary_large_image\" \/>\n<meta name=\"twitter:label1\" content=\"Escrito por\" \/>\n\t<meta name=\"twitter:data1\" content=\"Andre\u0301 Rangel\u00a0\" \/>\n\t<meta name=\"twitter:label2\" content=\"Est. tempo de leitura\" \/>\n\t<meta name=\"twitter:data2\" content=\"3 minutos\" \/>\n<!-- \/ Yoast SEO plugin. -->","yoast_head_json":{"title":"Lago de Furnas ganha refor\u00e7o hist\u00f3rico para proteger sua \u00e1gua - Estado de Minas - Em foco","description":"O Lago de Furnas, um dos maiores patrim\u00f4nios de Minas, receber\u00e1 um laborat\u00f3rio moderno para monitorar contaminantes perigosos.","robots":{"index":"index","follow":"follow","max-snippet":"max-snippet:-1","max-image-preview":"max-image-preview:large","max-video-preview":"max-video-preview:-1"},"canonical":"https:\/\/www.em.com.br\/emfoco\/2025\/05\/09\/lago-de-furnas-ganha-reforco-historico-para-proteger-sua-agua\/","og_locale":"pt_BR","og_type":"article","og_title":"Lago de Furnas ganha refor\u00e7o hist\u00f3rico para proteger sua \u00e1gua - Estado de Minas - Em foco","og_description":"O Lago de Furnas, um dos maiores patrim\u00f4nios de Minas, receber\u00e1 um laborat\u00f3rio moderno para monitorar contaminantes perigosos.","og_url":"https:\/\/www.em.com.br\/emfoco\/2025\/05\/09\/lago-de-furnas-ganha-reforco-historico-para-proteger-sua-agua\/","og_site_name":"Estado de Minas - Em foco","article_published_time":"2025-05-09T22:40:00+00:00","article_modified_time":"2025-05-09T11:33:28+00:00","og_image":[{"width":1280,"height":720,"url":"https:\/\/www.em.com.br\/emfoco\/wp-content\/uploads\/2025\/05\/Grande_lago_de_Furnas_02.jpg","type":"image\/jpeg"}],"author":"Andre\u0301 Rangel\u00a0","twitter_card":"summary_large_image","twitter_misc":{"Escrito por":"Andre\u0301 Rangel\u00a0","Est. tempo de leitura":"3 minutos"},"schema":{"@context":"https:\/\/schema.org","@graph":[{"@type":"WebPage","@id":"https:\/\/www.em.com.br\/emfoco\/2025\/05\/09\/lago-de-furnas-ganha-reforco-historico-para-proteger-sua-agua\/","url":"https:\/\/www.em.com.br\/emfoco\/2025\/05\/09\/lago-de-furnas-ganha-reforco-historico-para-proteger-sua-agua\/","name":"Lago de Furnas ganha refor\u00e7o hist\u00f3rico para proteger sua \u00e1gua - Estado de Minas - Em foco","isPartOf":{"@id":"https:\/\/www.em.com.br\/emfoco\/#website"},"primaryImageOfPage":{"@id":"https:\/\/www.em.com.br\/emfoco\/2025\/05\/09\/lago-de-furnas-ganha-reforco-historico-para-proteger-sua-agua\/#primaryimage"},"image":{"@id":"https:\/\/www.em.com.br\/emfoco\/2025\/05\/09\/lago-de-furnas-ganha-reforco-historico-para-proteger-sua-agua\/#primaryimage"},"thumbnailUrl":"https:\/\/www.em.com.br\/emfoco\/wp-content\/uploads\/2025\/05\/Grande_lago_de_Furnas_02.jpg","datePublished":"2025-05-09T22:40:00+00:00","dateModified":"2025-05-09T11:33:28+00:00","author":{"@id":"https:\/\/www.em.com.br\/emfoco\/#\/schema\/person\/60eda09c1fedf0d6891f4cef4b60b8b8"},"description":"O Lago de Furnas, um dos maiores patrim\u00f4nios de Minas, receber\u00e1 um laborat\u00f3rio moderno para monitorar contaminantes perigosos.","breadcrumb":{"@id":"https:\/\/www.em.com.br\/emfoco\/2025\/05\/09\/lago-de-furnas-ganha-reforco-historico-para-proteger-sua-agua\/#breadcrumb"},"inLanguage":"pt-BR","potentialAction":[{"@type":"ReadAction","target":["https:\/\/www.em.com.br\/emfoco\/2025\/05\/09\/lago-de-furnas-ganha-reforco-historico-para-proteger-sua-agua\/"]}]},{"@type":"ImageObject","inLanguage":"pt-BR","@id":"https:\/\/www.em.com.br\/emfoco\/2025\/05\/09\/lago-de-furnas-ganha-reforco-historico-para-proteger-sua-agua\/#primaryimage","url":"https:\/\/www.em.com.br\/emfoco\/wp-content\/uploads\/2025\/05\/Grande_lago_de_Furnas_02.jpg","contentUrl":"https:\/\/www.em.com.br\/emfoco\/wp-content\/uploads\/2025\/05\/Grande_lago_de_Furnas_02.jpg","width":1280,"height":720,"caption":"Lago de Furnas - Cr\u00e9ditos: Divulga\u00e7\u00e3o\/Wikimedia Commons"},{"@type":"BreadcrumbList","@id":"https:\/\/www.em.com.br\/emfoco\/2025\/05\/09\/lago-de-furnas-ganha-reforco-historico-para-proteger-sua-agua\/#breadcrumb","itemListElement":[{"@type":"ListItem","position":1,"name":"In\u00edcio","item":"https:\/\/www.em.com.br\/emfoco\/"},{"@type":"ListItem","position":2,"name":"Lago de Furnas ganha refor\u00e7o hist\u00f3rico para proteger sua \u00e1gua"}]},{"@type":"WebSite","@id":"https:\/\/www.em.com.br\/emfoco\/#website","url":"https:\/\/www.em.com.br\/emfoco\/","name":"Estado de Minas - Em foco","description":"Acompanhe as \u00faltimas not\u00edcias e fique bem informado sobre tudo o que acontece em Minas Gerais, Brasil e no mundo.","potentialAction":[{"@type":"SearchAction","target":{"@type":"EntryPoint","urlTemplate":"https:\/\/www.em.com.br\/emfoco\/?s={search_term_string}"},"query-input":{"@type":"PropertyValueSpecification","valueRequired":true,"valueName":"search_term_string"}}],"inLanguage":"pt-BR"},{"@type":"Person","@id":"https:\/\/www.em.com.br\/emfoco\/#\/schema\/person\/60eda09c1fedf0d6891f4cef4b60b8b8","name":"Andre\u0301 Rangel\u00a0","image":{"@type":"ImageObject","inLanguage":"pt-BR","@id":"https:\/\/www.em.com.br\/emfoco\/#\/schema\/person\/image\/","url":"https:\/\/secure.gravatar.com\/avatar\/6234dc814c77c8ef6d8bba622c787efc?s=96&d=mm&r=g","contentUrl":"https:\/\/secure.gravatar.com\/avatar\/6234dc814c77c8ef6d8bba622c787efc?s=96&d=mm&r=g","caption":"Andre\u0301 Rangel\u00a0"},"url":"https:\/\/www.em.com.br\/emfoco\/author\/luizmyth\/"}]}},"_links":{"self":[{"href":"https:\/\/www.em.com.br\/emfoco\/wp-json\/wp\/v2\/posts\/45492","targetHints":{"allow":["GET"]}}],"collection":[{"href":"https:\/\/www.em.com.br\/emfoco\/wp-json\/wp\/v2\/posts"}],"about":[{"href":"https:\/\/www.em.com.br\/emfoco\/wp-json\/wp\/v2\/types\/post"}],"author":[{"embeddable":true,"href":"https:\/\/www.em.com.br\/emfoco\/wp-json\/wp\/v2\/users\/11"}],"replies":[{"embeddable":true,"href":"https:\/\/www.em.com.br\/emfoco\/wp-json\/wp\/v2\/comments?post=45492"}],"version-history":[{"count":3,"href":"https:\/\/www.em.com.br\/emfoco\/wp-json\/wp\/v2\/posts\/45492\/revisions"}],"predecessor-version":[{"id":45535,"href":"https:\/\/www.em.com.br\/emfoco\/wp-json\/wp\/v2\/posts\/45492\/revisions\/45535"}],"wp:featuredmedia":[{"embeddable":true,"href":"https:\/\/www.em.com.br\/emfoco\/wp-json\/wp\/v2\/media\/45534"}],"wp:attachment":[{"href":"https:\/\/www.em.com.br\/emfoco\/wp-json\/wp\/v2\/media?parent=45492"}],"wp:term":[{"taxonomy":"category","embeddable":true,"href":"https:\/\/www.em.com.br\/emfoco\/wp-json\/wp\/v2\/categories?post=45492"},{"taxonomy":"post_tag","embeddable":true,"href":"https:\/\/www.em.com.br\/emfoco\/wp-json\/wp\/v2\/tags?post=45492"}],"curies":[{"name":"wp","href":"https:\/\/api.w.org\/{rel}","templated":true}]}}