{"id":45491,"date":"2025-05-09T19:20:00","date_gmt":"2025-05-09T22:20:00","guid":{"rendered":"https:\/\/www.em.com.br\/emfoco\/?p=45491"},"modified":"2025-05-09T12:46:47","modified_gmt":"2025-05-09T15:46:47","slug":"a-solucao-definitiva-para-roupas-limpas-e-secas-em-qualquer-clima","status":"publish","type":"post","link":"https:\/\/www.em.com.br\/emfoco\/2025\/05\/09\/a-solucao-definitiva-para-roupas-limpas-e-secas-em-qualquer-clima\/","title":{"rendered":"A solu\u00e7\u00e3o definitiva para roupas limpas e secas em qualquer clima"},"content":{"rendered":"\n<p>Em tempos de pressa, pouco espa\u00e7o e <a href=\"https:\/\/brasil.un.org\/pt-br\/175180-o-que-s%C3%A3o-mudan%C3%A7as-clim%C3%A1ticas\" target=\"_blank\" rel=\"noreferrer noopener\">mudan\u00e7as clim\u00e1ticas<\/a> imprevis\u00edveis, um eletrodom\u00e9stico vem roubando a cena nos lares brasileiros: a <strong><a href=\"https:\/\/www.em.com.br\/emfoco\/2025\/03\/02\/lava-e-seca-11-kg-brastemp-promete-revolucionar-a-rotina-de-lavanderia\/\" target=\"_blank\" rel=\"noreferrer noopener\">m\u00e1quina lava e seca<\/a><\/strong>. Muito mais do que um luxo, esse aparelho se consolidou como uma solu\u00e7\u00e3o inteligente, pr\u00e1tica e eficiente, colocando em xeque a tradicional lavadora de roupas.<\/p>\n\n\n\n<p>Se voc\u00ea ainda est\u00e1 preso ao ciclo lavar\u2013centrifugar\u2013estender no varal, prepare-se para repensar seus h\u00e1bitos.<\/p>\n\n\n\n<h2 class=\"wp-block-heading\">Economia de tempo como voc\u00ea nunca viu<\/h2>\n\n\n\n<p>Uma das maiores promessas da lava e seca \u2014 e que ela cumpre com maestria \u2014 \u00e9 <strong>a economia de tempo<\/strong>. Esque\u00e7a o esfor\u00e7o de tirar a roupa da lavadora, pendurar no varal e torcer para o tempo colaborar. Com um \u00fanico toque, o ciclo completo de lavagem e secagem acontece <strong>sem qualquer interven\u00e7\u00e3o manual<\/strong>.<\/p>\n\n\n\n<p>Ideal para quem tem a rotina corrida, o aparelho permite cuidar das roupas enquanto voc\u00ea trabalha, dorme ou curte seu tempo livre. O dia parece ter mais horas quando a roupa se cuida sozinha.<\/p>\n\n\n\n<h2 class=\"wp-block-heading\">Mais espa\u00e7o e menos bagun\u00e7a na lavanderia<\/h2>\n\n\n\n<p>Se voc\u00ea mora em apartamento ou possui lavanderia pequena, a lava e seca elimina a necessidade de dois eletrodom\u00e9sticos separados, liberando espa\u00e7o e facilitando a organiza\u00e7\u00e3o.<\/p>\n\n\n\n<p>Com design compacto e moderno, o aparelho se adapta bem at\u00e9 em ambientes integrados \u00e0 cozinha ou ao banheiro, sem comprometer a est\u00e9tica. Funcionalidade e eleg\u00e2ncia no mesmo pacote.<\/p>\n\n\n\n<figure class=\"wp-block-image size-large\"><img loading=\"lazy\" decoding=\"async\" width=\"1024\" height=\"576\" src=\"https:\/\/www.em.com.br\/emfoco\/wp-content\/uploads\/2025\/05\/roupas-limpas_1746667853170-1024x576.jpg\" alt=\"\" class=\"wp-image-45530\" srcset=\"https:\/\/www.em.com.br\/emfoco\/wp-content\/uploads\/2025\/05\/roupas-limpas_1746667853170-1024x576.jpg 1024w, https:\/\/www.em.com.br\/emfoco\/wp-content\/uploads\/2025\/05\/roupas-limpas_1746667853170-300x169.jpg 300w, https:\/\/www.em.com.br\/emfoco\/wp-content\/uploads\/2025\/05\/roupas-limpas_1746667853170-768x432.jpg 768w, https:\/\/www.em.com.br\/emfoco\/wp-content\/uploads\/2025\/05\/roupas-limpas_1746667853170-750x422.jpg 750w, https:\/\/www.em.com.br\/emfoco\/wp-content\/uploads\/2025\/05\/roupas-limpas_1746667853170-1140x641.jpg 1140w, https:\/\/www.em.com.br\/emfoco\/wp-content\/uploads\/2025\/05\/roupas-limpas_1746667853170.jpg 1280w\" sizes=\"auto, (max-width: 1024px) 100vw, 1024px\" \/><figcaption class=\"wp-element-caption\">Maquina lava e seca &#8211; Cr\u00e9ditos: depositphotos.com \/ EdZbarzhyvetsky<\/figcaption><\/figure>\n\n\n\n<h2 class=\"wp-block-heading\">Nunca mais dependa do tempo para secar roupas<\/h2>\n\n\n\n<p>Chuva, frio, umidade&#8230; nenhum desses vil\u00f5es clim\u00e1ticos ser\u00e1 mais um problema. A lava e seca garante que suas roupas fiquem <strong>secas, limpas e prontas para uso em poucas horas<\/strong>, sem aquele cheiro de mofo caracter\u00edstico dos varais internos.<\/p>\n\n\n\n<p>Essa independ\u00eancia do clima oferece liberdade e previsibilidade. <strong>Voc\u00ea escolhe quando lavar \u2014 e n\u00e3o mais o tempo.<\/strong><\/p>\n\n\n\n<h2 class=\"wp-block-heading\">Modelos inteligentes trazem tecnologia de ponta<\/h2>\n\n\n\n<p>No mercado, n\u00e3o faltam op\u00e7\u00f5es para todos os bolsos e estilos. Modelos como <strong>Midea HealthGuard MF200D110WB\/GK<\/strong> e <strong>Samsung WD11M<\/strong> se destacam por oferecer conectividade Wi-Fi, lavagem a vapor, programas personalizados e efici\u00eancia energ\u00e9tica.<\/p>\n\n\n\n<p>A tecnologia tamb\u00e9m ajuda a preservar melhor os tecidos, com ciclos para roupas delicadas, jeans e at\u00e9 l\u00e3. Seu guarda-roupa agradece.<\/p>\n\n\n\n<h2 class=\"wp-block-heading\">O futuro da lavanderia j\u00e1 chegou<\/h2>\n\n\n\n<p>Trocar a lavadora comum por uma lava e seca n\u00e3o \u00e9 apenas uma tend\u00eancia: \u00e9 um investimento no seu tempo, conforto e praticidade. Com vantagens que v\u00e3o da economia de espa\u00e7o ao fim da depend\u00eancia do clima, esse eletrodom\u00e9stico promete transformar \u2014 para melhor \u2014 a rotina dom\u00e9stica.<\/p>\n\n\n\n<p>Quem experimenta, n\u00e3o volta atr\u00e1s.<\/p>\n","protected":false},"excerpt":{"rendered":"<p>Em tempos de pressa, pouco espa\u00e7o e mudan\u00e7as clim\u00e1ticas imprevis\u00edveis, um eletrodom\u00e9stico vem roubando a cena nos lares brasileiros: a m\u00e1quina lava e seca. Muito mais do que um luxo, esse aparelho se consolidou como uma solu\u00e7\u00e3o inteligente, pr\u00e1tica e eficiente, colocando em xeque a tradicional lavadora de roupas. Se voc\u00ea ainda est\u00e1 preso ao [&hellip;]<\/p>\n","protected":false},"author":11,"featured_media":45531,"comment_status":"open","ping_status":"open","sticky":false,"template":"","format":"standard","meta":{"jnews-multi-image_gallery":[],"jnews_single_post":{"format":"standard"},"jnews_primary_category":[],"jnews_social_meta":[],"jnews_override_counter":[],"footnotes":""},"categories":[138,1],"tags":[4952,8465,5797],"class_list":["post-45491","post","type-post","status-publish","format-standard","has-post-thumbnail","hentry","category-mundo","category-noticias","tag-roupas","tag-roupas-limpas-e-secas","tag-secadora-de-roupas"],"yoast_head":"<!-- This site is optimized with the Yoast SEO plugin v23.8 - https:\/\/yoast.com\/wordpress\/plugins\/seo\/ -->\n<title>A solu\u00e7\u00e3o definitiva para roupas limpas e secas em qualquer clima - Estado de Minas - Em foco<\/title>\n<meta name=\"description\" content=\"O futuro chegou na sua lavanderia. Veja o que a lava e seca pode fazer por voc\u00ea e prepare-se para se surpreender!\" \/>\n<meta name=\"robots\" content=\"index, follow, max-snippet:-1, max-image-preview:large, max-video-preview:-1\" \/>\n<link rel=\"canonical\" href=\"https:\/\/www.em.com.br\/emfoco\/2025\/05\/09\/a-solucao-definitiva-para-roupas-limpas-e-secas-em-qualquer-clima\/\" \/>\n<meta property=\"og:locale\" content=\"pt_BR\" \/>\n<meta property=\"og:type\" content=\"article\" \/>\n<meta property=\"og:title\" content=\"A solu\u00e7\u00e3o definitiva para roupas limpas e secas em qualquer clima - Estado de Minas - Em foco\" \/>\n<meta property=\"og:description\" content=\"O futuro chegou na sua lavanderia. Veja o que a lava e seca pode fazer por voc\u00ea e prepare-se para se surpreender!\" \/>\n<meta property=\"og:url\" content=\"https:\/\/www.em.com.br\/emfoco\/2025\/05\/09\/a-solucao-definitiva-para-roupas-limpas-e-secas-em-qualquer-clima\/\" \/>\n<meta property=\"og:site_name\" content=\"Estado de Minas - Em foco\" \/>\n<meta property=\"article:published_time\" content=\"2025-05-09T22:20:00+00:00\" \/>\n<meta property=\"article:modified_time\" content=\"2025-05-09T15:46:47+00:00\" \/>\n<meta property=\"og:image\" content=\"https:\/\/www.em.com.br\/emfoco\/wp-content\/uploads\/2025\/05\/roupas-limpas_1746667909645.jpg\" \/>\n\t<meta property=\"og:image:width\" content=\"1280\" \/>\n\t<meta property=\"og:image:height\" content=\"720\" \/>\n\t<meta property=\"og:image:type\" content=\"image\/jpeg\" \/>\n<meta name=\"author\" content=\"Andre\u0301 Rangel\u00a0\" \/>\n<meta name=\"twitter:card\" content=\"summary_large_image\" \/>\n<meta name=\"twitter:label1\" content=\"Escrito por\" \/>\n\t<meta name=\"twitter:data1\" content=\"Andre\u0301 Rangel\u00a0\" \/>\n\t<meta name=\"twitter:label2\" content=\"Est. tempo de leitura\" \/>\n\t<meta name=\"twitter:data2\" content=\"3 minutos\" \/>\n<!-- \/ Yoast SEO plugin. -->","yoast_head_json":{"title":"A solu\u00e7\u00e3o definitiva para roupas limpas e secas em qualquer clima - Estado de Minas - Em foco","description":"O futuro chegou na sua lavanderia. Veja o que a lava e seca pode fazer por voc\u00ea e prepare-se para se surpreender!","robots":{"index":"index","follow":"follow","max-snippet":"max-snippet:-1","max-image-preview":"max-image-preview:large","max-video-preview":"max-video-preview:-1"},"canonical":"https:\/\/www.em.com.br\/emfoco\/2025\/05\/09\/a-solucao-definitiva-para-roupas-limpas-e-secas-em-qualquer-clima\/","og_locale":"pt_BR","og_type":"article","og_title":"A solu\u00e7\u00e3o definitiva para roupas limpas e secas em qualquer clima - Estado de Minas - Em foco","og_description":"O futuro chegou na sua lavanderia. Veja o que a lava e seca pode fazer por voc\u00ea e prepare-se para se surpreender!","og_url":"https:\/\/www.em.com.br\/emfoco\/2025\/05\/09\/a-solucao-definitiva-para-roupas-limpas-e-secas-em-qualquer-clima\/","og_site_name":"Estado de Minas - Em foco","article_published_time":"2025-05-09T22:20:00+00:00","article_modified_time":"2025-05-09T15:46:47+00:00","og_image":[{"width":1280,"height":720,"url":"https:\/\/www.em.com.br\/emfoco\/wp-content\/uploads\/2025\/05\/roupas-limpas_1746667909645.jpg","type":"image\/jpeg"}],"author":"Andre\u0301 Rangel\u00a0","twitter_card":"summary_large_image","twitter_misc":{"Escrito por":"Andre\u0301 Rangel\u00a0","Est. tempo de leitura":"3 minutos"},"schema":{"@context":"https:\/\/schema.org","@graph":[{"@type":"WebPage","@id":"https:\/\/www.em.com.br\/emfoco\/2025\/05\/09\/a-solucao-definitiva-para-roupas-limpas-e-secas-em-qualquer-clima\/","url":"https:\/\/www.em.com.br\/emfoco\/2025\/05\/09\/a-solucao-definitiva-para-roupas-limpas-e-secas-em-qualquer-clima\/","name":"A solu\u00e7\u00e3o definitiva para roupas limpas e secas em qualquer clima - Estado de Minas - Em foco","isPartOf":{"@id":"https:\/\/www.em.com.br\/emfoco\/#website"},"primaryImageOfPage":{"@id":"https:\/\/www.em.com.br\/emfoco\/2025\/05\/09\/a-solucao-definitiva-para-roupas-limpas-e-secas-em-qualquer-clima\/#primaryimage"},"image":{"@id":"https:\/\/www.em.com.br\/emfoco\/2025\/05\/09\/a-solucao-definitiva-para-roupas-limpas-e-secas-em-qualquer-clima\/#primaryimage"},"thumbnailUrl":"https:\/\/www.em.com.br\/emfoco\/wp-content\/uploads\/2025\/05\/roupas-limpas_1746667909645.jpg","datePublished":"2025-05-09T22:20:00+00:00","dateModified":"2025-05-09T15:46:47+00:00","author":{"@id":"https:\/\/www.em.com.br\/emfoco\/#\/schema\/person\/60eda09c1fedf0d6891f4cef4b60b8b8"},"description":"O futuro chegou na sua lavanderia. Veja o que a lava e seca pode fazer por voc\u00ea e prepare-se para se surpreender!","breadcrumb":{"@id":"https:\/\/www.em.com.br\/emfoco\/2025\/05\/09\/a-solucao-definitiva-para-roupas-limpas-e-secas-em-qualquer-clima\/#breadcrumb"},"inLanguage":"pt-BR","potentialAction":[{"@type":"ReadAction","target":["https:\/\/www.em.com.br\/emfoco\/2025\/05\/09\/a-solucao-definitiva-para-roupas-limpas-e-secas-em-qualquer-clima\/"]}]},{"@type":"ImageObject","inLanguage":"pt-BR","@id":"https:\/\/www.em.com.br\/emfoco\/2025\/05\/09\/a-solucao-definitiva-para-roupas-limpas-e-secas-em-qualquer-clima\/#primaryimage","url":"https:\/\/www.em.com.br\/emfoco\/wp-content\/uploads\/2025\/05\/roupas-limpas_1746667909645.jpg","contentUrl":"https:\/\/www.em.com.br\/emfoco\/wp-content\/uploads\/2025\/05\/roupas-limpas_1746667909645.jpg","width":1280,"height":720,"caption":"Roupas limpas - Cr\u00e9ditos: depositphotos.com \/ EdZbarzhyvetsky"},{"@type":"BreadcrumbList","@id":"https:\/\/www.em.com.br\/emfoco\/2025\/05\/09\/a-solucao-definitiva-para-roupas-limpas-e-secas-em-qualquer-clima\/#breadcrumb","itemListElement":[{"@type":"ListItem","position":1,"name":"In\u00edcio","item":"https:\/\/www.em.com.br\/emfoco\/"},{"@type":"ListItem","position":2,"name":"A solu\u00e7\u00e3o definitiva para roupas limpas e secas em qualquer clima"}]},{"@type":"WebSite","@id":"https:\/\/www.em.com.br\/emfoco\/#website","url":"https:\/\/www.em.com.br\/emfoco\/","name":"Estado de Minas - Em foco","description":"Acompanhe as \u00faltimas not\u00edcias e fique bem informado sobre tudo o que acontece em Minas Gerais, Brasil e no mundo.","potentialAction":[{"@type":"SearchAction","target":{"@type":"EntryPoint","urlTemplate":"https:\/\/www.em.com.br\/emfoco\/?s={search_term_string}"},"query-input":{"@type":"PropertyValueSpecification","valueRequired":true,"valueName":"search_term_string"}}],"inLanguage":"pt-BR"},{"@type":"Person","@id":"https:\/\/www.em.com.br\/emfoco\/#\/schema\/person\/60eda09c1fedf0d6891f4cef4b60b8b8","name":"Andre\u0301 Rangel\u00a0","image":{"@type":"ImageObject","inLanguage":"pt-BR","@id":"https:\/\/www.em.com.br\/emfoco\/#\/schema\/person\/image\/","url":"https:\/\/secure.gravatar.com\/avatar\/6234dc814c77c8ef6d8bba622c787efc?s=96&d=mm&r=g","contentUrl":"https:\/\/secure.gravatar.com\/avatar\/6234dc814c77c8ef6d8bba622c787efc?s=96&d=mm&r=g","caption":"Andre\u0301 Rangel\u00a0"},"url":"https:\/\/www.em.com.br\/emfoco\/author\/luizmyth\/"}]}},"_links":{"self":[{"href":"https:\/\/www.em.com.br\/emfoco\/wp-json\/wp\/v2\/posts\/45491","targetHints":{"allow":["GET"]}}],"collection":[{"href":"https:\/\/www.em.com.br\/emfoco\/wp-json\/wp\/v2\/posts"}],"about":[{"href":"https:\/\/www.em.com.br\/emfoco\/wp-json\/wp\/v2\/types\/post"}],"author":[{"embeddable":true,"href":"https:\/\/www.em.com.br\/emfoco\/wp-json\/wp\/v2\/users\/11"}],"replies":[{"embeddable":true,"href":"https:\/\/www.em.com.br\/emfoco\/wp-json\/wp\/v2\/comments?post=45491"}],"version-history":[{"count":3,"href":"https:\/\/www.em.com.br\/emfoco\/wp-json\/wp\/v2\/posts\/45491\/revisions"}],"predecessor-version":[{"id":45532,"href":"https:\/\/www.em.com.br\/emfoco\/wp-json\/wp\/v2\/posts\/45491\/revisions\/45532"}],"wp:featuredmedia":[{"embeddable":true,"href":"https:\/\/www.em.com.br\/emfoco\/wp-json\/wp\/v2\/media\/45531"}],"wp:attachment":[{"href":"https:\/\/www.em.com.br\/emfoco\/wp-json\/wp\/v2\/media?parent=45491"}],"wp:term":[{"taxonomy":"category","embeddable":true,"href":"https:\/\/www.em.com.br\/emfoco\/wp-json\/wp\/v2\/categories?post=45491"},{"taxonomy":"post_tag","embeddable":true,"href":"https:\/\/www.em.com.br\/emfoco\/wp-json\/wp\/v2\/tags?post=45491"}],"curies":[{"name":"wp","href":"https:\/\/api.w.org\/{rel}","templated":true}]}}