{"id":45261,"date":"2025-05-10T06:40:00","date_gmt":"2025-05-10T09:40:00","guid":{"rendered":"https:\/\/www.em.com.br\/emfoco\/?p=45261"},"modified":"2025-05-09T22:49:52","modified_gmt":"2025-05-10T01:49:52","slug":"os-beneficios-surpreendentes-das-nozes-para-o-corpo-e-a-mente","status":"publish","type":"post","link":"https:\/\/www.em.com.br\/emfoco\/2025\/05\/10\/os-beneficios-surpreendentes-das-nozes-para-o-corpo-e-a-mente\/","title":{"rendered":"Os benef\u00edcios surpreendentes das nozes para o corpo e a mente"},"content":{"rendered":"\n<p>As nozes s\u00e3o amplamente reconhecidas por seus in\u00fameros benef\u00edcios \u00e0 sa\u00fade. Ricas em<strong> \u00e1cidos graxos \u00f4mega-3<\/strong>, elas desempenham um papel crucial na promo\u00e7\u00e3o da <strong>sa\u00fade <a href=\"https:\/\/www.em.com.br\/emfoco\/2025\/02\/13\/saude-cardiovascular-e-emagrecimento-como-o-azeite-de-oliva-pode-ajudar\/\" target=\"_blank\" rel=\"noreferrer noopener\">cardiovascular<\/a><\/strong>. Al\u00e9m disso, as nozes s\u00e3o uma excelente fonte de antioxidantes, que ajudam a combater o estresse oxidativo no corpo, reduzindo o risco de doen\u00e7as cr\u00f4nicas.<\/p>\n\n\n\n<p>Outro benef\u00edcio significativo das nozes \u00e9 sua capacidade de melhorar a fun\u00e7\u00e3o cerebral. Estudos sugerem que o consumo regular de nozes pode melhorar a mem\u00f3ria e a concentra\u00e7\u00e3o, gra\u00e7as aos seus nutrientes essenciais, como <strong><a href=\"https:\/\/www.tuasaude.com\/vitamina-e\/\" target=\"_blank\" rel=\"noreferrer noopener\">vitamina E<\/a><\/strong>, <strong>folato <\/strong>e <strong>melatonina<\/strong>. As nozes tamb\u00e9m s\u00e3o ricas em <strong>fibras<\/strong>, o que contribui para a sa\u00fade digestiva e ajuda a manter a saciedade por mais tempo.<\/p>\n\n\n\n<h2 class=\"wp-block-heading\">Como as nozes podem ajudar na perda de peso?<\/h2>\n\n\n\n<p>Embora as nozes sejam densas em calorias, elas podem ser aliadas na perda de peso quando consumidas com modera\u00e7\u00e3o. O alto teor de fibras e prote\u00ednas nas nozes promove a sensa\u00e7\u00e3o de saciedade, reduzindo a necessidade de lanches entre as refei\u00e7\u00f5es. Al\u00e9m disso, as gorduras saud\u00e1veis presentes nas nozes podem ajudar a regular o metabolismo, favorecendo a queima de gordura.<\/p>\n\n\n\n<p>\u00c9 importante destacar que, para obter os benef\u00edcios das nozes na perda de peso, <strong>\u00e9 necess\u00e1rio consumi-las como parte de uma dieta equilibrada.<\/strong> <strong>Substituir lanches menos saud\u00e1veis por uma por\u00e7\u00e3o controlada de nozes pode ser uma estrat\u00e9gia eficaz para quem busca emagrecer.<\/strong><\/p>\n\n\n\n<figure class=\"wp-block-image size-large\"><img loading=\"lazy\" decoding=\"async\" width=\"1024\" height=\"576\" src=\"https:\/\/www.em.com.br\/emfoco\/wp-content\/uploads\/2025\/05\/nozes_1746632832378-1024x576.jpg\" alt=\"Os benef\u00edcios surpreendentes das nozes para o corpo e a mente\" class=\"wp-image-45299\" srcset=\"https:\/\/www.em.com.br\/emfoco\/wp-content\/uploads\/2025\/05\/nozes_1746632832378-1024x576.jpg 1024w, https:\/\/www.em.com.br\/emfoco\/wp-content\/uploads\/2025\/05\/nozes_1746632832378-300x169.jpg 300w, https:\/\/www.em.com.br\/emfoco\/wp-content\/uploads\/2025\/05\/nozes_1746632832378-768x432.jpg 768w, https:\/\/www.em.com.br\/emfoco\/wp-content\/uploads\/2025\/05\/nozes_1746632832378-750x422.jpg 750w, https:\/\/www.em.com.br\/emfoco\/wp-content\/uploads\/2025\/05\/nozes_1746632832378-1140x641.jpg 1140w, https:\/\/www.em.com.br\/emfoco\/wp-content\/uploads\/2025\/05\/nozes_1746632832378.jpg 1280w\" sizes=\"auto, (max-width: 1024px) 100vw, 1024px\" \/><figcaption class=\"wp-element-caption\">Nozes &#8211; Cr\u00e9ditos: depositphotos.com \/ AntonMatyukha<\/figcaption><\/figure>\n\n\n\n<h2 class=\"wp-block-heading\">Qual \u00e9 uma receita saud\u00e1vel que utiliza nozes?<\/h2>\n\n\n\n<p>Uma receita saud\u00e1vel e deliciosa que utiliza nozes \u00e9 a salada de espinafre com nozes e queijo feta. Esta salada \u00e9 f\u00e1cil de preparar e combina o sabor crocante das nozes com a suavidade do queijo feta, criando uma refei\u00e7\u00e3o nutritiva e saborosa.<\/p>\n\n\n\n<ol class=\"wp-block-list\">\n<li><strong>Ingredientes:<\/strong>\n<ul class=\"wp-block-list\">\n<li>2 x\u00edcaras de folhas de espinafre fresco<\/li>\n\n\n\n<li>1\/2 x\u00edcara de nozes picadas<\/li>\n\n\n\n<li>1\/4 x\u00edcara de queijo feta esfarelado<\/li>\n\n\n\n<li>1 ma\u00e7\u00e3 cortada em fatias finas<\/li>\n\n\n\n<li>2 colheres de sopa de azeite de oliva<\/li>\n\n\n\n<li>1 colher de sopa de vinagre bals\u00e2mico<\/li>\n\n\n\n<li>Sal e pimenta a gosto<\/li>\n<\/ul>\n<\/li>\n\n\n\n<li><strong>Modo de preparo:<\/strong>\n<ol class=\"wp-block-list\">\n<li>Em uma tigela grande, misture as folhas de espinafre, as nozes, o queijo feta e as fatias de ma\u00e7\u00e3.<\/li>\n\n\n\n<li>Em um recipiente separado, misture o azeite de oliva, o vinagre bals\u00e2mico, o sal e a pimenta, formando um molho homog\u00eaneo.<\/li>\n\n\n\n<li>Regue a salada com o molho e misture bem para que todos os ingredientes fiquem bem incorporados.<\/li>\n\n\n\n<li>Sirva imediatamente e aproveite uma refei\u00e7\u00e3o leve e nutritiva.<\/li>\n<\/ol>\n<\/li>\n<\/ol>\n\n\n\n<h2 class=\"wp-block-heading\">Por que incluir nozes na dieta di\u00e1ria?<\/h2>\n\n\n\n<p>Incluir nozes na dieta di\u00e1ria pode trazer uma s\u00e9rie de benef\u00edcios \u00e0 sa\u00fade. Al\u00e9m de serem uma excelente fonte de nutrientes essenciais, as nozes podem ajudar a reduzir o risco de doen\u00e7as card\u00edacas, melhorar a sa\u00fade cerebral e promover a perda de peso. Elas tamb\u00e9m s\u00e3o vers\u00e1teis e podem ser facilmente incorporadas em diversas receitas, desde saladas at\u00e9 sobremesas.<\/p>\n\n\n\n<p>Para maximizar os benef\u00edcios das nozes, \u00e9 recomend\u00e1vel consumi-las cruas ou levemente torradas, evitando vers\u00f5es com adi\u00e7\u00e3o de sal ou a\u00e7\u00facar. Com modera\u00e7\u00e3o, as nozes podem ser uma adi\u00e7\u00e3o valiosa a qualquer dieta equilibrada, contribuindo para uma vida mais saud\u00e1vel e ativa.<\/p>\n","protected":false},"excerpt":{"rendered":"<p>As nozes s\u00e3o amplamente reconhecidas por seus in\u00fameros benef\u00edcios \u00e0 sa\u00fade. Ricas em \u00e1cidos graxos \u00f4mega-3, elas desempenham um papel crucial na promo\u00e7\u00e3o da sa\u00fade cardiovascular. Al\u00e9m disso, as nozes s\u00e3o uma excelente fonte de antioxidantes, que ajudam a combater o estresse oxidativo no corpo, reduzindo o risco de doen\u00e7as cr\u00f4nicas. Outro benef\u00edcio significativo das [&hellip;]<\/p>\n","protected":false},"author":13,"featured_media":45297,"comment_status":"open","ping_status":"open","sticky":false,"template":"","format":"standard","meta":{"jnews-multi-image_gallery":[],"jnews_single_post":{"format":"standard"},"jnews_primary_category":[],"jnews_social_meta":[],"jnews_override_counter":[],"footnotes":""},"categories":[29],"tags":[5468,8414,3509,415],"class_list":["post-45261","post","type-post","status-publish","format-standard","has-post-thumbnail","hentry","category-entretenimento","tag-alimentos-saudaveis","tag-nozes","tag-nutricao","tag-saude"],"yoast_head":"<!-- This site is optimized with the Yoast SEO plugin v23.8 - https:\/\/yoast.com\/wordpress\/plugins\/seo\/ -->\n<title>Os benef\u00edcios surpreendentes das nozes para o corpo e a mente - Estado de Minas - Em foco<\/title>\n<meta name=\"description\" content=\"Fonte de \u00f4mega-3 e antioxidantes, as nozes favorecem o c\u00e9rebro, o cora\u00e7\u00e3o e ainda ajudam na perda de peso com saciedade.\" \/>\n<meta name=\"robots\" content=\"index, follow, max-snippet:-1, max-image-preview:large, max-video-preview:-1\" \/>\n<link rel=\"canonical\" href=\"https:\/\/www.em.com.br\/emfoco\/2025\/05\/10\/os-beneficios-surpreendentes-das-nozes-para-o-corpo-e-a-mente\/\" \/>\n<meta property=\"og:locale\" content=\"pt_BR\" \/>\n<meta property=\"og:type\" content=\"article\" \/>\n<meta property=\"og:title\" content=\"Os benef\u00edcios surpreendentes das nozes para o corpo e a mente - Estado de Minas - Em foco\" \/>\n<meta property=\"og:description\" content=\"Fonte de \u00f4mega-3 e antioxidantes, as nozes favorecem o c\u00e9rebro, o cora\u00e7\u00e3o e ainda ajudam na perda de peso com saciedade.\" \/>\n<meta property=\"og:url\" content=\"https:\/\/www.em.com.br\/emfoco\/2025\/05\/10\/os-beneficios-surpreendentes-das-nozes-para-o-corpo-e-a-mente\/\" \/>\n<meta property=\"og:site_name\" content=\"Estado de Minas - Em foco\" \/>\n<meta property=\"article:published_time\" content=\"2025-05-10T09:40:00+00:00\" \/>\n<meta property=\"article:modified_time\" content=\"2025-05-10T01:49:52+00:00\" \/>\n<meta property=\"og:image\" content=\"https:\/\/www.em.com.br\/emfoco\/wp-content\/uploads\/2025\/05\/nozes_1746632644510.jpg\" \/>\n\t<meta property=\"og:image:width\" content=\"1280\" \/>\n\t<meta property=\"og:image:height\" content=\"720\" \/>\n\t<meta property=\"og:image:type\" content=\"image\/jpeg\" \/>\n<meta name=\"author\" content=\"Gabriel Martins\" \/>\n<meta name=\"twitter:card\" content=\"summary_large_image\" \/>\n<meta name=\"twitter:label1\" content=\"Escrito por\" \/>\n\t<meta name=\"twitter:data1\" content=\"Gabriel Martins\" \/>\n\t<meta name=\"twitter:label2\" content=\"Est. tempo de leitura\" \/>\n\t<meta name=\"twitter:data2\" content=\"4 minutos\" \/>\n<!-- \/ Yoast SEO plugin. -->","yoast_head_json":{"title":"Os benef\u00edcios surpreendentes das nozes para o corpo e a mente - Estado de Minas - Em foco","description":"Fonte de \u00f4mega-3 e antioxidantes, as nozes favorecem o c\u00e9rebro, o cora\u00e7\u00e3o e ainda ajudam na perda de peso com saciedade.","robots":{"index":"index","follow":"follow","max-snippet":"max-snippet:-1","max-image-preview":"max-image-preview:large","max-video-preview":"max-video-preview:-1"},"canonical":"https:\/\/www.em.com.br\/emfoco\/2025\/05\/10\/os-beneficios-surpreendentes-das-nozes-para-o-corpo-e-a-mente\/","og_locale":"pt_BR","og_type":"article","og_title":"Os benef\u00edcios surpreendentes das nozes para o corpo e a mente - Estado de Minas - Em foco","og_description":"Fonte de \u00f4mega-3 e antioxidantes, as nozes favorecem o c\u00e9rebro, o cora\u00e7\u00e3o e ainda ajudam na perda de peso com saciedade.","og_url":"https:\/\/www.em.com.br\/emfoco\/2025\/05\/10\/os-beneficios-surpreendentes-das-nozes-para-o-corpo-e-a-mente\/","og_site_name":"Estado de Minas - Em foco","article_published_time":"2025-05-10T09:40:00+00:00","article_modified_time":"2025-05-10T01:49:52+00:00","og_image":[{"width":1280,"height":720,"url":"https:\/\/www.em.com.br\/emfoco\/wp-content\/uploads\/2025\/05\/nozes_1746632644510.jpg","type":"image\/jpeg"}],"author":"Gabriel Martins","twitter_card":"summary_large_image","twitter_misc":{"Escrito por":"Gabriel Martins","Est. tempo de leitura":"4 minutos"},"schema":{"@context":"https:\/\/schema.org","@graph":[{"@type":"WebPage","@id":"https:\/\/www.em.com.br\/emfoco\/2025\/05\/10\/os-beneficios-surpreendentes-das-nozes-para-o-corpo-e-a-mente\/","url":"https:\/\/www.em.com.br\/emfoco\/2025\/05\/10\/os-beneficios-surpreendentes-das-nozes-para-o-corpo-e-a-mente\/","name":"Os benef\u00edcios surpreendentes das nozes para o corpo e a mente - Estado de Minas - Em foco","isPartOf":{"@id":"https:\/\/www.em.com.br\/emfoco\/#website"},"primaryImageOfPage":{"@id":"https:\/\/www.em.com.br\/emfoco\/2025\/05\/10\/os-beneficios-surpreendentes-das-nozes-para-o-corpo-e-a-mente\/#primaryimage"},"image":{"@id":"https:\/\/www.em.com.br\/emfoco\/2025\/05\/10\/os-beneficios-surpreendentes-das-nozes-para-o-corpo-e-a-mente\/#primaryimage"},"thumbnailUrl":"https:\/\/www.em.com.br\/emfoco\/wp-content\/uploads\/2025\/05\/nozes_1746632644510.jpg","datePublished":"2025-05-10T09:40:00+00:00","dateModified":"2025-05-10T01:49:52+00:00","author":{"@id":"https:\/\/www.em.com.br\/emfoco\/#\/schema\/person\/1c9ddeab18b98abeffef834667bcf08a"},"description":"Fonte de \u00f4mega-3 e antioxidantes, as nozes favorecem o c\u00e9rebro, o cora\u00e7\u00e3o e ainda ajudam na perda de peso com saciedade.","breadcrumb":{"@id":"https:\/\/www.em.com.br\/emfoco\/2025\/05\/10\/os-beneficios-surpreendentes-das-nozes-para-o-corpo-e-a-mente\/#breadcrumb"},"inLanguage":"pt-BR","potentialAction":[{"@type":"ReadAction","target":["https:\/\/www.em.com.br\/emfoco\/2025\/05\/10\/os-beneficios-surpreendentes-das-nozes-para-o-corpo-e-a-mente\/"]}]},{"@type":"ImageObject","inLanguage":"pt-BR","@id":"https:\/\/www.em.com.br\/emfoco\/2025\/05\/10\/os-beneficios-surpreendentes-das-nozes-para-o-corpo-e-a-mente\/#primaryimage","url":"https:\/\/www.em.com.br\/emfoco\/wp-content\/uploads\/2025\/05\/nozes_1746632644510.jpg","contentUrl":"https:\/\/www.em.com.br\/emfoco\/wp-content\/uploads\/2025\/05\/nozes_1746632644510.jpg","width":1280,"height":720,"caption":"Nozes misturadas - Cr\u00e9ditos: depositphotos.com \/ ksena32"},{"@type":"BreadcrumbList","@id":"https:\/\/www.em.com.br\/emfoco\/2025\/05\/10\/os-beneficios-surpreendentes-das-nozes-para-o-corpo-e-a-mente\/#breadcrumb","itemListElement":[{"@type":"ListItem","position":1,"name":"In\u00edcio","item":"https:\/\/www.em.com.br\/emfoco\/"},{"@type":"ListItem","position":2,"name":"Os benef\u00edcios surpreendentes das nozes para o corpo e a mente"}]},{"@type":"WebSite","@id":"https:\/\/www.em.com.br\/emfoco\/#website","url":"https:\/\/www.em.com.br\/emfoco\/","name":"Estado de Minas - Em foco","description":"Acompanhe as \u00faltimas not\u00edcias e fique bem informado sobre tudo o que acontece em Minas Gerais, Brasil e no mundo.","potentialAction":[{"@type":"SearchAction","target":{"@type":"EntryPoint","urlTemplate":"https:\/\/www.em.com.br\/emfoco\/?s={search_term_string}"},"query-input":{"@type":"PropertyValueSpecification","valueRequired":true,"valueName":"search_term_string"}}],"inLanguage":"pt-BR"},{"@type":"Person","@id":"https:\/\/www.em.com.br\/emfoco\/#\/schema\/person\/1c9ddeab18b98abeffef834667bcf08a","name":"Gabriel Martins","image":{"@type":"ImageObject","inLanguage":"pt-BR","@id":"https:\/\/www.em.com.br\/emfoco\/#\/schema\/person\/image\/","url":"https:\/\/secure.gravatar.com\/avatar\/f0f1e2efdfd88f1ad2cb08c5c2731e50?s=96&d=mm&r=g","contentUrl":"https:\/\/secure.gravatar.com\/avatar\/f0f1e2efdfd88f1ad2cb08c5c2731e50?s=96&d=mm&r=g","caption":"Gabriel Martins"},"sameAs":["https:\/\/www.em.com.br\/emfoco\/"],"url":"https:\/\/www.em.com.br\/emfoco\/author\/gabrielmartinsmyth\/"}]}},"_links":{"self":[{"href":"https:\/\/www.em.com.br\/emfoco\/wp-json\/wp\/v2\/posts\/45261","targetHints":{"allow":["GET"]}}],"collection":[{"href":"https:\/\/www.em.com.br\/emfoco\/wp-json\/wp\/v2\/posts"}],"about":[{"href":"https:\/\/www.em.com.br\/emfoco\/wp-json\/wp\/v2\/types\/post"}],"author":[{"embeddable":true,"href":"https:\/\/www.em.com.br\/emfoco\/wp-json\/wp\/v2\/users\/13"}],"replies":[{"embeddable":true,"href":"https:\/\/www.em.com.br\/emfoco\/wp-json\/wp\/v2\/comments?post=45261"}],"version-history":[{"count":2,"href":"https:\/\/www.em.com.br\/emfoco\/wp-json\/wp\/v2\/posts\/45261\/revisions"}],"predecessor-version":[{"id":45301,"href":"https:\/\/www.em.com.br\/emfoco\/wp-json\/wp\/v2\/posts\/45261\/revisions\/45301"}],"wp:featuredmedia":[{"embeddable":true,"href":"https:\/\/www.em.com.br\/emfoco\/wp-json\/wp\/v2\/media\/45297"}],"wp:attachment":[{"href":"https:\/\/www.em.com.br\/emfoco\/wp-json\/wp\/v2\/media?parent=45261"}],"wp:term":[{"taxonomy":"category","embeddable":true,"href":"https:\/\/www.em.com.br\/emfoco\/wp-json\/wp\/v2\/categories?post=45261"},{"taxonomy":"post_tag","embeddable":true,"href":"https:\/\/www.em.com.br\/emfoco\/wp-json\/wp\/v2\/tags?post=45261"}],"curies":[{"name":"wp","href":"https:\/\/api.w.org\/{rel}","templated":true}]}}