{"id":45214,"date":"2025-05-09T13:40:00","date_gmt":"2025-05-09T16:40:00","guid":{"rendered":"https:\/\/www.em.com.br\/emfoco\/?p=45214"},"modified":"2025-05-08T17:23:18","modified_gmt":"2025-05-08T20:23:18","slug":"fake-news-sobre-app-de-mobilidade-gera-inseguranca-nos-usuarios","status":"publish","type":"post","link":"https:\/\/www.em.com.br\/emfoco\/2025\/05\/09\/fake-news-sobre-app-de-mobilidade-gera-inseguranca-nos-usuarios\/","title":{"rendered":"Fake news sobre app de mobilidade gera inseguran\u00e7a nos usu\u00e1rios"},"content":{"rendered":"\n<p>Nos \u00faltimos anos, as <strong>fake news<\/strong> t\u00eam se tornado um problema crescente em diversos setores, incluindo o de mobilidade urbana. Um exemplo recente envolve um \u00e1udio que circula nas redes sociais, alegando um suposto golpe envolvendo motoristas de aplicativos. Este \u00e1udio, que ressurgiu ap\u00f3s sete anos, gerou preocupa\u00e7\u00e3o entre usu\u00e1rios, especialmente mulheres que utilizam esses servi\u00e7os.<\/p>\n\n\n\n<p>A grava\u00e7\u00e3o narra a experi\u00eancia de uma mulher que afirma ter sido abordada por um motorista de aplicativo acompanhado de um suposto &#8220;instrutor&#8221;. Apesar da viraliza\u00e7\u00e3o do conte\u00fado, n\u00e3o h\u00e1 evid\u00eancias concretas que sustentem a veracidade da hist\u00f3ria. A empresa envolvida, a <strong><a href=\"https:\/\/www.uber.com\/br\/pt-br\/\" target=\"_blank\" rel=\"noreferrer noopener\">Uber<\/a><\/strong>, declarou que n\u00e3o existe a fun\u00e7\u00e3o de instrutor em sua plataforma e refor\u00e7ou que apenas o motorista e o passageiro devem estar no ve\u00edculo durante a viagem.<\/p>\n\n\n\n<h2 class=\"wp-block-heading\">Como as fake news afetam a confian\u00e7a dos usu\u00e1rios?<\/h2>\n\n\n\n<p>A dissemina\u00e7\u00e3o de informa\u00e7\u00f5es falsas pode ter um impacto significativo na <strong>confian\u00e7a dos usu\u00e1rios<\/strong> em servi\u00e7os de mobilidade urbana. Quando relatos n\u00e3o verificados se espalham, eles podem gerar medo e inseguran\u00e7a, levando a uma diminui\u00e7\u00e3o no uso desses servi\u00e7os. No caso espec\u00edfico do \u00e1udio viral, muitas mulheres expressaram preocupa\u00e7\u00e3o, sugerindo mudan\u00e7as nas pol\u00edticas de seguran\u00e7a dos aplicativos.<\/p>\n\n\n\n<p>Al\u00e9m disso, a propaga\u00e7\u00e3o de boatos pode afetar a reputa\u00e7\u00e3o das empresas, que precisam lidar com a desinforma\u00e7\u00e3o e seus efeitos negativos. A Uber, por exemplo, tem investido em parcerias para combater fake news e refor\u00e7ar a seguran\u00e7a de seus usu\u00e1rios, destacando a import\u00e2ncia de<strong><a href=\"https:\/\/www.em.com.br\/emfoco\/2025\/04\/11\/fake-news-do-golpe-do-pix-por-telefone-volta-a-circular-no-whatsapp\/\" target=\"_blank\" rel=\"noreferrer noopener\"> verificar informa\u00e7\u00f5es<\/a><\/strong> antes de compartilh\u00e1-las.<\/p>\n\n\n\n<figure class=\"wp-block-image size-large\"><img loading=\"lazy\" decoding=\"async\" width=\"1024\" height=\"576\" src=\"https:\/\/www.em.com.br\/emfoco\/wp-content\/uploads\/2025\/04\/Fake-news_1744810027302-1024x576.jpg\" alt=\"Fake news sobre &quot;instrutor da Uber&quot; volta a circular e preocupa usu\u00e1rios\" class=\"wp-image-38840\" srcset=\"https:\/\/www.em.com.br\/emfoco\/wp-content\/uploads\/2025\/04\/Fake-news_1744810027302-1024x576.jpg 1024w, https:\/\/www.em.com.br\/emfoco\/wp-content\/uploads\/2025\/04\/Fake-news_1744810027302-300x169.jpg 300w, https:\/\/www.em.com.br\/emfoco\/wp-content\/uploads\/2025\/04\/Fake-news_1744810027302-768x432.jpg 768w, https:\/\/www.em.com.br\/emfoco\/wp-content\/uploads\/2025\/04\/Fake-news_1744810027302-750x422.jpg 750w, https:\/\/www.em.com.br\/emfoco\/wp-content\/uploads\/2025\/04\/Fake-news_1744810027302-1140x641.jpg 1140w, https:\/\/www.em.com.br\/emfoco\/wp-content\/uploads\/2025\/04\/Fake-news_1744810027302.jpg 1280w\" sizes=\"auto, (max-width: 1024px) 100vw, 1024px\" \/><figcaption class=\"wp-element-caption\">Uber &#8211; Cr\u00e9ditos: depositphotos.com \/ rafapress<\/figcaption><\/figure>\n\n\n\n<h2 class=\"wp-block-heading\">Quais medidas de seguran\u00e7a os aplicativos de mobilidade oferecem?<\/h2>\n\n\n\n<p>Os aplicativos de mobilidade, como a Uber, implementaram diversas <strong>medidas de seguran\u00e7a<\/strong> para proteger seus usu\u00e1rios. Todas as viagens s\u00e3o monitoradas por GPS, e h\u00e1 equipes treinadas para lidar com den\u00fancias e reclama\u00e7\u00f5es. Os usu\u00e1rios podem compartilhar suas viagens com contatos de confian\u00e7a e t\u00eam acesso a um canal direto para acionar a pol\u00edcia em emerg\u00eancias.<\/p>\n\n\n\n<p>Os motoristas passam por um rigoroso processo de verifica\u00e7\u00e3o, incluindo checagem de antecedentes criminais. Al\u00e9m disso, o aplicativo utiliza tecnologia de reconhecimento facial para confirmar a identidade dos motoristas. Recursos adicionais, como grava\u00e7\u00e3o de \u00e1udio durante a viagem e detec\u00e7\u00e3o de paradas inesperadas, tamb\u00e9m est\u00e3o dispon\u00edveis para aumentar a seguran\u00e7a.<\/p>\n\n\n\n<h2 class=\"wp-block-heading\">Como identificar e combater fake news?<\/h2>\n\n\n\n<p>Identificar e combater fake news \u00e9 essencial para manter a integridade dos servi\u00e7os de mobilidade urbana. Os usu\u00e1rios devem ser incentivados a verificar a origem das informa\u00e7\u00f5es antes de compartilh\u00e1-las.<\/p>\n\n\n\n<p>As empresas de mobilidade tamb\u00e9m podem colaborar com essas iniciativas, fornecendo informa\u00e7\u00f5es precisas e atualizadas sobre suas pol\u00edticas de seguran\u00e7a. A educa\u00e7\u00e3o digital \u00e9 uma ferramenta poderosa para capacitar os usu\u00e1rios a reconhecerem e evitarem a dissemina\u00e7\u00e3o de informa\u00e7\u00f5es falsas.<\/p>\n\n\n\n<h2 class=\"wp-block-heading\">O futuro da mobilidade urbana em um mundo de desinforma\u00e7\u00e3o<\/h2>\n\n\n\n<p>\u00c0 medida que a tecnologia avan\u00e7a, o setor de mobilidade urbana enfrenta o desafio de lidar com a desinforma\u00e7\u00e3o. A confian\u00e7a dos usu\u00e1rios \u00e9 fundamental para o sucesso desses servi\u00e7os, e combater fake news \u00e9 uma parte essencial desse processo. Com esfor\u00e7os conjuntos de empresas, plataformas de checagem de fatos e usu\u00e1rios, \u00e9 poss\u00edvel criar um ambiente mais seguro e confi\u00e1vel para todos.<\/p>\n\n\n\n<p>Em um mundo onde a informa\u00e7\u00e3o circula rapidamente, a responsabilidade de verificar e compartilhar dados precisos \u00e9 de todos. A mobilidade urbana pode continuar a evoluir de forma positiva, desde que a verdade prevale\u00e7a sobre a desinforma\u00e7\u00e3o.<\/p>\n","protected":false},"excerpt":{"rendered":"<p>Nos \u00faltimos anos, as fake news t\u00eam se tornado um problema crescente em diversos setores, incluindo o de mobilidade urbana. Um exemplo recente envolve um \u00e1udio que circula nas redes sociais, alegando um suposto golpe envolvendo motoristas de aplicativos. Este \u00e1udio, que ressurgiu ap\u00f3s sete anos, gerou preocupa\u00e7\u00e3o entre usu\u00e1rios, especialmente mulheres que utilizam esses [&hellip;]<\/p>\n","protected":false},"author":13,"featured_media":38841,"comment_status":"open","ping_status":"open","sticky":false,"template":"","format":"standard","meta":{"jnews-multi-image_gallery":[],"jnews_single_post":{"format":"standard"},"jnews_primary_category":[],"jnews_social_meta":[],"jnews_override_counter":[],"footnotes":""},"categories":[29],"tags":[789,5126,182,161],"class_list":["post-45214","post","type-post","status-publish","format-standard","has-post-thumbnail","hentry","category-entretenimento","tag-fake-news","tag-mobilidade-urbana","tag-seguranca","tag-tecnologia"],"yoast_head":"<!-- This site is optimized with the Yoast SEO plugin v23.8 - https:\/\/yoast.com\/wordpress\/plugins\/seo\/ -->\n<title>Fake news sobre app de mobilidade gera inseguran\u00e7a nos usu\u00e1rios - Estado de Minas - Em foco<\/title>\n<meta name=\"description\" content=\"A desinforma\u00e7\u00e3o sobre motoristas de aplicativo voltou a circular. Entenda os riscos reais e as medidas de seguran\u00e7a j\u00e1 em vigor.\" \/>\n<meta name=\"robots\" content=\"index, follow, max-snippet:-1, max-image-preview:large, max-video-preview:-1\" \/>\n<link rel=\"canonical\" href=\"https:\/\/www.em.com.br\/emfoco\/2025\/05\/09\/fake-news-sobre-app-de-mobilidade-gera-inseguranca-nos-usuarios\/\" \/>\n<meta property=\"og:locale\" content=\"pt_BR\" \/>\n<meta property=\"og:type\" content=\"article\" \/>\n<meta property=\"og:title\" content=\"Fake news sobre app de mobilidade gera inseguran\u00e7a nos usu\u00e1rios - Estado de Minas - Em foco\" \/>\n<meta property=\"og:description\" content=\"A desinforma\u00e7\u00e3o sobre motoristas de aplicativo voltou a circular. Entenda os riscos reais e as medidas de seguran\u00e7a j\u00e1 em vigor.\" \/>\n<meta property=\"og:url\" content=\"https:\/\/www.em.com.br\/emfoco\/2025\/05\/09\/fake-news-sobre-app-de-mobilidade-gera-inseguranca-nos-usuarios\/\" \/>\n<meta property=\"og:site_name\" content=\"Estado de Minas - Em foco\" \/>\n<meta property=\"article:published_time\" content=\"2025-05-09T16:40:00+00:00\" \/>\n<meta property=\"article:modified_time\" content=\"2025-05-08T20:23:18+00:00\" \/>\n<meta property=\"og:image\" content=\"https:\/\/www.em.com.br\/emfoco\/wp-content\/uploads\/2025\/04\/Fake-news_1744810045178.jpg\" \/>\n\t<meta property=\"og:image:width\" content=\"1280\" \/>\n\t<meta property=\"og:image:height\" content=\"720\" \/>\n\t<meta property=\"og:image:type\" content=\"image\/jpeg\" \/>\n<meta name=\"author\" content=\"Gabriel Martins\" \/>\n<meta name=\"twitter:card\" content=\"summary_large_image\" \/>\n<meta name=\"twitter:label1\" content=\"Escrito por\" \/>\n\t<meta name=\"twitter:data1\" content=\"Gabriel Martins\" \/>\n\t<meta name=\"twitter:label2\" content=\"Est. tempo de leitura\" \/>\n\t<meta name=\"twitter:data2\" content=\"4 minutos\" \/>\n<!-- \/ Yoast SEO plugin. -->","yoast_head_json":{"title":"Fake news sobre app de mobilidade gera inseguran\u00e7a nos usu\u00e1rios - Estado de Minas - Em foco","description":"A desinforma\u00e7\u00e3o sobre motoristas de aplicativo voltou a circular. Entenda os riscos reais e as medidas de seguran\u00e7a j\u00e1 em vigor.","robots":{"index":"index","follow":"follow","max-snippet":"max-snippet:-1","max-image-preview":"max-image-preview:large","max-video-preview":"max-video-preview:-1"},"canonical":"https:\/\/www.em.com.br\/emfoco\/2025\/05\/09\/fake-news-sobre-app-de-mobilidade-gera-inseguranca-nos-usuarios\/","og_locale":"pt_BR","og_type":"article","og_title":"Fake news sobre app de mobilidade gera inseguran\u00e7a nos usu\u00e1rios - Estado de Minas - Em foco","og_description":"A desinforma\u00e7\u00e3o sobre motoristas de aplicativo voltou a circular. Entenda os riscos reais e as medidas de seguran\u00e7a j\u00e1 em vigor.","og_url":"https:\/\/www.em.com.br\/emfoco\/2025\/05\/09\/fake-news-sobre-app-de-mobilidade-gera-inseguranca-nos-usuarios\/","og_site_name":"Estado de Minas - Em foco","article_published_time":"2025-05-09T16:40:00+00:00","article_modified_time":"2025-05-08T20:23:18+00:00","og_image":[{"width":1280,"height":720,"url":"https:\/\/www.em.com.br\/emfoco\/wp-content\/uploads\/2025\/04\/Fake-news_1744810045178.jpg","type":"image\/jpeg"}],"author":"Gabriel Martins","twitter_card":"summary_large_image","twitter_misc":{"Escrito por":"Gabriel Martins","Est. tempo de leitura":"4 minutos"},"schema":{"@context":"https:\/\/schema.org","@graph":[{"@type":"WebPage","@id":"https:\/\/www.em.com.br\/emfoco\/2025\/05\/09\/fake-news-sobre-app-de-mobilidade-gera-inseguranca-nos-usuarios\/","url":"https:\/\/www.em.com.br\/emfoco\/2025\/05\/09\/fake-news-sobre-app-de-mobilidade-gera-inseguranca-nos-usuarios\/","name":"Fake news sobre app de mobilidade gera inseguran\u00e7a nos usu\u00e1rios - Estado de Minas - Em foco","isPartOf":{"@id":"https:\/\/www.em.com.br\/emfoco\/#website"},"primaryImageOfPage":{"@id":"https:\/\/www.em.com.br\/emfoco\/2025\/05\/09\/fake-news-sobre-app-de-mobilidade-gera-inseguranca-nos-usuarios\/#primaryimage"},"image":{"@id":"https:\/\/www.em.com.br\/emfoco\/2025\/05\/09\/fake-news-sobre-app-de-mobilidade-gera-inseguranca-nos-usuarios\/#primaryimage"},"thumbnailUrl":"https:\/\/www.em.com.br\/emfoco\/wp-content\/uploads\/2025\/04\/Fake-news_1744810045178.jpg","datePublished":"2025-05-09T16:40:00+00:00","dateModified":"2025-05-08T20:23:18+00:00","author":{"@id":"https:\/\/www.em.com.br\/emfoco\/#\/schema\/person\/1c9ddeab18b98abeffef834667bcf08a"},"description":"A desinforma\u00e7\u00e3o sobre motoristas de aplicativo voltou a circular. Entenda os riscos reais e as medidas de seguran\u00e7a j\u00e1 em vigor.","breadcrumb":{"@id":"https:\/\/www.em.com.br\/emfoco\/2025\/05\/09\/fake-news-sobre-app-de-mobilidade-gera-inseguranca-nos-usuarios\/#breadcrumb"},"inLanguage":"pt-BR","potentialAction":[{"@type":"ReadAction","target":["https:\/\/www.em.com.br\/emfoco\/2025\/05\/09\/fake-news-sobre-app-de-mobilidade-gera-inseguranca-nos-usuarios\/"]}]},{"@type":"ImageObject","inLanguage":"pt-BR","@id":"https:\/\/www.em.com.br\/emfoco\/2025\/05\/09\/fake-news-sobre-app-de-mobilidade-gera-inseguranca-nos-usuarios\/#primaryimage","url":"https:\/\/www.em.com.br\/emfoco\/wp-content\/uploads\/2025\/04\/Fake-news_1744810045178.jpg","contentUrl":"https:\/\/www.em.com.br\/emfoco\/wp-content\/uploads\/2025\/04\/Fake-news_1744810045178.jpg","width":1280,"height":720,"caption":"Imagem ilustrativa de fake news - Cr\u00e9ditos: depositphotos.com \/ godlove"},{"@type":"BreadcrumbList","@id":"https:\/\/www.em.com.br\/emfoco\/2025\/05\/09\/fake-news-sobre-app-de-mobilidade-gera-inseguranca-nos-usuarios\/#breadcrumb","itemListElement":[{"@type":"ListItem","position":1,"name":"In\u00edcio","item":"https:\/\/www.em.com.br\/emfoco\/"},{"@type":"ListItem","position":2,"name":"Fake news sobre app de mobilidade gera inseguran\u00e7a nos usu\u00e1rios"}]},{"@type":"WebSite","@id":"https:\/\/www.em.com.br\/emfoco\/#website","url":"https:\/\/www.em.com.br\/emfoco\/","name":"Estado de Minas - Em foco","description":"Acompanhe as \u00faltimas not\u00edcias e fique bem informado sobre tudo o que acontece em Minas Gerais, Brasil e no mundo.","potentialAction":[{"@type":"SearchAction","target":{"@type":"EntryPoint","urlTemplate":"https:\/\/www.em.com.br\/emfoco\/?s={search_term_string}"},"query-input":{"@type":"PropertyValueSpecification","valueRequired":true,"valueName":"search_term_string"}}],"inLanguage":"pt-BR"},{"@type":"Person","@id":"https:\/\/www.em.com.br\/emfoco\/#\/schema\/person\/1c9ddeab18b98abeffef834667bcf08a","name":"Gabriel Martins","image":{"@type":"ImageObject","inLanguage":"pt-BR","@id":"https:\/\/www.em.com.br\/emfoco\/#\/schema\/person\/image\/","url":"https:\/\/secure.gravatar.com\/avatar\/f0f1e2efdfd88f1ad2cb08c5c2731e50?s=96&d=mm&r=g","contentUrl":"https:\/\/secure.gravatar.com\/avatar\/f0f1e2efdfd88f1ad2cb08c5c2731e50?s=96&d=mm&r=g","caption":"Gabriel Martins"},"sameAs":["https:\/\/www.em.com.br\/emfoco\/"],"url":"https:\/\/www.em.com.br\/emfoco\/author\/gabrielmartinsmyth\/"}]}},"_links":{"self":[{"href":"https:\/\/www.em.com.br\/emfoco\/wp-json\/wp\/v2\/posts\/45214","targetHints":{"allow":["GET"]}}],"collection":[{"href":"https:\/\/www.em.com.br\/emfoco\/wp-json\/wp\/v2\/posts"}],"about":[{"href":"https:\/\/www.em.com.br\/emfoco\/wp-json\/wp\/v2\/types\/post"}],"author":[{"embeddable":true,"href":"https:\/\/www.em.com.br\/emfoco\/wp-json\/wp\/v2\/users\/13"}],"replies":[{"embeddable":true,"href":"https:\/\/www.em.com.br\/emfoco\/wp-json\/wp\/v2\/comments?post=45214"}],"version-history":[{"count":2,"href":"https:\/\/www.em.com.br\/emfoco\/wp-json\/wp\/v2\/posts\/45214\/revisions"}],"predecessor-version":[{"id":45224,"href":"https:\/\/www.em.com.br\/emfoco\/wp-json\/wp\/v2\/posts\/45214\/revisions\/45224"}],"wp:featuredmedia":[{"embeddable":true,"href":"https:\/\/www.em.com.br\/emfoco\/wp-json\/wp\/v2\/media\/38841"}],"wp:attachment":[{"href":"https:\/\/www.em.com.br\/emfoco\/wp-json\/wp\/v2\/media?parent=45214"}],"wp:term":[{"taxonomy":"category","embeddable":true,"href":"https:\/\/www.em.com.br\/emfoco\/wp-json\/wp\/v2\/categories?post=45214"},{"taxonomy":"post_tag","embeddable":true,"href":"https:\/\/www.em.com.br\/emfoco\/wp-json\/wp\/v2\/tags?post=45214"}],"curies":[{"name":"wp","href":"https:\/\/api.w.org\/{rel}","templated":true}]}}