{"id":45157,"date":"2025-05-08T13:20:00","date_gmt":"2025-05-08T16:20:00","guid":{"rendered":"https:\/\/www.em.com.br\/emfoco\/?p=45157"},"modified":"2025-06-17T16:41:03","modified_gmt":"2025-06-17T19:41:03","slug":"conheca-os-5-carros-mais-baratos-do-brasil-em-2025","status":"publish","type":"post","link":"https:\/\/www.em.com.br\/emfoco\/2025\/05\/08\/conheca-os-5-carros-mais-baratos-do-brasil-em-2025\/","title":{"rendered":"Conhe\u00e7a os 5 carros mais baratos do Brasil em 2025"},"content":{"rendered":"\n<p>O mercado de carros econ\u00f4micos no <strong>Brasil<\/strong> est\u00e1 passando por uma verdadeira transforma\u00e7\u00e3o. Cada vez mais, os brasileiros precisam desembolsar quantias maiores para realizar o sonho do carro zero quil\u00f4metro. Em 2025, quem quer comprar um carro novo precisa ter pelo menos R$ 76.990 no bolso, um valor que faz muita gente repensar os planos.<\/p>\n\n\n\n<p>A realidade \u00e9 que os consumidores est\u00e3o mais exigentes. Todo mundo quer um <a href=\"https:\/\/www.em.com.br\/emfoco\/2024\/11\/20\/carro-popular-de-r-80-mil-faz-sucesso-supera-onix-e-vira-um-dos-0-km-mais-baratos-do-brasil\/\" target=\"_blank\" rel=\"noreferrer noopener\">carro <\/a>que tenha pelo menos um ar-condicionado decente, som com Bluetooth e alguns itens b\u00e1sicos de seguran\u00e7a. Essa mudan\u00e7a no comportamento fez com que as montadoras deixassem de lado aqueles carrinhos bem b\u00e1sicos de antigamente. Agora, vamos conhecer quais s\u00e3o os sete modelos mais acess\u00edveis que voc\u00ea ainda consegue comprar novo no pa\u00eds.<\/p>\n\n\n\n<h2 class=\"wp-block-heading\">Quais s\u00e3o os carros mais baratos do Brasil em 2025?<\/h2>\n\n\n\n<p>Para identificar os modelos mais acess\u00edveis, foram considerados os pre\u00e7os das vers\u00f5es b\u00e1sicas dispon\u00edveis nos sites das montadoras, excluindo ofertas especiais e pre\u00e7os para o p\u00fablico <strong>PCD<\/strong>. A lista a seguir apresenta os cinco carros mais baratos \u00e0 venda no Brasil em maio de 2025.<\/p>\n\n\n\n<h2 class=\"wp-block-heading\">Por que o Fiat Mobi lidera esse ranking?<\/h2>\n\n\n\n<p>O <strong><a href=\"https:\/\/www.fiat.com.br\/\" target=\"_blank\" rel=\"noreferrer noopener\">Fiat <\/a>Mobi<\/strong> segue sendo o carro mais barato do pa\u00eds, custando R$ 76.990 na vers\u00e3o Like. O pequeno hatch produzido em <strong>Betim<\/strong>, <strong>Minas Gerais<\/strong>, ganhou algumas melhorias importantes em 2025. A principal mudan\u00e7a foi a troca do motor: saiu o antigo <strong>Fire<\/strong> e entrou o mais moderno <strong>Firefly<\/strong> de 75 cv, que \u00e9 mais potente e econ\u00f4mico.<\/p>\n\n\n\n<p>O Mobi se destaca mesmo \u00e9 na economia: faz 13,5 km\/l na cidade e 15 km\/l na estrada com gasolina. Uma caracter\u00edstica impressionante \u00e9 que ele consegue rodar mais de 700 quil\u00f4metros com um tanque cheio, o que \u00e9 uma m\u00e3o na roda para quem precisa economizar no combust\u00edvel.<\/p>\n\n\n<div class=\"wp-block-image\">\n<figure class=\"aligncenter size-large\"><img loading=\"lazy\" decoding=\"async\" width=\"1024\" height=\"576\" src=\"https:\/\/www.em.com.br\/emfoco\/wp-content\/uploads\/2025\/05\/Design-sem-nome-4-1024x576.jpg\" alt=\"Conhe\u00e7a os 5 carros mais baratos do Brasil em 2025\" class=\"wp-image-45170\" srcset=\"https:\/\/www.em.com.br\/emfoco\/wp-content\/uploads\/2025\/05\/Design-sem-nome-4-1024x576.jpg 1024w, https:\/\/www.em.com.br\/emfoco\/wp-content\/uploads\/2025\/05\/Design-sem-nome-4-300x169.jpg 300w, https:\/\/www.em.com.br\/emfoco\/wp-content\/uploads\/2025\/05\/Design-sem-nome-4-768x432.jpg 768w, https:\/\/www.em.com.br\/emfoco\/wp-content\/uploads\/2025\/05\/Design-sem-nome-4-750x422.jpg 750w, https:\/\/www.em.com.br\/emfoco\/wp-content\/uploads\/2025\/05\/Design-sem-nome-4-1140x641.jpg 1140w, https:\/\/www.em.com.br\/emfoco\/wp-content\/uploads\/2025\/05\/Design-sem-nome-4.jpg 1280w\" sizes=\"auto, (max-width: 1024px) 100vw, 1024px\" \/><figcaption class=\"wp-element-caption\">Fiat Mobi &#8211; Cr\u00e9ditos: Stellantis\/Divulga\u00e7\u00e3o<\/figcaption><\/figure><\/div>\n\n\n<h2 class=\"wp-block-heading\">Quais s\u00e3o as principais alternativas ao Mobi?<\/h2>\n\n\n\n<p>Em segundo lugar temos o <strong>Renault Kwid<\/strong>, que custa R$ 79.790 na vers\u00e3o Zen. O francesinho tem um visual que lembra os SUVs, mesmo sendo bem pequenininho. Ele vem com motor 1.0 de 71 cv e \u00e9 conhecido por ser bem econ\u00f4mico tamb\u00e9m.<\/p>\n\n\n\n<p>O terceiro colocado \u00e9 o <strong>Citro\u00ebn C3<\/strong>, que parte de R$ 77.590 na vers\u00e3o Live. Ele usa o mesmo motor <strong>Firefly<\/strong> de 77 cv que encontramos em outros carros da <strong>Stellantis<\/strong>. A vers\u00e3o mais completa, chamada <strong>You<\/strong>, traz motor turbo de 130 cv e c\u00e2mbio autom\u00e1tico, mas a\u00ed o pre\u00e7o sobe para R$ 100.990.<\/p>\n\n\n<div class=\"wp-block-image\">\n<figure class=\"aligncenter size-large\"><img loading=\"lazy\" decoding=\"async\" width=\"1024\" height=\"576\" src=\"https:\/\/www.em.com.br\/emfoco\/wp-content\/uploads\/2025\/05\/Design-sem-nome-3-1024x576.jpg\" alt=\"Conhe\u00e7a os 5 carros mais baratos do Brasil em 2025\" class=\"wp-image-45171\" srcset=\"https:\/\/www.em.com.br\/emfoco\/wp-content\/uploads\/2025\/05\/Design-sem-nome-3-1024x576.jpg 1024w, https:\/\/www.em.com.br\/emfoco\/wp-content\/uploads\/2025\/05\/Design-sem-nome-3-300x169.jpg 300w, https:\/\/www.em.com.br\/emfoco\/wp-content\/uploads\/2025\/05\/Design-sem-nome-3-768x432.jpg 768w, https:\/\/www.em.com.br\/emfoco\/wp-content\/uploads\/2025\/05\/Design-sem-nome-3-750x422.jpg 750w, https:\/\/www.em.com.br\/emfoco\/wp-content\/uploads\/2025\/05\/Design-sem-nome-3-1140x641.jpg 1140w, https:\/\/www.em.com.br\/emfoco\/wp-content\/uploads\/2025\/05\/Design-sem-nome-3.jpg 1280w\" sizes=\"auto, (max-width: 1024px) 100vw, 1024px\" \/><figcaption class=\"wp-element-caption\">Renault Kwid &#8211; Cr\u00e9ditos: Renault\/Divulga\u00e7\u00e3o<\/figcaption><\/figure><\/div>\n\n\n<h2 class=\"wp-block-heading\">Como ficam os modelos mais tradicionais?<\/h2>\n\n\n\n<p>O <strong>Fiat Argo<\/strong> aparece em quarto lugar, com pre\u00e7o inicial de R$ 90.990. Ele \u00e9 uma op\u00e7\u00e3o interessante para quem quer um pouco mais de espa\u00e7o que o <strong>Mobi<\/strong>, mas ainda dentro de um or\u00e7amento controlado. A \u00fanica vers\u00e3o aspirada do Onix fica na rabeira dos carros mais baratos do Brasil, muito devido ao aumento de quase R$ 6 mil promovido pela Chevrolet.<\/p>\n\n\n\n<p>O <strong>Peugeot 208<\/strong> fecha o top 5, custando R$ 91.990 na vers\u00e3o Active. \u00c9 o \u00fanico importado da lista, vindo da <strong>Argentina<\/strong>. Tem um visual mais moderno e sofisticado, mas isso se reflete no pre\u00e7o.<\/p>\n\n\n\n<figure class=\"wp-block-image size-large\"><img loading=\"lazy\" decoding=\"async\" width=\"1024\" height=\"576\" src=\"https:\/\/www.em.com.br\/emfoco\/wp-content\/uploads\/2025\/05\/Design-sem-nome-5-1024x576.jpg\" alt=\"Conhe\u00e7a os 5 carros mais baratos do Brasil em 2025\" class=\"wp-image-45174\" srcset=\"https:\/\/www.em.com.br\/emfoco\/wp-content\/uploads\/2025\/05\/Design-sem-nome-5-1024x576.jpg 1024w, https:\/\/www.em.com.br\/emfoco\/wp-content\/uploads\/2025\/05\/Design-sem-nome-5-300x169.jpg 300w, https:\/\/www.em.com.br\/emfoco\/wp-content\/uploads\/2025\/05\/Design-sem-nome-5-768x432.jpg 768w, https:\/\/www.em.com.br\/emfoco\/wp-content\/uploads\/2025\/05\/Design-sem-nome-5-750x422.jpg 750w, https:\/\/www.em.com.br\/emfoco\/wp-content\/uploads\/2025\/05\/Design-sem-nome-5-1140x641.jpg 1140w, https:\/\/www.em.com.br\/emfoco\/wp-content\/uploads\/2025\/05\/Design-sem-nome-5.jpg 1280w\" sizes=\"auto, (max-width: 1024px) 100vw, 1024px\" \/><figcaption class=\"wp-element-caption\">Fiat Argo &#8211; Cr\u00e9ditos: Fiat\/Divulga\u00e7\u00e3o<\/figcaption><\/figure>\n\n\n\n<h2 class=\"wp-block-heading\">Onde entram o Onix e o HB20?<\/h2>\n\n\n\n<p>O novo Chevrolet Onix 2025 parte de R$ 87.790 na vers\u00e3o 1.0, representando um aumento consider\u00e1vel em rela\u00e7\u00e3o ao ano anterior. Mesmo assim, continua sendo uma das op\u00e7\u00f5es mais procuradas pelos brasileiros, especialmente por causa da tradi\u00e7\u00e3o da marca e da rede de assist\u00eancia t\u00e9cnica.<\/p>\n\n\n\n<p>O HB20 ganhou algumas vers\u00f5es em 2024, mas sofreu reajustes que deixaram o hatchback na s\u00e9tima posi\u00e7\u00e3o entre os carros mais baratos do Brasil em 2025. A <strong>Hyundai<\/strong> apostou em mais equipamentos e tecnologia, mas isso fez o pre\u00e7o subir um pouco.<\/p>\n\n\n\n<h2 class=\"wp-block-heading\">Por que o Polo est\u00e1 nessa lista?<\/h2>\n\n\n\n<p>O Volkswagen Polo 2025 tem pre\u00e7os a partir de R$ 90.590 na vers\u00e3o de entrada Track. Ele faz 9,4 km\/l na cidade com etanol e 13,7 km\/l com gasolina, n\u00fameros que mostram boa efici\u00eancia para um carro com essa proposta.<\/p>\n\n\n\n<p>O Polo passou a ser um dos carros mais vendidos do Brasil ap\u00f3s ganhar uma reestiliza\u00e7\u00e3o em 2022 e a nova vers\u00e3o de entrada Track. A <strong>Volkswagen<\/strong> conseguiu encontrar a f\u00f3rmula certa: um carro com boa qualidade, design moderno e pre\u00e7o competitivo.<\/p>\n\n\n\n<p>O cen\u00e1rio dos carros baratos no <strong>Brasil<\/strong> em 2025 mostra que conseguir um ve\u00edculo zero quil\u00f4metro por menos de R$ 80 mil est\u00e1 cada vez mais dif\u00edcil. Mas as op\u00e7\u00f5es que existem oferecem um bom equil\u00edbrio entre pre\u00e7o, economia e equipamentos b\u00e1sicos. Para quem est\u00e1 com o or\u00e7amento apertado, vale a pena pesquisar bem e considerar n\u00e3o apenas o pre\u00e7o de compra, mas tamb\u00e9m os custos de manuten\u00e7\u00e3o e consumo de combust\u00edvel a longo prazo.<\/p>\n","protected":false},"excerpt":{"rendered":"<p>O mercado de carros econ\u00f4micos no Brasil est\u00e1 passando por uma verdadeira transforma\u00e7\u00e3o. Cada vez mais, os brasileiros precisam desembolsar quantias maiores para realizar o sonho do carro zero quil\u00f4metro. Em 2025, quem quer comprar um carro novo precisa ter pelo menos R$ 76.990 no bolso, um valor que faz muita gente repensar os planos. [&hellip;]<\/p>\n","protected":false},"author":13,"featured_media":45169,"comment_status":"open","ping_status":"open","sticky":false,"template":"","format":"standard","meta":{"jnews-multi-image_gallery":[],"jnews_single_post":{"format":"standard"},"jnews_primary_category":[],"jnews_social_meta":[],"jnews_override_counter":[],"footnotes":""},"categories":[27],"tags":[1116,1529,1553,8402],"class_list":["post-45157","post","type-post","status-publish","format-standard","has-post-thumbnail","hentry","category-carros","tag-carros","tag-mercado-automotivo","tag-precos","tag-veiculos-de-entrada"],"yoast_head":"<!-- This site is optimized with the Yoast SEO plugin v23.8 - https:\/\/yoast.com\/wordpress\/plugins\/seo\/ -->\n<title>Conhe\u00e7a os 5 carros mais baratos do Brasil em 2025 - Estado de Minas - Em foco<\/title>\n<meta name=\"description\" content=\"Confira os 5 carros mais baratos do Brasil em 2025, seus pre\u00e7os atualizados e o que cada modelo oferece ao consumidor.\" \/>\n<meta name=\"robots\" content=\"index, follow, max-snippet:-1, max-image-preview:large, max-video-preview:-1\" \/>\n<link rel=\"canonical\" href=\"https:\/\/www.em.com.br\/emfoco\/2025\/05\/08\/conheca-os-5-carros-mais-baratos-do-brasil-em-2025\/\" \/>\n<meta property=\"og:locale\" content=\"pt_BR\" \/>\n<meta property=\"og:type\" content=\"article\" \/>\n<meta property=\"og:title\" content=\"Conhe\u00e7a os 5 carros mais baratos do Brasil em 2025 - Estado de Minas - Em foco\" \/>\n<meta property=\"og:description\" content=\"Confira os 5 carros mais baratos do Brasil em 2025, seus pre\u00e7os atualizados e o que cada modelo oferece ao consumidor.\" \/>\n<meta property=\"og:url\" content=\"https:\/\/www.em.com.br\/emfoco\/2025\/05\/08\/conheca-os-5-carros-mais-baratos-do-brasil-em-2025\/\" \/>\n<meta property=\"og:site_name\" content=\"Estado de Minas - Em foco\" \/>\n<meta property=\"article:published_time\" content=\"2025-05-08T16:20:00+00:00\" \/>\n<meta property=\"article:modified_time\" content=\"2025-06-17T19:41:03+00:00\" \/>\n<meta property=\"og:image\" content=\"https:\/\/www.em.com.br\/emfoco\/wp-content\/uploads\/2025\/05\/Fiat_1746625647433.jpg\" \/>\n\t<meta property=\"og:image:width\" content=\"1280\" \/>\n\t<meta property=\"og:image:height\" content=\"720\" \/>\n\t<meta property=\"og:image:type\" content=\"image\/jpeg\" \/>\n<meta name=\"author\" content=\"Gabriel Martins\" \/>\n<meta name=\"twitter:card\" content=\"summary_large_image\" \/>\n<meta name=\"twitter:label1\" content=\"Escrito por\" \/>\n\t<meta name=\"twitter:data1\" content=\"Gabriel Martins\" \/>\n\t<meta name=\"twitter:label2\" content=\"Est. tempo de leitura\" \/>\n\t<meta name=\"twitter:data2\" content=\"6 minutos\" \/>\n<!-- \/ Yoast SEO plugin. -->","yoast_head_json":{"title":"Conhe\u00e7a os 5 carros mais baratos do Brasil em 2025 - Estado de Minas - Em foco","description":"Confira os 5 carros mais baratos do Brasil em 2025, seus pre\u00e7os atualizados e o que cada modelo oferece ao consumidor.","robots":{"index":"index","follow":"follow","max-snippet":"max-snippet:-1","max-image-preview":"max-image-preview:large","max-video-preview":"max-video-preview:-1"},"canonical":"https:\/\/www.em.com.br\/emfoco\/2025\/05\/08\/conheca-os-5-carros-mais-baratos-do-brasil-em-2025\/","og_locale":"pt_BR","og_type":"article","og_title":"Conhe\u00e7a os 5 carros mais baratos do Brasil em 2025 - Estado de Minas - Em foco","og_description":"Confira os 5 carros mais baratos do Brasil em 2025, seus pre\u00e7os atualizados e o que cada modelo oferece ao consumidor.","og_url":"https:\/\/www.em.com.br\/emfoco\/2025\/05\/08\/conheca-os-5-carros-mais-baratos-do-brasil-em-2025\/","og_site_name":"Estado de Minas - Em foco","article_published_time":"2025-05-08T16:20:00+00:00","article_modified_time":"2025-06-17T19:41:03+00:00","og_image":[{"width":1280,"height":720,"url":"https:\/\/www.em.com.br\/emfoco\/wp-content\/uploads\/2025\/05\/Fiat_1746625647433.jpg","type":"image\/jpeg"}],"author":"Gabriel Martins","twitter_card":"summary_large_image","twitter_misc":{"Escrito por":"Gabriel Martins","Est. tempo de leitura":"6 minutos"},"schema":{"@context":"https:\/\/schema.org","@graph":[{"@type":"WebPage","@id":"https:\/\/www.em.com.br\/emfoco\/2025\/05\/08\/conheca-os-5-carros-mais-baratos-do-brasil-em-2025\/","url":"https:\/\/www.em.com.br\/emfoco\/2025\/05\/08\/conheca-os-5-carros-mais-baratos-do-brasil-em-2025\/","name":"Conhe\u00e7a os 5 carros mais baratos do Brasil em 2025 - Estado de Minas - Em foco","isPartOf":{"@id":"https:\/\/www.em.com.br\/emfoco\/#website"},"primaryImageOfPage":{"@id":"https:\/\/www.em.com.br\/emfoco\/2025\/05\/08\/conheca-os-5-carros-mais-baratos-do-brasil-em-2025\/#primaryimage"},"image":{"@id":"https:\/\/www.em.com.br\/emfoco\/2025\/05\/08\/conheca-os-5-carros-mais-baratos-do-brasil-em-2025\/#primaryimage"},"thumbnailUrl":"https:\/\/www.em.com.br\/emfoco\/wp-content\/uploads\/2025\/05\/Fiat_1746625647433.jpg","datePublished":"2025-05-08T16:20:00+00:00","dateModified":"2025-06-17T19:41:03+00:00","author":{"@id":"https:\/\/www.em.com.br\/emfoco\/#\/schema\/person\/1c9ddeab18b98abeffef834667bcf08a"},"description":"Confira os 5 carros mais baratos do Brasil em 2025, seus pre\u00e7os atualizados e o que cada modelo oferece ao consumidor.","breadcrumb":{"@id":"https:\/\/www.em.com.br\/emfoco\/2025\/05\/08\/conheca-os-5-carros-mais-baratos-do-brasil-em-2025\/#breadcrumb"},"inLanguage":"pt-BR","potentialAction":[{"@type":"ReadAction","target":["https:\/\/www.em.com.br\/emfoco\/2025\/05\/08\/conheca-os-5-carros-mais-baratos-do-brasil-em-2025\/"]}]},{"@type":"ImageObject","inLanguage":"pt-BR","@id":"https:\/\/www.em.com.br\/emfoco\/2025\/05\/08\/conheca-os-5-carros-mais-baratos-do-brasil-em-2025\/#primaryimage","url":"https:\/\/www.em.com.br\/emfoco\/wp-content\/uploads\/2025\/05\/Fiat_1746625647433.jpg","contentUrl":"https:\/\/www.em.com.br\/emfoco\/wp-content\/uploads\/2025\/05\/Fiat_1746625647433.jpg","width":1280,"height":720,"caption":"Logo da Fiat - Cr\u00e9ditos: depositphotos.com \/ bondvit"},{"@type":"BreadcrumbList","@id":"https:\/\/www.em.com.br\/emfoco\/2025\/05\/08\/conheca-os-5-carros-mais-baratos-do-brasil-em-2025\/#breadcrumb","itemListElement":[{"@type":"ListItem","position":1,"name":"In\u00edcio","item":"https:\/\/www.em.com.br\/emfoco\/"},{"@type":"ListItem","position":2,"name":"Conhe\u00e7a os 5 carros mais baratos do Brasil em 2025"}]},{"@type":"WebSite","@id":"https:\/\/www.em.com.br\/emfoco\/#website","url":"https:\/\/www.em.com.br\/emfoco\/","name":"Estado de Minas - Em foco","description":"Acompanhe as \u00faltimas not\u00edcias e fique bem informado sobre tudo o que acontece em Minas Gerais, Brasil e no mundo.","potentialAction":[{"@type":"SearchAction","target":{"@type":"EntryPoint","urlTemplate":"https:\/\/www.em.com.br\/emfoco\/?s={search_term_string}"},"query-input":{"@type":"PropertyValueSpecification","valueRequired":true,"valueName":"search_term_string"}}],"inLanguage":"pt-BR"},{"@type":"Person","@id":"https:\/\/www.em.com.br\/emfoco\/#\/schema\/person\/1c9ddeab18b98abeffef834667bcf08a","name":"Gabriel Martins","image":{"@type":"ImageObject","inLanguage":"pt-BR","@id":"https:\/\/www.em.com.br\/emfoco\/#\/schema\/person\/image\/","url":"https:\/\/secure.gravatar.com\/avatar\/f0f1e2efdfd88f1ad2cb08c5c2731e50?s=96&d=mm&r=g","contentUrl":"https:\/\/secure.gravatar.com\/avatar\/f0f1e2efdfd88f1ad2cb08c5c2731e50?s=96&d=mm&r=g","caption":"Gabriel Martins"},"sameAs":["https:\/\/www.em.com.br\/emfoco\/"],"url":"https:\/\/www.em.com.br\/emfoco\/author\/gabrielmartinsmyth\/"}]}},"_links":{"self":[{"href":"https:\/\/www.em.com.br\/emfoco\/wp-json\/wp\/v2\/posts\/45157","targetHints":{"allow":["GET"]}}],"collection":[{"href":"https:\/\/www.em.com.br\/emfoco\/wp-json\/wp\/v2\/posts"}],"about":[{"href":"https:\/\/www.em.com.br\/emfoco\/wp-json\/wp\/v2\/types\/post"}],"author":[{"embeddable":true,"href":"https:\/\/www.em.com.br\/emfoco\/wp-json\/wp\/v2\/users\/13"}],"replies":[{"embeddable":true,"href":"https:\/\/www.em.com.br\/emfoco\/wp-json\/wp\/v2\/comments?post=45157"}],"version-history":[{"count":4,"href":"https:\/\/www.em.com.br\/emfoco\/wp-json\/wp\/v2\/posts\/45157\/revisions"}],"predecessor-version":[{"id":62397,"href":"https:\/\/www.em.com.br\/emfoco\/wp-json\/wp\/v2\/posts\/45157\/revisions\/62397"}],"wp:featuredmedia":[{"embeddable":true,"href":"https:\/\/www.em.com.br\/emfoco\/wp-json\/wp\/v2\/media\/45169"}],"wp:attachment":[{"href":"https:\/\/www.em.com.br\/emfoco\/wp-json\/wp\/v2\/media?parent=45157"}],"wp:term":[{"taxonomy":"category","embeddable":true,"href":"https:\/\/www.em.com.br\/emfoco\/wp-json\/wp\/v2\/categories?post=45157"},{"taxonomy":"post_tag","embeddable":true,"href":"https:\/\/www.em.com.br\/emfoco\/wp-json\/wp\/v2\/tags?post=45157"}],"curies":[{"name":"wp","href":"https:\/\/api.w.org\/{rel}","templated":true}]}}