{"id":45152,"date":"2025-05-08T15:20:00","date_gmt":"2025-05-08T18:20:00","guid":{"rendered":"https:\/\/www.em.com.br\/emfoco\/?p=45152"},"modified":"2025-06-17T18:51:40","modified_gmt":"2025-06-17T21:51:40","slug":"prime-video-agita-o-mes-de-maio-com-lancamentos-aclamados","status":"publish","type":"post","link":"https:\/\/www.em.com.br\/emfoco\/2025\/05\/08\/prime-video-agita-o-mes-de-maio-com-lancamentos-aclamados\/","title":{"rendered":"Prime Video agita o m\u00eas de maio com lan\u00e7amentos aclamados!"},"content":{"rendered":"\n<p>O <strong><a href=\"https:\/\/www.primevideo.com\/\" target=\"_blank\" rel=\"noreferrer noopener\">Amazon Prime Video<\/a><\/strong> prepara um m\u00eas de maio repleto de novidades que promete atender desde f\u00e3s de terror at\u00e9 amantes de document\u00e1rios musicais. A plataforma da <strong>Amazon<\/strong> apostou em uma estrat\u00e9gia diversificada, trazendo tanto sequ\u00eancias aguardadas quanto novas s\u00e9ries originais. Entre os grandes destaques figura &#8220;<strong>Wicked<\/strong>&#8220;, a adapta\u00e7\u00e3o cinematogr\u00e1fica do aclamado musical da <strong>Broadway<\/strong> que chega dia 21, e &#8220;<strong>Pe\u00e7a por Pe\u00e7a<\/strong>&#8220;, document\u00e1rio sobre <strong>Pharrell Williams<\/strong> dispon\u00edvel a partir de 11 de maio.<\/p>\n\n\n\n<p>A programa\u00e7\u00e3o do m\u00eas demonstra a aposta crescente da <strong>Amazon<\/strong> em conte\u00fado premium e internacional. Com mais de 20 estreias programadas, a plataforma busca competir diretamente com rivais como <a href=\"https:\/\/www.em.com.br\/emfoco\/2025\/02\/05\/filme-emocionante-com-95-de-aprovacao-chega-a-netflix-uma-historia-que-vai-tocar-sua-alma\/\" target=\"_blank\" rel=\"noreferrer noopener\"><strong>Netflix<\/strong> <\/a>e <strong>Disney+<\/strong>. Os assinantes tamb\u00e9m podem ampliar suas op\u00e7\u00f5es atrav\u00e9s de canais adicionais como <strong>Paramount+<\/strong>, <strong>Discovery+<\/strong> e <strong>Max<\/strong>, mediante pagamento de taxa extra mensal.<\/p>\n\n\n\n<h2 class=\"wp-block-heading\"><strong>Quais s\u00e3o os destaques cinematogr\u00e1ficos do m\u00eas?<\/strong><\/h2>\n\n\n\n<p>O cat\u00e1logo de filmes para maio concentra apostas em diferentes segmentos de p\u00fablico. &#8220;<strong>Longlegs &#8211; V\u00ednculo Mortal<\/strong>&#8221; chega dia 2, atendendo f\u00e3s de terror psicol\u00f3gico, enquanto &#8220;<strong>Babygirl<\/strong>&#8221; estreia dia 7 com Nicole Kidman no thriller er\u00f3tico dirigido por <strong>Halina Reijn<\/strong>. Para quem prefere a\u00e7\u00e3o, &#8220;<strong>Resgate Implac\u00e1vel<\/strong>&#8221; com <strong>Jason Statham<\/strong> desembarca dia 15.<\/p>\n\n\n\n<p>O document\u00e1rio sobre <strong>Pharrell Williams<\/strong> representa uma das apostas mais significativas do m\u00eas. &#8220;<strong>Pe\u00e7a por Pe\u00e7a<\/strong>&#8221; utiliza anima\u00e7\u00e3o LEGO para contar a trajet\u00f3ria do produtor musical, numa abordagem inovadora que chamou aten\u00e7\u00e3o em festivais internacionais. J\u00e1 &#8220;<strong>Maria Callas<\/strong>&#8221; traz <strong>Angelina Jolie<\/strong> interpretando a lend\u00e1ria soprano em drama biogr\u00e1fico dirigido por <strong>Pablo Larra\u00edn<\/strong>.<\/p>\n\n\n\n<figure class=\"wp-block-image size-large\"><img loading=\"lazy\" decoding=\"async\" width=\"1024\" height=\"576\" src=\"https:\/\/www.em.com.br\/emfoco\/wp-content\/uploads\/2025\/05\/Amazon-prime-video_1746191101175-1024x576.jpg\" alt=\"Os lan\u00e7amentos mais esperados da Amazon Prime Video para o m\u00eas de maio\" class=\"wp-image-43729\" srcset=\"https:\/\/www.em.com.br\/emfoco\/wp-content\/uploads\/2025\/05\/Amazon-prime-video_1746191101175-1024x576.jpg 1024w, https:\/\/www.em.com.br\/emfoco\/wp-content\/uploads\/2025\/05\/Amazon-prime-video_1746191101175-300x169.jpg 300w, https:\/\/www.em.com.br\/emfoco\/wp-content\/uploads\/2025\/05\/Amazon-prime-video_1746191101175-768x432.jpg 768w, https:\/\/www.em.com.br\/emfoco\/wp-content\/uploads\/2025\/05\/Amazon-prime-video_1746191101175-750x422.jpg 750w, https:\/\/www.em.com.br\/emfoco\/wp-content\/uploads\/2025\/05\/Amazon-prime-video_1746191101175-1140x641.jpg 1140w, https:\/\/www.em.com.br\/emfoco\/wp-content\/uploads\/2025\/05\/Amazon-prime-video_1746191101175.jpg 1280w\" sizes=\"auto, (max-width: 1024px) 100vw, 1024px\" \/><figcaption class=\"wp-element-caption\">Amazon Prime Video &#8211; Cr\u00e9ditos: depositphotos.com \/ rafapress<\/figcaption><\/figure>\n\n\n\n<h2 class=\"wp-block-heading\"><strong>Como as s\u00e9ries se posicionam na programa\u00e7\u00e3o?<\/strong><\/h2>\n\n\n\n<p>O segmento seriado aposta em variedade tem\u00e1tica para maximizar apelo junto aos assinantes. &#8220;<strong>Nove Desconhecidos<\/strong>&#8221; retorna com segunda temporada dia 22, continuando a hist\u00f3ria do resort de bem-estar com elenco estrelado por <strong>Nicole Kidman<\/strong> e <strong>Melissa McCarthy<\/strong>. A produ\u00e7\u00e3o mescla drama psicol\u00f3gico com elementos de suspense, f\u00f3rmula que conquistou audi\u00eancia na temporada inaugural.<\/p>\n\n\n\n<p>Entre as estreias, &#8220;<strong>A Melhor Irm\u00e3<\/strong>&#8221; chega dia 29 como thriller familiar estrelado por <strong>Jessica Biel<\/strong> e <strong>Elizabeth Banks<\/strong>. A s\u00e9rie explora din\u00e2micas familiares ap\u00f3s assassinato, prometendo reviravoltas e segredos. Para quem busca a\u00e7\u00e3o, &#8220;<strong>O Protetor &#8211; Cap\u00edtulo Final<\/strong>&#8221; encerra a saga de <strong>Robert McCall<\/strong> interpretado por <strong>Denzel Washington<\/strong>, marcando o fim de uma trilogia de sucesso.<\/p>\n\n\n\n<h2 class=\"wp-block-heading\"><strong>Que estrat\u00e9gia a Amazon adota para 2025?<\/strong><\/h2>\n\n\n\n<p>A programa\u00e7\u00e3o de maio reflete estrat\u00e9gia mais agressiva da <strong>Amazon<\/strong> no mercado de streaming. A empresa intensificou investimentos em conte\u00fado original e parcerias internacionais, buscando ampliar base de assinantes globalmente. Entre os principais destaques est\u00e3o &#8220;Pe\u00e7a por Pe\u00e7a&#8221;, document\u00e1rio sobre Pharrell Williams, o filme de terror &#8220;Longlegs&#8221; e a nova temporada de &#8220;Nove Desconhecidos&#8221;.<\/p>\n\n\n\n<p>A inclus\u00e3o de produ\u00e7\u00f5es sul-coreanas como &#8220;<strong>Good Boy<\/strong>&#8221; demonstra interesse crescente em conte\u00fado asi\u00e1tico, seguindo tend\u00eancia iniciada pela <strong>Netflix<\/strong>. A estrat\u00e9gia visa diversificar p\u00fablico e competir em mercados internacionais. Os destaques da semana incluem a estreia de s\u00e9ries originais como &#8220;A Melhor Irm\u00e3&#8221; e &#8220;Um Bom Garoto&#8221;, al\u00e9m de filmes que variam entre a\u00e7\u00e3o, com\u00e9dia e suspense.<\/p>\n\n\n\n<h2 class=\"wp-block-heading\"><strong>Como funciona o modelo de canais adicionais?<\/strong><\/h2>\n\n\n\n<p>O <strong>Prime Video<\/strong> oferece sistema de canais premium que permite expans\u00e3o personalizada do cat\u00e1logo. Assinantes podem adicionar <strong>Paramount+<\/strong>, <strong>Discovery+<\/strong> e <strong>Max<\/strong> mediante pagamentos mensais separados, criando experi\u00eancia customizada. Este modelo h\u00edbrido visa competir com plataformas especializadas mantendo conveni\u00eancia centralizada.<\/p>\n\n\n\n<p>A <strong>Loja Prime Video<\/strong> complementa a estrat\u00e9gia oferecendo filmes para compra ou aluguel digital. T\u00edtulos como &#8220;<strong>C\u00f3digo Preto<\/strong>&#8221; e &#8220;<strong>The Alto Knights &#8211; M\u00e1fia e Poder<\/strong>&#8221; chegam via esta modalidade, atendendo demanda por lan\u00e7amentos recentes. Esta abordagem permite monetiza\u00e7\u00e3o adicional al\u00e9m da mensalidade b\u00e1sica.<\/p>\n\n\n\n<h2 class=\"wp-block-heading\"><strong>Qual \u00e9 o impacto no mercado brasileiro?<\/strong><\/h2>\n\n\n\n<p>No <strong>Brasil<\/strong>, o <strong>Prime Video<\/strong> integra o pacote <strong>Amazon Prime<\/strong> por R$ 19,90 mensais, incluindo frete gr\u00e1tis e <strong>Amazon Music<\/strong>. A estrat\u00e9gia bundled visa aumentar valor percebido e fidelizar clientes al\u00e9m do streaming. Novos usu\u00e1rios recebem 30 dias gratuitos para experimenta\u00e7\u00e3o.<\/p>\n\n\n\n<p>A programa\u00e7\u00e3o de maio evidencia foco crescente em audi\u00eancia brasileira, com legendas e dublagens em portugu\u00eas para todas as produ\u00e7\u00f5es. A plataforma n\u00e3o apenas oferece s\u00e9ries e filmes populares, mas tamb\u00e9m investe em produ\u00e7\u00f5es internacionais, ampliando seu alcance global e atraindo uma audi\u00eancia diversificada. Esta abordagem posiciona o servi\u00e7o como alternativa vi\u00e1vel aos concorrentes estabelecidos no mercado nacional.<\/p>\n","protected":false},"excerpt":{"rendered":"<p>O Amazon Prime Video prepara um m\u00eas de maio repleto de novidades que promete atender desde f\u00e3s de terror at\u00e9 amantes de document\u00e1rios musicais. A plataforma da Amazon apostou em uma estrat\u00e9gia diversificada, trazendo tanto sequ\u00eancias aguardadas quanto novas s\u00e9ries originais. Entre os grandes destaques figura &#8220;Wicked&#8220;, a adapta\u00e7\u00e3o cinematogr\u00e1fica do aclamado musical da Broadway [&hellip;]<\/p>\n","protected":false},"author":13,"featured_media":43728,"comment_status":"open","ping_status":"open","sticky":false,"template":"","format":"standard","meta":{"jnews-multi-image_gallery":[],"jnews_single_post":{"format":"standard"},"jnews_primary_category":[],"jnews_social_meta":[],"jnews_override_counter":[],"footnotes":""},"categories":[29,137,136],"tags":[1855,6808,8401,607],"class_list":["post-45152","post","type-post","status-publish","format-standard","has-post-thumbnail","hentry","category-entretenimento","category-filmes","category-series","tag-amazon","tag-amazon-prime-video","tag-filmes-lancamentos","tag-series"],"yoast_head":"<!-- This site is optimized with the Yoast SEO plugin v23.8 - https:\/\/yoast.com\/wordpress\/plugins\/seo\/ -->\n<title>Prime Video agita o m\u00eas de maio com lan\u00e7amentos aclamados! - Estado de Minas - Em foco<\/title>\n<meta name=\"description\" content=\"Maio chega recheado no Prime Video com thrillers, com\u00e9dias, dramas e lan\u00e7amentos exclusivos de filmes e s\u00e9ries.\" \/>\n<meta name=\"robots\" content=\"index, follow, max-snippet:-1, max-image-preview:large, max-video-preview:-1\" \/>\n<link rel=\"canonical\" href=\"https:\/\/www.em.com.br\/emfoco\/2025\/05\/08\/prime-video-agita-o-mes-de-maio-com-lancamentos-aclamados\/\" \/>\n<meta property=\"og:locale\" content=\"pt_BR\" \/>\n<meta property=\"og:type\" content=\"article\" \/>\n<meta property=\"og:title\" content=\"Prime Video agita o m\u00eas de maio com lan\u00e7amentos aclamados! - Estado de Minas - Em foco\" \/>\n<meta property=\"og:description\" content=\"Maio chega recheado no Prime Video com thrillers, com\u00e9dias, dramas e lan\u00e7amentos exclusivos de filmes e s\u00e9ries.\" \/>\n<meta property=\"og:url\" content=\"https:\/\/www.em.com.br\/emfoco\/2025\/05\/08\/prime-video-agita-o-mes-de-maio-com-lancamentos-aclamados\/\" \/>\n<meta property=\"og:site_name\" content=\"Estado de Minas - Em foco\" \/>\n<meta property=\"article:published_time\" content=\"2025-05-08T18:20:00+00:00\" \/>\n<meta property=\"article:modified_time\" content=\"2025-06-17T21:51:40+00:00\" \/>\n<meta property=\"og:image\" content=\"https:\/\/www.em.com.br\/emfoco\/wp-content\/uploads\/2025\/05\/Amazon-prime-video_1746191041641.jpg\" \/>\n\t<meta property=\"og:image:width\" content=\"1280\" \/>\n\t<meta property=\"og:image:height\" content=\"720\" \/>\n\t<meta property=\"og:image:type\" content=\"image\/jpeg\" \/>\n<meta name=\"author\" content=\"Gabriel Martins\" \/>\n<meta name=\"twitter:card\" content=\"summary_large_image\" \/>\n<meta name=\"twitter:label1\" content=\"Escrito por\" \/>\n\t<meta name=\"twitter:data1\" content=\"Gabriel Martins\" \/>\n\t<meta name=\"twitter:label2\" content=\"Est. tempo de leitura\" \/>\n\t<meta name=\"twitter:data2\" content=\"5 minutos\" \/>\n<!-- \/ Yoast SEO plugin. -->","yoast_head_json":{"title":"Prime Video agita o m\u00eas de maio com lan\u00e7amentos aclamados! - Estado de Minas - Em foco","description":"Maio chega recheado no Prime Video com thrillers, com\u00e9dias, dramas e lan\u00e7amentos exclusivos de filmes e s\u00e9ries.","robots":{"index":"index","follow":"follow","max-snippet":"max-snippet:-1","max-image-preview":"max-image-preview:large","max-video-preview":"max-video-preview:-1"},"canonical":"https:\/\/www.em.com.br\/emfoco\/2025\/05\/08\/prime-video-agita-o-mes-de-maio-com-lancamentos-aclamados\/","og_locale":"pt_BR","og_type":"article","og_title":"Prime Video agita o m\u00eas de maio com lan\u00e7amentos aclamados! - Estado de Minas - Em foco","og_description":"Maio chega recheado no Prime Video com thrillers, com\u00e9dias, dramas e lan\u00e7amentos exclusivos de filmes e s\u00e9ries.","og_url":"https:\/\/www.em.com.br\/emfoco\/2025\/05\/08\/prime-video-agita-o-mes-de-maio-com-lancamentos-aclamados\/","og_site_name":"Estado de Minas - Em foco","article_published_time":"2025-05-08T18:20:00+00:00","article_modified_time":"2025-06-17T21:51:40+00:00","og_image":[{"width":1280,"height":720,"url":"https:\/\/www.em.com.br\/emfoco\/wp-content\/uploads\/2025\/05\/Amazon-prime-video_1746191041641.jpg","type":"image\/jpeg"}],"author":"Gabriel Martins","twitter_card":"summary_large_image","twitter_misc":{"Escrito por":"Gabriel Martins","Est. tempo de leitura":"5 minutos"},"schema":{"@context":"https:\/\/schema.org","@graph":[{"@type":"WebPage","@id":"https:\/\/www.em.com.br\/emfoco\/2025\/05\/08\/prime-video-agita-o-mes-de-maio-com-lancamentos-aclamados\/","url":"https:\/\/www.em.com.br\/emfoco\/2025\/05\/08\/prime-video-agita-o-mes-de-maio-com-lancamentos-aclamados\/","name":"Prime Video agita o m\u00eas de maio com lan\u00e7amentos aclamados! - Estado de Minas - Em foco","isPartOf":{"@id":"https:\/\/www.em.com.br\/emfoco\/#website"},"primaryImageOfPage":{"@id":"https:\/\/www.em.com.br\/emfoco\/2025\/05\/08\/prime-video-agita-o-mes-de-maio-com-lancamentos-aclamados\/#primaryimage"},"image":{"@id":"https:\/\/www.em.com.br\/emfoco\/2025\/05\/08\/prime-video-agita-o-mes-de-maio-com-lancamentos-aclamados\/#primaryimage"},"thumbnailUrl":"https:\/\/www.em.com.br\/emfoco\/wp-content\/uploads\/2025\/05\/Amazon-prime-video_1746191041641.jpg","datePublished":"2025-05-08T18:20:00+00:00","dateModified":"2025-06-17T21:51:40+00:00","author":{"@id":"https:\/\/www.em.com.br\/emfoco\/#\/schema\/person\/1c9ddeab18b98abeffef834667bcf08a"},"description":"Maio chega recheado no Prime Video com thrillers, com\u00e9dias, dramas e lan\u00e7amentos exclusivos de filmes e s\u00e9ries.","breadcrumb":{"@id":"https:\/\/www.em.com.br\/emfoco\/2025\/05\/08\/prime-video-agita-o-mes-de-maio-com-lancamentos-aclamados\/#breadcrumb"},"inLanguage":"pt-BR","potentialAction":[{"@type":"ReadAction","target":["https:\/\/www.em.com.br\/emfoco\/2025\/05\/08\/prime-video-agita-o-mes-de-maio-com-lancamentos-aclamados\/"]}]},{"@type":"ImageObject","inLanguage":"pt-BR","@id":"https:\/\/www.em.com.br\/emfoco\/2025\/05\/08\/prime-video-agita-o-mes-de-maio-com-lancamentos-aclamados\/#primaryimage","url":"https:\/\/www.em.com.br\/emfoco\/wp-content\/uploads\/2025\/05\/Amazon-prime-video_1746191041641.jpg","contentUrl":"https:\/\/www.em.com.br\/emfoco\/wp-content\/uploads\/2025\/05\/Amazon-prime-video_1746191041641.jpg","width":1280,"height":720,"caption":"Amazon Prime Video - Cr\u00e9ditos: depositphotos.com \/ andreajk3"},{"@type":"BreadcrumbList","@id":"https:\/\/www.em.com.br\/emfoco\/2025\/05\/08\/prime-video-agita-o-mes-de-maio-com-lancamentos-aclamados\/#breadcrumb","itemListElement":[{"@type":"ListItem","position":1,"name":"In\u00edcio","item":"https:\/\/www.em.com.br\/emfoco\/"},{"@type":"ListItem","position":2,"name":"Prime Video agita o m\u00eas de maio com lan\u00e7amentos aclamados!"}]},{"@type":"WebSite","@id":"https:\/\/www.em.com.br\/emfoco\/#website","url":"https:\/\/www.em.com.br\/emfoco\/","name":"Estado de Minas - Em foco","description":"Acompanhe as \u00faltimas not\u00edcias e fique bem informado sobre tudo o que acontece em Minas Gerais, Brasil e no mundo.","potentialAction":[{"@type":"SearchAction","target":{"@type":"EntryPoint","urlTemplate":"https:\/\/www.em.com.br\/emfoco\/?s={search_term_string}"},"query-input":{"@type":"PropertyValueSpecification","valueRequired":true,"valueName":"search_term_string"}}],"inLanguage":"pt-BR"},{"@type":"Person","@id":"https:\/\/www.em.com.br\/emfoco\/#\/schema\/person\/1c9ddeab18b98abeffef834667bcf08a","name":"Gabriel Martins","image":{"@type":"ImageObject","inLanguage":"pt-BR","@id":"https:\/\/www.em.com.br\/emfoco\/#\/schema\/person\/image\/","url":"https:\/\/secure.gravatar.com\/avatar\/f0f1e2efdfd88f1ad2cb08c5c2731e50?s=96&d=mm&r=g","contentUrl":"https:\/\/secure.gravatar.com\/avatar\/f0f1e2efdfd88f1ad2cb08c5c2731e50?s=96&d=mm&r=g","caption":"Gabriel Martins"},"sameAs":["https:\/\/www.em.com.br\/emfoco\/"],"url":"https:\/\/www.em.com.br\/emfoco\/author\/gabrielmartinsmyth\/"}]}},"_links":{"self":[{"href":"https:\/\/www.em.com.br\/emfoco\/wp-json\/wp\/v2\/posts\/45152","targetHints":{"allow":["GET"]}}],"collection":[{"href":"https:\/\/www.em.com.br\/emfoco\/wp-json\/wp\/v2\/posts"}],"about":[{"href":"https:\/\/www.em.com.br\/emfoco\/wp-json\/wp\/v2\/types\/post"}],"author":[{"embeddable":true,"href":"https:\/\/www.em.com.br\/emfoco\/wp-json\/wp\/v2\/users\/13"}],"replies":[{"embeddable":true,"href":"https:\/\/www.em.com.br\/emfoco\/wp-json\/wp\/v2\/comments?post=45152"}],"version-history":[{"count":4,"href":"https:\/\/www.em.com.br\/emfoco\/wp-json\/wp\/v2\/posts\/45152\/revisions"}],"predecessor-version":[{"id":62572,"href":"https:\/\/www.em.com.br\/emfoco\/wp-json\/wp\/v2\/posts\/45152\/revisions\/62572"}],"wp:featuredmedia":[{"embeddable":true,"href":"https:\/\/www.em.com.br\/emfoco\/wp-json\/wp\/v2\/media\/43728"}],"wp:attachment":[{"href":"https:\/\/www.em.com.br\/emfoco\/wp-json\/wp\/v2\/media?parent=45152"}],"wp:term":[{"taxonomy":"category","embeddable":true,"href":"https:\/\/www.em.com.br\/emfoco\/wp-json\/wp\/v2\/categories?post=45152"},{"taxonomy":"post_tag","embeddable":true,"href":"https:\/\/www.em.com.br\/emfoco\/wp-json\/wp\/v2\/tags?post=45152"}],"curies":[{"name":"wp","href":"https:\/\/api.w.org\/{rel}","templated":true}]}}