{"id":45044,"date":"2025-05-07T08:40:00","date_gmt":"2025-05-07T11:40:00","guid":{"rendered":"https:\/\/www.em.com.br\/emfoco\/?p=45044"},"modified":"2025-05-07T02:02:04","modified_gmt":"2025-05-07T05:02:04","slug":"os-salarios-mais-altos-chamam-atencao-no-mundo-em-2025","status":"publish","type":"post","link":"https:\/\/www.em.com.br\/emfoco\/2025\/05\/07\/os-salarios-mais-altos-chamam-atencao-no-mundo-em-2025\/","title":{"rendered":"Os sal\u00e1rios mais altos chamam aten\u00e7\u00e3o no mundo em 2025"},"content":{"rendered":"\n<p>O<a href=\"https:\/\/optimaintercambio.com.br\/blog\/financas\/10-maiores-salarios-minimos-do-mundo\" target=\"_blank\" rel=\"noreferrer noopener\"> sal\u00e1rio m\u00ednimo<\/a> \u00e9 uma ferramenta essencial utilizada por muitos pa\u00edses para garantir uma remunera\u00e7\u00e3o b\u00e1sica aos trabalhadores. Essa pr\u00e1tica \u00e9 amplamente adotada em todo o mundo, com varia\u00e7\u00f5es significativas entre as na\u00e7\u00f5es. As primeiras implementa\u00e7\u00f5es de pol\u00edticas de sal\u00e1rio m\u00ednimo ocorreram na <strong>Austr\u00e1lia <\/strong>e na<strong> Nova Zel\u00e2ndia<\/strong> no s\u00e9culo XIX, estabelecendo um padr\u00e3o que seria seguido por muitos outros pa\u00edses.<\/p>\n\n\n\n<p>No entanto, a pol\u00edtica de sal\u00e1rio m\u00ednimo n\u00e3o \u00e9 isenta de cr\u00edticas. Alguns argumentam que ela interfere no livre mercado, enquanto outros veem nela uma forma de assegurar condi\u00e7\u00f5es de vida dignas para os trabalhadores. Conhecer os pa\u00edses com os maiores sal\u00e1rios m\u00ednimos pode oferecer uma vis\u00e3o sobre suas economias e qualidade de vida.<\/p>\n\n\n\n<h2 class=\"wp-block-heading\">Quais s\u00e3o os pa\u00edses com os maiores sal\u00e1rios m\u00ednimos?<\/h2>\n\n\n\n<p>Em 2025, <strong>Luxemburgo <\/strong>lidera a lista dos pa\u00edses com os maiores sal\u00e1rios m\u00ednimos do mundo. Com um sal\u00e1rio m\u00ednimo de EUR 15,25 por hora, os trabalhadores qualificados podem ganhar at\u00e9 EUR 3.165,35 mensais. A <strong>Austr\u00e1lia <\/strong>segue de perto, oferecendo AUD 24,10 por hora, o que se traduz em um sal\u00e1rio mensal de AUD 3.856. A alta remunera\u00e7\u00e3o reflete a qualidade de vida e os custos elevados nesses pa\u00edses.<\/p>\n\n\n\n<p>Os Pa\u00edses Baixos tamb\u00e9m se destacam, com um sal\u00e1rio m\u00ednimo de EUR 14,06 por hora. A pol\u00edtica salarial holandesa \u00e9 ajustada conforme a idade do trabalhador, incentivando o desenvolvimento dos jovens. Na <strong>Irlanda<\/strong>, o sal\u00e1rio m\u00ednimo \u00e9 de EUR 13,50 por hora, permitindo que muitos estudantes internacionais cubram seus custos de vida enquanto estudam.<\/p>\n\n\n\n<h2 class=\"wp-block-heading\">Como o sal\u00e1rio m\u00ednimo impacta a vida dos estudantes internacionais?<\/h2>\n\n\n\n<figure class=\"wp-block-image size-large\"><img loading=\"lazy\" decoding=\"async\" width=\"1024\" height=\"576\" src=\"https:\/\/www.em.com.br\/emfoco\/wp-content\/uploads\/2025\/05\/salario-_1746558225154-1024x576.jpg\" alt=\"\" class=\"wp-image-45062\" srcset=\"https:\/\/www.em.com.br\/emfoco\/wp-content\/uploads\/2025\/05\/salario-_1746558225154-1024x576.jpg 1024w, https:\/\/www.em.com.br\/emfoco\/wp-content\/uploads\/2025\/05\/salario-_1746558225154-300x169.jpg 300w, https:\/\/www.em.com.br\/emfoco\/wp-content\/uploads\/2025\/05\/salario-_1746558225154-768x432.jpg 768w, https:\/\/www.em.com.br\/emfoco\/wp-content\/uploads\/2025\/05\/salario-_1746558225154-750x422.jpg 750w, https:\/\/www.em.com.br\/emfoco\/wp-content\/uploads\/2025\/05\/salario-_1746558225154-1140x641.jpg 1140w, https:\/\/www.em.com.br\/emfoco\/wp-content\/uploads\/2025\/05\/salario-_1746558225154.jpg 1280w\" sizes=\"auto, (max-width: 1024px) 100vw, 1024px\" \/><figcaption class=\"wp-element-caption\">Moedas-Cr\u00e9ditos: depositphotos.com \/ VadimVasenin<\/figcaption><\/figure>\n\n\n\n<p>Estudar em um pa\u00eds com um alto sal\u00e1rio m\u00ednimo pode ser uma experi\u00eancia vantajosa para estudantes internacionais. Na Austr\u00e1lia e na Nova Zel\u00e2ndia, por exemplo, estudantes podem trabalhar at\u00e9 48 horas quinzenais durante o per\u00edodo letivo, permitindo que cubram suas despesas e vivenciem uma imers\u00e3o cultural completa. Na Irlanda, estudantes podem trabalhar at\u00e9 20 horas semanais, o que ajuda a financiar sua estadia.<\/p>\n\n\n\n<p>Al\u00e9m disso, pa\u00edses como a <strong>Alemanha<\/strong> e o <strong>Canad\u00e1 <\/strong>oferecem oportunidades para estudantes trabalharem durante seus estudos, especialmente em programas de ensino t\u00e9cnico e profissionalizante. Isso n\u00e3o s\u00f3 ajuda financeiramente, mas tamb\u00e9m enriquece a experi\u00eancia acad\u00eamica e profissional dos estudantes.<\/p>\n\n\n\n<h2 class=\"wp-block-heading\">Quais s\u00e3o os desafios e oportunidades para estudantes em pa\u00edses com altos sal\u00e1rios m\u00ednimos?<\/h2>\n\n\n\n<p>Embora os altos sal\u00e1rios m\u00ednimos ofere\u00e7am vantagens financeiras, eles tamb\u00e9m v\u00eam com desafios. Em pa\u00edses como o Reino Unido e os Estados Unidos, as restri\u00e7\u00f5es de visto podem limitar as oportunidades de trabalho para estudantes internacionais. No entanto, esses pa\u00edses ainda s\u00e3o destinos populares devido \u00e0 qualidade de suas institui\u00e7\u00f5es de ensino e \u00e0 possibilidade de aprendizado de idiomas.<\/p>\n\n\n\n<p>Por outro lado, a <a href=\"https:\/\/www.em.com.br\/emfoco\/2025\/01\/04\/a-alemanha-vai-te-conquistar-por-que-visitar-esse-pais-fascinante\/\" target=\"_blank\" rel=\"noreferrer noopener\">Alemanha<\/a> e a <strong>B\u00e9lgica<\/strong>, com seus sal\u00e1rios m\u00ednimos de EUR 12,82 e EUR 12,11 por hora, respectivamente, oferecem uma infraestrutura de suporte robusta para estudantes internacionais. Esses pa\u00edses s\u00e3o conhecidos por suas universidades de renome e pela possibilidade de levar a fam\u00edlia durante o per\u00edodo de estudos.<\/p>\n\n\n\n<h2 class=\"wp-block-heading\">Considera\u00e7\u00f5es finais sobre estudar e trabalhar no exterior<\/h2>\n\n\n\n<p>Optar por estudar e, quando poss\u00edvel, trabalhar em um pa\u00eds com um alto sal\u00e1rio m\u00ednimo pode proporcionar uma base financeira s\u00f3lida e uma experi\u00eancia cultural enriquecedora. Al\u00e9m de cobrir os custos de vida, esses pa\u00edses geralmente oferecem boas condi\u00e7\u00f5es de trabalho e prote\u00e7\u00e3o ao trabalhador.<\/p>\n\n\n\n<p>Para muitos estudantes, essa experi\u00eancia pode ser transformadora, abrindo portas para um futuro acad\u00eamico e profissional promissor. Com o suporte adequado, como o oferecido por ag\u00eancias especializadas, planejar um interc\u00e2mbio pode ser uma jornada segura e bem-sucedida.<\/p>\n\n\n\n<p><\/p>\n","protected":false},"excerpt":{"rendered":"<p>O sal\u00e1rio m\u00ednimo \u00e9 uma ferramenta essencial utilizada por muitos pa\u00edses para garantir uma remunera\u00e7\u00e3o b\u00e1sica aos trabalhadores. Essa pr\u00e1tica \u00e9 amplamente adotada em todo o mundo, com varia\u00e7\u00f5es significativas entre as na\u00e7\u00f5es. As primeiras implementa\u00e7\u00f5es de pol\u00edticas de sal\u00e1rio m\u00ednimo ocorreram na Austr\u00e1lia e na Nova Zel\u00e2ndia no s\u00e9culo XIX, estabelecendo um padr\u00e3o que [&hellip;]<\/p>\n","protected":false},"author":12,"featured_media":45061,"comment_status":"open","ping_status":"open","sticky":false,"template":"","format":"standard","meta":{"jnews-multi-image_gallery":[],"jnews_single_post":{"format":"standard"},"jnews_primary_category":[],"jnews_social_meta":[],"jnews_override_counter":[],"footnotes":""},"categories":[28,1],"tags":[8384,4727,717,508],"class_list":["post-45044","post","type-post","status-publish","format-standard","has-post-thumbnail","hentry","category-economia","category-noticias","tag-estudantes-internacionais","tag-intercambio","tag-salario-minimo","tag-trabalho"],"yoast_head":"<!-- This site is optimized with the Yoast SEO plugin v23.8 - https:\/\/yoast.com\/wordpress\/plugins\/seo\/ -->\n<title>Os sal\u00e1rios mais altos chamam aten\u00e7\u00e3o no mundo em 2025 - Estado de Minas - Em foco<\/title>\n<meta name=\"description\" content=\"Descubra os pa\u00edses com sal\u00e1rios m\u00ednimos mais altos de 2025 e como essa renda pode mudar o futuro de quem deseja estudar fora com seguran\u00e7a.\" \/>\n<meta name=\"robots\" content=\"index, follow, max-snippet:-1, max-image-preview:large, max-video-preview:-1\" \/>\n<link rel=\"canonical\" href=\"https:\/\/www.em.com.br\/emfoco\/2025\/05\/07\/os-salarios-mais-altos-chamam-atencao-no-mundo-em-2025\/\" \/>\n<meta property=\"og:locale\" content=\"pt_BR\" \/>\n<meta property=\"og:type\" content=\"article\" \/>\n<meta property=\"og:title\" content=\"Os sal\u00e1rios mais altos chamam aten\u00e7\u00e3o no mundo em 2025 - Estado de Minas - Em foco\" \/>\n<meta property=\"og:description\" content=\"Descubra os pa\u00edses com sal\u00e1rios m\u00ednimos mais altos de 2025 e como essa renda pode mudar o futuro de quem deseja estudar fora com seguran\u00e7a.\" \/>\n<meta property=\"og:url\" content=\"https:\/\/www.em.com.br\/emfoco\/2025\/05\/07\/os-salarios-mais-altos-chamam-atencao-no-mundo-em-2025\/\" \/>\n<meta property=\"og:site_name\" content=\"Estado de Minas - Em foco\" \/>\n<meta property=\"article:published_time\" content=\"2025-05-07T11:40:00+00:00\" \/>\n<meta property=\"article:modified_time\" content=\"2025-05-07T05:02:04+00:00\" \/>\n<meta property=\"og:image\" content=\"https:\/\/www.em.com.br\/emfoco\/wp-content\/uploads\/2025\/05\/salario-_1746557650806.jpg\" \/>\n\t<meta property=\"og:image:width\" content=\"1280\" \/>\n\t<meta property=\"og:image:height\" content=\"720\" \/>\n\t<meta property=\"og:image:type\" content=\"image\/jpeg\" \/>\n<meta name=\"author\" content=\"Keren Ester\" \/>\n<meta name=\"twitter:card\" content=\"summary_large_image\" \/>\n<meta name=\"twitter:label1\" content=\"Escrito por\" \/>\n\t<meta name=\"twitter:data1\" content=\"Keren Ester\" \/>\n\t<meta name=\"twitter:label2\" content=\"Est. tempo de leitura\" \/>\n\t<meta name=\"twitter:data2\" content=\"4 minutos\" \/>\n<!-- \/ Yoast SEO plugin. -->","yoast_head_json":{"title":"Os sal\u00e1rios mais altos chamam aten\u00e7\u00e3o no mundo em 2025 - Estado de Minas - Em foco","description":"Descubra os pa\u00edses com sal\u00e1rios m\u00ednimos mais altos de 2025 e como essa renda pode mudar o futuro de quem deseja estudar fora com seguran\u00e7a.","robots":{"index":"index","follow":"follow","max-snippet":"max-snippet:-1","max-image-preview":"max-image-preview:large","max-video-preview":"max-video-preview:-1"},"canonical":"https:\/\/www.em.com.br\/emfoco\/2025\/05\/07\/os-salarios-mais-altos-chamam-atencao-no-mundo-em-2025\/","og_locale":"pt_BR","og_type":"article","og_title":"Os sal\u00e1rios mais altos chamam aten\u00e7\u00e3o no mundo em 2025 - Estado de Minas - Em foco","og_description":"Descubra os pa\u00edses com sal\u00e1rios m\u00ednimos mais altos de 2025 e como essa renda pode mudar o futuro de quem deseja estudar fora com seguran\u00e7a.","og_url":"https:\/\/www.em.com.br\/emfoco\/2025\/05\/07\/os-salarios-mais-altos-chamam-atencao-no-mundo-em-2025\/","og_site_name":"Estado de Minas - Em foco","article_published_time":"2025-05-07T11:40:00+00:00","article_modified_time":"2025-05-07T05:02:04+00:00","og_image":[{"width":1280,"height":720,"url":"https:\/\/www.em.com.br\/emfoco\/wp-content\/uploads\/2025\/05\/salario-_1746557650806.jpg","type":"image\/jpeg"}],"author":"Keren Ester","twitter_card":"summary_large_image","twitter_misc":{"Escrito por":"Keren Ester","Est. tempo de leitura":"4 minutos"},"schema":{"@context":"https:\/\/schema.org","@graph":[{"@type":"WebPage","@id":"https:\/\/www.em.com.br\/emfoco\/2025\/05\/07\/os-salarios-mais-altos-chamam-atencao-no-mundo-em-2025\/","url":"https:\/\/www.em.com.br\/emfoco\/2025\/05\/07\/os-salarios-mais-altos-chamam-atencao-no-mundo-em-2025\/","name":"Os sal\u00e1rios mais altos chamam aten\u00e7\u00e3o no mundo em 2025 - Estado de Minas - Em foco","isPartOf":{"@id":"https:\/\/www.em.com.br\/emfoco\/#website"},"primaryImageOfPage":{"@id":"https:\/\/www.em.com.br\/emfoco\/2025\/05\/07\/os-salarios-mais-altos-chamam-atencao-no-mundo-em-2025\/#primaryimage"},"image":{"@id":"https:\/\/www.em.com.br\/emfoco\/2025\/05\/07\/os-salarios-mais-altos-chamam-atencao-no-mundo-em-2025\/#primaryimage"},"thumbnailUrl":"https:\/\/www.em.com.br\/emfoco\/wp-content\/uploads\/2025\/05\/salario-_1746557650806.jpg","datePublished":"2025-05-07T11:40:00+00:00","dateModified":"2025-05-07T05:02:04+00:00","author":{"@id":"https:\/\/www.em.com.br\/emfoco\/#\/schema\/person\/2e06e19826e476d778787245c8ef334d"},"description":"Descubra os pa\u00edses com sal\u00e1rios m\u00ednimos mais altos de 2025 e como essa renda pode mudar o futuro de quem deseja estudar fora com seguran\u00e7a.","breadcrumb":{"@id":"https:\/\/www.em.com.br\/emfoco\/2025\/05\/07\/os-salarios-mais-altos-chamam-atencao-no-mundo-em-2025\/#breadcrumb"},"inLanguage":"pt-BR","potentialAction":[{"@type":"ReadAction","target":["https:\/\/www.em.com.br\/emfoco\/2025\/05\/07\/os-salarios-mais-altos-chamam-atencao-no-mundo-em-2025\/"]}]},{"@type":"ImageObject","inLanguage":"pt-BR","@id":"https:\/\/www.em.com.br\/emfoco\/2025\/05\/07\/os-salarios-mais-altos-chamam-atencao-no-mundo-em-2025\/#primaryimage","url":"https:\/\/www.em.com.br\/emfoco\/wp-content\/uploads\/2025\/05\/salario-_1746557650806.jpg","contentUrl":"https:\/\/www.em.com.br\/emfoco\/wp-content\/uploads\/2025\/05\/salario-_1746557650806.jpg","width":1280,"height":720,"caption":"Homem contando dinheiro-Cr\u00e9ditos: depositphotos.com \/ VadimVasenin"},{"@type":"BreadcrumbList","@id":"https:\/\/www.em.com.br\/emfoco\/2025\/05\/07\/os-salarios-mais-altos-chamam-atencao-no-mundo-em-2025\/#breadcrumb","itemListElement":[{"@type":"ListItem","position":1,"name":"In\u00edcio","item":"https:\/\/www.em.com.br\/emfoco\/"},{"@type":"ListItem","position":2,"name":"Os sal\u00e1rios mais altos chamam aten\u00e7\u00e3o no mundo em 2025"}]},{"@type":"WebSite","@id":"https:\/\/www.em.com.br\/emfoco\/#website","url":"https:\/\/www.em.com.br\/emfoco\/","name":"Estado de Minas - Em foco","description":"Acompanhe as \u00faltimas not\u00edcias e fique bem informado sobre tudo o que acontece em Minas Gerais, Brasil e no mundo.","potentialAction":[{"@type":"SearchAction","target":{"@type":"EntryPoint","urlTemplate":"https:\/\/www.em.com.br\/emfoco\/?s={search_term_string}"},"query-input":{"@type":"PropertyValueSpecification","valueRequired":true,"valueName":"search_term_string"}}],"inLanguage":"pt-BR"},{"@type":"Person","@id":"https:\/\/www.em.com.br\/emfoco\/#\/schema\/person\/2e06e19826e476d778787245c8ef334d","name":"Keren Ester","image":{"@type":"ImageObject","inLanguage":"pt-BR","@id":"https:\/\/www.em.com.br\/emfoco\/#\/schema\/person\/image\/","url":"https:\/\/secure.gravatar.com\/avatar\/b3d0f2b934f7fab59c611ea63b5cf4b1?s=96&d=mm&r=g","contentUrl":"https:\/\/secure.gravatar.com\/avatar\/b3d0f2b934f7fab59c611ea63b5cf4b1?s=96&d=mm&r=g","caption":"Keren Ester"},"url":"https:\/\/www.em.com.br\/emfoco\/author\/kerenmyth\/"}]}},"_links":{"self":[{"href":"https:\/\/www.em.com.br\/emfoco\/wp-json\/wp\/v2\/posts\/45044","targetHints":{"allow":["GET"]}}],"collection":[{"href":"https:\/\/www.em.com.br\/emfoco\/wp-json\/wp\/v2\/posts"}],"about":[{"href":"https:\/\/www.em.com.br\/emfoco\/wp-json\/wp\/v2\/types\/post"}],"author":[{"embeddable":true,"href":"https:\/\/www.em.com.br\/emfoco\/wp-json\/wp\/v2\/users\/12"}],"replies":[{"embeddable":true,"href":"https:\/\/www.em.com.br\/emfoco\/wp-json\/wp\/v2\/comments?post=45044"}],"version-history":[{"count":3,"href":"https:\/\/www.em.com.br\/emfoco\/wp-json\/wp\/v2\/posts\/45044\/revisions"}],"predecessor-version":[{"id":45111,"href":"https:\/\/www.em.com.br\/emfoco\/wp-json\/wp\/v2\/posts\/45044\/revisions\/45111"}],"wp:featuredmedia":[{"embeddable":true,"href":"https:\/\/www.em.com.br\/emfoco\/wp-json\/wp\/v2\/media\/45061"}],"wp:attachment":[{"href":"https:\/\/www.em.com.br\/emfoco\/wp-json\/wp\/v2\/media?parent=45044"}],"wp:term":[{"taxonomy":"category","embeddable":true,"href":"https:\/\/www.em.com.br\/emfoco\/wp-json\/wp\/v2\/categories?post=45044"},{"taxonomy":"post_tag","embeddable":true,"href":"https:\/\/www.em.com.br\/emfoco\/wp-json\/wp\/v2\/tags?post=45044"}],"curies":[{"name":"wp","href":"https:\/\/api.w.org\/{rel}","templated":true}]}}